{"id":8498,"date":"2018-11-05T00:26:48","date_gmt":"2018-11-05T00:26:48","guid":{"rendered":"http:\/\/quehacerpolitico.mx\/internacionales-carolina-alonso-romei-nueva-caledonia-rechaza-independizarse-de-francia\/"},"modified":"2018-11-05T00:26:48","modified_gmt":"2018-11-05T00:26:48","slug":"internacionales-carolina-alonso-romei-nueva-caledonia-rechaza-independizarse-de-francia","status":"publish","type":"post","link":"https:\/\/quehacerpolitico.mx\/?p=8498","title":{"rendered":"Internacionales\/\/\/Carolina Alonso Romei\/\/\/Nueva Caledonia rechaza independizarse de Francia"},"content":{"rendered":"<h3 class=\"post-title entry-title\">Nueva Caledonia rechaza independizarse de Francia<\/h3>\n<p>Por Carolina Alonso Romei<\/p>\n<p>Internacionalista<\/p>\n<p class=\"mobile-photo\"><a href=\"https:\/\/4.bp.blogspot.com\/-gpOd2dg_1Rc\/W9-DpPkmxTI\/AAAAAAADDOQ\/y6Y30OD3RE4Jtue3wIqrLlznv-jRyQ7_wCK4BGAYYCw\/s1600\/accidente-779329.png\" data-src=\"https:\/\/4.bp.blogspot.com\/-gpOd2dg_1Rc\/W9-DpPkmxTI\/AAAAAAADDOQ\/y6Y30OD3RE4Jtue3wIqrLlznv-jRyQ7_wCK4BGAYYCw\/s1600\/accidente-779329.png\" data-thumb=\"https:\/\/4.bp.blogspot.com\/-gpOd2dg_1Rc\/W9-DpPkmxTI\/AAAAAAADDOQ\/y6Y30OD3RE4Jtue3wIqrLlznv-jRyQ7_wCK4BGAYYCw\/s320\/accidente-779329.png\" class=\"ml-lightbox-enabled\"><img decoding=\"async\" id=\"BLOGGER_PHOTO_ID_6620154721835861298\" src=\"https:\/\/4.bp.blogspot.com\/-gpOd2dg_1Rc\/W9-DpPkmxTI\/AAAAAAADDOQ\/y6Y30OD3RE4Jtue3wIqrLlznv-jRyQ7_wCK4BGAYYCw\/s320\/accidente-779329.png\" alt=\"\" border=\"0\" \/><\/a><\/p>\n<div dir=\"ltr\">\n<p class=\"gmail-MsoNoSpacing\">Nueva Caledonia rechaza independizarse de Francia<\/p>\n<p class=\"gmail-MsoNoSpacing\">El 56.4 % de los electores de Nueva Caledonia, seg\u00fan los resultados definitivos, rechaz\u00f3 la independencia de este enclave franc\u00e9s en Ocean\u00eda en un refer\u00e9ndum marcado por la alta participaci\u00f3n, 80%, la ausencia de incidentes importantes y el avance de las tesis separatistas, muy superiores a lo que auguraban los sondeos.<\/p>\n<p class=\"gmail-MsoNoSpacing\">La consulta, que hab\u00eda sido acordada hace 30 a\u00f1os, cuando el territorio estaba amenazado por una guerra civil entre los aut\u00f3ctonos canacos y los colonos, marc\u00f3 una etapa importante de uno de los territorios de ultramar m\u00e1s pr\u00f3speros de Francia, gracias en buena medida a sus importantes reservas de n\u00edquel.<\/p>\n<p class=\"gmail-MsoNoSpacing\">Para los independentistas, la derrota no significa el final de su proyecto, pues los acuerdos de Noumea, firmados en 1998, prev\u00e9n la celebraci\u00f3n de otros dos referendos en los cuatro pr\u00f3ximos a\u00f1os.<\/p>\n<p class=\"gmail-MsoNoSpacing\">El presidente franc\u00e9s, Emmanuel Macron, que se hab\u00eda mantenido al margen de la campa\u00f1a, mostr\u00f3 nada m\u00e1s conocer los resultados su &#8220;orgullo&#8221; por el escrutinio que interpret\u00f3 como &#8220;una muestra de confianza en Francia, en su futuro y en sus valores&#8221;.<\/p>\n<p class=\"gmail-MsoNoSpacing\">Consider\u00f3 que &#8220;el di\u00e1logo es el \u00fanico camino posible&#8221; entre las dos grandes sensibilidades y record\u00f3 que para animarlo el primer ministro, \u00c9douard Philippe, llegar\u00e1 ma\u00f1ana a Noumea, capital del archipi\u00e9lago, para reunirse con los diferentes l\u00edderes pol\u00edticos.<\/p>\n<p class=\"gmail-MsoNoSpacing\">Macron asegur\u00f3 que en este refer\u00e9ndum los \u00fanicos derrotados fueron &#8220;la divisi\u00f3n y el miedo&#8221;, frente a &#8220;la paz y el esp\u00edritu de di\u00e1logo y responsabilidad de todos&#8221;, que se tradujo, a su juicio, en una &#8220;participaci\u00f3n excepcional&#8221;.<\/p>\n<p class=\"gmail-MsoNoSpacing\">El presidente franc\u00e9s dijo entender la &#8220;decepci\u00f3n&#8221; de los independentistas y se comprometi\u00f3 a trabajar para garantizar &#8220;la dignidad de todas las capas de la sociedad&#8221;.<\/p>\n<p class=\"gmail-MsoNoSpacing\">El resultado del voto puede leerse en clave de origen y de condiciones socioecon\u00f3micas. El &#8220;no&#8221; se impuso con m\u00e1s ventaja en el sur del pa\u00eds, la parte m\u00e1s pr\u00f3spera y donde viven m\u00e1s colonos, mientras que fue minoritario en el norte, m\u00e1s deprimido y con un mayor porcentaje de canacos.<\/p>\n<p class=\"gmail-MsoNoSpacing\">Los partidarios de la independencia consideraron que el resultado es &#8220;una nueva etapa&#8221; hacia la separaci\u00f3n de Francia, marcada por descenso de los unionistas.<\/p>\n<p class=\"gmail-MsoNoSpacing\">&#8220;El pueblo se ha despertado, estamos a dos palmos de la victoria&#8221;, asegur\u00f3 el l\u00edder independentista Alosio Sako, que se\u00f1al\u00f3 que los votos separatistas no paran de crecer.<\/p>\n<p class=\"gmail-MsoNoSpacing\">Puso como ejemplo la capital, donde los independentistas no hab\u00edan pasado nunca el 10 % de los votos y que en el refer\u00e9ndum rozaron 20%.<\/p>\n<p class=\"gmail-MsoNoSpacing\">Por ello, asegur\u00f3 que reclamar\u00e1n un nuevo refer\u00e9ndum dentro de dos a\u00f1os, tal y como les permiten los acuerdos de Noumea. En el campo unionista consideraron que, aunque menos importante de lo anunciado, el rechazo a la independencia es masivo, al tiempo que negaron el avance separatista.<\/p>\n<p class=\"gmail-MsoNoSpacing\">El porcentaje logrado por sus tesis, se\u00f1alaron, es similar al de los comicios locales de los \u00faltimos a\u00f1os, lo que les permite tener una mayor\u00eda c\u00f3moda en la c\u00e1mara legislativa local.<\/p>\n<p class=\"gmail-MsoNoSpacing\">Si los independentistas han obtenido m\u00e1s votos de los que preve\u00edan los sondeos es, a su juicio, porque el censo electoral para el refer\u00e9ndum otorgaba un mayor peso a los aut\u00f3ctonos, puesto que solo permit\u00eda votar a aquellos residentes en el archipi\u00e9lago desde 1994.<\/p>\n<p class=\"gmail-MsoNoSpacing\">Para los unionistas, la perspectiva de otro refer\u00e9ndum en 2020 solo contribuir\u00eda a dividir la sociedad y crear incertidumbre en los mercados internacionales, con la consiguiente p\u00e9rdida de contratos, en un momento en el que el n\u00edquel afronta la competencia de otros mercados.<\/p>\n<p class=\"gmail-MsoNoSpacing\">Francia hab\u00eda enviado a la isla un importante contingente policial en previsi\u00f3n de revueltas con motivo del escrutinio. Incidentes que no se produjeron, al margen de la quema de uno veh\u00edculos en un aparcamiento de la capital y el lanzamiento de piedras registrados en algunas mesas electorales.<\/p>\n<p class=\"gmail-MsoNoSpacing\">Pie de foto.- Nueva Caledonia dice &#8216;no&#8217; a la independencia.<\/p>\n<p class=\"gmail-MsoNoSpacing\">\u00a0<\/p>\n<p class=\"gmail-MsoNoSpacing\">\u00a0<\/p>\n<p class=\"gmail-MsoNoSpacing\">Choque m\u00faltiple de veh\u00edculos en China deja 15 muertos y 44 heridos<\/p>\n<p class=\"gmail-MsoNoSpacing\">*Las autoridades provinciales de Gansu est\u00e1n investigando las causas del accidente<\/p>\n<p class=\"gmail-MsoNoSpacing\">Al menos 15 personas murieron y otras 44 resultaron heridas tras un choque m\u00faltiple con 31 veh\u00edculos involucrados en una autopista de la provincia de Gansu, en el noroeste de China, informaron fuentes policiales.<\/p>\n<p class=\"gmail-MsoNoSpacing\">El accidente vial se produjo anoche cuando el conductor de un cami\u00f3n pesado perdi\u00f3 el control en una pendiente por un fallo en los frenos y choc\u00f3 contra unos 31 autom\u00f3viles que esperaban en un puesto de peaje de la autopista que une las ciudades Lanzhou y Haikou.<\/p>\n<p class=\"gmail-MsoNoSpacing\">Al menos 10 heridos se encuentran graves, por lo que la cifra de fallecidos podr\u00eda elevarse, en tanto el chofer, con lesiones leves, est\u00e1 bajo custodia mientras se investigan las causas del suceso, seg\u00fan la polic\u00eda, citada por la agencia china de noticias Xinhua.<\/p>\n<p class=\"gmail-MsoNoSpacing\">Un operativo de m\u00e1s de 250 personas se encarg\u00f3 de regular el tr\u00e1fico mientras se atend\u00edan a los heridos y se retiraban los veh\u00edculos siniestrados.<\/p>\n<p class=\"gmail-MsoNoSpacing\">Las autoridades provinciales de Gansu est\u00e1n investigando las causas del accidente y exigen que se revisen los tramos peligrosos de las autopistas en toda la regi\u00f3n para evitar futuros accidentales.<\/p>\n<p class=\"gmail-MsoNoSpacing\">Apenas la semana pasada, 15 personas perdieron la vida al precipitarse un autob\u00fas de pasajeros desde un puente al r\u00edo Yangtze, en la ciudad de Chongqiing, en el oeste de China, debido una pelea entre una pasajera y el conductor.<\/p>\n<p class=\"gmail-MsoNoSpacing\">En este percance, un video de vigilancia de ocho segundos publicado por la polic\u00eda muestra al chofer y a una pasajera discutiendo y forcejeando momentos antes de que el autob\u00fas girara repentinamente, se cruzara al carril contrario y se precipitara al r\u00edo.<\/p>\n<p class=\"gmail-MsoNoSpacing\">Pie de foto.- Al menos 10 heridos se encuentran graves, por lo que la cifra de fallecidos podr\u00eda elevarse.<\/p>\n<p class=\"gmail-MsoNoSpacing\">BREVES<\/p>\n<p class=\"gmail-MsoNoSpacing\">1.- Injusta decisi\u00f3n de juez sobre prisi\u00f3n preventiva: Keiko Fujimori<\/p>\n<p class=\"gmail-MsoNoSpacing\">La encarcelada lideresa del partido Fuerza Popular, Keiko Fujimori, afirm\u00f3 que la prisi\u00f3n por 36 meses dictada en su contra es arbitraria y le pidi\u00f3 a su padre, el expresidente peruano Alberto Fujimori, que est\u00e9 tranquilo y resista, ante la posibilidad de su propio retorno a la c\u00e1rcel.<\/p>\n<p class=\"gmail-MsoNoSpacing\">En una carta escrita a mano, compartida en su cuenta de Twitter, Keiko le dijo a su padre, internado hace un mes en una cl\u00ednica de Lima, que lo quiere mucho y que &#8220;nada ni nadie podr\u00e1 separarnos&#8221;.<\/p>\n<p class=\"gmail-MsoNoSpacing\">Asimismo, la excandidata presidencial le expres\u00f3 al exmandatario que &#8220;t\u00fa no eres el culpable que yo haya decidido entrar en pol\u00edtica. Lo hice porque desde ni\u00f1a fui testigo de c\u00f3mo transformaste la vida de muchas personas&#8221;.<\/p>\n<p class=\"gmail-MsoNoSpacing\">Las palabras de Keiko Fujimori responden a un mensaje escrito ayer por el expresidente en Twitter en el que le pidi\u00f3 perd\u00f3n a su hija por haberla metido en la pol\u00edtica, un d\u00eda despu\u00e9s de haber ingresado a una c\u00e1rcel de mujeres en Lima.<\/p>\n<p class=\"gmail-MsoNoSpacing\">&#8220;T\u00fa eres mi ejemplo de valent\u00eda y perseverancia. Te pido que est\u00e9s tranquilo y que resistas, solo falta un poco m\u00e1s&#8221;, a\u00f1adi\u00f3 Keiko a su padre.<\/p>\n<p class=\"gmail-MsoNoSpacing\">\u00a0<\/p>\n<p class=\"gmail-MsoNoSpacing\">2.- Despliegue de militares en frontera constar\u00e1 200 mdd<\/p>\n<p class=\"gmail-MsoNoSpacing\">El despliegue de militares estadounidenses en la frontera con M\u00e9xico iniciado en abril pasado por el presidente de EE.UU., Donald Trump, podr\u00eda costarle al Gobierno m\u00e1s de 200 millones de d\u00f3lares para finales de este a\u00f1o, seg\u00fan un an\u00e1lisis publicado por el diario The Washington Post.<\/p>\n<p class=\"gmail-MsoNoSpacing\">Trump asegur\u00f3 esta semana que podr\u00eda elevar el n\u00famero de militares desplegados a hasta 15.000, un contingente equivalente al que EE.UU. tiene en Afganist\u00e1n, para hacer frente a las dos caravanas con miles de migrantes centroamericanas que cruzan M\u00e9xico hacia el territorio estadounidense.<\/p>\n<p class=\"gmail-MsoNoSpacing\">Seg\u00fan el Post, que cita datos del Pent\u00e1gono y estimaciones de expertos en el presupuesto de Defensa, el costo de m\u00e1s de 200 millones podr\u00eda alcanzarse si los militares siguen en la frontera a finales de a\u00f1o, y aumentar &#8220;significativamente&#8221; si la misi\u00f3n se extiende durante 2019.<\/p>\n<p class=\"gmail-MsoNoSpacing\">La cifra es relativamente peque\u00f1a en comparaci\u00f3n con el presupuesto anual del Pent\u00e1gono, de 716.000 millones de d\u00f3lares, pero puede desequilibrar las cuentas en un momento en el que la Casa Blanca quiere que el Departamento de Defensa reduzca sus gastos en 33.000 millones para el a\u00f1o que viene.<\/p>\n<p class=\"gmail-MsoNoSpacing\">\u00a0<\/p>\n<p class=\"gmail-MsoNoSpacing\">3.- Yemen inmerso en una crisis humanitaria sin precedentes: ONU<\/p>\n<p class=\"gmail-MsoNoSpacing\">La violencia en Yemen, que ya provoc\u00f3 la peor crisis humanitaria del mundo, est\u00e1 ahora al borde de causar la m\u00e1s severa hambruna registrada en el planeta en varias d\u00e9cadas, advirti\u00f3 el secretario general de la Organizaci\u00f3n de Naciones Unidas (ONU), Antonio Guterres.<\/p>\n<p class=\"gmail-MsoNoSpacing\">Yemen &#8220;se encuentra al borde del precipicio&#8221;, no debido a un desastre o a condiciones naturales, sino por una situaci\u00f3n enteramente creada por el conflicto armado, expres\u00f3 Guterres en rueda de prensa en la sede de la ONU.<\/p>\n<p class=\"gmail-MsoNoSpacing\">\u00a0&#8220;En el aspecto humanitario, la situaci\u00f3n es desesperada. Debemos hacer todo lo posible para evitar que las ya terribles condiciones se deterioren y se conviertan en la peor hambruna que hemos visto en d\u00e9cadas&#8221;, afirm\u00f3 Guterres.<\/p>\n<p class=\"gmail-MsoNoSpacing\">El secretario general de la ONU aludi\u00f3 a los signos de esperanza en el terreno pol\u00edtico luego que Estados Unidos llam\u00f3 a las partes en conflicto en Yemen a negociar sus diferencias pol\u00edticas y terminar con una disputa que ha causado muerte o lesiones a m\u00e1s de 65 mil personas.<\/p>\n<p class=\"gmail-MsoNoSpacing\">De acuerdo con la ONU, 14 millones de yemen\u00edes corren el riesgo de sufrir hambruna; mientras que 22 millones de personas, el 75 por ciento de la poblaci\u00f3n en Yemen, requieren alg\u00fan tipo de asistencia humanitaria y protecci\u00f3n.<\/p>\n<\/div>\n","protected":false},"excerpt":{"rendered":"<p>Nueva Caledonia rechaza independizarse de Francia<br \/>\nPor Carolina Alonso Romei<br \/>\nInternacionalista<\/p>\n","protected":false},"author":2,"featured_media":8497,"comment_status":"open","ping_status":"open","sticky":false,"template":"","format":"standard","meta":{"_monsterinsights_skip_tracking":false,"_monsterinsights_sitenote_active":false,"_monsterinsights_sitenote_note":"","_monsterinsights_sitenote_category":0,"footnotes":""},"categories":[1],"tags":[],"class_list":["post-8498","post","type-post","status-publish","format-standard","has-post-thumbnail","hentry","category-sin-categoria"],"yoast_head":"<!-- This site is optimized with the Yoast SEO plugin v27.3 - https:\/\/yoast.com\/product\/yoast-seo-wordpress\/ -->\n<title>Internacionales\/\/\/Carolina Alonso Romei\/\/\/Nueva Caledonia rechaza independizarse de Francia -<\/title>\n<meta name=\"robots\" content=\"index, follow, max-snippet:-1, max-image-preview:large, max-video-preview:-1\" \/>\n<link rel=\"canonical\" href=\"https:\/\/quehacerpolitico.mx\/?p=8498\" \/>\n<meta property=\"og:locale\" content=\"es_MX\" \/>\n<meta property=\"og:type\" content=\"article\" \/>\n<meta property=\"og:title\" content=\"Internacionales\/\/\/Carolina Alonso Romei\/\/\/Nueva Caledonia rechaza independizarse de Francia -\" \/>\n<meta property=\"og:description\" content=\"Nueva Caledonia rechaza independizarse de Francia Por Carolina Alonso Romei Internacionalista\" \/>\n<meta property=\"og:url\" content=\"https:\/\/quehacerpolitico.mx\/?p=8498\" \/>\n<meta property=\"article:published_time\" content=\"2018-11-05T00:26:48+00:00\" \/>\n<meta name=\"author\" content=\"Redacci\u00f3n QP\" \/>\n<meta name=\"twitter:card\" content=\"summary_large_image\" \/>\n<meta name=\"twitter:label1\" content=\"Escrito por\" \/>\n\t<meta name=\"twitter:data1\" content=\"Redacci\u00f3n QP\" \/>\n\t<meta name=\"twitter:label2\" content=\"Tiempo de lectura\" \/>\n\t<meta name=\"twitter:data2\" content=\"8 minutos\" \/>\n<script type=\"application\/ld+json\" class=\"yoast-schema-graph\">{\"@context\":\"https:\\\/\\\/schema.org\",\"@graph\":[{\"@type\":\"Article\",\"@id\":\"https:\\\/\\\/quehacerpolitico.mx\\\/?p=8498#article\",\"isPartOf\":{\"@id\":\"https:\\\/\\\/quehacerpolitico.mx\\\/?p=8498\"},\"author\":{\"name\":\"Redacci\u00f3n QP\",\"@id\":\"https:\\\/\\\/quehacerpolitico.mx\\\/#\\\/schema\\\/person\\\/496d8ad2d1d3f8036101dca7ee39e585\"},\"headline\":\"Internacionales\\\/\\\/\\\/Carolina Alonso Romei\\\/\\\/\\\/Nueva Caledonia rechaza independizarse de Francia\",\"datePublished\":\"2018-11-05T00:26:48+00:00\",\"mainEntityOfPage\":{\"@id\":\"https:\\\/\\\/quehacerpolitico.mx\\\/?p=8498\"},\"wordCount\":1680,\"commentCount\":0,\"image\":{\"@id\":\"https:\\\/\\\/quehacerpolitico.mx\\\/?p=8498#primaryimage\"},\"thumbnailUrl\":\"\",\"articleSection\":[\"Internacionales\"],\"inLanguage\":\"es\",\"potentialAction\":[{\"@type\":\"CommentAction\",\"name\":\"Comment\",\"target\":[\"https:\\\/\\\/quehacerpolitico.mx\\\/?p=8498#respond\"]}]},{\"@type\":\"WebPage\",\"@id\":\"https:\\\/\\\/quehacerpolitico.mx\\\/?p=8498\",\"url\":\"https:\\\/\\\/quehacerpolitico.mx\\\/?p=8498\",\"name\":\"Internacionales\\\/\\\/\\\/Carolina Alonso Romei\\\/\\\/\\\/Nueva Caledonia rechaza independizarse de Francia -\",\"isPartOf\":{\"@id\":\"https:\\\/\\\/quehacerpolitico.mx\\\/#website\"},\"primaryImageOfPage\":{\"@id\":\"https:\\\/\\\/quehacerpolitico.mx\\\/?p=8498#primaryimage\"},\"image\":{\"@id\":\"https:\\\/\\\/quehacerpolitico.mx\\\/?p=8498#primaryimage\"},\"thumbnailUrl\":\"\",\"datePublished\":\"2018-11-05T00:26:48+00:00\",\"author\":{\"@id\":\"https:\\\/\\\/quehacerpolitico.mx\\\/#\\\/schema\\\/person\\\/496d8ad2d1d3f8036101dca7ee39e585\"},\"breadcrumb\":{\"@id\":\"https:\\\/\\\/quehacerpolitico.mx\\\/?p=8498#breadcrumb\"},\"inLanguage\":\"es\",\"potentialAction\":[{\"@type\":\"ReadAction\",\"target\":[\"https:\\\/\\\/quehacerpolitico.mx\\\/?p=8498\"]}]},{\"@type\":\"ImageObject\",\"inLanguage\":\"es\",\"@id\":\"https:\\\/\\\/quehacerpolitico.mx\\\/?p=8498#primaryimage\",\"url\":\"\",\"contentUrl\":\"\"},{\"@type\":\"BreadcrumbList\",\"@id\":\"https:\\\/\\\/quehacerpolitico.mx\\\/?p=8498#breadcrumb\",\"itemListElement\":[{\"@type\":\"ListItem\",\"position\":1,\"name\":\"Inicio\",\"item\":\"https:\\\/\\\/quehacerpolitico.mx\\\/\"},{\"@type\":\"ListItem\",\"position\":2,\"name\":\"Internacionales\\\/\\\/\\\/Carolina Alonso Romei\\\/\\\/\\\/Nueva Caledonia rechaza independizarse de Francia\"}]},{\"@type\":\"WebSite\",\"@id\":\"https:\\\/\\\/quehacerpolitico.mx\\\/#website\",\"url\":\"https:\\\/\\\/quehacerpolitico.mx\\\/\",\"name\":\"\",\"description\":\"\",\"potentialAction\":[{\"@type\":\"SearchAction\",\"target\":{\"@type\":\"EntryPoint\",\"urlTemplate\":\"https:\\\/\\\/quehacerpolitico.mx\\\/?s={search_term_string}\"},\"query-input\":{\"@type\":\"PropertyValueSpecification\",\"valueRequired\":true,\"valueName\":\"search_term_string\"}}],\"inLanguage\":\"es\"},{\"@type\":\"Person\",\"@id\":\"https:\\\/\\\/quehacerpolitico.mx\\\/#\\\/schema\\\/person\\\/496d8ad2d1d3f8036101dca7ee39e585\",\"name\":\"Redacci\u00f3n QP\",\"image\":{\"@type\":\"ImageObject\",\"inLanguage\":\"es\",\"@id\":\"https:\\\/\\\/secure.gravatar.com\\\/avatar\\\/c7164ed6fdec453195284ad24a5ae5b6e1eed2b848477fa2a4787ba9adf39a41?s=96&d=mm&r=g\",\"url\":\"https:\\\/\\\/secure.gravatar.com\\\/avatar\\\/c7164ed6fdec453195284ad24a5ae5b6e1eed2b848477fa2a4787ba9adf39a41?s=96&d=mm&r=g\",\"contentUrl\":\"https:\\\/\\\/secure.gravatar.com\\\/avatar\\\/c7164ed6fdec453195284ad24a5ae5b6e1eed2b848477fa2a4787ba9adf39a41?s=96&d=mm&r=g\",\"caption\":\"Redacci\u00f3n QP\"},\"url\":\"https:\\\/\\\/quehacerpolitico.mx\\\/?author=2\"}]}<\/script>\n<!-- \/ Yoast SEO plugin. -->","yoast_head_json":{"title":"Internacionales\/\/\/Carolina Alonso Romei\/\/\/Nueva Caledonia rechaza independizarse de Francia -","robots":{"index":"index","follow":"follow","max-snippet":"max-snippet:-1","max-image-preview":"max-image-preview:large","max-video-preview":"max-video-preview:-1"},"canonical":"https:\/\/quehacerpolitico.mx\/?p=8498","og_locale":"es_MX","og_type":"article","og_title":"Internacionales\/\/\/Carolina Alonso Romei\/\/\/Nueva Caledonia rechaza independizarse de Francia -","og_description":"Nueva Caledonia rechaza independizarse de Francia Por Carolina Alonso Romei Internacionalista","og_url":"https:\/\/quehacerpolitico.mx\/?p=8498","article_published_time":"2018-11-05T00:26:48+00:00","author":"Redacci\u00f3n QP","twitter_card":"summary_large_image","twitter_misc":{"Escrito por":"Redacci\u00f3n QP","Tiempo de lectura":"8 minutos"},"schema":{"@context":"https:\/\/schema.org","@graph":[{"@type":"Article","@id":"https:\/\/quehacerpolitico.mx\/?p=8498#article","isPartOf":{"@id":"https:\/\/quehacerpolitico.mx\/?p=8498"},"author":{"name":"Redacci\u00f3n QP","@id":"https:\/\/quehacerpolitico.mx\/#\/schema\/person\/496d8ad2d1d3f8036101dca7ee39e585"},"headline":"Internacionales\/\/\/Carolina Alonso Romei\/\/\/Nueva Caledonia rechaza independizarse de Francia","datePublished":"2018-11-05T00:26:48+00:00","mainEntityOfPage":{"@id":"https:\/\/quehacerpolitico.mx\/?p=8498"},"wordCount":1680,"commentCount":0,"image":{"@id":"https:\/\/quehacerpolitico.mx\/?p=8498#primaryimage"},"thumbnailUrl":"","articleSection":["Internacionales"],"inLanguage":"es","potentialAction":[{"@type":"CommentAction","name":"Comment","target":["https:\/\/quehacerpolitico.mx\/?p=8498#respond"]}]},{"@type":"WebPage","@id":"https:\/\/quehacerpolitico.mx\/?p=8498","url":"https:\/\/quehacerpolitico.mx\/?p=8498","name":"Internacionales\/\/\/Carolina Alonso Romei\/\/\/Nueva Caledonia rechaza independizarse de Francia -","isPartOf":{"@id":"https:\/\/quehacerpolitico.mx\/#website"},"primaryImageOfPage":{"@id":"https:\/\/quehacerpolitico.mx\/?p=8498#primaryimage"},"image":{"@id":"https:\/\/quehacerpolitico.mx\/?p=8498#primaryimage"},"thumbnailUrl":"","datePublished":"2018-11-05T00:26:48+00:00","author":{"@id":"https:\/\/quehacerpolitico.mx\/#\/schema\/person\/496d8ad2d1d3f8036101dca7ee39e585"},"breadcrumb":{"@id":"https:\/\/quehacerpolitico.mx\/?p=8498#breadcrumb"},"inLanguage":"es","potentialAction":[{"@type":"ReadAction","target":["https:\/\/quehacerpolitico.mx\/?p=8498"]}]},{"@type":"ImageObject","inLanguage":"es","@id":"https:\/\/quehacerpolitico.mx\/?p=8498#primaryimage","url":"","contentUrl":""},{"@type":"BreadcrumbList","@id":"https:\/\/quehacerpolitico.mx\/?p=8498#breadcrumb","itemListElement":[{"@type":"ListItem","position":1,"name":"Inicio","item":"https:\/\/quehacerpolitico.mx\/"},{"@type":"ListItem","position":2,"name":"Internacionales\/\/\/Carolina Alonso Romei\/\/\/Nueva Caledonia rechaza independizarse de Francia"}]},{"@type":"WebSite","@id":"https:\/\/quehacerpolitico.mx\/#website","url":"https:\/\/quehacerpolitico.mx\/","name":"","description":"","potentialAction":[{"@type":"SearchAction","target":{"@type":"EntryPoint","urlTemplate":"https:\/\/quehacerpolitico.mx\/?s={search_term_string}"},"query-input":{"@type":"PropertyValueSpecification","valueRequired":true,"valueName":"search_term_string"}}],"inLanguage":"es"},{"@type":"Person","@id":"https:\/\/quehacerpolitico.mx\/#\/schema\/person\/496d8ad2d1d3f8036101dca7ee39e585","name":"Redacci\u00f3n QP","image":{"@type":"ImageObject","inLanguage":"es","@id":"https:\/\/secure.gravatar.com\/avatar\/c7164ed6fdec453195284ad24a5ae5b6e1eed2b848477fa2a4787ba9adf39a41?s=96&d=mm&r=g","url":"https:\/\/secure.gravatar.com\/avatar\/c7164ed6fdec453195284ad24a5ae5b6e1eed2b848477fa2a4787ba9adf39a41?s=96&d=mm&r=g","contentUrl":"https:\/\/secure.gravatar.com\/avatar\/c7164ed6fdec453195284ad24a5ae5b6e1eed2b848477fa2a4787ba9adf39a41?s=96&d=mm&r=g","caption":"Redacci\u00f3n QP"},"url":"https:\/\/quehacerpolitico.mx\/?author=2"}]}},"featured_image_urls":{"full":"","thumbnail":"","medium":"","medium_large":"","large":"","1536x1536":"","2048x2048":"","covernews-featured":"","covernews-medium":""},"author_info":{"display_name":"Redacci\u00f3n QP","author_link":"https:\/\/quehacerpolitico.mx\/?author=2"},"category_info":"<a href=\"https:\/\/quehacerpolitico.mx\/?cat=1\" rel=\"category\">Internacionales<\/a>","tag_info":"Internacionales","comment_count":"0","_links":{"self":[{"href":"https:\/\/quehacerpolitico.mx\/index.php?rest_route=\/wp\/v2\/posts\/8498","targetHints":{"allow":["GET"]}}],"collection":[{"href":"https:\/\/quehacerpolitico.mx\/index.php?rest_route=\/wp\/v2\/posts"}],"about":[{"href":"https:\/\/quehacerpolitico.mx\/index.php?rest_route=\/wp\/v2\/types\/post"}],"author":[{"embeddable":true,"href":"https:\/\/quehacerpolitico.mx\/index.php?rest_route=\/wp\/v2\/users\/2"}],"replies":[{"embeddable":true,"href":"https:\/\/quehacerpolitico.mx\/index.php?rest_route=%2Fwp%2Fv2%2Fcomments&post=8498"}],"version-history":[{"count":0,"href":"https:\/\/quehacerpolitico.mx\/index.php?rest_route=\/wp\/v2\/posts\/8498\/revisions"}],"wp:featuredmedia":[{"embeddable":true,"href":"https:\/\/quehacerpolitico.mx\/index.php?rest_route=\/"}],"wp:attachment":[{"href":"https:\/\/quehacerpolitico.mx\/index.php?rest_route=%2Fwp%2Fv2%2Fmedia&parent=8498"}],"wp:term":[{"taxonomy":"category","embeddable":true,"href":"https:\/\/quehacerpolitico.mx\/index.php?rest_route=%2Fwp%2Fv2%2Fcategories&post=8498"},{"taxonomy":"post_tag","embeddable":true,"href":"https:\/\/quehacerpolitico.mx\/index.php?rest_route=%2Fwp%2Fv2%2Ftags&post=8498"}],"curies":[{"name":"wp","href":"https:\/\/api.w.org\/{rel}","templated":true}]}}