{"id":84811,"date":"2021-09-17T17:03:01","date_gmt":"2021-09-17T17:03:01","guid":{"rendered":"https:\/\/quehacerpolitico.mx\/?p=84811"},"modified":"2021-09-17T17:03:03","modified_gmt":"2021-09-17T17:03:03","slug":"claudia-sheinbaum-rinde-su-tercer-informe-de-gobierno-en-el-congreso-de-cdmx","status":"publish","type":"post","link":"https:\/\/quehacerpolitico.mx\/?p=84811","title":{"rendered":"Claudia Sheinbaum rinde su Tercer Informe de Gobierno en el Congreso de CdMx"},"content":{"rendered":"\n<p>Por Redacci\u00f3n QP<\/p>\n\n\n\n<p>A las 6:00 horas de este viernes se instal\u00f3 un m\u00f3dulo de pruebas r\u00e1pidas covid-19 en el\u00a0Congreso de la Ciudad de M\u00e9xico.<\/p>\n\n\n\n<p>La jefa de Gobierno,&nbsp;<strong>Claudia Sheinbaum<\/strong>, se present\u00f3 en el pleno del Congreso de la Ciudad de M\u00e9xico, la ma\u00f1ana de este viernes, para presentar su&nbsp;<strong>Tercer Informe de Gobierno<\/strong>.<\/p>\n\n\n\n<p>A las 6:00 horas de este viernes, previo a la entrega del informe, se instal\u00f3 un m\u00f3dulo de pruebas r\u00e1pidas covid-19 en el&nbsp;<strong>Congreso de la Ciudad de M\u00e9xico<\/strong>, como parte de los protocolos de prevenci\u00f3n de contagios.<\/p>\n\n\n\n<p>En el sal\u00f3n Luis Donaldo Colosio del recinto de Allende, se habilit\u00f3 un espacio para la aplicaci\u00f3n de pruebas covid-19 con el objetivo de que todos los asistentes al Congreso, incluidos los legisladores, pasen a realizarse la prueba que arrojar\u00e1 los&nbsp;<strong>resultados en aproximadamente 20 minutos<\/strong>.<\/p>\n\n\n\n<p>Desde las 09:00 horas, elementos de la&nbsp;<strong>Subsecretar\u00eda de Tr\u00e1nsito de la Secretar\u00eda de Seguridad Ciudadana<\/strong>&nbsp;(SSC) implementaron un&nbsp;<strong>operativo de vialidad<\/strong>&nbsp;en la zona del Congreso, por lo que se encuentra&nbsp;<strong>cerrada la circulaci\u00f3n de la calle Doceles<\/strong>, desde Eje Central, as\u00ed como Rep\u00fablica de Chile, Rep\u00fablica de Cuba, Ignacio Allende y Tacuba.<\/p>\n\n\n\n<p>Alrededor de las\u00a0<strong>9:45<\/strong>\u00a0de la ma\u00f1ana, la jefa de Gobierno lleg\u00f3 al Congreso de la Ciudad de M\u00e9xico en su veh\u00edculo por la calle de Donceles, para rendir su Informe de Gobierno; antes de ingresar al recinto legislativo, pas\u00f3 por los filtros sanitarios.<\/p>\n\n\n\n<p>Entre los&nbsp;<strong>invitados especiales<\/strong>&nbsp;al informe de Gobierno destacan: la fiscal General de Justicia de la Ciudad de M\u00e9xico,&nbsp;<strong>Ernestina Godoy Ramos<\/strong>;&nbsp;<strong>Olga S\u00e1nchez Cordero<\/strong>, presidenta de la Mesa Directiva de la C\u00e1mara de Senadores;&nbsp;<strong>Marina del Pilar \u00c1vila Olmeda<\/strong>, gobernadora electa de Baja California;&nbsp;<strong>Indira Vizca\u00edno<\/strong>, gobernadora electa de Colima; el gobernador de Morelos,&nbsp;<strong>Cuauht\u00e9moc Blanco<\/strong>;&nbsp;<strong>Lorena Cu\u00e9llar<\/strong>, gobernadora de Tlaxcala; el comandante de la Primera Zona Militar, General de Brigada,&nbsp;<strong>Eugenio L\u00f3pez Arellanes<\/strong>.<\/p>\n\n\n\n<p>Tambi\u00e9n est\u00e1 la secretaria de Econom\u00eda,&nbsp;<strong>Tatiana Clouthier<\/strong>;&nbsp;<strong>Jorge Arganis D\u00edaz<\/strong>, titular de la Secretar\u00eda de Comunicaciones y Transportes; la titular de la Secretar\u00eda del Trabajo y Previsi\u00f3n Social,&nbsp;<strong>Luisa Mar\u00eda Alcalde Luj\u00e1n<\/strong>;&nbsp;<strong>Nashieli Ram\u00edrez Hern\u00e1ndez<\/strong>, presidenta de la Comisi\u00f3n de Derechos Humanos de la Ciudad de M\u00e9xico; el director general del Instituto Mexicano del Seguro Social,&nbsp;<strong>Zo\u00e9 Robledo<\/strong>.<\/p>\n\n\n\n<p>El primero en tomar la palabra fue el diputado&nbsp;<strong>Royfid Torres Gonz\u00e1lez<\/strong>, de Asociaci\u00f3n Parlamentaria Ciudadana, quien cuestion\u00f3 a la jefa de Gobierno por&nbsp;<strong>\u201cvivir en una ciudad con m\u00e1s de 220 mil nuevos desempleados\u201d<\/strong>&nbsp;y en la que&nbsp;<strong>\u201c7 de cada 10 mujeres se sienten inseguras en el espacio p\u00fablico\u201d<\/strong>.Nuestra Ciudad de M\u00e9xico literalmente se cae a pedazos como la L\u00ednea 12 y los \u00fanicos responsables son unos pernos&nbsp;, sentenci\u00f3 el diputado.&nbsp;<\/p>\n\n\n\n<h2 class=\"wp-block-heading\"><strong>Reconocen avance de vacunaci\u00f3n en CdMx<\/strong><\/h2>\n\n\n\n<p>La diputada del&nbsp;<strong>Partido del Trabajo (PT), Cirse Camacho Bastida<\/strong>, hizo un&nbsp;<strong>reconocimiento al trabajo del gobierno de la Ciudad de M\u00e9xico<\/strong>&nbsp;por los avances en la&nbsp;<strong>vacunaci\u00f3n contra el coronavirus covid-19<\/strong>, pues asegur\u00f3 que, a siete meses de su inicio, &#8220;s\u00f3lo quedan cinco alcald\u00edas pendientes&#8221; para que toda la poblaci\u00f3n mayor de edad en la capital tenga al menos una dosis.<\/p>\n\n\n\n<h2 class=\"wp-block-heading\"><strong>Destacan aprobaci\u00f3n de Sheinbaum&nbsp;<\/strong><\/h2>\n\n\n\n<p>El diputado Janecarlo Lozano, del grupo parlamentario de Morena en el Congreso de la Ciudad de M\u00e9xico, asegur\u00f3 que&nbsp;<strong>la mandataria cuenta con 67.5 por ciento de aprobaci\u00f3n<\/strong>&nbsp;de la ciudadan\u00eda, lo que la convierte en una \u201ccandidata natural\u201d a la presidencia de M\u00e9xico.S\u00e9 que es todav\u00eda pronto y que la jefa de Gobierno seguir\u00e1 pensando hasta el \u00faltimo minuto del 2024 en la ciudad, pero ser\u00eda un orgullo para millones de mexicanos verla como presidenta de este pa\u00eds&nbsp;, agreg\u00f3 el diputado de Morena.&nbsp;<\/p>\n\n\n\n<h2 class=\"wp-block-heading\"><strong>Sheinbaum es carta fuerte para elecci\u00f3n presidencial: Delgado<\/strong><\/h2>\n\n\n\n<p>El presidente nacional de Morena,&nbsp;<strong>Mario Delgado<\/strong>, sostuvo que&nbsp;<strong>la jefa de Gobierno es una carta fuerte para la pr\u00f3xima elecci\u00f3n presidencial<\/strong>, sin embargo, apunt\u00f3 que el abanderado lo decidir\u00e1 la ciudadan\u00eda.Sin duda es una carta fuerte para nuestro movimiento y afortunadamente tenemos varias \u2018corcholatas\u2019 como dice el presidente de la Rep\u00fablica, pero la gente va a decidir, en Morena decide la gente y es a trav\u00e9s de las encuestas qui\u00e9n representar\u00e1 a nuestro movimiento, m\u00e1s all\u00e1 del gobierno de Andr\u00e9s Manuel L\u00f3pez Obrador, falta tiempo todav\u00eda para eso&nbsp;, indic\u00f3.&nbsp;<\/p>\n\n\n\n<p>A su llegada al recinto de Donceles para escuchar el&nbsp;<strong>Tercer Informe de Gobierno<\/strong>&nbsp;de la mandataria local, respald\u00f3 el trabajo que ha hecho en la capital, \u201cha cumplido a lo que se comprometi\u00f3 en campa\u00f1a y va avanzando la ciudad a pesar de la pandemia\u201d.<\/p>\n\n\n\n<h2 class=\"wp-block-heading\"><strong>\u201c\u00a1Vivas!\u201d a Sheinbaum son un reconocimiento a la transformaci\u00f3n en Iztapalapa y CdMx: Brugada<\/strong><\/h2>\n\n\n\n<p>A su llegada al Congreso de la Ciudad de M\u00e9xico, la\u00a0<strong>alcaldesa de Iztapalapa, Clara Brugada<\/strong>, justific\u00f3 los \u201c\u00a1vivas!\u201d que dedic\u00f3 a la\u00a0<strong>jefa de Gobierno\u00a0<\/strong>y al presidente Andr\u00e9s Manuel L\u00f3pez Obrador, el pasado 15 de septiembre.\u00bfClaudia Sheinbaum es hero\u00edna? Bueno, primeramente, mencionamos a los h\u00e9roes, en este caso a las madres de la patria, ni\u00f1os, a los j\u00f3venes, a las mujeres que luchan todos los d\u00edas para transformar Iztapalapa y despu\u00e9s de todo lo que se ha hecho en Iztapalapa, desde el gobierno de la Ciudad, como del gobierno de M\u00e9xico, decidimos reconocer en el grito ese esfuerzo por transformar Iztapalapa\u00a0, expres\u00f3.<\/p>\n\n\n\n<figure class=\"wp-block-embed is-type-video is-provider-youtube wp-block-embed-youtube wp-embed-aspect-16-9 wp-has-aspect-ratio\"><div class=\"wp-block-embed__wrapper\">\n<iframe loading=\"lazy\" title=\"#3erInforme de Gobierno ante el Congreso de la Ciudad de M\u00e9xico.\" width=\"640\" height=\"360\" src=\"https:\/\/www.youtube.com\/embed\/55WpHa2Lpmg?feature=oembed\" frameborder=\"0\" allow=\"accelerometer; autoplay; clipboard-write; encrypted-media; gyroscope; picture-in-picture; web-share\" referrerpolicy=\"strict-origin-when-cross-origin\" allowfullscreen><\/iframe>\n<\/div><\/figure>\n","protected":false},"excerpt":{"rendered":"<p>Por Redacci\u00f3n QP A las 6:00 horas de este viernes se instal\u00f3 un m\u00f3dulo de&#8230;<\/p>\n","protected":false},"author":2,"featured_media":84812,"comment_status":"open","ping_status":"open","sticky":false,"template":"","format":"standard","meta":{"_monsterinsights_skip_tracking":false,"_monsterinsights_sitenote_active":false,"_monsterinsights_sitenote_note":"","_monsterinsights_sitenote_category":0,"footnotes":""},"categories":[55],"tags":[],"class_list":["post-84811","post","type-post","status-publish","format-standard","has-post-thumbnail","hentry","category-cdmx"],"yoast_head":"<!-- This site is optimized with the Yoast SEO plugin v27.3 - https:\/\/yoast.com\/product\/yoast-seo-wordpress\/ -->\n<title>Claudia Sheinbaum rinde su Tercer Informe de Gobierno en el Congreso de CdMx -<\/title>\n<meta name=\"robots\" content=\"index, follow, max-snippet:-1, max-image-preview:large, max-video-preview:-1\" \/>\n<link rel=\"canonical\" href=\"https:\/\/quehacerpolitico.mx\/?p=84811\" \/>\n<meta property=\"og:locale\" content=\"es_MX\" \/>\n<meta property=\"og:type\" content=\"article\" \/>\n<meta property=\"og:title\" content=\"Claudia Sheinbaum rinde su Tercer Informe de Gobierno en el Congreso de CdMx -\" \/>\n<meta property=\"og:description\" content=\"Por Redacci\u00f3n QP A las 6:00 horas de este viernes se instal\u00f3 un m\u00f3dulo de...\" \/>\n<meta property=\"og:url\" content=\"https:\/\/quehacerpolitico.mx\/?p=84811\" \/>\n<meta property=\"article:published_time\" content=\"2021-09-17T17:03:01+00:00\" \/>\n<meta property=\"article:modified_time\" content=\"2021-09-17T17:03:03+00:00\" \/>\n<meta property=\"og:image\" content=\"https:\/\/quehacerpolitico.mx\/wp-content\/uploads\/2021\/09\/B8E2E099-113B-4CCB-8FB6-EC3ADAECB0CB.jpeg\" \/>\n\t<meta property=\"og:image:width\" content=\"696\" \/>\n\t<meta property=\"og:image:height\" content=\"464\" \/>\n\t<meta property=\"og:image:type\" content=\"image\/jpeg\" \/>\n<meta name=\"author\" content=\"Redacci\u00f3n QP\" \/>\n<meta name=\"twitter:card\" content=\"summary_large_image\" \/>\n<meta name=\"twitter:label1\" content=\"Escrito por\" \/>\n\t<meta name=\"twitter:data1\" content=\"Redacci\u00f3n QP\" \/>\n\t<meta name=\"twitter:label2\" content=\"Tiempo de lectura\" \/>\n\t<meta name=\"twitter:data2\" content=\"5 minutos\" \/>\n<script type=\"application\/ld+json\" class=\"yoast-schema-graph\">{\"@context\":\"https:\\\/\\\/schema.org\",\"@graph\":[{\"@type\":\"Article\",\"@id\":\"https:\\\/\\\/quehacerpolitico.mx\\\/?p=84811#article\",\"isPartOf\":{\"@id\":\"https:\\\/\\\/quehacerpolitico.mx\\\/?p=84811\"},\"author\":{\"name\":\"Redacci\u00f3n QP\",\"@id\":\"https:\\\/\\\/quehacerpolitico.mx\\\/#\\\/schema\\\/person\\\/496d8ad2d1d3f8036101dca7ee39e585\"},\"headline\":\"Claudia Sheinbaum rinde su Tercer Informe de Gobierno en el Congreso de CdMx\",\"datePublished\":\"2021-09-17T17:03:01+00:00\",\"dateModified\":\"2021-09-17T17:03:03+00:00\",\"mainEntityOfPage\":{\"@id\":\"https:\\\/\\\/quehacerpolitico.mx\\\/?p=84811\"},\"wordCount\":1000,\"commentCount\":0,\"image\":{\"@id\":\"https:\\\/\\\/quehacerpolitico.mx\\\/?p=84811#primaryimage\"},\"thumbnailUrl\":\"https:\\\/\\\/quehacerpolitico.mx\\\/wp-content\\\/uploads\\\/2021\\\/09\\\/B8E2E099-113B-4CCB-8FB6-EC3ADAECB0CB.jpeg\",\"articleSection\":[\"CDMX\"],\"inLanguage\":\"es\",\"potentialAction\":[{\"@type\":\"CommentAction\",\"name\":\"Comment\",\"target\":[\"https:\\\/\\\/quehacerpolitico.mx\\\/?p=84811#respond\"]}]},{\"@type\":\"WebPage\",\"@id\":\"https:\\\/\\\/quehacerpolitico.mx\\\/?p=84811\",\"url\":\"https:\\\/\\\/quehacerpolitico.mx\\\/?p=84811\",\"name\":\"Claudia Sheinbaum rinde su Tercer Informe de Gobierno en el Congreso de CdMx -\",\"isPartOf\":{\"@id\":\"https:\\\/\\\/quehacerpolitico.mx\\\/#website\"},\"primaryImageOfPage\":{\"@id\":\"https:\\\/\\\/quehacerpolitico.mx\\\/?p=84811#primaryimage\"},\"image\":{\"@id\":\"https:\\\/\\\/quehacerpolitico.mx\\\/?p=84811#primaryimage\"},\"thumbnailUrl\":\"https:\\\/\\\/quehacerpolitico.mx\\\/wp-content\\\/uploads\\\/2021\\\/09\\\/B8E2E099-113B-4CCB-8FB6-EC3ADAECB0CB.jpeg\",\"datePublished\":\"2021-09-17T17:03:01+00:00\",\"dateModified\":\"2021-09-17T17:03:03+00:00\",\"author\":{\"@id\":\"https:\\\/\\\/quehacerpolitico.mx\\\/#\\\/schema\\\/person\\\/496d8ad2d1d3f8036101dca7ee39e585\"},\"breadcrumb\":{\"@id\":\"https:\\\/\\\/quehacerpolitico.mx\\\/?p=84811#breadcrumb\"},\"inLanguage\":\"es\",\"potentialAction\":[{\"@type\":\"ReadAction\",\"target\":[\"https:\\\/\\\/quehacerpolitico.mx\\\/?p=84811\"]}]},{\"@type\":\"ImageObject\",\"inLanguage\":\"es\",\"@id\":\"https:\\\/\\\/quehacerpolitico.mx\\\/?p=84811#primaryimage\",\"url\":\"https:\\\/\\\/quehacerpolitico.mx\\\/wp-content\\\/uploads\\\/2021\\\/09\\\/B8E2E099-113B-4CCB-8FB6-EC3ADAECB0CB.jpeg\",\"contentUrl\":\"https:\\\/\\\/quehacerpolitico.mx\\\/wp-content\\\/uploads\\\/2021\\\/09\\\/B8E2E099-113B-4CCB-8FB6-EC3ADAECB0CB.jpeg\",\"width\":696,\"height\":464},{\"@type\":\"BreadcrumbList\",\"@id\":\"https:\\\/\\\/quehacerpolitico.mx\\\/?p=84811#breadcrumb\",\"itemListElement\":[{\"@type\":\"ListItem\",\"position\":1,\"name\":\"Inicio\",\"item\":\"https:\\\/\\\/quehacerpolitico.mx\\\/\"},{\"@type\":\"ListItem\",\"position\":2,\"name\":\"Claudia Sheinbaum rinde su Tercer Informe de Gobierno en el Congreso de CdMx\"}]},{\"@type\":\"WebSite\",\"@id\":\"https:\\\/\\\/quehacerpolitico.mx\\\/#website\",\"url\":\"https:\\\/\\\/quehacerpolitico.mx\\\/\",\"name\":\"\",\"description\":\"\",\"potentialAction\":[{\"@type\":\"SearchAction\",\"target\":{\"@type\":\"EntryPoint\",\"urlTemplate\":\"https:\\\/\\\/quehacerpolitico.mx\\\/?s={search_term_string}\"},\"query-input\":{\"@type\":\"PropertyValueSpecification\",\"valueRequired\":true,\"valueName\":\"search_term_string\"}}],\"inLanguage\":\"es\"},{\"@type\":\"Person\",\"@id\":\"https:\\\/\\\/quehacerpolitico.mx\\\/#\\\/schema\\\/person\\\/496d8ad2d1d3f8036101dca7ee39e585\",\"name\":\"Redacci\u00f3n QP\",\"image\":{\"@type\":\"ImageObject\",\"inLanguage\":\"es\",\"@id\":\"https:\\\/\\\/secure.gravatar.com\\\/avatar\\\/c7164ed6fdec453195284ad24a5ae5b6e1eed2b848477fa2a4787ba9adf39a41?s=96&d=mm&r=g\",\"url\":\"https:\\\/\\\/secure.gravatar.com\\\/avatar\\\/c7164ed6fdec453195284ad24a5ae5b6e1eed2b848477fa2a4787ba9adf39a41?s=96&d=mm&r=g\",\"contentUrl\":\"https:\\\/\\\/secure.gravatar.com\\\/avatar\\\/c7164ed6fdec453195284ad24a5ae5b6e1eed2b848477fa2a4787ba9adf39a41?s=96&d=mm&r=g\",\"caption\":\"Redacci\u00f3n QP\"},\"url\":\"https:\\\/\\\/quehacerpolitico.mx\\\/?author=2\"}]}<\/script>\n<!-- \/ Yoast SEO plugin. -->","yoast_head_json":{"title":"Claudia Sheinbaum rinde su Tercer Informe de Gobierno en el Congreso de CdMx -","robots":{"index":"index","follow":"follow","max-snippet":"max-snippet:-1","max-image-preview":"max-image-preview:large","max-video-preview":"max-video-preview:-1"},"canonical":"https:\/\/quehacerpolitico.mx\/?p=84811","og_locale":"es_MX","og_type":"article","og_title":"Claudia Sheinbaum rinde su Tercer Informe de Gobierno en el Congreso de CdMx -","og_description":"Por Redacci\u00f3n QP A las 6:00 horas de este viernes se instal\u00f3 un m\u00f3dulo de...","og_url":"https:\/\/quehacerpolitico.mx\/?p=84811","article_published_time":"2021-09-17T17:03:01+00:00","article_modified_time":"2021-09-17T17:03:03+00:00","og_image":[{"width":696,"height":464,"url":"https:\/\/quehacerpolitico.mx\/wp-content\/uploads\/2021\/09\/B8E2E099-113B-4CCB-8FB6-EC3ADAECB0CB.jpeg","type":"image\/jpeg"}],"author":"Redacci\u00f3n QP","twitter_card":"summary_large_image","twitter_misc":{"Escrito por":"Redacci\u00f3n QP","Tiempo de lectura":"5 minutos"},"schema":{"@context":"https:\/\/schema.org","@graph":[{"@type":"Article","@id":"https:\/\/quehacerpolitico.mx\/?p=84811#article","isPartOf":{"@id":"https:\/\/quehacerpolitico.mx\/?p=84811"},"author":{"name":"Redacci\u00f3n QP","@id":"https:\/\/quehacerpolitico.mx\/#\/schema\/person\/496d8ad2d1d3f8036101dca7ee39e585"},"headline":"Claudia Sheinbaum rinde su Tercer Informe de Gobierno en el Congreso de CdMx","datePublished":"2021-09-17T17:03:01+00:00","dateModified":"2021-09-17T17:03:03+00:00","mainEntityOfPage":{"@id":"https:\/\/quehacerpolitico.mx\/?p=84811"},"wordCount":1000,"commentCount":0,"image":{"@id":"https:\/\/quehacerpolitico.mx\/?p=84811#primaryimage"},"thumbnailUrl":"https:\/\/quehacerpolitico.mx\/wp-content\/uploads\/2021\/09\/B8E2E099-113B-4CCB-8FB6-EC3ADAECB0CB.jpeg","articleSection":["CDMX"],"inLanguage":"es","potentialAction":[{"@type":"CommentAction","name":"Comment","target":["https:\/\/quehacerpolitico.mx\/?p=84811#respond"]}]},{"@type":"WebPage","@id":"https:\/\/quehacerpolitico.mx\/?p=84811","url":"https:\/\/quehacerpolitico.mx\/?p=84811","name":"Claudia Sheinbaum rinde su Tercer Informe de Gobierno en el Congreso de CdMx -","isPartOf":{"@id":"https:\/\/quehacerpolitico.mx\/#website"},"primaryImageOfPage":{"@id":"https:\/\/quehacerpolitico.mx\/?p=84811#primaryimage"},"image":{"@id":"https:\/\/quehacerpolitico.mx\/?p=84811#primaryimage"},"thumbnailUrl":"https:\/\/quehacerpolitico.mx\/wp-content\/uploads\/2021\/09\/B8E2E099-113B-4CCB-8FB6-EC3ADAECB0CB.jpeg","datePublished":"2021-09-17T17:03:01+00:00","dateModified":"2021-09-17T17:03:03+00:00","author":{"@id":"https:\/\/quehacerpolitico.mx\/#\/schema\/person\/496d8ad2d1d3f8036101dca7ee39e585"},"breadcrumb":{"@id":"https:\/\/quehacerpolitico.mx\/?p=84811#breadcrumb"},"inLanguage":"es","potentialAction":[{"@type":"ReadAction","target":["https:\/\/quehacerpolitico.mx\/?p=84811"]}]},{"@type":"ImageObject","inLanguage":"es","@id":"https:\/\/quehacerpolitico.mx\/?p=84811#primaryimage","url":"https:\/\/quehacerpolitico.mx\/wp-content\/uploads\/2021\/09\/B8E2E099-113B-4CCB-8FB6-EC3ADAECB0CB.jpeg","contentUrl":"https:\/\/quehacerpolitico.mx\/wp-content\/uploads\/2021\/09\/B8E2E099-113B-4CCB-8FB6-EC3ADAECB0CB.jpeg","width":696,"height":464},{"@type":"BreadcrumbList","@id":"https:\/\/quehacerpolitico.mx\/?p=84811#breadcrumb","itemListElement":[{"@type":"ListItem","position":1,"name":"Inicio","item":"https:\/\/quehacerpolitico.mx\/"},{"@type":"ListItem","position":2,"name":"Claudia Sheinbaum rinde su Tercer Informe de Gobierno en el Congreso de CdMx"}]},{"@type":"WebSite","@id":"https:\/\/quehacerpolitico.mx\/#website","url":"https:\/\/quehacerpolitico.mx\/","name":"","description":"","potentialAction":[{"@type":"SearchAction","target":{"@type":"EntryPoint","urlTemplate":"https:\/\/quehacerpolitico.mx\/?s={search_term_string}"},"query-input":{"@type":"PropertyValueSpecification","valueRequired":true,"valueName":"search_term_string"}}],"inLanguage":"es"},{"@type":"Person","@id":"https:\/\/quehacerpolitico.mx\/#\/schema\/person\/496d8ad2d1d3f8036101dca7ee39e585","name":"Redacci\u00f3n QP","image":{"@type":"ImageObject","inLanguage":"es","@id":"https:\/\/secure.gravatar.com\/avatar\/c7164ed6fdec453195284ad24a5ae5b6e1eed2b848477fa2a4787ba9adf39a41?s=96&d=mm&r=g","url":"https:\/\/secure.gravatar.com\/avatar\/c7164ed6fdec453195284ad24a5ae5b6e1eed2b848477fa2a4787ba9adf39a41?s=96&d=mm&r=g","contentUrl":"https:\/\/secure.gravatar.com\/avatar\/c7164ed6fdec453195284ad24a5ae5b6e1eed2b848477fa2a4787ba9adf39a41?s=96&d=mm&r=g","caption":"Redacci\u00f3n QP"},"url":"https:\/\/quehacerpolitico.mx\/?author=2"}]}},"featured_image_urls":{"full":["https:\/\/quehacerpolitico.mx\/wp-content\/uploads\/2021\/09\/B8E2E099-113B-4CCB-8FB6-EC3ADAECB0CB.jpeg",696,464,false],"thumbnail":["https:\/\/quehacerpolitico.mx\/wp-content\/uploads\/2021\/09\/B8E2E099-113B-4CCB-8FB6-EC3ADAECB0CB-150x150.jpeg",150,150,true],"medium":["https:\/\/quehacerpolitico.mx\/wp-content\/uploads\/2021\/09\/B8E2E099-113B-4CCB-8FB6-EC3ADAECB0CB-300x200.jpeg",300,200,true],"medium_large":["https:\/\/quehacerpolitico.mx\/wp-content\/uploads\/2021\/09\/B8E2E099-113B-4CCB-8FB6-EC3ADAECB0CB.jpeg",640,427,false],"large":["https:\/\/quehacerpolitico.mx\/wp-content\/uploads\/2021\/09\/B8E2E099-113B-4CCB-8FB6-EC3ADAECB0CB.jpeg",640,427,false],"1536x1536":["https:\/\/quehacerpolitico.mx\/wp-content\/uploads\/2021\/09\/B8E2E099-113B-4CCB-8FB6-EC3ADAECB0CB.jpeg",696,464,false],"2048x2048":["https:\/\/quehacerpolitico.mx\/wp-content\/uploads\/2021\/09\/B8E2E099-113B-4CCB-8FB6-EC3ADAECB0CB.jpeg",696,464,false],"covernews-featured":["https:\/\/quehacerpolitico.mx\/wp-content\/uploads\/2021\/09\/B8E2E099-113B-4CCB-8FB6-EC3ADAECB0CB.jpeg",696,464,false],"covernews-medium":["https:\/\/quehacerpolitico.mx\/wp-content\/uploads\/2021\/09\/B8E2E099-113B-4CCB-8FB6-EC3ADAECB0CB.jpeg",510,340,false]},"author_info":{"display_name":"Redacci\u00f3n QP","author_link":"https:\/\/quehacerpolitico.mx\/?author=2"},"category_info":"<a href=\"https:\/\/quehacerpolitico.mx\/?cat=55\" rel=\"category\">CDMX<\/a>","tag_info":"CDMX","comment_count":"0","_links":{"self":[{"href":"https:\/\/quehacerpolitico.mx\/index.php?rest_route=\/wp\/v2\/posts\/84811","targetHints":{"allow":["GET"]}}],"collection":[{"href":"https:\/\/quehacerpolitico.mx\/index.php?rest_route=\/wp\/v2\/posts"}],"about":[{"href":"https:\/\/quehacerpolitico.mx\/index.php?rest_route=\/wp\/v2\/types\/post"}],"author":[{"embeddable":true,"href":"https:\/\/quehacerpolitico.mx\/index.php?rest_route=\/wp\/v2\/users\/2"}],"replies":[{"embeddable":true,"href":"https:\/\/quehacerpolitico.mx\/index.php?rest_route=%2Fwp%2Fv2%2Fcomments&post=84811"}],"version-history":[{"count":1,"href":"https:\/\/quehacerpolitico.mx\/index.php?rest_route=\/wp\/v2\/posts\/84811\/revisions"}],"predecessor-version":[{"id":84813,"href":"https:\/\/quehacerpolitico.mx\/index.php?rest_route=\/wp\/v2\/posts\/84811\/revisions\/84813"}],"wp:featuredmedia":[{"embeddable":true,"href":"https:\/\/quehacerpolitico.mx\/index.php?rest_route=\/wp\/v2\/media\/84812"}],"wp:attachment":[{"href":"https:\/\/quehacerpolitico.mx\/index.php?rest_route=%2Fwp%2Fv2%2Fmedia&parent=84811"}],"wp:term":[{"taxonomy":"category","embeddable":true,"href":"https:\/\/quehacerpolitico.mx\/index.php?rest_route=%2Fwp%2Fv2%2Fcategories&post=84811"},{"taxonomy":"post_tag","embeddable":true,"href":"https:\/\/quehacerpolitico.mx\/index.php?rest_route=%2Fwp%2Fv2%2Ftags&post=84811"}],"curies":[{"name":"wp","href":"https:\/\/api.w.org\/{rel}","templated":true}]}}