{"id":84808,"date":"2021-09-17T16:47:30","date_gmt":"2021-09-17T16:47:30","guid":{"rendered":"https:\/\/quehacerpolitico.mx\/?p=84808"},"modified":"2021-09-17T16:47:32","modified_gmt":"2021-09-17T16:47:32","slug":"activan-alerta-amber-para-localizar-a-carlos-alberto-gomez-anastacio","status":"publish","type":"post","link":"https:\/\/quehacerpolitico.mx\/?p=84808","title":{"rendered":"Activan Alerta Amber para localizar a Carlos Alberto G\u00f3mez Anastacio"},"content":{"rendered":"\n<p>Por Redacci\u00f3n QP<\/p>\n\n\n\n<p>Carlos Alberto G\u00f3mez Anastacio tiene como se\u00f1as particulares una cicatriz por quiste tirogloso, lunar arriba del labio superior lado izquierdo, lunar junto al labio inferior lado derecho<\/p>\n\n\n\n<ul class=\"wp-block-list\"><li>El menor padece discapacidad cognitiva, d\u00e9ficit de atenci\u00f3n y depresi\u00f3n<\/li><\/ul>\n\n\n\n<p>La\u00a0<strong>Fiscal\u00eda General de Justicia de la Ciudad de M\u00e9xico (FGJCDMX)<\/strong>\u00a0activ\u00f3 la\u00a0Alerta Amber\u00a0para localizar a<strong>\u00a0Carlos Alberto G\u00f3mez Anastacio<\/strong>, de 14 a\u00f1os de edad, fue visto por \u00faltima vez el d\u00eda 15 de septiembre de 2021 en la colonia Las Arboledas,\u00a0<strong>alcald\u00eda Tl\u00e1huac.<\/strong><\/p>\n\n\n\n<figure class=\"wp-block-embed is-type-rich is-provider-twitter wp-block-embed-twitter\"><div class=\"wp-block-embed__wrapper\">\n<blockquote class=\"twitter-tweet\" data-width=\"550\" data-dnt=\"true\"><p lang=\"es\" dir=\"ltr\">Se activa <a href=\"https:\/\/twitter.com\/hashtag\/AlertaAmber?src=hash&amp;ref_src=twsrc%5Etfw\">#AlertaAmber<\/a> para localizar a un menor de 14 a\u00f1os de edad, de nombre Carlos Alberto G\u00f3mez Anastacio, fue visto por \u00faltima vez el d\u00eda 15 de septiembre de 2021 en la colonia Las Arboledas, alcald\u00eda Tl\u00e1huac <a href=\"https:\/\/t.co\/S1nLzkL8Yq\">pic.twitter.com\/S1nLzkL8Yq<\/a><\/p>&mdash; Fiscal\u00eda CDMX (@FiscaliaCDMX) <a href=\"https:\/\/twitter.com\/FiscaliaCDMX\/status\/1438517431173935115?ref_src=twsrc%5Etfw\">September 16, 2021<\/a><\/blockquote><script async src=\"https:\/\/platform.twitter.com\/widgets.js\" charset=\"utf-8\"><\/script>\n<\/div><\/figure>\n\n\n\n<p>De acuerdo con el bolet\u00edn de b\u00fasqueda Alerta Amberinos, <strong><strong>Carlos Alberto G\u00f3mez Anastacio<\/strong><\/strong>tiene como se\u00f1as particulares una cicatriz por quiste tirogloso, lunar arriba del labio superior lado izquierdo, lunar junto al labio inferior lado derecho. Adem\u00e1s padece una discapacidad cognitiva, d\u00e9ficit de atenci\u00f3n y depresi\u00f3n.<\/p>\n\n\n\n<p>La ropa que vest\u00eda<strong>\u00a0Carlos Alberto G\u00f3mez Anastacio\u00a0<\/strong>el d\u00eda de su desaparici\u00f3n era una chamarra negra, pants azul marino y tenis rojos.<\/p>\n\n\n\n<p>Finalmente, la FGJCDMX pidi\u00f3 a la poblaci\u00f3n que cualquier informaci\u00f3n sobre el paradero de alguna de las menores sea comunicada al tel\u00e9fono 5345 5067, con terminaciones 84 y 82, o acudir a la Fiscal\u00eda Especializada en la B\u00fasqueda, Localizaci\u00f3n e Investigaci\u00f3n de Personas Desaparecidas, ubicada en avenida Jard\u00edn 356, colonia Del Gas, alcald\u00eda Azcapotzalco, adem\u00e1s de consultar la p\u00e1gina&nbsp;<a href=\"https:\/\/www.fgjcdmx.gob.mx\/\">fgjcdmx.gob.mx<\/a><\/p>\n\n\n\n<p>Con informaci\u00f3n de la Fiscal\u00eda General de Justicia de la Ciudad de M\u00e9xico.<\/p>\n","protected":false},"excerpt":{"rendered":"<p>Por Redacci\u00f3n QP Carlos Alberto G\u00f3mez Anastacio tiene como se\u00f1as particulares una cicatriz por quiste&#8230;<\/p>\n","protected":false},"author":2,"featured_media":84809,"comment_status":"open","ping_status":"open","sticky":false,"template":"","format":"standard","meta":{"_monsterinsights_skip_tracking":false,"_monsterinsights_sitenote_active":false,"_monsterinsights_sitenote_note":"","_monsterinsights_sitenote_category":0,"footnotes":""},"categories":[55],"tags":[],"class_list":["post-84808","post","type-post","status-publish","format-standard","has-post-thumbnail","hentry","category-cdmx"],"yoast_head":"<!-- This site is optimized with the Yoast SEO plugin v27.3 - https:\/\/yoast.com\/product\/yoast-seo-wordpress\/ -->\n<title>Activan Alerta Amber para localizar a Carlos Alberto G\u00f3mez Anastacio -<\/title>\n<meta name=\"robots\" content=\"index, follow, max-snippet:-1, max-image-preview:large, max-video-preview:-1\" \/>\n<link rel=\"canonical\" href=\"https:\/\/quehacerpolitico.mx\/?p=84808\" \/>\n<meta property=\"og:locale\" content=\"es_MX\" \/>\n<meta property=\"og:type\" content=\"article\" \/>\n<meta property=\"og:title\" content=\"Activan Alerta Amber para localizar a Carlos Alberto G\u00f3mez Anastacio -\" \/>\n<meta property=\"og:description\" content=\"Por Redacci\u00f3n QP Carlos Alberto G\u00f3mez Anastacio tiene como se\u00f1as particulares una cicatriz por quiste...\" \/>\n<meta property=\"og:url\" content=\"https:\/\/quehacerpolitico.mx\/?p=84808\" \/>\n<meta property=\"article:published_time\" content=\"2021-09-17T16:47:30+00:00\" \/>\n<meta property=\"article:modified_time\" content=\"2021-09-17T16:47:32+00:00\" \/>\n<meta property=\"og:image\" content=\"https:\/\/quehacerpolitico.mx\/wp-content\/uploads\/2021\/09\/F26438D3-A89C-4DD7-A26B-ED087E8711D5.webp\" \/>\n\t<meta property=\"og:image:width\" content=\"1280\" \/>\n\t<meta property=\"og:image:height\" content=\"720\" \/>\n\t<meta property=\"og:image:type\" content=\"image\/webp\" \/>\n<meta name=\"author\" content=\"Redacci\u00f3n QP\" \/>\n<meta name=\"twitter:card\" content=\"summary_large_image\" \/>\n<meta name=\"twitter:label1\" content=\"Escrito por\" \/>\n\t<meta name=\"twitter:data1\" content=\"Redacci\u00f3n QP\" \/>\n\t<meta name=\"twitter:label2\" content=\"Tiempo de lectura\" \/>\n\t<meta name=\"twitter:data2\" content=\"1 minuto\" \/>\n<script type=\"application\/ld+json\" class=\"yoast-schema-graph\">{\"@context\":\"https:\\\/\\\/schema.org\",\"@graph\":[{\"@type\":\"Article\",\"@id\":\"https:\\\/\\\/quehacerpolitico.mx\\\/?p=84808#article\",\"isPartOf\":{\"@id\":\"https:\\\/\\\/quehacerpolitico.mx\\\/?p=84808\"},\"author\":{\"name\":\"Redacci\u00f3n QP\",\"@id\":\"https:\\\/\\\/quehacerpolitico.mx\\\/#\\\/schema\\\/person\\\/496d8ad2d1d3f8036101dca7ee39e585\"},\"headline\":\"Activan Alerta Amber para localizar a Carlos Alberto G\u00f3mez Anastacio\",\"datePublished\":\"2021-09-17T16:47:30+00:00\",\"dateModified\":\"2021-09-17T16:47:32+00:00\",\"mainEntityOfPage\":{\"@id\":\"https:\\\/\\\/quehacerpolitico.mx\\\/?p=84808\"},\"wordCount\":279,\"commentCount\":0,\"image\":{\"@id\":\"https:\\\/\\\/quehacerpolitico.mx\\\/?p=84808#primaryimage\"},\"thumbnailUrl\":\"https:\\\/\\\/quehacerpolitico.mx\\\/wp-content\\\/uploads\\\/2021\\\/09\\\/F26438D3-A89C-4DD7-A26B-ED087E8711D5.webp\",\"articleSection\":[\"CDMX\"],\"inLanguage\":\"es\",\"potentialAction\":[{\"@type\":\"CommentAction\",\"name\":\"Comment\",\"target\":[\"https:\\\/\\\/quehacerpolitico.mx\\\/?p=84808#respond\"]}]},{\"@type\":\"WebPage\",\"@id\":\"https:\\\/\\\/quehacerpolitico.mx\\\/?p=84808\",\"url\":\"https:\\\/\\\/quehacerpolitico.mx\\\/?p=84808\",\"name\":\"Activan Alerta Amber para localizar a Carlos Alberto G\u00f3mez Anastacio -\",\"isPartOf\":{\"@id\":\"https:\\\/\\\/quehacerpolitico.mx\\\/#website\"},\"primaryImageOfPage\":{\"@id\":\"https:\\\/\\\/quehacerpolitico.mx\\\/?p=84808#primaryimage\"},\"image\":{\"@id\":\"https:\\\/\\\/quehacerpolitico.mx\\\/?p=84808#primaryimage\"},\"thumbnailUrl\":\"https:\\\/\\\/quehacerpolitico.mx\\\/wp-content\\\/uploads\\\/2021\\\/09\\\/F26438D3-A89C-4DD7-A26B-ED087E8711D5.webp\",\"datePublished\":\"2021-09-17T16:47:30+00:00\",\"dateModified\":\"2021-09-17T16:47:32+00:00\",\"author\":{\"@id\":\"https:\\\/\\\/quehacerpolitico.mx\\\/#\\\/schema\\\/person\\\/496d8ad2d1d3f8036101dca7ee39e585\"},\"breadcrumb\":{\"@id\":\"https:\\\/\\\/quehacerpolitico.mx\\\/?p=84808#breadcrumb\"},\"inLanguage\":\"es\",\"potentialAction\":[{\"@type\":\"ReadAction\",\"target\":[\"https:\\\/\\\/quehacerpolitico.mx\\\/?p=84808\"]}]},{\"@type\":\"ImageObject\",\"inLanguage\":\"es\",\"@id\":\"https:\\\/\\\/quehacerpolitico.mx\\\/?p=84808#primaryimage\",\"url\":\"https:\\\/\\\/quehacerpolitico.mx\\\/wp-content\\\/uploads\\\/2021\\\/09\\\/F26438D3-A89C-4DD7-A26B-ED087E8711D5.webp\",\"contentUrl\":\"https:\\\/\\\/quehacerpolitico.mx\\\/wp-content\\\/uploads\\\/2021\\\/09\\\/F26438D3-A89C-4DD7-A26B-ED087E8711D5.webp\",\"width\":1280,\"height\":720},{\"@type\":\"BreadcrumbList\",\"@id\":\"https:\\\/\\\/quehacerpolitico.mx\\\/?p=84808#breadcrumb\",\"itemListElement\":[{\"@type\":\"ListItem\",\"position\":1,\"name\":\"Inicio\",\"item\":\"https:\\\/\\\/quehacerpolitico.mx\\\/\"},{\"@type\":\"ListItem\",\"position\":2,\"name\":\"Activan Alerta Amber para localizar a Carlos Alberto G\u00f3mez Anastacio\"}]},{\"@type\":\"WebSite\",\"@id\":\"https:\\\/\\\/quehacerpolitico.mx\\\/#website\",\"url\":\"https:\\\/\\\/quehacerpolitico.mx\\\/\",\"name\":\"\",\"description\":\"\",\"potentialAction\":[{\"@type\":\"SearchAction\",\"target\":{\"@type\":\"EntryPoint\",\"urlTemplate\":\"https:\\\/\\\/quehacerpolitico.mx\\\/?s={search_term_string}\"},\"query-input\":{\"@type\":\"PropertyValueSpecification\",\"valueRequired\":true,\"valueName\":\"search_term_string\"}}],\"inLanguage\":\"es\"},{\"@type\":\"Person\",\"@id\":\"https:\\\/\\\/quehacerpolitico.mx\\\/#\\\/schema\\\/person\\\/496d8ad2d1d3f8036101dca7ee39e585\",\"name\":\"Redacci\u00f3n QP\",\"image\":{\"@type\":\"ImageObject\",\"inLanguage\":\"es\",\"@id\":\"https:\\\/\\\/secure.gravatar.com\\\/avatar\\\/c7164ed6fdec453195284ad24a5ae5b6e1eed2b848477fa2a4787ba9adf39a41?s=96&d=mm&r=g\",\"url\":\"https:\\\/\\\/secure.gravatar.com\\\/avatar\\\/c7164ed6fdec453195284ad24a5ae5b6e1eed2b848477fa2a4787ba9adf39a41?s=96&d=mm&r=g\",\"contentUrl\":\"https:\\\/\\\/secure.gravatar.com\\\/avatar\\\/c7164ed6fdec453195284ad24a5ae5b6e1eed2b848477fa2a4787ba9adf39a41?s=96&d=mm&r=g\",\"caption\":\"Redacci\u00f3n QP\"},\"url\":\"https:\\\/\\\/quehacerpolitico.mx\\\/?author=2\"}]}<\/script>\n<!-- \/ Yoast SEO plugin. -->","yoast_head_json":{"title":"Activan Alerta Amber para localizar a Carlos Alberto G\u00f3mez Anastacio -","robots":{"index":"index","follow":"follow","max-snippet":"max-snippet:-1","max-image-preview":"max-image-preview:large","max-video-preview":"max-video-preview:-1"},"canonical":"https:\/\/quehacerpolitico.mx\/?p=84808","og_locale":"es_MX","og_type":"article","og_title":"Activan Alerta Amber para localizar a Carlos Alberto G\u00f3mez Anastacio -","og_description":"Por Redacci\u00f3n QP Carlos Alberto G\u00f3mez Anastacio tiene como se\u00f1as particulares una cicatriz por quiste...","og_url":"https:\/\/quehacerpolitico.mx\/?p=84808","article_published_time":"2021-09-17T16:47:30+00:00","article_modified_time":"2021-09-17T16:47:32+00:00","og_image":[{"width":1280,"height":720,"url":"https:\/\/quehacerpolitico.mx\/wp-content\/uploads\/2021\/09\/F26438D3-A89C-4DD7-A26B-ED087E8711D5.webp","type":"image\/webp"}],"author":"Redacci\u00f3n QP","twitter_card":"summary_large_image","twitter_misc":{"Escrito por":"Redacci\u00f3n QP","Tiempo de lectura":"1 minuto"},"schema":{"@context":"https:\/\/schema.org","@graph":[{"@type":"Article","@id":"https:\/\/quehacerpolitico.mx\/?p=84808#article","isPartOf":{"@id":"https:\/\/quehacerpolitico.mx\/?p=84808"},"author":{"name":"Redacci\u00f3n QP","@id":"https:\/\/quehacerpolitico.mx\/#\/schema\/person\/496d8ad2d1d3f8036101dca7ee39e585"},"headline":"Activan Alerta Amber para localizar a Carlos Alberto G\u00f3mez Anastacio","datePublished":"2021-09-17T16:47:30+00:00","dateModified":"2021-09-17T16:47:32+00:00","mainEntityOfPage":{"@id":"https:\/\/quehacerpolitico.mx\/?p=84808"},"wordCount":279,"commentCount":0,"image":{"@id":"https:\/\/quehacerpolitico.mx\/?p=84808#primaryimage"},"thumbnailUrl":"https:\/\/quehacerpolitico.mx\/wp-content\/uploads\/2021\/09\/F26438D3-A89C-4DD7-A26B-ED087E8711D5.webp","articleSection":["CDMX"],"inLanguage":"es","potentialAction":[{"@type":"CommentAction","name":"Comment","target":["https:\/\/quehacerpolitico.mx\/?p=84808#respond"]}]},{"@type":"WebPage","@id":"https:\/\/quehacerpolitico.mx\/?p=84808","url":"https:\/\/quehacerpolitico.mx\/?p=84808","name":"Activan Alerta Amber para localizar a Carlos Alberto G\u00f3mez Anastacio -","isPartOf":{"@id":"https:\/\/quehacerpolitico.mx\/#website"},"primaryImageOfPage":{"@id":"https:\/\/quehacerpolitico.mx\/?p=84808#primaryimage"},"image":{"@id":"https:\/\/quehacerpolitico.mx\/?p=84808#primaryimage"},"thumbnailUrl":"https:\/\/quehacerpolitico.mx\/wp-content\/uploads\/2021\/09\/F26438D3-A89C-4DD7-A26B-ED087E8711D5.webp","datePublished":"2021-09-17T16:47:30+00:00","dateModified":"2021-09-17T16:47:32+00:00","author":{"@id":"https:\/\/quehacerpolitico.mx\/#\/schema\/person\/496d8ad2d1d3f8036101dca7ee39e585"},"breadcrumb":{"@id":"https:\/\/quehacerpolitico.mx\/?p=84808#breadcrumb"},"inLanguage":"es","potentialAction":[{"@type":"ReadAction","target":["https:\/\/quehacerpolitico.mx\/?p=84808"]}]},{"@type":"ImageObject","inLanguage":"es","@id":"https:\/\/quehacerpolitico.mx\/?p=84808#primaryimage","url":"https:\/\/quehacerpolitico.mx\/wp-content\/uploads\/2021\/09\/F26438D3-A89C-4DD7-A26B-ED087E8711D5.webp","contentUrl":"https:\/\/quehacerpolitico.mx\/wp-content\/uploads\/2021\/09\/F26438D3-A89C-4DD7-A26B-ED087E8711D5.webp","width":1280,"height":720},{"@type":"BreadcrumbList","@id":"https:\/\/quehacerpolitico.mx\/?p=84808#breadcrumb","itemListElement":[{"@type":"ListItem","position":1,"name":"Inicio","item":"https:\/\/quehacerpolitico.mx\/"},{"@type":"ListItem","position":2,"name":"Activan Alerta Amber para localizar a Carlos Alberto G\u00f3mez Anastacio"}]},{"@type":"WebSite","@id":"https:\/\/quehacerpolitico.mx\/#website","url":"https:\/\/quehacerpolitico.mx\/","name":"","description":"","potentialAction":[{"@type":"SearchAction","target":{"@type":"EntryPoint","urlTemplate":"https:\/\/quehacerpolitico.mx\/?s={search_term_string}"},"query-input":{"@type":"PropertyValueSpecification","valueRequired":true,"valueName":"search_term_string"}}],"inLanguage":"es"},{"@type":"Person","@id":"https:\/\/quehacerpolitico.mx\/#\/schema\/person\/496d8ad2d1d3f8036101dca7ee39e585","name":"Redacci\u00f3n QP","image":{"@type":"ImageObject","inLanguage":"es","@id":"https:\/\/secure.gravatar.com\/avatar\/c7164ed6fdec453195284ad24a5ae5b6e1eed2b848477fa2a4787ba9adf39a41?s=96&d=mm&r=g","url":"https:\/\/secure.gravatar.com\/avatar\/c7164ed6fdec453195284ad24a5ae5b6e1eed2b848477fa2a4787ba9adf39a41?s=96&d=mm&r=g","contentUrl":"https:\/\/secure.gravatar.com\/avatar\/c7164ed6fdec453195284ad24a5ae5b6e1eed2b848477fa2a4787ba9adf39a41?s=96&d=mm&r=g","caption":"Redacci\u00f3n QP"},"url":"https:\/\/quehacerpolitico.mx\/?author=2"}]}},"featured_image_urls":{"full":["https:\/\/quehacerpolitico.mx\/wp-content\/uploads\/2021\/09\/F26438D3-A89C-4DD7-A26B-ED087E8711D5.webp",1280,720,false],"thumbnail":["https:\/\/quehacerpolitico.mx\/wp-content\/uploads\/2021\/09\/F26438D3-A89C-4DD7-A26B-ED087E8711D5-150x150.webp",150,150,true],"medium":["https:\/\/quehacerpolitico.mx\/wp-content\/uploads\/2021\/09\/F26438D3-A89C-4DD7-A26B-ED087E8711D5-300x169.webp",300,169,true],"medium_large":["https:\/\/quehacerpolitico.mx\/wp-content\/uploads\/2021\/09\/F26438D3-A89C-4DD7-A26B-ED087E8711D5-768x432.webp",640,360,true],"large":["https:\/\/quehacerpolitico.mx\/wp-content\/uploads\/2021\/09\/F26438D3-A89C-4DD7-A26B-ED087E8711D5-1024x576.webp",640,360,true],"1536x1536":["https:\/\/quehacerpolitico.mx\/wp-content\/uploads\/2021\/09\/F26438D3-A89C-4DD7-A26B-ED087E8711D5.webp",1280,720,false],"2048x2048":["https:\/\/quehacerpolitico.mx\/wp-content\/uploads\/2021\/09\/F26438D3-A89C-4DD7-A26B-ED087E8711D5.webp",1280,720,false],"covernews-featured":["https:\/\/quehacerpolitico.mx\/wp-content\/uploads\/2021\/09\/F26438D3-A89C-4DD7-A26B-ED087E8711D5.webp",1024,576,false],"covernews-medium":["https:\/\/quehacerpolitico.mx\/wp-content\/uploads\/2021\/09\/F26438D3-A89C-4DD7-A26B-ED087E8711D5.webp",540,304,false]},"author_info":{"display_name":"Redacci\u00f3n QP","author_link":"https:\/\/quehacerpolitico.mx\/?author=2"},"category_info":"<a href=\"https:\/\/quehacerpolitico.mx\/?cat=55\" rel=\"category\">CDMX<\/a>","tag_info":"CDMX","comment_count":"0","_links":{"self":[{"href":"https:\/\/quehacerpolitico.mx\/index.php?rest_route=\/wp\/v2\/posts\/84808","targetHints":{"allow":["GET"]}}],"collection":[{"href":"https:\/\/quehacerpolitico.mx\/index.php?rest_route=\/wp\/v2\/posts"}],"about":[{"href":"https:\/\/quehacerpolitico.mx\/index.php?rest_route=\/wp\/v2\/types\/post"}],"author":[{"embeddable":true,"href":"https:\/\/quehacerpolitico.mx\/index.php?rest_route=\/wp\/v2\/users\/2"}],"replies":[{"embeddable":true,"href":"https:\/\/quehacerpolitico.mx\/index.php?rest_route=%2Fwp%2Fv2%2Fcomments&post=84808"}],"version-history":[{"count":1,"href":"https:\/\/quehacerpolitico.mx\/index.php?rest_route=\/wp\/v2\/posts\/84808\/revisions"}],"predecessor-version":[{"id":84810,"href":"https:\/\/quehacerpolitico.mx\/index.php?rest_route=\/wp\/v2\/posts\/84808\/revisions\/84810"}],"wp:featuredmedia":[{"embeddable":true,"href":"https:\/\/quehacerpolitico.mx\/index.php?rest_route=\/wp\/v2\/media\/84809"}],"wp:attachment":[{"href":"https:\/\/quehacerpolitico.mx\/index.php?rest_route=%2Fwp%2Fv2%2Fmedia&parent=84808"}],"wp:term":[{"taxonomy":"category","embeddable":true,"href":"https:\/\/quehacerpolitico.mx\/index.php?rest_route=%2Fwp%2Fv2%2Fcategories&post=84808"},{"taxonomy":"post_tag","embeddable":true,"href":"https:\/\/quehacerpolitico.mx\/index.php?rest_route=%2Fwp%2Fv2%2Ftags&post=84808"}],"curies":[{"name":"wp","href":"https:\/\/api.w.org\/{rel}","templated":true}]}}