{"id":84767,"date":"2021-09-16T18:31:50","date_gmt":"2021-09-16T18:31:50","guid":{"rendered":"https:\/\/quehacerpolitico.mx\/?p=84767"},"modified":"2021-09-16T18:31:52","modified_gmt":"2021-09-16T18:31:52","slug":"amlo-pide-a-biden-que-acabe-con-los-agravios-a-cuba","status":"publish","type":"post","link":"https:\/\/quehacerpolitico.mx\/?p=84767","title":{"rendered":"AMLO pide a Biden que acabe con los agravios a Cuba"},"content":{"rendered":"\n<p>Por Redacci\u00f3n QP<\/p>\n\n\n\n<p>Durante su discurso en el desfile militar, L\u00f3pez Obrador insisti\u00f3 en que &#8220;ning\u00fan Estado tiene derecho a someter a otro pueblo, a otro pa\u00eds&#8221;<\/p>\n\n\n\n<p>El Presidente de M\u00e9xico, Andr\u00e9s Manuel L\u00f3pez Obrador (AMLO) pidi\u00f3 este jueves a su hom\u00f3logo estadounidense, Joe Biden, que acabe con los agravios a Cuba tras destacar al pueblo cubano como un ejemplo para la humanidad por resistir durante 62 a\u00f1os el bloqueo de EU.<\/p>\n\n\n\n<p><strong>&#8220;El Gobierno que represento llama respetuosamente al Gobierno de Estados Unidos a levantar el bloqueo contra Cuba porque ning\u00fan Estado tiene derecho a someter a otro pueblo, a otro pa\u00eds&#8221;<\/strong>, dijo AMLO durante su discurso en la celebraci\u00f3n del desfile militar con motivo de la Independencia de M\u00e9xico.<\/p>\n\n\n\n<figure class=\"wp-block-embed is-type-rich is-provider-twitter wp-block-embed-twitter\"><div class=\"wp-block-embed__wrapper\">\n<blockquote class=\"twitter-tweet\" data-width=\"550\" data-dnt=\"true\"><p lang=\"es\" dir=\"ltr\">Vergonzoso <a href=\"https:\/\/twitter.com\/lopezobrador_?ref_src=twsrc%5Etfw\">@lopezobrador_<\/a> pide a EU levantar el embargo a Cuba <br>\ud83d\ude02\ud83d\ude02\ud83d\ude02\ud83d\ude02\ud83d\ude02\ud83d\ude02\ud83d\ude02\ud83d\ude02\ud83d\ude02\ud83d\ude02<br>Mejor Renuncia, Viejo in\u00fatil!<a href=\"https:\/\/twitter.com\/hashtag\/MexicoNOEsLopezObrador?src=hash&amp;ref_src=twsrc%5Etfw\">#MexicoNOEsLopezObrador<\/a> <a href=\"https:\/\/twitter.com\/hashtag\/CanelMexicoTeRepudia?src=hash&amp;ref_src=twsrc%5Etfw\">#CanelMexicoTeRepudia<\/a> <a href=\"https:\/\/twitter.com\/hashtag\/AmloFracasoPresidencial?src=hash&amp;ref_src=twsrc%5Etfw\">#AmloFracasoPresidencial<\/a> <a href=\"https:\/\/t.co\/P1Ogh4UCP0\">pic.twitter.com\/P1Ogh4UCP0<\/a><\/p>&mdash; LetyMaldo (@LetyMaldo) <a href=\"https:\/\/twitter.com\/LetyMaldo\/status\/1438555903196909574?ref_src=twsrc%5Etfw\">September 16, 2021<\/a><\/blockquote><script async src=\"https:\/\/platform.twitter.com\/widgets.js\" charset=\"utf-8\"><\/script>\n<\/div><\/figure>\n\n\n\n<p>L\u00f3pez Obrador alab\u00f3 a Cuba por su resistencia numantina y propuso declarar a la isla como Patrimonio de la Humanidad, mientras que Miguel D\u00edaz-Canel afirm\u00f3 que su pa\u00eds sufre &#8220;los embates de una guerra multidimensional, con un bloqueo criminal recrudecido oportunistamente&#8221;.<\/p>\n\n\n\n<p>D\u00edaz-Canel, de visita en M\u00e9xico, dijo que bajo el fuego de esa &#8220;guerra total&#8221;, la solidaridad de M\u00e9xico con Cuba ha despertado admiraci\u00f3n y agradecimiento profundo.<\/p>\n\n\n\n<p><strong>AMLO insisti\u00f3 en que &#8220;ning\u00fan Estado tiene derecho a someter a otro pueblo, a otro pa\u00eds&#8221;<\/strong>\u00a0y destac\u00f3 que se puede estar de acuerdo o no con la revoluci\u00f3n cubana y con su Gobierno, &#8220;pero el haber resistido 62 a\u00f1os sin sometimiento es una indiscutible haza\u00f1a hist\u00f3rica&#8221;.<\/p>\n\n\n\n<blockquote class=\"wp-block-quote is-layout-flow wp-block-quote-is-layout-flow\"><p>&#8220;Ojal\u00e1 que el presidente Biden, quien posee suficiente sensibilidad pol\u00edtica, act\u00fae con esa grandeza y ponga fin para siempre a la pol\u00edtica de agravios hacia Cuba&#8221;<\/p><\/blockquote>\n\n\n\n<p>Record\u00f3 las palabras del expresidente estadounidense George Washington sobre que ninguna naci\u00f3n debe aprovecharse &#8220;del infortunio de los pueblos&#8221; y agreg\u00f3 que se &#8220;ve mal&#8221; que el Gobierno estadounidense utilice el bloqueo para evitar el bienestar del pueblo de Cuba.<\/p>\n\n\n\n<p>Consider\u00f3 que si esa estrategia, que consider\u00f3 &#8220;perversa&#8221;, de sacar a las actuales autoridades cubanas del poder se materializa, se tratar\u00eda de &#8220;un triunfo p\u00edrrico, vil y canallesco&#8221; y &#8220;una mancha de esas que no se borran ni con toda el agua de los oc\u00e9anos&#8221;.<\/p>\n\n\n\n<p>Por ello, reiter\u00f3 que &#8220;es mejor el entendimiento, el respeto mutuo y la libertad, sin condiciones ni prepotencias&#8221;.<\/p>\n\n\n\n<p>Por su parte, D\u00edaz- Canel agradeci\u00f3 por la invitaci\u00f3n para participar en el desfile militar y resalt\u00f3 la solidaridad de M\u00e9xico a trav\u00e9s de los a\u00f1os, como haber sido el \u00fanico pa\u00eds de Am\u00e9rica Latina que no rompi\u00f3 relaciones con Cuba cuando fue expulsada de la Organizaci\u00f3n de Estados Americanos (OEA) en 1962.<\/p>\n\n\n\n<p>&#8220;Cuba recordar\u00e1 siempre sus expresiones de apoyo, su permanente reclamo por el levantamiento del bloqueo y porque se convierta el voto anual de Naciones Unidas en hechos concretos, algo que su pa\u00eds ha cumplido de forma ejemplar para con nuestro pueblo&#8221;, dijo<\/p>\n\n\n\n<p>Con Informaci\u00f3n de EFE<\/p>\n","protected":false},"excerpt":{"rendered":"<p>Por Redacci\u00f3n QP Durante su discurso en el desfile militar, L\u00f3pez Obrador insisti\u00f3 en que&#8230;<\/p>\n","protected":false},"author":2,"featured_media":84768,"comment_status":"open","ping_status":"open","sticky":false,"template":"","format":"standard","meta":{"_monsterinsights_skip_tracking":false,"_monsterinsights_sitenote_active":false,"_monsterinsights_sitenote_note":"","_monsterinsights_sitenote_category":0,"footnotes":""},"categories":[2],"tags":[],"class_list":["post-84767","post","type-post","status-publish","format-standard","has-post-thumbnail","hentry","category-noticias"],"yoast_head":"<!-- This site is optimized with the Yoast SEO plugin v27.3 - https:\/\/yoast.com\/product\/yoast-seo-wordpress\/ -->\n<title>AMLO pide a Biden que acabe con los agravios a Cuba -<\/title>\n<meta name=\"robots\" content=\"index, follow, max-snippet:-1, max-image-preview:large, max-video-preview:-1\" \/>\n<link rel=\"canonical\" href=\"https:\/\/quehacerpolitico.mx\/?p=84767\" \/>\n<meta property=\"og:locale\" content=\"es_MX\" \/>\n<meta property=\"og:type\" content=\"article\" \/>\n<meta property=\"og:title\" content=\"AMLO pide a Biden que acabe con los agravios a Cuba -\" \/>\n<meta property=\"og:description\" content=\"Por Redacci\u00f3n QP Durante su discurso en el desfile militar, L\u00f3pez Obrador insisti\u00f3 en que...\" \/>\n<meta property=\"og:url\" content=\"https:\/\/quehacerpolitico.mx\/?p=84767\" \/>\n<meta property=\"article:published_time\" content=\"2021-09-16T18:31:50+00:00\" \/>\n<meta property=\"article:modified_time\" content=\"2021-09-16T18:31:52+00:00\" \/>\n<meta property=\"og:image\" content=\"https:\/\/quehacerpolitico.mx\/wp-content\/uploads\/2021\/09\/04686768-E8F0-455F-B68C-B1F4661C6265.jpeg\" \/>\n\t<meta property=\"og:image:width\" content=\"980\" \/>\n\t<meta property=\"og:image:height\" content=\"551\" \/>\n\t<meta property=\"og:image:type\" content=\"image\/jpeg\" \/>\n<meta name=\"author\" content=\"Redacci\u00f3n QP\" \/>\n<meta name=\"twitter:card\" content=\"summary_large_image\" \/>\n<meta name=\"twitter:label1\" content=\"Escrito por\" \/>\n\t<meta name=\"twitter:data1\" content=\"Redacci\u00f3n QP\" \/>\n\t<meta name=\"twitter:label2\" content=\"Tiempo de lectura\" \/>\n\t<meta name=\"twitter:data2\" content=\"3 minutos\" \/>\n<script type=\"application\/ld+json\" class=\"yoast-schema-graph\">{\"@context\":\"https:\\\/\\\/schema.org\",\"@graph\":[{\"@type\":\"Article\",\"@id\":\"https:\\\/\\\/quehacerpolitico.mx\\\/?p=84767#article\",\"isPartOf\":{\"@id\":\"https:\\\/\\\/quehacerpolitico.mx\\\/?p=84767\"},\"author\":{\"name\":\"Redacci\u00f3n QP\",\"@id\":\"https:\\\/\\\/quehacerpolitico.mx\\\/#\\\/schema\\\/person\\\/496d8ad2d1d3f8036101dca7ee39e585\"},\"headline\":\"AMLO pide a Biden que acabe con los agravios a Cuba\",\"datePublished\":\"2021-09-16T18:31:50+00:00\",\"dateModified\":\"2021-09-16T18:31:52+00:00\",\"mainEntityOfPage\":{\"@id\":\"https:\\\/\\\/quehacerpolitico.mx\\\/?p=84767\"},\"wordCount\":520,\"commentCount\":0,\"image\":{\"@id\":\"https:\\\/\\\/quehacerpolitico.mx\\\/?p=84767#primaryimage\"},\"thumbnailUrl\":\"https:\\\/\\\/quehacerpolitico.mx\\\/wp-content\\\/uploads\\\/2021\\\/09\\\/04686768-E8F0-455F-B68C-B1F4661C6265.jpeg\",\"articleSection\":[\"Noticias\"],\"inLanguage\":\"es\",\"potentialAction\":[{\"@type\":\"CommentAction\",\"name\":\"Comment\",\"target\":[\"https:\\\/\\\/quehacerpolitico.mx\\\/?p=84767#respond\"]}]},{\"@type\":\"WebPage\",\"@id\":\"https:\\\/\\\/quehacerpolitico.mx\\\/?p=84767\",\"url\":\"https:\\\/\\\/quehacerpolitico.mx\\\/?p=84767\",\"name\":\"AMLO pide a Biden que acabe con los agravios a Cuba -\",\"isPartOf\":{\"@id\":\"https:\\\/\\\/quehacerpolitico.mx\\\/#website\"},\"primaryImageOfPage\":{\"@id\":\"https:\\\/\\\/quehacerpolitico.mx\\\/?p=84767#primaryimage\"},\"image\":{\"@id\":\"https:\\\/\\\/quehacerpolitico.mx\\\/?p=84767#primaryimage\"},\"thumbnailUrl\":\"https:\\\/\\\/quehacerpolitico.mx\\\/wp-content\\\/uploads\\\/2021\\\/09\\\/04686768-E8F0-455F-B68C-B1F4661C6265.jpeg\",\"datePublished\":\"2021-09-16T18:31:50+00:00\",\"dateModified\":\"2021-09-16T18:31:52+00:00\",\"author\":{\"@id\":\"https:\\\/\\\/quehacerpolitico.mx\\\/#\\\/schema\\\/person\\\/496d8ad2d1d3f8036101dca7ee39e585\"},\"breadcrumb\":{\"@id\":\"https:\\\/\\\/quehacerpolitico.mx\\\/?p=84767#breadcrumb\"},\"inLanguage\":\"es\",\"potentialAction\":[{\"@type\":\"ReadAction\",\"target\":[\"https:\\\/\\\/quehacerpolitico.mx\\\/?p=84767\"]}]},{\"@type\":\"ImageObject\",\"inLanguage\":\"es\",\"@id\":\"https:\\\/\\\/quehacerpolitico.mx\\\/?p=84767#primaryimage\",\"url\":\"https:\\\/\\\/quehacerpolitico.mx\\\/wp-content\\\/uploads\\\/2021\\\/09\\\/04686768-E8F0-455F-B68C-B1F4661C6265.jpeg\",\"contentUrl\":\"https:\\\/\\\/quehacerpolitico.mx\\\/wp-content\\\/uploads\\\/2021\\\/09\\\/04686768-E8F0-455F-B68C-B1F4661C6265.jpeg\",\"width\":980,\"height\":551},{\"@type\":\"BreadcrumbList\",\"@id\":\"https:\\\/\\\/quehacerpolitico.mx\\\/?p=84767#breadcrumb\",\"itemListElement\":[{\"@type\":\"ListItem\",\"position\":1,\"name\":\"Inicio\",\"item\":\"https:\\\/\\\/quehacerpolitico.mx\\\/\"},{\"@type\":\"ListItem\",\"position\":2,\"name\":\"AMLO pide a Biden que acabe con los agravios a Cuba\"}]},{\"@type\":\"WebSite\",\"@id\":\"https:\\\/\\\/quehacerpolitico.mx\\\/#website\",\"url\":\"https:\\\/\\\/quehacerpolitico.mx\\\/\",\"name\":\"\",\"description\":\"\",\"potentialAction\":[{\"@type\":\"SearchAction\",\"target\":{\"@type\":\"EntryPoint\",\"urlTemplate\":\"https:\\\/\\\/quehacerpolitico.mx\\\/?s={search_term_string}\"},\"query-input\":{\"@type\":\"PropertyValueSpecification\",\"valueRequired\":true,\"valueName\":\"search_term_string\"}}],\"inLanguage\":\"es\"},{\"@type\":\"Person\",\"@id\":\"https:\\\/\\\/quehacerpolitico.mx\\\/#\\\/schema\\\/person\\\/496d8ad2d1d3f8036101dca7ee39e585\",\"name\":\"Redacci\u00f3n QP\",\"image\":{\"@type\":\"ImageObject\",\"inLanguage\":\"es\",\"@id\":\"https:\\\/\\\/secure.gravatar.com\\\/avatar\\\/c7164ed6fdec453195284ad24a5ae5b6e1eed2b848477fa2a4787ba9adf39a41?s=96&d=mm&r=g\",\"url\":\"https:\\\/\\\/secure.gravatar.com\\\/avatar\\\/c7164ed6fdec453195284ad24a5ae5b6e1eed2b848477fa2a4787ba9adf39a41?s=96&d=mm&r=g\",\"contentUrl\":\"https:\\\/\\\/secure.gravatar.com\\\/avatar\\\/c7164ed6fdec453195284ad24a5ae5b6e1eed2b848477fa2a4787ba9adf39a41?s=96&d=mm&r=g\",\"caption\":\"Redacci\u00f3n QP\"},\"url\":\"https:\\\/\\\/quehacerpolitico.mx\\\/?author=2\"}]}<\/script>\n<!-- \/ Yoast SEO plugin. -->","yoast_head_json":{"title":"AMLO pide a Biden que acabe con los agravios a Cuba -","robots":{"index":"index","follow":"follow","max-snippet":"max-snippet:-1","max-image-preview":"max-image-preview:large","max-video-preview":"max-video-preview:-1"},"canonical":"https:\/\/quehacerpolitico.mx\/?p=84767","og_locale":"es_MX","og_type":"article","og_title":"AMLO pide a Biden que acabe con los agravios a Cuba -","og_description":"Por Redacci\u00f3n QP Durante su discurso en el desfile militar, L\u00f3pez Obrador insisti\u00f3 en que...","og_url":"https:\/\/quehacerpolitico.mx\/?p=84767","article_published_time":"2021-09-16T18:31:50+00:00","article_modified_time":"2021-09-16T18:31:52+00:00","og_image":[{"width":980,"height":551,"url":"https:\/\/quehacerpolitico.mx\/wp-content\/uploads\/2021\/09\/04686768-E8F0-455F-B68C-B1F4661C6265.jpeg","type":"image\/jpeg"}],"author":"Redacci\u00f3n QP","twitter_card":"summary_large_image","twitter_misc":{"Escrito por":"Redacci\u00f3n QP","Tiempo de lectura":"3 minutos"},"schema":{"@context":"https:\/\/schema.org","@graph":[{"@type":"Article","@id":"https:\/\/quehacerpolitico.mx\/?p=84767#article","isPartOf":{"@id":"https:\/\/quehacerpolitico.mx\/?p=84767"},"author":{"name":"Redacci\u00f3n QP","@id":"https:\/\/quehacerpolitico.mx\/#\/schema\/person\/496d8ad2d1d3f8036101dca7ee39e585"},"headline":"AMLO pide a Biden que acabe con los agravios a Cuba","datePublished":"2021-09-16T18:31:50+00:00","dateModified":"2021-09-16T18:31:52+00:00","mainEntityOfPage":{"@id":"https:\/\/quehacerpolitico.mx\/?p=84767"},"wordCount":520,"commentCount":0,"image":{"@id":"https:\/\/quehacerpolitico.mx\/?p=84767#primaryimage"},"thumbnailUrl":"https:\/\/quehacerpolitico.mx\/wp-content\/uploads\/2021\/09\/04686768-E8F0-455F-B68C-B1F4661C6265.jpeg","articleSection":["Noticias"],"inLanguage":"es","potentialAction":[{"@type":"CommentAction","name":"Comment","target":["https:\/\/quehacerpolitico.mx\/?p=84767#respond"]}]},{"@type":"WebPage","@id":"https:\/\/quehacerpolitico.mx\/?p=84767","url":"https:\/\/quehacerpolitico.mx\/?p=84767","name":"AMLO pide a Biden que acabe con los agravios a Cuba -","isPartOf":{"@id":"https:\/\/quehacerpolitico.mx\/#website"},"primaryImageOfPage":{"@id":"https:\/\/quehacerpolitico.mx\/?p=84767#primaryimage"},"image":{"@id":"https:\/\/quehacerpolitico.mx\/?p=84767#primaryimage"},"thumbnailUrl":"https:\/\/quehacerpolitico.mx\/wp-content\/uploads\/2021\/09\/04686768-E8F0-455F-B68C-B1F4661C6265.jpeg","datePublished":"2021-09-16T18:31:50+00:00","dateModified":"2021-09-16T18:31:52+00:00","author":{"@id":"https:\/\/quehacerpolitico.mx\/#\/schema\/person\/496d8ad2d1d3f8036101dca7ee39e585"},"breadcrumb":{"@id":"https:\/\/quehacerpolitico.mx\/?p=84767#breadcrumb"},"inLanguage":"es","potentialAction":[{"@type":"ReadAction","target":["https:\/\/quehacerpolitico.mx\/?p=84767"]}]},{"@type":"ImageObject","inLanguage":"es","@id":"https:\/\/quehacerpolitico.mx\/?p=84767#primaryimage","url":"https:\/\/quehacerpolitico.mx\/wp-content\/uploads\/2021\/09\/04686768-E8F0-455F-B68C-B1F4661C6265.jpeg","contentUrl":"https:\/\/quehacerpolitico.mx\/wp-content\/uploads\/2021\/09\/04686768-E8F0-455F-B68C-B1F4661C6265.jpeg","width":980,"height":551},{"@type":"BreadcrumbList","@id":"https:\/\/quehacerpolitico.mx\/?p=84767#breadcrumb","itemListElement":[{"@type":"ListItem","position":1,"name":"Inicio","item":"https:\/\/quehacerpolitico.mx\/"},{"@type":"ListItem","position":2,"name":"AMLO pide a Biden que acabe con los agravios a Cuba"}]},{"@type":"WebSite","@id":"https:\/\/quehacerpolitico.mx\/#website","url":"https:\/\/quehacerpolitico.mx\/","name":"","description":"","potentialAction":[{"@type":"SearchAction","target":{"@type":"EntryPoint","urlTemplate":"https:\/\/quehacerpolitico.mx\/?s={search_term_string}"},"query-input":{"@type":"PropertyValueSpecification","valueRequired":true,"valueName":"search_term_string"}}],"inLanguage":"es"},{"@type":"Person","@id":"https:\/\/quehacerpolitico.mx\/#\/schema\/person\/496d8ad2d1d3f8036101dca7ee39e585","name":"Redacci\u00f3n QP","image":{"@type":"ImageObject","inLanguage":"es","@id":"https:\/\/secure.gravatar.com\/avatar\/c7164ed6fdec453195284ad24a5ae5b6e1eed2b848477fa2a4787ba9adf39a41?s=96&d=mm&r=g","url":"https:\/\/secure.gravatar.com\/avatar\/c7164ed6fdec453195284ad24a5ae5b6e1eed2b848477fa2a4787ba9adf39a41?s=96&d=mm&r=g","contentUrl":"https:\/\/secure.gravatar.com\/avatar\/c7164ed6fdec453195284ad24a5ae5b6e1eed2b848477fa2a4787ba9adf39a41?s=96&d=mm&r=g","caption":"Redacci\u00f3n QP"},"url":"https:\/\/quehacerpolitico.mx\/?author=2"}]}},"featured_image_urls":{"full":["https:\/\/quehacerpolitico.mx\/wp-content\/uploads\/2021\/09\/04686768-E8F0-455F-B68C-B1F4661C6265.jpeg",980,551,false],"thumbnail":["https:\/\/quehacerpolitico.mx\/wp-content\/uploads\/2021\/09\/04686768-E8F0-455F-B68C-B1F4661C6265-150x150.jpeg",150,150,true],"medium":["https:\/\/quehacerpolitico.mx\/wp-content\/uploads\/2021\/09\/04686768-E8F0-455F-B68C-B1F4661C6265-300x169.jpeg",300,169,true],"medium_large":["https:\/\/quehacerpolitico.mx\/wp-content\/uploads\/2021\/09\/04686768-E8F0-455F-B68C-B1F4661C6265-768x432.jpeg",640,360,true],"large":["https:\/\/quehacerpolitico.mx\/wp-content\/uploads\/2021\/09\/04686768-E8F0-455F-B68C-B1F4661C6265.jpeg",640,360,false],"1536x1536":["https:\/\/quehacerpolitico.mx\/wp-content\/uploads\/2021\/09\/04686768-E8F0-455F-B68C-B1F4661C6265.jpeg",980,551,false],"2048x2048":["https:\/\/quehacerpolitico.mx\/wp-content\/uploads\/2021\/09\/04686768-E8F0-455F-B68C-B1F4661C6265.jpeg",980,551,false],"covernews-featured":["https:\/\/quehacerpolitico.mx\/wp-content\/uploads\/2021\/09\/04686768-E8F0-455F-B68C-B1F4661C6265.jpeg",980,551,false],"covernews-medium":["https:\/\/quehacerpolitico.mx\/wp-content\/uploads\/2021\/09\/04686768-E8F0-455F-B68C-B1F4661C6265.jpeg",540,304,false]},"author_info":{"display_name":"Redacci\u00f3n QP","author_link":"https:\/\/quehacerpolitico.mx\/?author=2"},"category_info":"<a href=\"https:\/\/quehacerpolitico.mx\/?cat=2\" rel=\"category\">Noticias<\/a>","tag_info":"Noticias","comment_count":"0","_links":{"self":[{"href":"https:\/\/quehacerpolitico.mx\/index.php?rest_route=\/wp\/v2\/posts\/84767","targetHints":{"allow":["GET"]}}],"collection":[{"href":"https:\/\/quehacerpolitico.mx\/index.php?rest_route=\/wp\/v2\/posts"}],"about":[{"href":"https:\/\/quehacerpolitico.mx\/index.php?rest_route=\/wp\/v2\/types\/post"}],"author":[{"embeddable":true,"href":"https:\/\/quehacerpolitico.mx\/index.php?rest_route=\/wp\/v2\/users\/2"}],"replies":[{"embeddable":true,"href":"https:\/\/quehacerpolitico.mx\/index.php?rest_route=%2Fwp%2Fv2%2Fcomments&post=84767"}],"version-history":[{"count":1,"href":"https:\/\/quehacerpolitico.mx\/index.php?rest_route=\/wp\/v2\/posts\/84767\/revisions"}],"predecessor-version":[{"id":84769,"href":"https:\/\/quehacerpolitico.mx\/index.php?rest_route=\/wp\/v2\/posts\/84767\/revisions\/84769"}],"wp:featuredmedia":[{"embeddable":true,"href":"https:\/\/quehacerpolitico.mx\/index.php?rest_route=\/wp\/v2\/media\/84768"}],"wp:attachment":[{"href":"https:\/\/quehacerpolitico.mx\/index.php?rest_route=%2Fwp%2Fv2%2Fmedia&parent=84767"}],"wp:term":[{"taxonomy":"category","embeddable":true,"href":"https:\/\/quehacerpolitico.mx\/index.php?rest_route=%2Fwp%2Fv2%2Fcategories&post=84767"},{"taxonomy":"post_tag","embeddable":true,"href":"https:\/\/quehacerpolitico.mx\/index.php?rest_route=%2Fwp%2Fv2%2Ftags&post=84767"}],"curies":[{"name":"wp","href":"https:\/\/api.w.org\/{rel}","templated":true}]}}