{"id":84764,"date":"2021-09-16T18:16:17","date_gmt":"2021-09-16T18:16:17","guid":{"rendered":"https:\/\/quehacerpolitico.mx\/?p=84764"},"modified":"2021-09-16T18:16:19","modified_gmt":"2021-09-16T18:16:19","slug":"sedena-llama-a-la-unidad-nacional-todos-somos-mexicanos","status":"publish","type":"post","link":"https:\/\/quehacerpolitico.mx\/?p=84764","title":{"rendered":"Sedena llama a la unidad nacional: &#8220;Todos somos mexicanos&#8221;"},"content":{"rendered":"\n<p>Por Redacci\u00f3n QP<\/p>\n\n\n\n<p>Luis Cresencio Sandoval afirma que a diferencia del pasado, en nuestros d\u00edas los procesos de transformaci\u00f3n se inician democr\u00e1ticamente con el pueblo<\/p>\n\n\n\n<p>En el aniversario 211 del inicio de la lucha de independencia de M\u00e9xico, el secretario de la Defensa Nacional, general Luis Cresencio Sandoval Gonz\u00e1lez llam\u00f3 a la unidad nacional, pese a las diferencias de pensamiento.<\/p>\n\n\n\n<figure class=\"wp-block-embed is-type-video is-provider-youtube wp-block-embed-youtube wp-embed-aspect-4-3 wp-has-aspect-ratio\"><div class=\"wp-block-embed__wrapper\">\n<iframe loading=\"lazy\" title=\"Desfile c\u00edvico militar: 211 a\u00f1os del Grito de Independencia\" width=\"640\" height=\"360\" src=\"https:\/\/www.youtube.com\/embed\/gAaA4UH9bJ8?feature=oembed\" frameborder=\"0\" allow=\"accelerometer; autoplay; clipboard-write; encrypted-media; gyroscope; picture-in-picture; web-share\" referrerpolicy=\"strict-origin-when-cross-origin\" allowfullscreen><\/iframe>\n<\/div><\/figure>\n\n\n\n<p>En el acto c\u00edvico encabezado por el Presidente de M\u00e9xico, Andr\u00e9s Manuel L\u00f3pez Obrador (AMLO) en la plancha del Z\u00f3calo,\u00a0<strong>el mando militar afirm\u00f3 que a diferencia del pasado, en nuestros d\u00edas los procesos de transformaci\u00f3n se inician democr\u00e1ticamente con el pueblo<\/strong>\u00a0que ejerce su derecho ciudadano de elegir un proyecto de naci\u00f3n con el que se identifica y est\u00e1 convencido de viabilidad.<\/p>\n\n\n\n<blockquote class=\"wp-block-quote is-layout-flow wp-block-quote-is-layout-flow\"><p>&#8220;Es necesario estar unidos con el prop\u00f3sito de alcanzar las aspiraciones y objetivos nacionales&#8221;<\/p><\/blockquote>\n\n\n\n<p>&#8220;As\u00ed el respeto a la voluntad del pueblo es nuestra decibilidad y aun cuando existan diferencias de pensamiento todos somos mexicanos y es necesario estar unidos con el prop\u00f3sito de alcanzar las aspiraciones y objetivos nacionales porque la unidad es la mayor fortaleza para lograr que el pa\u00eds avance con progreso y bienestar social, con justicia y aut\u00e9ntico Estado de Derecho&#8221;, indic\u00f3.<\/p>\n\n\n\n<p>Sandoval Gonz\u00e1lez afirm\u00f3 que las Fuerzas Armadas de tierra y aire evolucionan a la par de M\u00e9xico, form\u00e1ndose como elementos fundamentales para la defensa de su integridad, independencia y soberan\u00eda, as\u00ed como para su seguridad interior y apoyo a la sociedad y al desarrollo nacional.<\/p>\n\n\n\n<p>&#8220;En consecuencia, el Ej\u00e9rcito, Fuerza A\u00e9rea y Armada objetivamente se adaptan a los tiempos actuales y al contexto de nuestro pa\u00eds respaldando firmemente al gobierno que usted representa&#8221;, le reiter\u00f3 al Presidente AMLO.<\/p>\n\n\n\n<p>El titular de la Sedena se\u00f1al\u00f3 que&nbsp;<strong>cada vez que la patria requiera a sus soldados y marinos para salvaguardar y contribuir a su desarrollo, ah\u00ed estar\u00e1n con presteza<\/strong>, disciplina, lealtad, profesionalismo e institucionalidad.<\/p>\n\n\n\n<p>\u00a0Agreg\u00f3 que al celebrar el inicio de la lucha de independencia de M\u00e9xico, a los mexicanos de ahora les toca reflexionar cada hecho hist\u00f3rico y reconocer a quienes en el pasado, colocando por delante la patria, respondieron con valor, determinaci\u00f3n y presteza.<\/p>\n\n\n\n<p>Con Informaci\u00f3n de SUN <\/p>\n","protected":false},"excerpt":{"rendered":"<p>Por Redacci\u00f3n QP Luis Cresencio Sandoval afirma que a diferencia del pasado, en nuestros d\u00edas&#8230;<\/p>\n","protected":false},"author":2,"featured_media":84765,"comment_status":"open","ping_status":"open","sticky":false,"template":"","format":"standard","meta":{"_monsterinsights_skip_tracking":false,"_monsterinsights_sitenote_active":false,"_monsterinsights_sitenote_note":"","_monsterinsights_sitenote_category":0,"footnotes":""},"categories":[2],"tags":[],"class_list":["post-84764","post","type-post","status-publish","format-standard","has-post-thumbnail","hentry","category-noticias"],"yoast_head":"<!-- This site is optimized with the Yoast SEO plugin v27.3 - https:\/\/yoast.com\/product\/yoast-seo-wordpress\/ -->\n<title>Sedena llama a la unidad nacional: &quot;Todos somos mexicanos&quot; -<\/title>\n<meta name=\"robots\" content=\"index, follow, max-snippet:-1, max-image-preview:large, max-video-preview:-1\" \/>\n<link rel=\"canonical\" href=\"https:\/\/quehacerpolitico.mx\/?p=84764\" \/>\n<meta property=\"og:locale\" content=\"es_MX\" \/>\n<meta property=\"og:type\" content=\"article\" \/>\n<meta property=\"og:title\" content=\"Sedena llama a la unidad nacional: &quot;Todos somos mexicanos&quot; -\" \/>\n<meta property=\"og:description\" content=\"Por Redacci\u00f3n QP Luis Cresencio Sandoval afirma que a diferencia del pasado, en nuestros d\u00edas...\" \/>\n<meta property=\"og:url\" content=\"https:\/\/quehacerpolitico.mx\/?p=84764\" \/>\n<meta property=\"article:published_time\" content=\"2021-09-16T18:16:17+00:00\" \/>\n<meta property=\"article:modified_time\" content=\"2021-09-16T18:16:19+00:00\" \/>\n<meta property=\"og:image\" content=\"https:\/\/quehacerpolitico.mx\/wp-content\/uploads\/2021\/09\/5FF2B94F-281A-4E9F-9EAE-DE02445D7D6D.jpeg\" \/>\n\t<meta property=\"og:image:width\" content=\"2048\" \/>\n\t<meta property=\"og:image:height\" content=\"1365\" \/>\n\t<meta property=\"og:image:type\" content=\"image\/jpeg\" \/>\n<meta name=\"author\" content=\"Redacci\u00f3n QP\" \/>\n<meta name=\"twitter:card\" content=\"summary_large_image\" \/>\n<meta name=\"twitter:label1\" content=\"Escrito por\" \/>\n\t<meta name=\"twitter:data1\" content=\"Redacci\u00f3n QP\" \/>\n\t<meta name=\"twitter:label2\" content=\"Tiempo de lectura\" \/>\n\t<meta name=\"twitter:data2\" content=\"2 minutos\" \/>\n<script type=\"application\/ld+json\" class=\"yoast-schema-graph\">{\"@context\":\"https:\\\/\\\/schema.org\",\"@graph\":[{\"@type\":\"Article\",\"@id\":\"https:\\\/\\\/quehacerpolitico.mx\\\/?p=84764#article\",\"isPartOf\":{\"@id\":\"https:\\\/\\\/quehacerpolitico.mx\\\/?p=84764\"},\"author\":{\"name\":\"Redacci\u00f3n QP\",\"@id\":\"https:\\\/\\\/quehacerpolitico.mx\\\/#\\\/schema\\\/person\\\/496d8ad2d1d3f8036101dca7ee39e585\"},\"headline\":\"Sedena llama a la unidad nacional: &#8220;Todos somos mexicanos&#8221;\",\"datePublished\":\"2021-09-16T18:16:17+00:00\",\"dateModified\":\"2021-09-16T18:16:19+00:00\",\"mainEntityOfPage\":{\"@id\":\"https:\\\/\\\/quehacerpolitico.mx\\\/?p=84764\"},\"wordCount\":404,\"commentCount\":0,\"image\":{\"@id\":\"https:\\\/\\\/quehacerpolitico.mx\\\/?p=84764#primaryimage\"},\"thumbnailUrl\":\"https:\\\/\\\/quehacerpolitico.mx\\\/wp-content\\\/uploads\\\/2021\\\/09\\\/5FF2B94F-281A-4E9F-9EAE-DE02445D7D6D.jpeg\",\"articleSection\":[\"Noticias\"],\"inLanguage\":\"es\",\"potentialAction\":[{\"@type\":\"CommentAction\",\"name\":\"Comment\",\"target\":[\"https:\\\/\\\/quehacerpolitico.mx\\\/?p=84764#respond\"]}]},{\"@type\":\"WebPage\",\"@id\":\"https:\\\/\\\/quehacerpolitico.mx\\\/?p=84764\",\"url\":\"https:\\\/\\\/quehacerpolitico.mx\\\/?p=84764\",\"name\":\"Sedena llama a la unidad nacional: \\\"Todos somos mexicanos\\\" -\",\"isPartOf\":{\"@id\":\"https:\\\/\\\/quehacerpolitico.mx\\\/#website\"},\"primaryImageOfPage\":{\"@id\":\"https:\\\/\\\/quehacerpolitico.mx\\\/?p=84764#primaryimage\"},\"image\":{\"@id\":\"https:\\\/\\\/quehacerpolitico.mx\\\/?p=84764#primaryimage\"},\"thumbnailUrl\":\"https:\\\/\\\/quehacerpolitico.mx\\\/wp-content\\\/uploads\\\/2021\\\/09\\\/5FF2B94F-281A-4E9F-9EAE-DE02445D7D6D.jpeg\",\"datePublished\":\"2021-09-16T18:16:17+00:00\",\"dateModified\":\"2021-09-16T18:16:19+00:00\",\"author\":{\"@id\":\"https:\\\/\\\/quehacerpolitico.mx\\\/#\\\/schema\\\/person\\\/496d8ad2d1d3f8036101dca7ee39e585\"},\"breadcrumb\":{\"@id\":\"https:\\\/\\\/quehacerpolitico.mx\\\/?p=84764#breadcrumb\"},\"inLanguage\":\"es\",\"potentialAction\":[{\"@type\":\"ReadAction\",\"target\":[\"https:\\\/\\\/quehacerpolitico.mx\\\/?p=84764\"]}]},{\"@type\":\"ImageObject\",\"inLanguage\":\"es\",\"@id\":\"https:\\\/\\\/quehacerpolitico.mx\\\/?p=84764#primaryimage\",\"url\":\"https:\\\/\\\/quehacerpolitico.mx\\\/wp-content\\\/uploads\\\/2021\\\/09\\\/5FF2B94F-281A-4E9F-9EAE-DE02445D7D6D.jpeg\",\"contentUrl\":\"https:\\\/\\\/quehacerpolitico.mx\\\/wp-content\\\/uploads\\\/2021\\\/09\\\/5FF2B94F-281A-4E9F-9EAE-DE02445D7D6D.jpeg\",\"width\":2048,\"height\":1365},{\"@type\":\"BreadcrumbList\",\"@id\":\"https:\\\/\\\/quehacerpolitico.mx\\\/?p=84764#breadcrumb\",\"itemListElement\":[{\"@type\":\"ListItem\",\"position\":1,\"name\":\"Inicio\",\"item\":\"https:\\\/\\\/quehacerpolitico.mx\\\/\"},{\"@type\":\"ListItem\",\"position\":2,\"name\":\"Sedena llama a la unidad nacional: &#8220;Todos somos mexicanos&#8221;\"}]},{\"@type\":\"WebSite\",\"@id\":\"https:\\\/\\\/quehacerpolitico.mx\\\/#website\",\"url\":\"https:\\\/\\\/quehacerpolitico.mx\\\/\",\"name\":\"\",\"description\":\"\",\"potentialAction\":[{\"@type\":\"SearchAction\",\"target\":{\"@type\":\"EntryPoint\",\"urlTemplate\":\"https:\\\/\\\/quehacerpolitico.mx\\\/?s={search_term_string}\"},\"query-input\":{\"@type\":\"PropertyValueSpecification\",\"valueRequired\":true,\"valueName\":\"search_term_string\"}}],\"inLanguage\":\"es\"},{\"@type\":\"Person\",\"@id\":\"https:\\\/\\\/quehacerpolitico.mx\\\/#\\\/schema\\\/person\\\/496d8ad2d1d3f8036101dca7ee39e585\",\"name\":\"Redacci\u00f3n QP\",\"image\":{\"@type\":\"ImageObject\",\"inLanguage\":\"es\",\"@id\":\"https:\\\/\\\/secure.gravatar.com\\\/avatar\\\/c7164ed6fdec453195284ad24a5ae5b6e1eed2b848477fa2a4787ba9adf39a41?s=96&d=mm&r=g\",\"url\":\"https:\\\/\\\/secure.gravatar.com\\\/avatar\\\/c7164ed6fdec453195284ad24a5ae5b6e1eed2b848477fa2a4787ba9adf39a41?s=96&d=mm&r=g\",\"contentUrl\":\"https:\\\/\\\/secure.gravatar.com\\\/avatar\\\/c7164ed6fdec453195284ad24a5ae5b6e1eed2b848477fa2a4787ba9adf39a41?s=96&d=mm&r=g\",\"caption\":\"Redacci\u00f3n QP\"},\"url\":\"https:\\\/\\\/quehacerpolitico.mx\\\/?author=2\"}]}<\/script>\n<!-- \/ Yoast SEO plugin. -->","yoast_head_json":{"title":"Sedena llama a la unidad nacional: \"Todos somos mexicanos\" -","robots":{"index":"index","follow":"follow","max-snippet":"max-snippet:-1","max-image-preview":"max-image-preview:large","max-video-preview":"max-video-preview:-1"},"canonical":"https:\/\/quehacerpolitico.mx\/?p=84764","og_locale":"es_MX","og_type":"article","og_title":"Sedena llama a la unidad nacional: \"Todos somos mexicanos\" -","og_description":"Por Redacci\u00f3n QP Luis Cresencio Sandoval afirma que a diferencia del pasado, en nuestros d\u00edas...","og_url":"https:\/\/quehacerpolitico.mx\/?p=84764","article_published_time":"2021-09-16T18:16:17+00:00","article_modified_time":"2021-09-16T18:16:19+00:00","og_image":[{"width":2048,"height":1365,"url":"https:\/\/quehacerpolitico.mx\/wp-content\/uploads\/2021\/09\/5FF2B94F-281A-4E9F-9EAE-DE02445D7D6D.jpeg","type":"image\/jpeg"}],"author":"Redacci\u00f3n QP","twitter_card":"summary_large_image","twitter_misc":{"Escrito por":"Redacci\u00f3n QP","Tiempo de lectura":"2 minutos"},"schema":{"@context":"https:\/\/schema.org","@graph":[{"@type":"Article","@id":"https:\/\/quehacerpolitico.mx\/?p=84764#article","isPartOf":{"@id":"https:\/\/quehacerpolitico.mx\/?p=84764"},"author":{"name":"Redacci\u00f3n QP","@id":"https:\/\/quehacerpolitico.mx\/#\/schema\/person\/496d8ad2d1d3f8036101dca7ee39e585"},"headline":"Sedena llama a la unidad nacional: &#8220;Todos somos mexicanos&#8221;","datePublished":"2021-09-16T18:16:17+00:00","dateModified":"2021-09-16T18:16:19+00:00","mainEntityOfPage":{"@id":"https:\/\/quehacerpolitico.mx\/?p=84764"},"wordCount":404,"commentCount":0,"image":{"@id":"https:\/\/quehacerpolitico.mx\/?p=84764#primaryimage"},"thumbnailUrl":"https:\/\/quehacerpolitico.mx\/wp-content\/uploads\/2021\/09\/5FF2B94F-281A-4E9F-9EAE-DE02445D7D6D.jpeg","articleSection":["Noticias"],"inLanguage":"es","potentialAction":[{"@type":"CommentAction","name":"Comment","target":["https:\/\/quehacerpolitico.mx\/?p=84764#respond"]}]},{"@type":"WebPage","@id":"https:\/\/quehacerpolitico.mx\/?p=84764","url":"https:\/\/quehacerpolitico.mx\/?p=84764","name":"Sedena llama a la unidad nacional: \"Todos somos mexicanos\" -","isPartOf":{"@id":"https:\/\/quehacerpolitico.mx\/#website"},"primaryImageOfPage":{"@id":"https:\/\/quehacerpolitico.mx\/?p=84764#primaryimage"},"image":{"@id":"https:\/\/quehacerpolitico.mx\/?p=84764#primaryimage"},"thumbnailUrl":"https:\/\/quehacerpolitico.mx\/wp-content\/uploads\/2021\/09\/5FF2B94F-281A-4E9F-9EAE-DE02445D7D6D.jpeg","datePublished":"2021-09-16T18:16:17+00:00","dateModified":"2021-09-16T18:16:19+00:00","author":{"@id":"https:\/\/quehacerpolitico.mx\/#\/schema\/person\/496d8ad2d1d3f8036101dca7ee39e585"},"breadcrumb":{"@id":"https:\/\/quehacerpolitico.mx\/?p=84764#breadcrumb"},"inLanguage":"es","potentialAction":[{"@type":"ReadAction","target":["https:\/\/quehacerpolitico.mx\/?p=84764"]}]},{"@type":"ImageObject","inLanguage":"es","@id":"https:\/\/quehacerpolitico.mx\/?p=84764#primaryimage","url":"https:\/\/quehacerpolitico.mx\/wp-content\/uploads\/2021\/09\/5FF2B94F-281A-4E9F-9EAE-DE02445D7D6D.jpeg","contentUrl":"https:\/\/quehacerpolitico.mx\/wp-content\/uploads\/2021\/09\/5FF2B94F-281A-4E9F-9EAE-DE02445D7D6D.jpeg","width":2048,"height":1365},{"@type":"BreadcrumbList","@id":"https:\/\/quehacerpolitico.mx\/?p=84764#breadcrumb","itemListElement":[{"@type":"ListItem","position":1,"name":"Inicio","item":"https:\/\/quehacerpolitico.mx\/"},{"@type":"ListItem","position":2,"name":"Sedena llama a la unidad nacional: &#8220;Todos somos mexicanos&#8221;"}]},{"@type":"WebSite","@id":"https:\/\/quehacerpolitico.mx\/#website","url":"https:\/\/quehacerpolitico.mx\/","name":"","description":"","potentialAction":[{"@type":"SearchAction","target":{"@type":"EntryPoint","urlTemplate":"https:\/\/quehacerpolitico.mx\/?s={search_term_string}"},"query-input":{"@type":"PropertyValueSpecification","valueRequired":true,"valueName":"search_term_string"}}],"inLanguage":"es"},{"@type":"Person","@id":"https:\/\/quehacerpolitico.mx\/#\/schema\/person\/496d8ad2d1d3f8036101dca7ee39e585","name":"Redacci\u00f3n QP","image":{"@type":"ImageObject","inLanguage":"es","@id":"https:\/\/secure.gravatar.com\/avatar\/c7164ed6fdec453195284ad24a5ae5b6e1eed2b848477fa2a4787ba9adf39a41?s=96&d=mm&r=g","url":"https:\/\/secure.gravatar.com\/avatar\/c7164ed6fdec453195284ad24a5ae5b6e1eed2b848477fa2a4787ba9adf39a41?s=96&d=mm&r=g","contentUrl":"https:\/\/secure.gravatar.com\/avatar\/c7164ed6fdec453195284ad24a5ae5b6e1eed2b848477fa2a4787ba9adf39a41?s=96&d=mm&r=g","caption":"Redacci\u00f3n QP"},"url":"https:\/\/quehacerpolitico.mx\/?author=2"}]}},"featured_image_urls":{"full":["https:\/\/quehacerpolitico.mx\/wp-content\/uploads\/2021\/09\/5FF2B94F-281A-4E9F-9EAE-DE02445D7D6D.jpeg",2048,1365,false],"thumbnail":["https:\/\/quehacerpolitico.mx\/wp-content\/uploads\/2021\/09\/5FF2B94F-281A-4E9F-9EAE-DE02445D7D6D-150x150.jpeg",150,150,true],"medium":["https:\/\/quehacerpolitico.mx\/wp-content\/uploads\/2021\/09\/5FF2B94F-281A-4E9F-9EAE-DE02445D7D6D-300x200.jpeg",300,200,true],"medium_large":["https:\/\/quehacerpolitico.mx\/wp-content\/uploads\/2021\/09\/5FF2B94F-281A-4E9F-9EAE-DE02445D7D6D-768x512.jpeg",640,427,true],"large":["https:\/\/quehacerpolitico.mx\/wp-content\/uploads\/2021\/09\/5FF2B94F-281A-4E9F-9EAE-DE02445D7D6D-1024x683.jpeg",640,427,true],"1536x1536":["https:\/\/quehacerpolitico.mx\/wp-content\/uploads\/2021\/09\/5FF2B94F-281A-4E9F-9EAE-DE02445D7D6D-1536x1024.jpeg",1536,1024,true],"2048x2048":["https:\/\/quehacerpolitico.mx\/wp-content\/uploads\/2021\/09\/5FF2B94F-281A-4E9F-9EAE-DE02445D7D6D.jpeg",2048,1365,false],"covernews-featured":["https:\/\/quehacerpolitico.mx\/wp-content\/uploads\/2021\/09\/5FF2B94F-281A-4E9F-9EAE-DE02445D7D6D.jpeg",1024,683,false],"covernews-medium":["https:\/\/quehacerpolitico.mx\/wp-content\/uploads\/2021\/09\/5FF2B94F-281A-4E9F-9EAE-DE02445D7D6D.jpeg",510,340,false]},"author_info":{"display_name":"Redacci\u00f3n QP","author_link":"https:\/\/quehacerpolitico.mx\/?author=2"},"category_info":"<a href=\"https:\/\/quehacerpolitico.mx\/?cat=2\" rel=\"category\">Noticias<\/a>","tag_info":"Noticias","comment_count":"0","_links":{"self":[{"href":"https:\/\/quehacerpolitico.mx\/index.php?rest_route=\/wp\/v2\/posts\/84764","targetHints":{"allow":["GET"]}}],"collection":[{"href":"https:\/\/quehacerpolitico.mx\/index.php?rest_route=\/wp\/v2\/posts"}],"about":[{"href":"https:\/\/quehacerpolitico.mx\/index.php?rest_route=\/wp\/v2\/types\/post"}],"author":[{"embeddable":true,"href":"https:\/\/quehacerpolitico.mx\/index.php?rest_route=\/wp\/v2\/users\/2"}],"replies":[{"embeddable":true,"href":"https:\/\/quehacerpolitico.mx\/index.php?rest_route=%2Fwp%2Fv2%2Fcomments&post=84764"}],"version-history":[{"count":1,"href":"https:\/\/quehacerpolitico.mx\/index.php?rest_route=\/wp\/v2\/posts\/84764\/revisions"}],"predecessor-version":[{"id":84766,"href":"https:\/\/quehacerpolitico.mx\/index.php?rest_route=\/wp\/v2\/posts\/84764\/revisions\/84766"}],"wp:featuredmedia":[{"embeddable":true,"href":"https:\/\/quehacerpolitico.mx\/index.php?rest_route=\/wp\/v2\/media\/84765"}],"wp:attachment":[{"href":"https:\/\/quehacerpolitico.mx\/index.php?rest_route=%2Fwp%2Fv2%2Fmedia&parent=84764"}],"wp:term":[{"taxonomy":"category","embeddable":true,"href":"https:\/\/quehacerpolitico.mx\/index.php?rest_route=%2Fwp%2Fv2%2Fcategories&post=84764"},{"taxonomy":"post_tag","embeddable":true,"href":"https:\/\/quehacerpolitico.mx\/index.php?rest_route=%2Fwp%2Fv2%2Ftags&post=84764"}],"curies":[{"name":"wp","href":"https:\/\/api.w.org\/{rel}","templated":true}]}}