{"id":84752,"date":"2021-09-16T15:35:58","date_gmt":"2021-09-16T15:35:58","guid":{"rendered":"https:\/\/quehacerpolitico.mx\/?p=84752"},"modified":"2021-09-16T15:36:00","modified_gmt":"2021-09-16T15:36:00","slug":"el-presidente-de-guatemala-alejandro-giammattei-viajara-a-mexico-para-participar-en-cumbre-de-celac","status":"publish","type":"post","link":"https:\/\/quehacerpolitico.mx\/?p=84752","title":{"rendered":"El presidente de Guatemala, Alejandro Giammattei, viajar\u00e1 a M\u00e9xico para participar en cumbre de Celac"},"content":{"rendered":"\n<p>Por Carolina Alonso Romei<\/p>\n\n\n\n<p>Internacionalista <\/p>\n\n\n\n<p>El&nbsp;<strong>presidente de Guatemala, Alejandro Giammattei<\/strong>, viajar\u00e1 este viernes a&nbsp;<strong>M\u00e9xico<\/strong>&nbsp;para participar en la&nbsp;<strong>VI Cumbre de Jefes de Estado de la Comunidad de Estados Latinoamericanos y Caribe\u00f1os (Celac)<\/strong>, seg\u00fan informaron fuentes oficiales.<\/p>\n\n\n\n<p>La secretar\u00eda de Comunicaci\u00f3n de Giammattei detall\u00f3 en una nota de prensa que el presidente aprovechar\u00e1 el encuentro para \u201csostener reuniones bilaterales con otros mandatarios de Latinoam\u00e9rica\u201d, previo a volver a Guatemala el domingo 19 de septiembre.<\/p>\n\n\n\n<p><strong>La VI Cumbre de Jefes de Estado y de Gobierno de la Comunidad de Estados Latinoamericanos y Caribe\u00f1os<\/strong>&nbsp;<strong>tendr\u00e1 lugar el pr\u00f3ximo s\u00e1bado en la Ciudad de M\u00e9xico<\/strong>, donde se profundizar\u00e1 en la lucha conjunta contra la pandemia, entre otros temas.<\/p>\n\n\n\n<p>El martes, en rueda de prensa desde el Palacio Nacional, el canciller mexicano,&nbsp;<strong>Marcelo Ebrard<\/strong>, explic\u00f3 que los pa\u00edses de la regi\u00f3n dialogar\u00e1n al m\u00e1s alto nivel en un acto encabezado por el presidente&nbsp;<strong>Andr\u00e9s Manuel L\u00f3pez Obrador.<\/strong><\/p>\n\n\n\n<p>De acuerdo al Gobierno guatemalteco, durante su intervenci\u00f3n el s\u00e1bado en la Celac, Giammattei \u201cresaltar\u00e1 la importancia de la solidaridad mundial pero especialmente de la solidaridad regional para abordar la crisis sanitaria\u201d ocasionada por la COVID-19.<\/p>\n\n\n\n<p>Guatemala, con 16.3 millones de habitantes, es el pa\u00eds de Centroam\u00e9rica con m\u00e1s fallecidos y contagiados por el SARS-CoV-2, con 12,859 decesos oficiales confirmados debido a la enfermedad y 519,986 casos detectados desde marzo de 2020.<\/p>\n\n\n\n<p>De igual forma la vacunaci\u00f3n en Guatemala se mantiene como una de las m\u00e1s bajas del continente de acuerdo a \u00edndices de organismos internacionales, con 1.8 millones de personas inmunizadas con el esquema completo de dos dosis y 3.9 millones de personas m\u00e1s con una primera dosis.<\/p>\n\n\n\n<p>La mayor\u00eda de las vacunas que han llegado a Guatemala han sido donaciones de Estados Unidos, M\u00e9xico, Espa\u00f1a e India, entre otros pa\u00edses.<\/p>\n\n\n\n<p>Giammattei tambi\u00e9n hablar\u00e1 en la cumbre de Jefes de Estado sobre \u201clos efectos de la vulnerabilidad ante el cambio clim\u00e1tico\u201d, siempre en el \u201cmarco de un mundo golpeado por la pandemia\u201d.<\/p>\n\n\n\n<p>En la VI Cumbre de Jefes y Jefas de Estado y de Gobierno de la Celac han confirmado su participaci\u00f3n 31 pa\u00edses, la mayor\u00eda a nivel de jefe de Estado o del gobierno, seg\u00fan inform\u00f3 en d\u00edas recientes la Secretar\u00eda de Relaciones Exteriores (SRE) mexicana.<\/p>\n\n\n\n<p>Alberto Fern\u00e1ndez (Argentina), Luis Arce (Bolivia), Guillermo Lasso (Ecuador), Carlos Alvarado (Costa Rica), Juan Orlando Hern\u00e1ndez (Honduras), Pedro Castillo (Per\u00fa) y Luis Lacalle (Uruguay) est\u00e1n entre los mandatarios que han confirmado su presencia en M\u00e9xico, seg\u00fan el canciller Ebrard.<\/p>\n\n\n\n<p>Con informaci\u00f3n de EFE.<\/p>\n","protected":false},"excerpt":{"rendered":"<p>Por Carolina Alonso Romei Internacionalista El&nbsp;presidente de Guatemala, Alejandro Giammattei, viajar\u00e1 este viernes a&nbsp;M\u00e9xico&nbsp;para participar&#8230;<\/p>\n","protected":false},"author":2,"featured_media":84753,"comment_status":"open","ping_status":"open","sticky":false,"template":"","format":"standard","meta":{"_monsterinsights_skip_tracking":false,"_monsterinsights_sitenote_active":false,"_monsterinsights_sitenote_note":"","_monsterinsights_sitenote_category":0,"footnotes":""},"categories":[1],"tags":[],"class_list":["post-84752","post","type-post","status-publish","format-standard","has-post-thumbnail","hentry","category-sin-categoria"],"yoast_head":"<!-- This site is optimized with the Yoast SEO plugin v27.3 - https:\/\/yoast.com\/product\/yoast-seo-wordpress\/ -->\n<title>El presidente de Guatemala, Alejandro Giammattei, viajar\u00e1 a M\u00e9xico para participar en cumbre de Celac -<\/title>\n<meta name=\"robots\" content=\"index, follow, max-snippet:-1, max-image-preview:large, max-video-preview:-1\" \/>\n<link rel=\"canonical\" href=\"https:\/\/quehacerpolitico.mx\/?p=84752\" \/>\n<meta property=\"og:locale\" content=\"es_MX\" \/>\n<meta property=\"og:type\" content=\"article\" \/>\n<meta property=\"og:title\" content=\"El presidente de Guatemala, Alejandro Giammattei, viajar\u00e1 a M\u00e9xico para participar en cumbre de Celac -\" \/>\n<meta property=\"og:description\" content=\"Por Carolina Alonso Romei Internacionalista El&nbsp;presidente de Guatemala, Alejandro Giammattei, viajar\u00e1 este viernes a&nbsp;M\u00e9xico&nbsp;para participar...\" \/>\n<meta property=\"og:url\" content=\"https:\/\/quehacerpolitico.mx\/?p=84752\" \/>\n<meta property=\"article:published_time\" content=\"2021-09-16T15:35:58+00:00\" \/>\n<meta property=\"article:modified_time\" content=\"2021-09-16T15:36:00+00:00\" \/>\n<meta property=\"og:image\" content=\"https:\/\/quehacerpolitico.mx\/wp-content\/uploads\/2021\/09\/C61200E7-82C7-4D25-969F-1FD82EF6B94F.jpeg\" \/>\n\t<meta property=\"og:image:width\" content=\"688\" \/>\n\t<meta property=\"og:image:height\" content=\"446\" \/>\n\t<meta property=\"og:image:type\" content=\"image\/jpeg\" \/>\n<meta name=\"author\" content=\"Redacci\u00f3n QP\" \/>\n<meta name=\"twitter:card\" content=\"summary_large_image\" \/>\n<meta name=\"twitter:label1\" content=\"Escrito por\" \/>\n\t<meta name=\"twitter:data1\" content=\"Redacci\u00f3n QP\" \/>\n\t<meta name=\"twitter:label2\" content=\"Tiempo de lectura\" \/>\n\t<meta name=\"twitter:data2\" content=\"2 minutos\" \/>\n<script type=\"application\/ld+json\" class=\"yoast-schema-graph\">{\"@context\":\"https:\\\/\\\/schema.org\",\"@graph\":[{\"@type\":\"Article\",\"@id\":\"https:\\\/\\\/quehacerpolitico.mx\\\/?p=84752#article\",\"isPartOf\":{\"@id\":\"https:\\\/\\\/quehacerpolitico.mx\\\/?p=84752\"},\"author\":{\"name\":\"Redacci\u00f3n QP\",\"@id\":\"https:\\\/\\\/quehacerpolitico.mx\\\/#\\\/schema\\\/person\\\/496d8ad2d1d3f8036101dca7ee39e585\"},\"headline\":\"El presidente de Guatemala, Alejandro Giammattei, viajar\u00e1 a M\u00e9xico para participar en cumbre de Celac\",\"datePublished\":\"2021-09-16T15:35:58+00:00\",\"dateModified\":\"2021-09-16T15:36:00+00:00\",\"mainEntityOfPage\":{\"@id\":\"https:\\\/\\\/quehacerpolitico.mx\\\/?p=84752\"},\"wordCount\":473,\"commentCount\":0,\"image\":{\"@id\":\"https:\\\/\\\/quehacerpolitico.mx\\\/?p=84752#primaryimage\"},\"thumbnailUrl\":\"https:\\\/\\\/quehacerpolitico.mx\\\/wp-content\\\/uploads\\\/2021\\\/09\\\/C61200E7-82C7-4D25-969F-1FD82EF6B94F.jpeg\",\"articleSection\":[\"Internacionales\"],\"inLanguage\":\"es\",\"potentialAction\":[{\"@type\":\"CommentAction\",\"name\":\"Comment\",\"target\":[\"https:\\\/\\\/quehacerpolitico.mx\\\/?p=84752#respond\"]}]},{\"@type\":\"WebPage\",\"@id\":\"https:\\\/\\\/quehacerpolitico.mx\\\/?p=84752\",\"url\":\"https:\\\/\\\/quehacerpolitico.mx\\\/?p=84752\",\"name\":\"El presidente de Guatemala, Alejandro Giammattei, viajar\u00e1 a M\u00e9xico para participar en cumbre de Celac -\",\"isPartOf\":{\"@id\":\"https:\\\/\\\/quehacerpolitico.mx\\\/#website\"},\"primaryImageOfPage\":{\"@id\":\"https:\\\/\\\/quehacerpolitico.mx\\\/?p=84752#primaryimage\"},\"image\":{\"@id\":\"https:\\\/\\\/quehacerpolitico.mx\\\/?p=84752#primaryimage\"},\"thumbnailUrl\":\"https:\\\/\\\/quehacerpolitico.mx\\\/wp-content\\\/uploads\\\/2021\\\/09\\\/C61200E7-82C7-4D25-969F-1FD82EF6B94F.jpeg\",\"datePublished\":\"2021-09-16T15:35:58+00:00\",\"dateModified\":\"2021-09-16T15:36:00+00:00\",\"author\":{\"@id\":\"https:\\\/\\\/quehacerpolitico.mx\\\/#\\\/schema\\\/person\\\/496d8ad2d1d3f8036101dca7ee39e585\"},\"breadcrumb\":{\"@id\":\"https:\\\/\\\/quehacerpolitico.mx\\\/?p=84752#breadcrumb\"},\"inLanguage\":\"es\",\"potentialAction\":[{\"@type\":\"ReadAction\",\"target\":[\"https:\\\/\\\/quehacerpolitico.mx\\\/?p=84752\"]}]},{\"@type\":\"ImageObject\",\"inLanguage\":\"es\",\"@id\":\"https:\\\/\\\/quehacerpolitico.mx\\\/?p=84752#primaryimage\",\"url\":\"https:\\\/\\\/quehacerpolitico.mx\\\/wp-content\\\/uploads\\\/2021\\\/09\\\/C61200E7-82C7-4D25-969F-1FD82EF6B94F.jpeg\",\"contentUrl\":\"https:\\\/\\\/quehacerpolitico.mx\\\/wp-content\\\/uploads\\\/2021\\\/09\\\/C61200E7-82C7-4D25-969F-1FD82EF6B94F.jpeg\",\"width\":688,\"height\":446},{\"@type\":\"BreadcrumbList\",\"@id\":\"https:\\\/\\\/quehacerpolitico.mx\\\/?p=84752#breadcrumb\",\"itemListElement\":[{\"@type\":\"ListItem\",\"position\":1,\"name\":\"Inicio\",\"item\":\"https:\\\/\\\/quehacerpolitico.mx\\\/\"},{\"@type\":\"ListItem\",\"position\":2,\"name\":\"El presidente de Guatemala, Alejandro Giammattei, viajar\u00e1 a M\u00e9xico para participar en cumbre de Celac\"}]},{\"@type\":\"WebSite\",\"@id\":\"https:\\\/\\\/quehacerpolitico.mx\\\/#website\",\"url\":\"https:\\\/\\\/quehacerpolitico.mx\\\/\",\"name\":\"\",\"description\":\"\",\"potentialAction\":[{\"@type\":\"SearchAction\",\"target\":{\"@type\":\"EntryPoint\",\"urlTemplate\":\"https:\\\/\\\/quehacerpolitico.mx\\\/?s={search_term_string}\"},\"query-input\":{\"@type\":\"PropertyValueSpecification\",\"valueRequired\":true,\"valueName\":\"search_term_string\"}}],\"inLanguage\":\"es\"},{\"@type\":\"Person\",\"@id\":\"https:\\\/\\\/quehacerpolitico.mx\\\/#\\\/schema\\\/person\\\/496d8ad2d1d3f8036101dca7ee39e585\",\"name\":\"Redacci\u00f3n QP\",\"image\":{\"@type\":\"ImageObject\",\"inLanguage\":\"es\",\"@id\":\"https:\\\/\\\/secure.gravatar.com\\\/avatar\\\/c7164ed6fdec453195284ad24a5ae5b6e1eed2b848477fa2a4787ba9adf39a41?s=96&d=mm&r=g\",\"url\":\"https:\\\/\\\/secure.gravatar.com\\\/avatar\\\/c7164ed6fdec453195284ad24a5ae5b6e1eed2b848477fa2a4787ba9adf39a41?s=96&d=mm&r=g\",\"contentUrl\":\"https:\\\/\\\/secure.gravatar.com\\\/avatar\\\/c7164ed6fdec453195284ad24a5ae5b6e1eed2b848477fa2a4787ba9adf39a41?s=96&d=mm&r=g\",\"caption\":\"Redacci\u00f3n QP\"},\"url\":\"https:\\\/\\\/quehacerpolitico.mx\\\/?author=2\"}]}<\/script>\n<!-- \/ Yoast SEO plugin. -->","yoast_head_json":{"title":"El presidente de Guatemala, Alejandro Giammattei, viajar\u00e1 a M\u00e9xico para participar en cumbre de Celac -","robots":{"index":"index","follow":"follow","max-snippet":"max-snippet:-1","max-image-preview":"max-image-preview:large","max-video-preview":"max-video-preview:-1"},"canonical":"https:\/\/quehacerpolitico.mx\/?p=84752","og_locale":"es_MX","og_type":"article","og_title":"El presidente de Guatemala, Alejandro Giammattei, viajar\u00e1 a M\u00e9xico para participar en cumbre de Celac -","og_description":"Por Carolina Alonso Romei Internacionalista El&nbsp;presidente de Guatemala, Alejandro Giammattei, viajar\u00e1 este viernes a&nbsp;M\u00e9xico&nbsp;para participar...","og_url":"https:\/\/quehacerpolitico.mx\/?p=84752","article_published_time":"2021-09-16T15:35:58+00:00","article_modified_time":"2021-09-16T15:36:00+00:00","og_image":[{"width":688,"height":446,"url":"https:\/\/quehacerpolitico.mx\/wp-content\/uploads\/2021\/09\/C61200E7-82C7-4D25-969F-1FD82EF6B94F.jpeg","type":"image\/jpeg"}],"author":"Redacci\u00f3n QP","twitter_card":"summary_large_image","twitter_misc":{"Escrito por":"Redacci\u00f3n QP","Tiempo de lectura":"2 minutos"},"schema":{"@context":"https:\/\/schema.org","@graph":[{"@type":"Article","@id":"https:\/\/quehacerpolitico.mx\/?p=84752#article","isPartOf":{"@id":"https:\/\/quehacerpolitico.mx\/?p=84752"},"author":{"name":"Redacci\u00f3n QP","@id":"https:\/\/quehacerpolitico.mx\/#\/schema\/person\/496d8ad2d1d3f8036101dca7ee39e585"},"headline":"El presidente de Guatemala, Alejandro Giammattei, viajar\u00e1 a M\u00e9xico para participar en cumbre de Celac","datePublished":"2021-09-16T15:35:58+00:00","dateModified":"2021-09-16T15:36:00+00:00","mainEntityOfPage":{"@id":"https:\/\/quehacerpolitico.mx\/?p=84752"},"wordCount":473,"commentCount":0,"image":{"@id":"https:\/\/quehacerpolitico.mx\/?p=84752#primaryimage"},"thumbnailUrl":"https:\/\/quehacerpolitico.mx\/wp-content\/uploads\/2021\/09\/C61200E7-82C7-4D25-969F-1FD82EF6B94F.jpeg","articleSection":["Internacionales"],"inLanguage":"es","potentialAction":[{"@type":"CommentAction","name":"Comment","target":["https:\/\/quehacerpolitico.mx\/?p=84752#respond"]}]},{"@type":"WebPage","@id":"https:\/\/quehacerpolitico.mx\/?p=84752","url":"https:\/\/quehacerpolitico.mx\/?p=84752","name":"El presidente de Guatemala, Alejandro Giammattei, viajar\u00e1 a M\u00e9xico para participar en cumbre de Celac -","isPartOf":{"@id":"https:\/\/quehacerpolitico.mx\/#website"},"primaryImageOfPage":{"@id":"https:\/\/quehacerpolitico.mx\/?p=84752#primaryimage"},"image":{"@id":"https:\/\/quehacerpolitico.mx\/?p=84752#primaryimage"},"thumbnailUrl":"https:\/\/quehacerpolitico.mx\/wp-content\/uploads\/2021\/09\/C61200E7-82C7-4D25-969F-1FD82EF6B94F.jpeg","datePublished":"2021-09-16T15:35:58+00:00","dateModified":"2021-09-16T15:36:00+00:00","author":{"@id":"https:\/\/quehacerpolitico.mx\/#\/schema\/person\/496d8ad2d1d3f8036101dca7ee39e585"},"breadcrumb":{"@id":"https:\/\/quehacerpolitico.mx\/?p=84752#breadcrumb"},"inLanguage":"es","potentialAction":[{"@type":"ReadAction","target":["https:\/\/quehacerpolitico.mx\/?p=84752"]}]},{"@type":"ImageObject","inLanguage":"es","@id":"https:\/\/quehacerpolitico.mx\/?p=84752#primaryimage","url":"https:\/\/quehacerpolitico.mx\/wp-content\/uploads\/2021\/09\/C61200E7-82C7-4D25-969F-1FD82EF6B94F.jpeg","contentUrl":"https:\/\/quehacerpolitico.mx\/wp-content\/uploads\/2021\/09\/C61200E7-82C7-4D25-969F-1FD82EF6B94F.jpeg","width":688,"height":446},{"@type":"BreadcrumbList","@id":"https:\/\/quehacerpolitico.mx\/?p=84752#breadcrumb","itemListElement":[{"@type":"ListItem","position":1,"name":"Inicio","item":"https:\/\/quehacerpolitico.mx\/"},{"@type":"ListItem","position":2,"name":"El presidente de Guatemala, Alejandro Giammattei, viajar\u00e1 a M\u00e9xico para participar en cumbre de Celac"}]},{"@type":"WebSite","@id":"https:\/\/quehacerpolitico.mx\/#website","url":"https:\/\/quehacerpolitico.mx\/","name":"","description":"","potentialAction":[{"@type":"SearchAction","target":{"@type":"EntryPoint","urlTemplate":"https:\/\/quehacerpolitico.mx\/?s={search_term_string}"},"query-input":{"@type":"PropertyValueSpecification","valueRequired":true,"valueName":"search_term_string"}}],"inLanguage":"es"},{"@type":"Person","@id":"https:\/\/quehacerpolitico.mx\/#\/schema\/person\/496d8ad2d1d3f8036101dca7ee39e585","name":"Redacci\u00f3n QP","image":{"@type":"ImageObject","inLanguage":"es","@id":"https:\/\/secure.gravatar.com\/avatar\/c7164ed6fdec453195284ad24a5ae5b6e1eed2b848477fa2a4787ba9adf39a41?s=96&d=mm&r=g","url":"https:\/\/secure.gravatar.com\/avatar\/c7164ed6fdec453195284ad24a5ae5b6e1eed2b848477fa2a4787ba9adf39a41?s=96&d=mm&r=g","contentUrl":"https:\/\/secure.gravatar.com\/avatar\/c7164ed6fdec453195284ad24a5ae5b6e1eed2b848477fa2a4787ba9adf39a41?s=96&d=mm&r=g","caption":"Redacci\u00f3n QP"},"url":"https:\/\/quehacerpolitico.mx\/?author=2"}]}},"featured_image_urls":{"full":["https:\/\/quehacerpolitico.mx\/wp-content\/uploads\/2021\/09\/C61200E7-82C7-4D25-969F-1FD82EF6B94F.jpeg",688,446,false],"thumbnail":["https:\/\/quehacerpolitico.mx\/wp-content\/uploads\/2021\/09\/C61200E7-82C7-4D25-969F-1FD82EF6B94F-150x150.jpeg",150,150,true],"medium":["https:\/\/quehacerpolitico.mx\/wp-content\/uploads\/2021\/09\/C61200E7-82C7-4D25-969F-1FD82EF6B94F-300x194.jpeg",300,194,true],"medium_large":["https:\/\/quehacerpolitico.mx\/wp-content\/uploads\/2021\/09\/C61200E7-82C7-4D25-969F-1FD82EF6B94F.jpeg",640,415,false],"large":["https:\/\/quehacerpolitico.mx\/wp-content\/uploads\/2021\/09\/C61200E7-82C7-4D25-969F-1FD82EF6B94F.jpeg",640,415,false],"1536x1536":["https:\/\/quehacerpolitico.mx\/wp-content\/uploads\/2021\/09\/C61200E7-82C7-4D25-969F-1FD82EF6B94F.jpeg",688,446,false],"2048x2048":["https:\/\/quehacerpolitico.mx\/wp-content\/uploads\/2021\/09\/C61200E7-82C7-4D25-969F-1FD82EF6B94F.jpeg",688,446,false],"covernews-featured":["https:\/\/quehacerpolitico.mx\/wp-content\/uploads\/2021\/09\/C61200E7-82C7-4D25-969F-1FD82EF6B94F.jpeg",688,446,false],"covernews-medium":["https:\/\/quehacerpolitico.mx\/wp-content\/uploads\/2021\/09\/C61200E7-82C7-4D25-969F-1FD82EF6B94F.jpeg",524,340,false]},"author_info":{"display_name":"Redacci\u00f3n QP","author_link":"https:\/\/quehacerpolitico.mx\/?author=2"},"category_info":"<a href=\"https:\/\/quehacerpolitico.mx\/?cat=1\" rel=\"category\">Internacionales<\/a>","tag_info":"Internacionales","comment_count":"0","_links":{"self":[{"href":"https:\/\/quehacerpolitico.mx\/index.php?rest_route=\/wp\/v2\/posts\/84752","targetHints":{"allow":["GET"]}}],"collection":[{"href":"https:\/\/quehacerpolitico.mx\/index.php?rest_route=\/wp\/v2\/posts"}],"about":[{"href":"https:\/\/quehacerpolitico.mx\/index.php?rest_route=\/wp\/v2\/types\/post"}],"author":[{"embeddable":true,"href":"https:\/\/quehacerpolitico.mx\/index.php?rest_route=\/wp\/v2\/users\/2"}],"replies":[{"embeddable":true,"href":"https:\/\/quehacerpolitico.mx\/index.php?rest_route=%2Fwp%2Fv2%2Fcomments&post=84752"}],"version-history":[{"count":1,"href":"https:\/\/quehacerpolitico.mx\/index.php?rest_route=\/wp\/v2\/posts\/84752\/revisions"}],"predecessor-version":[{"id":84754,"href":"https:\/\/quehacerpolitico.mx\/index.php?rest_route=\/wp\/v2\/posts\/84752\/revisions\/84754"}],"wp:featuredmedia":[{"embeddable":true,"href":"https:\/\/quehacerpolitico.mx\/index.php?rest_route=\/wp\/v2\/media\/84753"}],"wp:attachment":[{"href":"https:\/\/quehacerpolitico.mx\/index.php?rest_route=%2Fwp%2Fv2%2Fmedia&parent=84752"}],"wp:term":[{"taxonomy":"category","embeddable":true,"href":"https:\/\/quehacerpolitico.mx\/index.php?rest_route=%2Fwp%2Fv2%2Fcategories&post=84752"},{"taxonomy":"post_tag","embeddable":true,"href":"https:\/\/quehacerpolitico.mx\/index.php?rest_route=%2Fwp%2Fv2%2Ftags&post=84752"}],"curies":[{"name":"wp","href":"https:\/\/api.w.org\/{rel}","templated":true}]}}