{"id":84737,"date":"2021-09-15T19:11:01","date_gmt":"2021-09-15T19:11:01","guid":{"rendered":"https:\/\/quehacerpolitico.mx\/?p=84737"},"modified":"2021-09-15T19:11:02","modified_gmt":"2021-09-15T19:11:02","slug":"biles-culpa-a-la-federacion-y-a-un-sistema-entero-de-los-abusos-de-larry-nassar","status":"publish","type":"post","link":"https:\/\/quehacerpolitico.mx\/?p=84737","title":{"rendered":"Biles culpa a la federaci\u00f3n y a un &#8221;sistema entero&#8221; de los abusos de Larry Nassar"},"content":{"rendered":"\n<p>Por Redacci\u00f3n QP<\/p>\n\n\n\n<p>La gimnasta testific\u00f3 ante el Comit\u00e9 Judicial del Senado de EU contra el m\u00e9dico Larry Nassar, acusado de agredir sexulamente de al menos 330 j\u00f3venes<\/p>\n\n\n\n<figure class=\"wp-block-image\"><img decoding=\"async\" src=\"https:\/\/www.informador.mx\/__export\/1631726382048\/sites\/elinformador\/img\/2021\/09\/15\/395547-01-07_x5009189x_afp_crop1631726381084.jpg_788543494.jpg\" alt=\"La campeona ol\u00edmpica acus\u00f3 al FBI de haber ''dado la espalda'' a las gimnastas al haber respondido de manera inadecuada y lenta a las primeras acusaciones de abuso sexual contra Nassar. AFP \/ G. Jennings\"\/><figcaption>La campeona ol\u00edmpica acus\u00f3 al FBI de haber &#8221;dado la espalda&#8221; a las gimnastas al haber respondido de manera inadecuada y lenta a las primeras acusaciones de abuso sexual contra Nassar. AFP \/ G. Jennings<\/figcaption><\/figure>\n\n\n\n<p>La gimnasta estadounidense Simone Biles culp\u00f3 este mi\u00e9rcoles a la federaci\u00f3n de gimnasia de EU (USA Gymnastics) y a un &#8220;sistema entero&#8221; de haber &#8220;permitido&#8221; que Larry Nassar, el m\u00e9dico del equipo nacional&nbsp;<strong>durante 20 a\u00f1os, abusara sexualmente de ella y de cientos de deportistas.<\/strong><\/p>\n\n\n\n<p>&#8220;Echo la culpa a Larry Nassar y tambi\u00e9n echo la culpa a todo el sistema que permiti\u00f3 y perpetr\u00f3 ese abuso.\u00a0<strong>USA Gymnastics y el Comit\u00e9 Ol\u00edmpico y Paral\u00edmpico Estadounidense sab\u00edan que estaba sufriendo abusos<\/strong>\u00a0por parte del m\u00e9dico oficial del equipo&#8221;, afirm\u00f3 Biles ante el Comit\u00e9 Judicial del Senado de EU.<\/p>\n\n\n\n<p>La campeona ol\u00edmpica tambi\u00e9n acus\u00f3 al FBI de haber &#8220;dado la espalda&#8221; a las gimnastas al haber respondido de manera inadecuada y lenta a las primeras acusaciones de abuso sexual contra Nassar, lo que permiti\u00f3 al exm\u00e9dico seguir perpetuando sus abusos durante meses.<\/p>\n\n\n\n<p>Biles dijo que&nbsp;<strong>&#8220;un sistema entero permiti\u00f3 y perpetr\u00f3&#8221;<\/strong>&nbsp;esos abusos contra ella y cientos de j\u00f3venes, que por su edad ni siquiera sab\u00edan que Nassar estaba abusando de ellas.<\/p>\n\n\n\n<p>&#8220;No quiero que ning\u00fan otro joven deportista ol\u00edmpico o ning\u00fan otro individuo sufra el horror que yo y que otros cientos han soportado y contin\u00faan soportando hasta hoy&#8221;, manifest\u00f3 Biles con la voz resquebrajada de la emoci\u00f3n hasta el punto que rompi\u00f3 a llorar ante decenas de legisladores que la observaban en silencio.<\/p>\n\n\n\n<figure class=\"wp-block-embed is-type-video is-provider-youtube wp-block-embed-youtube wp-embed-aspect-16-9 wp-has-aspect-ratio\"><div class=\"wp-block-embed__wrapper\">\n<iframe loading=\"lazy\" title=\"WATCH: Simone Biles testifies during Senate Judiciary hearing on Larry Nassar abuse investigation\" width=\"640\" height=\"360\" src=\"https:\/\/www.youtube.com\/embed\/9QH2ywAyVDE?feature=oembed\" frameborder=\"0\" allow=\"accelerometer; autoplay; clipboard-write; encrypted-media; gyroscope; picture-in-picture; web-share\" referrerpolicy=\"strict-origin-when-cross-origin\" allowfullscreen><\/iframe>\n<\/div><\/figure>\n\n\n\n<p>Al inicio de su testimonio, Biles dijo que no pod\u00eda imaginar un lugar que pudiera hacerla sentir m\u00e1s &#8220;inc\u00f3moda&#8221; que precisamente la sala del comit\u00e9 del Senado donde se encuentra.<\/p>\n\n\n\n<p>Junto a ella, est\u00e1n sentadas otras tres gimnastas ol\u00edmpicas que sufrieron los abusos de Nassar:&nbsp;<strong>McKayla Maroney, Maggie Nichols y Aly Raisman.<\/strong><\/p>\n\n\n\n<p>El Comit\u00e9 Judicial del Senado quiere aclarar por qu\u00e9 la oficina del FBI en Indian\u00e1polis -donde tiene la sede la Federaci\u00f3n de Gimnasia- respondi\u00f3 de manera inadecuada a las denuncias contra Nassar.<\/p>\n\n\n\n<p>Un informe interno del Departamento de Justicia revel\u00f3 en julio pasado graves errores dentro del FBI que hicieron que&nbsp;<strong>la investigaci\u00f3n se quedara estancada durante m\u00e1s de ocho meses.<\/strong><\/p>\n\n\n\n<p>Cuando ese documento de 119 p\u00e1ginas se public\u00f3, un grupo de senadores anunci\u00f3 una audiencia para investigar la respuesta del FBI y corregir los errores institucionales.<\/p>\n\n\n\n<p>Nassar, quien us\u00f3 su posici\u00f3n como m\u00e9dico para abusar&nbsp;<strong>de al menos 330 j\u00f3venes, incluidas menores y tambi\u00e9n deportistas ol\u00edmpicas,<\/strong>cumple una condena de entre 40 y 175 a\u00f1os por esos hechos sumada a otra de 60 a\u00f1os por pornograf\u00eda infantil, una cadena perpetua de facto.<\/p>\n\n\n\n<p>Nassar recibi\u00f3 sus condenas entre diciembre de 2017 y febrero de 2018, en unos juicios que coincidieron con el estallido del movimiento #MeToo.<\/p>\n\n\n\n<p>Con Informaci\u00f3n de EFE<\/p>\n","protected":false},"excerpt":{"rendered":"<p>Por Redacci\u00f3n QP La gimnasta testific\u00f3 ante el Comit\u00e9 Judicial del Senado de EU contra&#8230;<\/p>\n","protected":false},"author":2,"featured_media":84738,"comment_status":"open","ping_status":"open","sticky":false,"template":"","format":"standard","meta":{"_monsterinsights_skip_tracking":false,"_monsterinsights_sitenote_active":false,"_monsterinsights_sitenote_note":"","_monsterinsights_sitenote_category":0,"footnotes":""},"categories":[54],"tags":[],"class_list":["post-84737","post","type-post","status-publish","format-standard","has-post-thumbnail","hentry","category-deportes"],"yoast_head":"<!-- This site is optimized with the Yoast SEO plugin v27.3 - https:\/\/yoast.com\/product\/yoast-seo-wordpress\/ -->\n<title>Biles culpa a la federaci\u00f3n y a un &#039;&#039;sistema entero&#039;&#039; de los abusos de Larry Nassar -<\/title>\n<meta name=\"robots\" content=\"index, follow, max-snippet:-1, max-image-preview:large, max-video-preview:-1\" \/>\n<link rel=\"canonical\" href=\"https:\/\/quehacerpolitico.mx\/?p=84737\" \/>\n<meta property=\"og:locale\" content=\"es_MX\" \/>\n<meta property=\"og:type\" content=\"article\" \/>\n<meta property=\"og:title\" content=\"Biles culpa a la federaci\u00f3n y a un &#039;&#039;sistema entero&#039;&#039; de los abusos de Larry Nassar -\" \/>\n<meta property=\"og:description\" content=\"Por Redacci\u00f3n QP La gimnasta testific\u00f3 ante el Comit\u00e9 Judicial del Senado de EU contra...\" \/>\n<meta property=\"og:url\" content=\"https:\/\/quehacerpolitico.mx\/?p=84737\" \/>\n<meta property=\"article:published_time\" content=\"2021-09-15T19:11:01+00:00\" \/>\n<meta property=\"article:modified_time\" content=\"2021-09-15T19:11:02+00:00\" \/>\n<meta property=\"og:image\" content=\"https:\/\/quehacerpolitico.mx\/wp-content\/uploads\/2021\/09\/442B04B2-5FA2-4693-A9F3-5776256A1D72.jpeg\" \/>\n\t<meta property=\"og:image:width\" content=\"1284\" \/>\n\t<meta property=\"og:image:height\" content=\"699\" \/>\n\t<meta property=\"og:image:type\" content=\"image\/jpeg\" \/>\n<meta name=\"author\" content=\"Redacci\u00f3n QP\" \/>\n<meta name=\"twitter:card\" content=\"summary_large_image\" \/>\n<meta name=\"twitter:label1\" content=\"Escrito por\" \/>\n\t<meta name=\"twitter:data1\" content=\"Redacci\u00f3n QP\" \/>\n\t<meta name=\"twitter:label2\" content=\"Tiempo de lectura\" \/>\n\t<meta name=\"twitter:data2\" content=\"3 minutos\" \/>\n<script type=\"application\/ld+json\" class=\"yoast-schema-graph\">{\"@context\":\"https:\\\/\\\/schema.org\",\"@graph\":[{\"@type\":\"Article\",\"@id\":\"https:\\\/\\\/quehacerpolitico.mx\\\/?p=84737#article\",\"isPartOf\":{\"@id\":\"https:\\\/\\\/quehacerpolitico.mx\\\/?p=84737\"},\"author\":{\"name\":\"Redacci\u00f3n QP\",\"@id\":\"https:\\\/\\\/quehacerpolitico.mx\\\/#\\\/schema\\\/person\\\/496d8ad2d1d3f8036101dca7ee39e585\"},\"headline\":\"Biles culpa a la federaci\u00f3n y a un &#8221;sistema entero&#8221; de los abusos de Larry Nassar\",\"datePublished\":\"2021-09-15T19:11:01+00:00\",\"dateModified\":\"2021-09-15T19:11:02+00:00\",\"mainEntityOfPage\":{\"@id\":\"https:\\\/\\\/quehacerpolitico.mx\\\/?p=84737\"},\"wordCount\":558,\"commentCount\":0,\"image\":{\"@id\":\"https:\\\/\\\/quehacerpolitico.mx\\\/?p=84737#primaryimage\"},\"thumbnailUrl\":\"https:\\\/\\\/quehacerpolitico.mx\\\/wp-content\\\/uploads\\\/2021\\\/09\\\/442B04B2-5FA2-4693-A9F3-5776256A1D72.jpeg\",\"articleSection\":[\"Deportes\"],\"inLanguage\":\"es\",\"potentialAction\":[{\"@type\":\"CommentAction\",\"name\":\"Comment\",\"target\":[\"https:\\\/\\\/quehacerpolitico.mx\\\/?p=84737#respond\"]}]},{\"@type\":\"WebPage\",\"@id\":\"https:\\\/\\\/quehacerpolitico.mx\\\/?p=84737\",\"url\":\"https:\\\/\\\/quehacerpolitico.mx\\\/?p=84737\",\"name\":\"Biles culpa a la federaci\u00f3n y a un ''sistema entero'' de los abusos de Larry Nassar -\",\"isPartOf\":{\"@id\":\"https:\\\/\\\/quehacerpolitico.mx\\\/#website\"},\"primaryImageOfPage\":{\"@id\":\"https:\\\/\\\/quehacerpolitico.mx\\\/?p=84737#primaryimage\"},\"image\":{\"@id\":\"https:\\\/\\\/quehacerpolitico.mx\\\/?p=84737#primaryimage\"},\"thumbnailUrl\":\"https:\\\/\\\/quehacerpolitico.mx\\\/wp-content\\\/uploads\\\/2021\\\/09\\\/442B04B2-5FA2-4693-A9F3-5776256A1D72.jpeg\",\"datePublished\":\"2021-09-15T19:11:01+00:00\",\"dateModified\":\"2021-09-15T19:11:02+00:00\",\"author\":{\"@id\":\"https:\\\/\\\/quehacerpolitico.mx\\\/#\\\/schema\\\/person\\\/496d8ad2d1d3f8036101dca7ee39e585\"},\"breadcrumb\":{\"@id\":\"https:\\\/\\\/quehacerpolitico.mx\\\/?p=84737#breadcrumb\"},\"inLanguage\":\"es\",\"potentialAction\":[{\"@type\":\"ReadAction\",\"target\":[\"https:\\\/\\\/quehacerpolitico.mx\\\/?p=84737\"]}]},{\"@type\":\"ImageObject\",\"inLanguage\":\"es\",\"@id\":\"https:\\\/\\\/quehacerpolitico.mx\\\/?p=84737#primaryimage\",\"url\":\"https:\\\/\\\/quehacerpolitico.mx\\\/wp-content\\\/uploads\\\/2021\\\/09\\\/442B04B2-5FA2-4693-A9F3-5776256A1D72.jpeg\",\"contentUrl\":\"https:\\\/\\\/quehacerpolitico.mx\\\/wp-content\\\/uploads\\\/2021\\\/09\\\/442B04B2-5FA2-4693-A9F3-5776256A1D72.jpeg\",\"width\":1284,\"height\":699},{\"@type\":\"BreadcrumbList\",\"@id\":\"https:\\\/\\\/quehacerpolitico.mx\\\/?p=84737#breadcrumb\",\"itemListElement\":[{\"@type\":\"ListItem\",\"position\":1,\"name\":\"Inicio\",\"item\":\"https:\\\/\\\/quehacerpolitico.mx\\\/\"},{\"@type\":\"ListItem\",\"position\":2,\"name\":\"Biles culpa a la federaci\u00f3n y a un &#8221;sistema entero&#8221; de los abusos de Larry Nassar\"}]},{\"@type\":\"WebSite\",\"@id\":\"https:\\\/\\\/quehacerpolitico.mx\\\/#website\",\"url\":\"https:\\\/\\\/quehacerpolitico.mx\\\/\",\"name\":\"\",\"description\":\"\",\"potentialAction\":[{\"@type\":\"SearchAction\",\"target\":{\"@type\":\"EntryPoint\",\"urlTemplate\":\"https:\\\/\\\/quehacerpolitico.mx\\\/?s={search_term_string}\"},\"query-input\":{\"@type\":\"PropertyValueSpecification\",\"valueRequired\":true,\"valueName\":\"search_term_string\"}}],\"inLanguage\":\"es\"},{\"@type\":\"Person\",\"@id\":\"https:\\\/\\\/quehacerpolitico.mx\\\/#\\\/schema\\\/person\\\/496d8ad2d1d3f8036101dca7ee39e585\",\"name\":\"Redacci\u00f3n QP\",\"image\":{\"@type\":\"ImageObject\",\"inLanguage\":\"es\",\"@id\":\"https:\\\/\\\/secure.gravatar.com\\\/avatar\\\/c7164ed6fdec453195284ad24a5ae5b6e1eed2b848477fa2a4787ba9adf39a41?s=96&d=mm&r=g\",\"url\":\"https:\\\/\\\/secure.gravatar.com\\\/avatar\\\/c7164ed6fdec453195284ad24a5ae5b6e1eed2b848477fa2a4787ba9adf39a41?s=96&d=mm&r=g\",\"contentUrl\":\"https:\\\/\\\/secure.gravatar.com\\\/avatar\\\/c7164ed6fdec453195284ad24a5ae5b6e1eed2b848477fa2a4787ba9adf39a41?s=96&d=mm&r=g\",\"caption\":\"Redacci\u00f3n QP\"},\"url\":\"https:\\\/\\\/quehacerpolitico.mx\\\/?author=2\"}]}<\/script>\n<!-- \/ Yoast SEO plugin. -->","yoast_head_json":{"title":"Biles culpa a la federaci\u00f3n y a un ''sistema entero'' de los abusos de Larry Nassar -","robots":{"index":"index","follow":"follow","max-snippet":"max-snippet:-1","max-image-preview":"max-image-preview:large","max-video-preview":"max-video-preview:-1"},"canonical":"https:\/\/quehacerpolitico.mx\/?p=84737","og_locale":"es_MX","og_type":"article","og_title":"Biles culpa a la federaci\u00f3n y a un ''sistema entero'' de los abusos de Larry Nassar -","og_description":"Por Redacci\u00f3n QP La gimnasta testific\u00f3 ante el Comit\u00e9 Judicial del Senado de EU contra...","og_url":"https:\/\/quehacerpolitico.mx\/?p=84737","article_published_time":"2021-09-15T19:11:01+00:00","article_modified_time":"2021-09-15T19:11:02+00:00","og_image":[{"width":1284,"height":699,"url":"https:\/\/quehacerpolitico.mx\/wp-content\/uploads\/2021\/09\/442B04B2-5FA2-4693-A9F3-5776256A1D72.jpeg","type":"image\/jpeg"}],"author":"Redacci\u00f3n QP","twitter_card":"summary_large_image","twitter_misc":{"Escrito por":"Redacci\u00f3n QP","Tiempo de lectura":"3 minutos"},"schema":{"@context":"https:\/\/schema.org","@graph":[{"@type":"Article","@id":"https:\/\/quehacerpolitico.mx\/?p=84737#article","isPartOf":{"@id":"https:\/\/quehacerpolitico.mx\/?p=84737"},"author":{"name":"Redacci\u00f3n QP","@id":"https:\/\/quehacerpolitico.mx\/#\/schema\/person\/496d8ad2d1d3f8036101dca7ee39e585"},"headline":"Biles culpa a la federaci\u00f3n y a un &#8221;sistema entero&#8221; de los abusos de Larry Nassar","datePublished":"2021-09-15T19:11:01+00:00","dateModified":"2021-09-15T19:11:02+00:00","mainEntityOfPage":{"@id":"https:\/\/quehacerpolitico.mx\/?p=84737"},"wordCount":558,"commentCount":0,"image":{"@id":"https:\/\/quehacerpolitico.mx\/?p=84737#primaryimage"},"thumbnailUrl":"https:\/\/quehacerpolitico.mx\/wp-content\/uploads\/2021\/09\/442B04B2-5FA2-4693-A9F3-5776256A1D72.jpeg","articleSection":["Deportes"],"inLanguage":"es","potentialAction":[{"@type":"CommentAction","name":"Comment","target":["https:\/\/quehacerpolitico.mx\/?p=84737#respond"]}]},{"@type":"WebPage","@id":"https:\/\/quehacerpolitico.mx\/?p=84737","url":"https:\/\/quehacerpolitico.mx\/?p=84737","name":"Biles culpa a la federaci\u00f3n y a un ''sistema entero'' de los abusos de Larry Nassar -","isPartOf":{"@id":"https:\/\/quehacerpolitico.mx\/#website"},"primaryImageOfPage":{"@id":"https:\/\/quehacerpolitico.mx\/?p=84737#primaryimage"},"image":{"@id":"https:\/\/quehacerpolitico.mx\/?p=84737#primaryimage"},"thumbnailUrl":"https:\/\/quehacerpolitico.mx\/wp-content\/uploads\/2021\/09\/442B04B2-5FA2-4693-A9F3-5776256A1D72.jpeg","datePublished":"2021-09-15T19:11:01+00:00","dateModified":"2021-09-15T19:11:02+00:00","author":{"@id":"https:\/\/quehacerpolitico.mx\/#\/schema\/person\/496d8ad2d1d3f8036101dca7ee39e585"},"breadcrumb":{"@id":"https:\/\/quehacerpolitico.mx\/?p=84737#breadcrumb"},"inLanguage":"es","potentialAction":[{"@type":"ReadAction","target":["https:\/\/quehacerpolitico.mx\/?p=84737"]}]},{"@type":"ImageObject","inLanguage":"es","@id":"https:\/\/quehacerpolitico.mx\/?p=84737#primaryimage","url":"https:\/\/quehacerpolitico.mx\/wp-content\/uploads\/2021\/09\/442B04B2-5FA2-4693-A9F3-5776256A1D72.jpeg","contentUrl":"https:\/\/quehacerpolitico.mx\/wp-content\/uploads\/2021\/09\/442B04B2-5FA2-4693-A9F3-5776256A1D72.jpeg","width":1284,"height":699},{"@type":"BreadcrumbList","@id":"https:\/\/quehacerpolitico.mx\/?p=84737#breadcrumb","itemListElement":[{"@type":"ListItem","position":1,"name":"Inicio","item":"https:\/\/quehacerpolitico.mx\/"},{"@type":"ListItem","position":2,"name":"Biles culpa a la federaci\u00f3n y a un &#8221;sistema entero&#8221; de los abusos de Larry Nassar"}]},{"@type":"WebSite","@id":"https:\/\/quehacerpolitico.mx\/#website","url":"https:\/\/quehacerpolitico.mx\/","name":"","description":"","potentialAction":[{"@type":"SearchAction","target":{"@type":"EntryPoint","urlTemplate":"https:\/\/quehacerpolitico.mx\/?s={search_term_string}"},"query-input":{"@type":"PropertyValueSpecification","valueRequired":true,"valueName":"search_term_string"}}],"inLanguage":"es"},{"@type":"Person","@id":"https:\/\/quehacerpolitico.mx\/#\/schema\/person\/496d8ad2d1d3f8036101dca7ee39e585","name":"Redacci\u00f3n QP","image":{"@type":"ImageObject","inLanguage":"es","@id":"https:\/\/secure.gravatar.com\/avatar\/c7164ed6fdec453195284ad24a5ae5b6e1eed2b848477fa2a4787ba9adf39a41?s=96&d=mm&r=g","url":"https:\/\/secure.gravatar.com\/avatar\/c7164ed6fdec453195284ad24a5ae5b6e1eed2b848477fa2a4787ba9adf39a41?s=96&d=mm&r=g","contentUrl":"https:\/\/secure.gravatar.com\/avatar\/c7164ed6fdec453195284ad24a5ae5b6e1eed2b848477fa2a4787ba9adf39a41?s=96&d=mm&r=g","caption":"Redacci\u00f3n QP"},"url":"https:\/\/quehacerpolitico.mx\/?author=2"}]}},"featured_image_urls":{"full":["https:\/\/quehacerpolitico.mx\/wp-content\/uploads\/2021\/09\/442B04B2-5FA2-4693-A9F3-5776256A1D72.jpeg",1284,699,false],"thumbnail":["https:\/\/quehacerpolitico.mx\/wp-content\/uploads\/2021\/09\/442B04B2-5FA2-4693-A9F3-5776256A1D72-150x150.jpeg",150,150,true],"medium":["https:\/\/quehacerpolitico.mx\/wp-content\/uploads\/2021\/09\/442B04B2-5FA2-4693-A9F3-5776256A1D72-300x163.jpeg",300,163,true],"medium_large":["https:\/\/quehacerpolitico.mx\/wp-content\/uploads\/2021\/09\/442B04B2-5FA2-4693-A9F3-5776256A1D72-768x418.jpeg",640,348,true],"large":["https:\/\/quehacerpolitico.mx\/wp-content\/uploads\/2021\/09\/442B04B2-5FA2-4693-A9F3-5776256A1D72-1024x557.jpeg",640,348,true],"1536x1536":["https:\/\/quehacerpolitico.mx\/wp-content\/uploads\/2021\/09\/442B04B2-5FA2-4693-A9F3-5776256A1D72.jpeg",1284,699,false],"2048x2048":["https:\/\/quehacerpolitico.mx\/wp-content\/uploads\/2021\/09\/442B04B2-5FA2-4693-A9F3-5776256A1D72.jpeg",1284,699,false],"covernews-featured":["https:\/\/quehacerpolitico.mx\/wp-content\/uploads\/2021\/09\/442B04B2-5FA2-4693-A9F3-5776256A1D72.jpeg",1024,557,false],"covernews-medium":["https:\/\/quehacerpolitico.mx\/wp-content\/uploads\/2021\/09\/442B04B2-5FA2-4693-A9F3-5776256A1D72.jpeg",540,294,false]},"author_info":{"display_name":"Redacci\u00f3n QP","author_link":"https:\/\/quehacerpolitico.mx\/?author=2"},"category_info":"<a href=\"https:\/\/quehacerpolitico.mx\/?cat=54\" rel=\"category\">Deportes<\/a>","tag_info":"Deportes","comment_count":"0","_links":{"self":[{"href":"https:\/\/quehacerpolitico.mx\/index.php?rest_route=\/wp\/v2\/posts\/84737","targetHints":{"allow":["GET"]}}],"collection":[{"href":"https:\/\/quehacerpolitico.mx\/index.php?rest_route=\/wp\/v2\/posts"}],"about":[{"href":"https:\/\/quehacerpolitico.mx\/index.php?rest_route=\/wp\/v2\/types\/post"}],"author":[{"embeddable":true,"href":"https:\/\/quehacerpolitico.mx\/index.php?rest_route=\/wp\/v2\/users\/2"}],"replies":[{"embeddable":true,"href":"https:\/\/quehacerpolitico.mx\/index.php?rest_route=%2Fwp%2Fv2%2Fcomments&post=84737"}],"version-history":[{"count":1,"href":"https:\/\/quehacerpolitico.mx\/index.php?rest_route=\/wp\/v2\/posts\/84737\/revisions"}],"predecessor-version":[{"id":84739,"href":"https:\/\/quehacerpolitico.mx\/index.php?rest_route=\/wp\/v2\/posts\/84737\/revisions\/84739"}],"wp:featuredmedia":[{"embeddable":true,"href":"https:\/\/quehacerpolitico.mx\/index.php?rest_route=\/wp\/v2\/media\/84738"}],"wp:attachment":[{"href":"https:\/\/quehacerpolitico.mx\/index.php?rest_route=%2Fwp%2Fv2%2Fmedia&parent=84737"}],"wp:term":[{"taxonomy":"category","embeddable":true,"href":"https:\/\/quehacerpolitico.mx\/index.php?rest_route=%2Fwp%2Fv2%2Fcategories&post=84737"},{"taxonomy":"post_tag","embeddable":true,"href":"https:\/\/quehacerpolitico.mx\/index.php?rest_route=%2Fwp%2Fv2%2Ftags&post=84737"}],"curies":[{"name":"wp","href":"https:\/\/api.w.org\/{rel}","templated":true}]}}