{"id":84723,"date":"2021-09-15T02:47:39","date_gmt":"2021-09-15T02:47:39","guid":{"rendered":"https:\/\/quehacerpolitico.mx\/?p=84723"},"modified":"2021-09-15T02:47:40","modified_gmt":"2021-09-15T02:47:40","slug":"rescatan-cuerpo-de-menor-en-zona-de-deslave-del-chiquihuite","status":"publish","type":"post","link":"https:\/\/quehacerpolitico.mx\/?p=84723","title":{"rendered":"Rescatan cuerpo de menor en zona de deslave del Chiquihuite"},"content":{"rendered":"\n<p>Por Redacci\u00f3n QP<\/p>\n\n\n\n<p>Rescatistas logran extraer los restos de la peque\u00f1a Mia Mayrin, de tres a\u00f1os de edad<\/p>\n\n\n\n<p>El cuerpo de Mia Mayrin, de tres a\u00f1os de edad, fue rescatado de entre las pesadas rocas que se desplomaron sobre su vivienda, en donde a\u00fan rescatistas buscan a Paola de 22 a\u00f1os de edad y al peque\u00f1o Jorge Dilan de cinco a\u00f1os, que quedaron atrapados desde el 10 de septiembre cuando se registr\u00f3 un derrumbe de taludes del Cerro del Chiquihuite, en la colonia L\u00e1zaro C\u00e1rdenas segunda secci\u00f3n.<\/p>\n\n\n\n<figure class=\"wp-block-embed is-type-rich is-provider-twitter wp-block-embed-twitter\"><div class=\"wp-block-embed__wrapper\">\n<blockquote class=\"twitter-tweet\" data-width=\"550\" data-dnt=\"true\"><p lang=\"es\" dir=\"ltr\">\ud83d\udce3 Ambulancia con el cuerpo rescatado en el Cerro del Chiquihuite llega a la Fiscal\u00eda de Tlalnepantla; familiares proceder\u00e1n a la identificaci\u00f3n. <br><br>\u27a1 <a href=\"https:\/\/twitter.com\/dragon02red?ref_src=twsrc%5Etfw\">@dragon02red<\/a><a href=\"https:\/\/twitter.com\/hashtag\/TelediarioEnEl6?src=hash&amp;ref_src=twsrc%5Etfw\">#TelediarioEnEl6<\/a> con <a href=\"https:\/\/twitter.com\/Carloszup?ref_src=twsrc%5Etfw\">@Carloszup<\/a> y <a href=\"https:\/\/twitter.com\/paobarquet?ref_src=twsrc%5Etfw\">@paobarquet<\/a> | <a href=\"https:\/\/t.co\/VqUPqVxLBf\">https:\/\/t.co\/VqUPqVxLBf<\/a> <a href=\"https:\/\/t.co\/dYDWqK2vCA\">pic.twitter.com\/dYDWqK2vCA<\/a><\/p>&mdash; @telediario (@telediario) <a href=\"https:\/\/twitter.com\/telediario\/status\/1437950122151882752?ref_src=twsrc%5Etfw\">September 15, 2021<\/a><\/blockquote><script async src=\"https:\/\/platform.twitter.com\/widgets.js\" charset=\"utf-8\"><\/script>\n<\/div><\/figure>\n\n\n\n<p>Autoridades de Tlalnepantla confirmaron que el peque\u00f1o cuerpo que rescatistas sacaron la tarde noche de este martes 14 de septiembre, de un hueco de una de las pesadas rocas era el de la peque\u00f1a Mayrin, el cual iba dentro de una camilla cerrada que sacaron expertos en rescate en espacios confinados.<\/p>\n\n\n\n<figure class=\"wp-block-embed is-type-rich is-provider-twitter wp-block-embed-twitter\"><div class=\"wp-block-embed__wrapper\">\n<blockquote class=\"twitter-tweet\" data-width=\"550\" data-dnt=\"true\"><p lang=\"es\" dir=\"ltr\">Luego de diversas diligencias realizadas por la <a href=\"https:\/\/twitter.com\/hashtag\/Fiscal%C3%ADaEdom%C3%A9x?src=hash&amp;ref_src=twsrc%5Etfw\">#Fiscal\u00edaEdom\u00e9x<\/a>, el cuerpo de una menor de 3 a\u00f1os de edad, rescatado esta tarde en la zona del derrumbe en el Cerro del Chiquihuite, ha sido reconocido por sus familiares, en breve ser\u00e1 devuelto bajo los protocolos correspondientes.<\/p>&mdash; Fiscal\u00eda Edom\u00e9x (@FiscaliaEdomex) <a href=\"https:\/\/twitter.com\/FiscaliaEdomex\/status\/1437962549509623813?ref_src=twsrc%5Etfw\">September 15, 2021<\/a><\/blockquote><script async src=\"https:\/\/platform.twitter.com\/widgets.js\" charset=\"utf-8\"><\/script>\n<\/div><\/figure>\n\n\n\n<p>Apenas hace unas horas el subsecretario de Gobierno del Estado de M\u00e9xico Ricardo de la Cruz Musalem, hab\u00eda notificado del hallazgo de indicios de restos humanos, que esperaban fueran de los integrantes de la familia integrada por Paola y sus dos peque\u00f1os hijos.<\/p>\n\n\n\n<p>Cabe se\u00f1alar que de acuerdo a los est\u00e1ndares internacionales de la ONU, en b\u00fasqueda y rescate de personas atrapadas despu\u00e9s de las 72 horas del colapso, que se cumplieron ayer a las 13:44 horas, es muy dif\u00edcil encontrar personas con vida.<\/p>\n\n\n\n<p>Con Informaci\u00f3n de SUN <\/p>\n","protected":false},"excerpt":{"rendered":"<p>Por Redacci\u00f3n QP Rescatistas logran extraer los restos de la peque\u00f1a Mia Mayrin, de tres&#8230;<\/p>\n","protected":false},"author":2,"featured_media":84724,"comment_status":"open","ping_status":"open","sticky":false,"template":"","format":"standard","meta":{"_monsterinsights_skip_tracking":false,"_monsterinsights_sitenote_active":false,"_monsterinsights_sitenote_note":"","_monsterinsights_sitenote_category":0,"footnotes":""},"categories":[2],"tags":[],"class_list":["post-84723","post","type-post","status-publish","format-standard","has-post-thumbnail","hentry","category-noticias"],"yoast_head":"<!-- This site is optimized with the Yoast SEO plugin v27.3 - https:\/\/yoast.com\/product\/yoast-seo-wordpress\/ -->\n<title>Rescatan cuerpo de menor en zona de deslave del Chiquihuite -<\/title>\n<meta name=\"robots\" content=\"index, follow, max-snippet:-1, max-image-preview:large, max-video-preview:-1\" \/>\n<link rel=\"canonical\" href=\"https:\/\/quehacerpolitico.mx\/?p=84723\" \/>\n<meta property=\"og:locale\" content=\"es_MX\" \/>\n<meta property=\"og:type\" content=\"article\" \/>\n<meta property=\"og:title\" content=\"Rescatan cuerpo de menor en zona de deslave del Chiquihuite -\" \/>\n<meta property=\"og:description\" content=\"Por Redacci\u00f3n QP Rescatistas logran extraer los restos de la peque\u00f1a Mia Mayrin, de tres...\" \/>\n<meta property=\"og:url\" content=\"https:\/\/quehacerpolitico.mx\/?p=84723\" \/>\n<meta property=\"article:published_time\" content=\"2021-09-15T02:47:39+00:00\" \/>\n<meta property=\"article:modified_time\" content=\"2021-09-15T02:47:40+00:00\" \/>\n<meta property=\"og:image\" content=\"https:\/\/quehacerpolitico.mx\/wp-content\/uploads\/2021\/09\/5618356A-9BFE-489A-9AD0-48F09627047C.jpeg\" \/>\n\t<meta property=\"og:image:width\" content=\"651\" \/>\n\t<meta property=\"og:image:height\" content=\"651\" \/>\n\t<meta property=\"og:image:type\" content=\"image\/jpeg\" \/>\n<meta name=\"author\" content=\"Redacci\u00f3n QP\" \/>\n<meta name=\"twitter:card\" content=\"summary_large_image\" \/>\n<meta name=\"twitter:label1\" content=\"Escrito por\" \/>\n\t<meta name=\"twitter:data1\" content=\"Redacci\u00f3n QP\" \/>\n\t<meta name=\"twitter:label2\" content=\"Tiempo de lectura\" \/>\n\t<meta name=\"twitter:data2\" content=\"1 minuto\" \/>\n<script type=\"application\/ld+json\" class=\"yoast-schema-graph\">{\"@context\":\"https:\\\/\\\/schema.org\",\"@graph\":[{\"@type\":\"Article\",\"@id\":\"https:\\\/\\\/quehacerpolitico.mx\\\/?p=84723#article\",\"isPartOf\":{\"@id\":\"https:\\\/\\\/quehacerpolitico.mx\\\/?p=84723\"},\"author\":{\"name\":\"Redacci\u00f3n QP\",\"@id\":\"https:\\\/\\\/quehacerpolitico.mx\\\/#\\\/schema\\\/person\\\/496d8ad2d1d3f8036101dca7ee39e585\"},\"headline\":\"Rescatan cuerpo de menor en zona de deslave del Chiquihuite\",\"datePublished\":\"2021-09-15T02:47:39+00:00\",\"dateModified\":\"2021-09-15T02:47:40+00:00\",\"mainEntityOfPage\":{\"@id\":\"https:\\\/\\\/quehacerpolitico.mx\\\/?p=84723\"},\"wordCount\":265,\"commentCount\":0,\"image\":{\"@id\":\"https:\\\/\\\/quehacerpolitico.mx\\\/?p=84723#primaryimage\"},\"thumbnailUrl\":\"https:\\\/\\\/quehacerpolitico.mx\\\/wp-content\\\/uploads\\\/2021\\\/09\\\/5618356A-9BFE-489A-9AD0-48F09627047C.jpeg\",\"articleSection\":[\"Noticias\"],\"inLanguage\":\"es\",\"potentialAction\":[{\"@type\":\"CommentAction\",\"name\":\"Comment\",\"target\":[\"https:\\\/\\\/quehacerpolitico.mx\\\/?p=84723#respond\"]}]},{\"@type\":\"WebPage\",\"@id\":\"https:\\\/\\\/quehacerpolitico.mx\\\/?p=84723\",\"url\":\"https:\\\/\\\/quehacerpolitico.mx\\\/?p=84723\",\"name\":\"Rescatan cuerpo de menor en zona de deslave del Chiquihuite -\",\"isPartOf\":{\"@id\":\"https:\\\/\\\/quehacerpolitico.mx\\\/#website\"},\"primaryImageOfPage\":{\"@id\":\"https:\\\/\\\/quehacerpolitico.mx\\\/?p=84723#primaryimage\"},\"image\":{\"@id\":\"https:\\\/\\\/quehacerpolitico.mx\\\/?p=84723#primaryimage\"},\"thumbnailUrl\":\"https:\\\/\\\/quehacerpolitico.mx\\\/wp-content\\\/uploads\\\/2021\\\/09\\\/5618356A-9BFE-489A-9AD0-48F09627047C.jpeg\",\"datePublished\":\"2021-09-15T02:47:39+00:00\",\"dateModified\":\"2021-09-15T02:47:40+00:00\",\"author\":{\"@id\":\"https:\\\/\\\/quehacerpolitico.mx\\\/#\\\/schema\\\/person\\\/496d8ad2d1d3f8036101dca7ee39e585\"},\"breadcrumb\":{\"@id\":\"https:\\\/\\\/quehacerpolitico.mx\\\/?p=84723#breadcrumb\"},\"inLanguage\":\"es\",\"potentialAction\":[{\"@type\":\"ReadAction\",\"target\":[\"https:\\\/\\\/quehacerpolitico.mx\\\/?p=84723\"]}]},{\"@type\":\"ImageObject\",\"inLanguage\":\"es\",\"@id\":\"https:\\\/\\\/quehacerpolitico.mx\\\/?p=84723#primaryimage\",\"url\":\"https:\\\/\\\/quehacerpolitico.mx\\\/wp-content\\\/uploads\\\/2021\\\/09\\\/5618356A-9BFE-489A-9AD0-48F09627047C.jpeg\",\"contentUrl\":\"https:\\\/\\\/quehacerpolitico.mx\\\/wp-content\\\/uploads\\\/2021\\\/09\\\/5618356A-9BFE-489A-9AD0-48F09627047C.jpeg\",\"width\":651,\"height\":651},{\"@type\":\"BreadcrumbList\",\"@id\":\"https:\\\/\\\/quehacerpolitico.mx\\\/?p=84723#breadcrumb\",\"itemListElement\":[{\"@type\":\"ListItem\",\"position\":1,\"name\":\"Inicio\",\"item\":\"https:\\\/\\\/quehacerpolitico.mx\\\/\"},{\"@type\":\"ListItem\",\"position\":2,\"name\":\"Rescatan cuerpo de menor en zona de deslave del Chiquihuite\"}]},{\"@type\":\"WebSite\",\"@id\":\"https:\\\/\\\/quehacerpolitico.mx\\\/#website\",\"url\":\"https:\\\/\\\/quehacerpolitico.mx\\\/\",\"name\":\"\",\"description\":\"\",\"potentialAction\":[{\"@type\":\"SearchAction\",\"target\":{\"@type\":\"EntryPoint\",\"urlTemplate\":\"https:\\\/\\\/quehacerpolitico.mx\\\/?s={search_term_string}\"},\"query-input\":{\"@type\":\"PropertyValueSpecification\",\"valueRequired\":true,\"valueName\":\"search_term_string\"}}],\"inLanguage\":\"es\"},{\"@type\":\"Person\",\"@id\":\"https:\\\/\\\/quehacerpolitico.mx\\\/#\\\/schema\\\/person\\\/496d8ad2d1d3f8036101dca7ee39e585\",\"name\":\"Redacci\u00f3n QP\",\"image\":{\"@type\":\"ImageObject\",\"inLanguage\":\"es\",\"@id\":\"https:\\\/\\\/secure.gravatar.com\\\/avatar\\\/c7164ed6fdec453195284ad24a5ae5b6e1eed2b848477fa2a4787ba9adf39a41?s=96&d=mm&r=g\",\"url\":\"https:\\\/\\\/secure.gravatar.com\\\/avatar\\\/c7164ed6fdec453195284ad24a5ae5b6e1eed2b848477fa2a4787ba9adf39a41?s=96&d=mm&r=g\",\"contentUrl\":\"https:\\\/\\\/secure.gravatar.com\\\/avatar\\\/c7164ed6fdec453195284ad24a5ae5b6e1eed2b848477fa2a4787ba9adf39a41?s=96&d=mm&r=g\",\"caption\":\"Redacci\u00f3n QP\"},\"url\":\"https:\\\/\\\/quehacerpolitico.mx\\\/?author=2\"}]}<\/script>\n<!-- \/ Yoast SEO plugin. -->","yoast_head_json":{"title":"Rescatan cuerpo de menor en zona de deslave del Chiquihuite -","robots":{"index":"index","follow":"follow","max-snippet":"max-snippet:-1","max-image-preview":"max-image-preview:large","max-video-preview":"max-video-preview:-1"},"canonical":"https:\/\/quehacerpolitico.mx\/?p=84723","og_locale":"es_MX","og_type":"article","og_title":"Rescatan cuerpo de menor en zona de deslave del Chiquihuite -","og_description":"Por Redacci\u00f3n QP Rescatistas logran extraer los restos de la peque\u00f1a Mia Mayrin, de tres...","og_url":"https:\/\/quehacerpolitico.mx\/?p=84723","article_published_time":"2021-09-15T02:47:39+00:00","article_modified_time":"2021-09-15T02:47:40+00:00","og_image":[{"width":651,"height":651,"url":"https:\/\/quehacerpolitico.mx\/wp-content\/uploads\/2021\/09\/5618356A-9BFE-489A-9AD0-48F09627047C.jpeg","type":"image\/jpeg"}],"author":"Redacci\u00f3n QP","twitter_card":"summary_large_image","twitter_misc":{"Escrito por":"Redacci\u00f3n QP","Tiempo de lectura":"1 minuto"},"schema":{"@context":"https:\/\/schema.org","@graph":[{"@type":"Article","@id":"https:\/\/quehacerpolitico.mx\/?p=84723#article","isPartOf":{"@id":"https:\/\/quehacerpolitico.mx\/?p=84723"},"author":{"name":"Redacci\u00f3n QP","@id":"https:\/\/quehacerpolitico.mx\/#\/schema\/person\/496d8ad2d1d3f8036101dca7ee39e585"},"headline":"Rescatan cuerpo de menor en zona de deslave del Chiquihuite","datePublished":"2021-09-15T02:47:39+00:00","dateModified":"2021-09-15T02:47:40+00:00","mainEntityOfPage":{"@id":"https:\/\/quehacerpolitico.mx\/?p=84723"},"wordCount":265,"commentCount":0,"image":{"@id":"https:\/\/quehacerpolitico.mx\/?p=84723#primaryimage"},"thumbnailUrl":"https:\/\/quehacerpolitico.mx\/wp-content\/uploads\/2021\/09\/5618356A-9BFE-489A-9AD0-48F09627047C.jpeg","articleSection":["Noticias"],"inLanguage":"es","potentialAction":[{"@type":"CommentAction","name":"Comment","target":["https:\/\/quehacerpolitico.mx\/?p=84723#respond"]}]},{"@type":"WebPage","@id":"https:\/\/quehacerpolitico.mx\/?p=84723","url":"https:\/\/quehacerpolitico.mx\/?p=84723","name":"Rescatan cuerpo de menor en zona de deslave del Chiquihuite -","isPartOf":{"@id":"https:\/\/quehacerpolitico.mx\/#website"},"primaryImageOfPage":{"@id":"https:\/\/quehacerpolitico.mx\/?p=84723#primaryimage"},"image":{"@id":"https:\/\/quehacerpolitico.mx\/?p=84723#primaryimage"},"thumbnailUrl":"https:\/\/quehacerpolitico.mx\/wp-content\/uploads\/2021\/09\/5618356A-9BFE-489A-9AD0-48F09627047C.jpeg","datePublished":"2021-09-15T02:47:39+00:00","dateModified":"2021-09-15T02:47:40+00:00","author":{"@id":"https:\/\/quehacerpolitico.mx\/#\/schema\/person\/496d8ad2d1d3f8036101dca7ee39e585"},"breadcrumb":{"@id":"https:\/\/quehacerpolitico.mx\/?p=84723#breadcrumb"},"inLanguage":"es","potentialAction":[{"@type":"ReadAction","target":["https:\/\/quehacerpolitico.mx\/?p=84723"]}]},{"@type":"ImageObject","inLanguage":"es","@id":"https:\/\/quehacerpolitico.mx\/?p=84723#primaryimage","url":"https:\/\/quehacerpolitico.mx\/wp-content\/uploads\/2021\/09\/5618356A-9BFE-489A-9AD0-48F09627047C.jpeg","contentUrl":"https:\/\/quehacerpolitico.mx\/wp-content\/uploads\/2021\/09\/5618356A-9BFE-489A-9AD0-48F09627047C.jpeg","width":651,"height":651},{"@type":"BreadcrumbList","@id":"https:\/\/quehacerpolitico.mx\/?p=84723#breadcrumb","itemListElement":[{"@type":"ListItem","position":1,"name":"Inicio","item":"https:\/\/quehacerpolitico.mx\/"},{"@type":"ListItem","position":2,"name":"Rescatan cuerpo de menor en zona de deslave del Chiquihuite"}]},{"@type":"WebSite","@id":"https:\/\/quehacerpolitico.mx\/#website","url":"https:\/\/quehacerpolitico.mx\/","name":"","description":"","potentialAction":[{"@type":"SearchAction","target":{"@type":"EntryPoint","urlTemplate":"https:\/\/quehacerpolitico.mx\/?s={search_term_string}"},"query-input":{"@type":"PropertyValueSpecification","valueRequired":true,"valueName":"search_term_string"}}],"inLanguage":"es"},{"@type":"Person","@id":"https:\/\/quehacerpolitico.mx\/#\/schema\/person\/496d8ad2d1d3f8036101dca7ee39e585","name":"Redacci\u00f3n QP","image":{"@type":"ImageObject","inLanguage":"es","@id":"https:\/\/secure.gravatar.com\/avatar\/c7164ed6fdec453195284ad24a5ae5b6e1eed2b848477fa2a4787ba9adf39a41?s=96&d=mm&r=g","url":"https:\/\/secure.gravatar.com\/avatar\/c7164ed6fdec453195284ad24a5ae5b6e1eed2b848477fa2a4787ba9adf39a41?s=96&d=mm&r=g","contentUrl":"https:\/\/secure.gravatar.com\/avatar\/c7164ed6fdec453195284ad24a5ae5b6e1eed2b848477fa2a4787ba9adf39a41?s=96&d=mm&r=g","caption":"Redacci\u00f3n QP"},"url":"https:\/\/quehacerpolitico.mx\/?author=2"}]}},"featured_image_urls":{"full":["https:\/\/quehacerpolitico.mx\/wp-content\/uploads\/2021\/09\/5618356A-9BFE-489A-9AD0-48F09627047C.jpeg",651,651,false],"thumbnail":["https:\/\/quehacerpolitico.mx\/wp-content\/uploads\/2021\/09\/5618356A-9BFE-489A-9AD0-48F09627047C-150x150.jpeg",150,150,true],"medium":["https:\/\/quehacerpolitico.mx\/wp-content\/uploads\/2021\/09\/5618356A-9BFE-489A-9AD0-48F09627047C-300x300.jpeg",300,300,true],"medium_large":["https:\/\/quehacerpolitico.mx\/wp-content\/uploads\/2021\/09\/5618356A-9BFE-489A-9AD0-48F09627047C.jpeg",640,640,false],"large":["https:\/\/quehacerpolitico.mx\/wp-content\/uploads\/2021\/09\/5618356A-9BFE-489A-9AD0-48F09627047C.jpeg",640,640,false],"1536x1536":["https:\/\/quehacerpolitico.mx\/wp-content\/uploads\/2021\/09\/5618356A-9BFE-489A-9AD0-48F09627047C.jpeg",651,651,false],"2048x2048":["https:\/\/quehacerpolitico.mx\/wp-content\/uploads\/2021\/09\/5618356A-9BFE-489A-9AD0-48F09627047C.jpeg",651,651,false],"covernews-featured":["https:\/\/quehacerpolitico.mx\/wp-content\/uploads\/2021\/09\/5618356A-9BFE-489A-9AD0-48F09627047C.jpeg",651,651,false],"covernews-medium":["https:\/\/quehacerpolitico.mx\/wp-content\/uploads\/2021\/09\/5618356A-9BFE-489A-9AD0-48F09627047C.jpeg",340,340,false]},"author_info":{"display_name":"Redacci\u00f3n QP","author_link":"https:\/\/quehacerpolitico.mx\/?author=2"},"category_info":"<a href=\"https:\/\/quehacerpolitico.mx\/?cat=2\" rel=\"category\">Noticias<\/a>","tag_info":"Noticias","comment_count":"0","_links":{"self":[{"href":"https:\/\/quehacerpolitico.mx\/index.php?rest_route=\/wp\/v2\/posts\/84723","targetHints":{"allow":["GET"]}}],"collection":[{"href":"https:\/\/quehacerpolitico.mx\/index.php?rest_route=\/wp\/v2\/posts"}],"about":[{"href":"https:\/\/quehacerpolitico.mx\/index.php?rest_route=\/wp\/v2\/types\/post"}],"author":[{"embeddable":true,"href":"https:\/\/quehacerpolitico.mx\/index.php?rest_route=\/wp\/v2\/users\/2"}],"replies":[{"embeddable":true,"href":"https:\/\/quehacerpolitico.mx\/index.php?rest_route=%2Fwp%2Fv2%2Fcomments&post=84723"}],"version-history":[{"count":1,"href":"https:\/\/quehacerpolitico.mx\/index.php?rest_route=\/wp\/v2\/posts\/84723\/revisions"}],"predecessor-version":[{"id":84725,"href":"https:\/\/quehacerpolitico.mx\/index.php?rest_route=\/wp\/v2\/posts\/84723\/revisions\/84725"}],"wp:featuredmedia":[{"embeddable":true,"href":"https:\/\/quehacerpolitico.mx\/index.php?rest_route=\/wp\/v2\/media\/84724"}],"wp:attachment":[{"href":"https:\/\/quehacerpolitico.mx\/index.php?rest_route=%2Fwp%2Fv2%2Fmedia&parent=84723"}],"wp:term":[{"taxonomy":"category","embeddable":true,"href":"https:\/\/quehacerpolitico.mx\/index.php?rest_route=%2Fwp%2Fv2%2Fcategories&post=84723"},{"taxonomy":"post_tag","embeddable":true,"href":"https:\/\/quehacerpolitico.mx\/index.php?rest_route=%2Fwp%2Fv2%2Ftags&post=84723"}],"curies":[{"name":"wp","href":"https:\/\/api.w.org\/{rel}","templated":true}]}}