{"id":84408,"date":"2021-09-06T17:45:47","date_gmt":"2021-09-06T17:45:47","guid":{"rendered":"https:\/\/quehacerpolitico.mx\/?p=84408"},"modified":"2021-09-06T17:45:49","modified_gmt":"2021-09-06T17:45:49","slug":"complace-a-gutierrez-muller-retiro-de-escultura-de-cristobal-colon","status":"publish","type":"post","link":"https:\/\/quehacerpolitico.mx\/?p=84408","title":{"rendered":"Complace a Guti\u00e9rrez M\u00fcller retiro de escultura de Crist\u00f3bal Col\u00f3n"},"content":{"rendered":"\n<p>Por Redacci\u00f3n QP<\/p>\n\n\n\n<p>Guti\u00e9rrez M\u00fcller indica que el continente americano no fue descubierto porque ya exist\u00eda y ten\u00eda vida propia<\/p>\n\n\n\n<p>Al llamar a descolonizar la historia, la doctora Beatriz Guti\u00e9rrez M\u00fcller manifest\u00f3 su complacencia&nbsp;<strong>por el retiro de la escultura de Crist\u00f3bal Col\u00f3n y en su lugar sea puesta la estatua de una mujer ind\u00edgena sobre Paseo de la Reforma.<\/strong><\/p>\n\n\n\n<p>En su cuenta de Facebook, la esposa del Presidente\u00a0Andr\u00e9s Manuel L\u00f3pez Obrador\u00a0(AMLO) y presidenta honoraria del Consejo de la Coordinaci\u00f3n de Memoria Hist\u00f3rica y Cultural de M\u00e9xico,\u00a0<strong>asegur\u00f3 que afirmar que en 1492 se descubri\u00f3 Am\u00e9rica y llamarle as\u00ed al continente es una &#8220;pifia&#8221;.<\/strong><\/p>\n\n\n\n<p><strong>Guti\u00e9rrez M\u00fcller indic\u00f3 que el continente no fue descubierto porque ya exist\u00eda y ten\u00eda vida propia.<\/strong><\/p>\n\n\n\n<p>&#8220;La llamada &#8216;glorieta de Col\u00f3n&#8217; dejar\u00e1 de denominarse as\u00ed porque la estatua del cosm\u00f3grafo ser\u00e1 depositada en otro lugar, y sobre este pedestal ser\u00e1 colocada la escultura de una mujer ind\u00edgena.&nbsp;<strong>En lo personal, me complace mucho esta decisi\u00f3n.<\/strong>&nbsp;Este 2021, tan simb\u00f3lico por las efem\u00e9rides que se est\u00e1n recordando, es tambi\u00e9n una invitaci\u00f3n a reflexionar: insisto, descolonicemos la historia&#8221;, escribi\u00f3 Guti\u00e9rrez M\u00fcller.<\/p>\n\n\n\n<p>&#8220;&#8216;Descubrir Am\u00e9rica&#8217; es afirmar que tal tierra estaba escondida, cubierta, oculta. Quien la halla, en la l\u00f3gica colonizadora, la hace vivir. \u00a1No! Am\u00e9rica no estaba escondida (digamos, bajo el agua), cubierta (por decir, de maleza), oculta (por poner, sepultada). El continente americano exist\u00eda, ten\u00eda vida propia y en ella florec\u00edan muchas civilizaciones con grandes conocimientos en la arquitectura, la astronom\u00eda, la agricultura, la cultura y las artes. De hecho, Crist\u00f3bal Col\u00f3n no la &#8216;descubri\u00f3&#8217; no solo porque hay documentados rastros previos de exploradores europeos (la leyenda del &#8220;piloto an\u00f3nimo&#8221; es bastante conocida) y asi\u00e1ticos sino porque, para desgracia suya, muri\u00f3 sin saber que en su colosal traves\u00eda transatl\u00e1ntica se hab\u00eda topado con un nuevo continente.\u00a0<strong>No se puede &#8216;descubrir&#8217;\u00a0algo que no se sabe que se &#8216;halla'&#8221;.<\/strong><\/p>\n\n\n\n<p>&#8220;El nombre de Am\u00e9rica es otra pifia: el florentino Americo Vespucio, en efecto hizo viajes posteriores al &#8216;Nuevo Mundo&#8217;; la denominaci\u00f3n fue a causa de las ingentes cantidades de dinero que proporcion\u00f3 a la corona espa\u00f1ola (incluso, se naturaliz\u00f3 castellano al casarse con Mar\u00eda Cerezo) por financiar sus propias navegaciones y las de su amigo, don Crist\u00f3bal. Cosas, pues, de gratitud pecuniaria&#8221;, agreg\u00f3 en la red social.<\/p>\n\n\n\n<p>Con Informaci\u00f3n de SUN <\/p>\n","protected":false},"excerpt":{"rendered":"<p>Por Redacci\u00f3n QP Guti\u00e9rrez M\u00fcller indica que el continente americano no fue descubierto porque ya&#8230;<\/p>\n","protected":false},"author":2,"featured_media":84409,"comment_status":"open","ping_status":"open","sticky":false,"template":"","format":"standard","meta":{"_monsterinsights_skip_tracking":false,"_monsterinsights_sitenote_active":false,"_monsterinsights_sitenote_note":"","_monsterinsights_sitenote_category":0,"footnotes":""},"categories":[2],"tags":[],"class_list":["post-84408","post","type-post","status-publish","format-standard","has-post-thumbnail","hentry","category-noticias"],"yoast_head":"<!-- This site is optimized with the Yoast SEO plugin v27.3 - https:\/\/yoast.com\/product\/yoast-seo-wordpress\/ -->\n<title>Complace a Guti\u00e9rrez M\u00fcller retiro de escultura de Crist\u00f3bal Col\u00f3n -<\/title>\n<meta name=\"robots\" content=\"index, follow, max-snippet:-1, max-image-preview:large, max-video-preview:-1\" \/>\n<link rel=\"canonical\" href=\"https:\/\/quehacerpolitico.mx\/?p=84408\" \/>\n<meta property=\"og:locale\" content=\"es_MX\" \/>\n<meta property=\"og:type\" content=\"article\" \/>\n<meta property=\"og:title\" content=\"Complace a Guti\u00e9rrez M\u00fcller retiro de escultura de Crist\u00f3bal Col\u00f3n -\" \/>\n<meta property=\"og:description\" content=\"Por Redacci\u00f3n QP Guti\u00e9rrez M\u00fcller indica que el continente americano no fue descubierto porque ya...\" \/>\n<meta property=\"og:url\" content=\"https:\/\/quehacerpolitico.mx\/?p=84408\" \/>\n<meta property=\"article:published_time\" content=\"2021-09-06T17:45:47+00:00\" \/>\n<meta property=\"article:modified_time\" content=\"2021-09-06T17:45:49+00:00\" \/>\n<meta property=\"og:image\" content=\"https:\/\/quehacerpolitico.mx\/wp-content\/uploads\/2021\/09\/381CA2B3-C0C1-4E82-9403-8A3DE62CBD4C.jpeg\" \/>\n\t<meta property=\"og:image:width\" content=\"750\" \/>\n\t<meta property=\"og:image:height\" content=\"409\" \/>\n\t<meta property=\"og:image:type\" content=\"image\/jpeg\" \/>\n<meta name=\"author\" content=\"Redacci\u00f3n QP\" \/>\n<meta name=\"twitter:card\" content=\"summary_large_image\" \/>\n<meta name=\"twitter:label1\" content=\"Escrito por\" \/>\n\t<meta name=\"twitter:data1\" content=\"Redacci\u00f3n QP\" \/>\n\t<meta name=\"twitter:label2\" content=\"Tiempo de lectura\" \/>\n\t<meta name=\"twitter:data2\" content=\"2 minutos\" \/>\n<script type=\"application\/ld+json\" class=\"yoast-schema-graph\">{\"@context\":\"https:\\\/\\\/schema.org\",\"@graph\":[{\"@type\":\"Article\",\"@id\":\"https:\\\/\\\/quehacerpolitico.mx\\\/?p=84408#article\",\"isPartOf\":{\"@id\":\"https:\\\/\\\/quehacerpolitico.mx\\\/?p=84408\"},\"author\":{\"name\":\"Redacci\u00f3n QP\",\"@id\":\"https:\\\/\\\/quehacerpolitico.mx\\\/#\\\/schema\\\/person\\\/496d8ad2d1d3f8036101dca7ee39e585\"},\"headline\":\"Complace a Guti\u00e9rrez M\u00fcller retiro de escultura de Crist\u00f3bal Col\u00f3n\",\"datePublished\":\"2021-09-06T17:45:47+00:00\",\"dateModified\":\"2021-09-06T17:45:49+00:00\",\"mainEntityOfPage\":{\"@id\":\"https:\\\/\\\/quehacerpolitico.mx\\\/?p=84408\"},\"wordCount\":449,\"commentCount\":0,\"image\":{\"@id\":\"https:\\\/\\\/quehacerpolitico.mx\\\/?p=84408#primaryimage\"},\"thumbnailUrl\":\"https:\\\/\\\/quehacerpolitico.mx\\\/wp-content\\\/uploads\\\/2021\\\/09\\\/381CA2B3-C0C1-4E82-9403-8A3DE62CBD4C.jpeg\",\"articleSection\":[\"Noticias\"],\"inLanguage\":\"es\",\"potentialAction\":[{\"@type\":\"CommentAction\",\"name\":\"Comment\",\"target\":[\"https:\\\/\\\/quehacerpolitico.mx\\\/?p=84408#respond\"]}]},{\"@type\":\"WebPage\",\"@id\":\"https:\\\/\\\/quehacerpolitico.mx\\\/?p=84408\",\"url\":\"https:\\\/\\\/quehacerpolitico.mx\\\/?p=84408\",\"name\":\"Complace a Guti\u00e9rrez M\u00fcller retiro de escultura de Crist\u00f3bal Col\u00f3n -\",\"isPartOf\":{\"@id\":\"https:\\\/\\\/quehacerpolitico.mx\\\/#website\"},\"primaryImageOfPage\":{\"@id\":\"https:\\\/\\\/quehacerpolitico.mx\\\/?p=84408#primaryimage\"},\"image\":{\"@id\":\"https:\\\/\\\/quehacerpolitico.mx\\\/?p=84408#primaryimage\"},\"thumbnailUrl\":\"https:\\\/\\\/quehacerpolitico.mx\\\/wp-content\\\/uploads\\\/2021\\\/09\\\/381CA2B3-C0C1-4E82-9403-8A3DE62CBD4C.jpeg\",\"datePublished\":\"2021-09-06T17:45:47+00:00\",\"dateModified\":\"2021-09-06T17:45:49+00:00\",\"author\":{\"@id\":\"https:\\\/\\\/quehacerpolitico.mx\\\/#\\\/schema\\\/person\\\/496d8ad2d1d3f8036101dca7ee39e585\"},\"breadcrumb\":{\"@id\":\"https:\\\/\\\/quehacerpolitico.mx\\\/?p=84408#breadcrumb\"},\"inLanguage\":\"es\",\"potentialAction\":[{\"@type\":\"ReadAction\",\"target\":[\"https:\\\/\\\/quehacerpolitico.mx\\\/?p=84408\"]}]},{\"@type\":\"ImageObject\",\"inLanguage\":\"es\",\"@id\":\"https:\\\/\\\/quehacerpolitico.mx\\\/?p=84408#primaryimage\",\"url\":\"https:\\\/\\\/quehacerpolitico.mx\\\/wp-content\\\/uploads\\\/2021\\\/09\\\/381CA2B3-C0C1-4E82-9403-8A3DE62CBD4C.jpeg\",\"contentUrl\":\"https:\\\/\\\/quehacerpolitico.mx\\\/wp-content\\\/uploads\\\/2021\\\/09\\\/381CA2B3-C0C1-4E82-9403-8A3DE62CBD4C.jpeg\",\"width\":750,\"height\":409},{\"@type\":\"BreadcrumbList\",\"@id\":\"https:\\\/\\\/quehacerpolitico.mx\\\/?p=84408#breadcrumb\",\"itemListElement\":[{\"@type\":\"ListItem\",\"position\":1,\"name\":\"Inicio\",\"item\":\"https:\\\/\\\/quehacerpolitico.mx\\\/\"},{\"@type\":\"ListItem\",\"position\":2,\"name\":\"Complace a Guti\u00e9rrez M\u00fcller retiro de escultura de Crist\u00f3bal Col\u00f3n\"}]},{\"@type\":\"WebSite\",\"@id\":\"https:\\\/\\\/quehacerpolitico.mx\\\/#website\",\"url\":\"https:\\\/\\\/quehacerpolitico.mx\\\/\",\"name\":\"\",\"description\":\"\",\"potentialAction\":[{\"@type\":\"SearchAction\",\"target\":{\"@type\":\"EntryPoint\",\"urlTemplate\":\"https:\\\/\\\/quehacerpolitico.mx\\\/?s={search_term_string}\"},\"query-input\":{\"@type\":\"PropertyValueSpecification\",\"valueRequired\":true,\"valueName\":\"search_term_string\"}}],\"inLanguage\":\"es\"},{\"@type\":\"Person\",\"@id\":\"https:\\\/\\\/quehacerpolitico.mx\\\/#\\\/schema\\\/person\\\/496d8ad2d1d3f8036101dca7ee39e585\",\"name\":\"Redacci\u00f3n QP\",\"image\":{\"@type\":\"ImageObject\",\"inLanguage\":\"es\",\"@id\":\"https:\\\/\\\/secure.gravatar.com\\\/avatar\\\/c7164ed6fdec453195284ad24a5ae5b6e1eed2b848477fa2a4787ba9adf39a41?s=96&d=mm&r=g\",\"url\":\"https:\\\/\\\/secure.gravatar.com\\\/avatar\\\/c7164ed6fdec453195284ad24a5ae5b6e1eed2b848477fa2a4787ba9adf39a41?s=96&d=mm&r=g\",\"contentUrl\":\"https:\\\/\\\/secure.gravatar.com\\\/avatar\\\/c7164ed6fdec453195284ad24a5ae5b6e1eed2b848477fa2a4787ba9adf39a41?s=96&d=mm&r=g\",\"caption\":\"Redacci\u00f3n QP\"},\"url\":\"https:\\\/\\\/quehacerpolitico.mx\\\/?author=2\"}]}<\/script>\n<!-- \/ Yoast SEO plugin. -->","yoast_head_json":{"title":"Complace a Guti\u00e9rrez M\u00fcller retiro de escultura de Crist\u00f3bal Col\u00f3n -","robots":{"index":"index","follow":"follow","max-snippet":"max-snippet:-1","max-image-preview":"max-image-preview:large","max-video-preview":"max-video-preview:-1"},"canonical":"https:\/\/quehacerpolitico.mx\/?p=84408","og_locale":"es_MX","og_type":"article","og_title":"Complace a Guti\u00e9rrez M\u00fcller retiro de escultura de Crist\u00f3bal Col\u00f3n -","og_description":"Por Redacci\u00f3n QP Guti\u00e9rrez M\u00fcller indica que el continente americano no fue descubierto porque ya...","og_url":"https:\/\/quehacerpolitico.mx\/?p=84408","article_published_time":"2021-09-06T17:45:47+00:00","article_modified_time":"2021-09-06T17:45:49+00:00","og_image":[{"width":750,"height":409,"url":"https:\/\/quehacerpolitico.mx\/wp-content\/uploads\/2021\/09\/381CA2B3-C0C1-4E82-9403-8A3DE62CBD4C.jpeg","type":"image\/jpeg"}],"author":"Redacci\u00f3n QP","twitter_card":"summary_large_image","twitter_misc":{"Escrito por":"Redacci\u00f3n QP","Tiempo de lectura":"2 minutos"},"schema":{"@context":"https:\/\/schema.org","@graph":[{"@type":"Article","@id":"https:\/\/quehacerpolitico.mx\/?p=84408#article","isPartOf":{"@id":"https:\/\/quehacerpolitico.mx\/?p=84408"},"author":{"name":"Redacci\u00f3n QP","@id":"https:\/\/quehacerpolitico.mx\/#\/schema\/person\/496d8ad2d1d3f8036101dca7ee39e585"},"headline":"Complace a Guti\u00e9rrez M\u00fcller retiro de escultura de Crist\u00f3bal Col\u00f3n","datePublished":"2021-09-06T17:45:47+00:00","dateModified":"2021-09-06T17:45:49+00:00","mainEntityOfPage":{"@id":"https:\/\/quehacerpolitico.mx\/?p=84408"},"wordCount":449,"commentCount":0,"image":{"@id":"https:\/\/quehacerpolitico.mx\/?p=84408#primaryimage"},"thumbnailUrl":"https:\/\/quehacerpolitico.mx\/wp-content\/uploads\/2021\/09\/381CA2B3-C0C1-4E82-9403-8A3DE62CBD4C.jpeg","articleSection":["Noticias"],"inLanguage":"es","potentialAction":[{"@type":"CommentAction","name":"Comment","target":["https:\/\/quehacerpolitico.mx\/?p=84408#respond"]}]},{"@type":"WebPage","@id":"https:\/\/quehacerpolitico.mx\/?p=84408","url":"https:\/\/quehacerpolitico.mx\/?p=84408","name":"Complace a Guti\u00e9rrez M\u00fcller retiro de escultura de Crist\u00f3bal Col\u00f3n -","isPartOf":{"@id":"https:\/\/quehacerpolitico.mx\/#website"},"primaryImageOfPage":{"@id":"https:\/\/quehacerpolitico.mx\/?p=84408#primaryimage"},"image":{"@id":"https:\/\/quehacerpolitico.mx\/?p=84408#primaryimage"},"thumbnailUrl":"https:\/\/quehacerpolitico.mx\/wp-content\/uploads\/2021\/09\/381CA2B3-C0C1-4E82-9403-8A3DE62CBD4C.jpeg","datePublished":"2021-09-06T17:45:47+00:00","dateModified":"2021-09-06T17:45:49+00:00","author":{"@id":"https:\/\/quehacerpolitico.mx\/#\/schema\/person\/496d8ad2d1d3f8036101dca7ee39e585"},"breadcrumb":{"@id":"https:\/\/quehacerpolitico.mx\/?p=84408#breadcrumb"},"inLanguage":"es","potentialAction":[{"@type":"ReadAction","target":["https:\/\/quehacerpolitico.mx\/?p=84408"]}]},{"@type":"ImageObject","inLanguage":"es","@id":"https:\/\/quehacerpolitico.mx\/?p=84408#primaryimage","url":"https:\/\/quehacerpolitico.mx\/wp-content\/uploads\/2021\/09\/381CA2B3-C0C1-4E82-9403-8A3DE62CBD4C.jpeg","contentUrl":"https:\/\/quehacerpolitico.mx\/wp-content\/uploads\/2021\/09\/381CA2B3-C0C1-4E82-9403-8A3DE62CBD4C.jpeg","width":750,"height":409},{"@type":"BreadcrumbList","@id":"https:\/\/quehacerpolitico.mx\/?p=84408#breadcrumb","itemListElement":[{"@type":"ListItem","position":1,"name":"Inicio","item":"https:\/\/quehacerpolitico.mx\/"},{"@type":"ListItem","position":2,"name":"Complace a Guti\u00e9rrez M\u00fcller retiro de escultura de Crist\u00f3bal Col\u00f3n"}]},{"@type":"WebSite","@id":"https:\/\/quehacerpolitico.mx\/#website","url":"https:\/\/quehacerpolitico.mx\/","name":"","description":"","potentialAction":[{"@type":"SearchAction","target":{"@type":"EntryPoint","urlTemplate":"https:\/\/quehacerpolitico.mx\/?s={search_term_string}"},"query-input":{"@type":"PropertyValueSpecification","valueRequired":true,"valueName":"search_term_string"}}],"inLanguage":"es"},{"@type":"Person","@id":"https:\/\/quehacerpolitico.mx\/#\/schema\/person\/496d8ad2d1d3f8036101dca7ee39e585","name":"Redacci\u00f3n QP","image":{"@type":"ImageObject","inLanguage":"es","@id":"https:\/\/secure.gravatar.com\/avatar\/c7164ed6fdec453195284ad24a5ae5b6e1eed2b848477fa2a4787ba9adf39a41?s=96&d=mm&r=g","url":"https:\/\/secure.gravatar.com\/avatar\/c7164ed6fdec453195284ad24a5ae5b6e1eed2b848477fa2a4787ba9adf39a41?s=96&d=mm&r=g","contentUrl":"https:\/\/secure.gravatar.com\/avatar\/c7164ed6fdec453195284ad24a5ae5b6e1eed2b848477fa2a4787ba9adf39a41?s=96&d=mm&r=g","caption":"Redacci\u00f3n QP"},"url":"https:\/\/quehacerpolitico.mx\/?author=2"}]}},"featured_image_urls":{"full":["https:\/\/quehacerpolitico.mx\/wp-content\/uploads\/2021\/09\/381CA2B3-C0C1-4E82-9403-8A3DE62CBD4C.jpeg",750,409,false],"thumbnail":["https:\/\/quehacerpolitico.mx\/wp-content\/uploads\/2021\/09\/381CA2B3-C0C1-4E82-9403-8A3DE62CBD4C-150x150.jpeg",150,150,true],"medium":["https:\/\/quehacerpolitico.mx\/wp-content\/uploads\/2021\/09\/381CA2B3-C0C1-4E82-9403-8A3DE62CBD4C-300x164.jpeg",300,164,true],"medium_large":["https:\/\/quehacerpolitico.mx\/wp-content\/uploads\/2021\/09\/381CA2B3-C0C1-4E82-9403-8A3DE62CBD4C.jpeg",640,349,false],"large":["https:\/\/quehacerpolitico.mx\/wp-content\/uploads\/2021\/09\/381CA2B3-C0C1-4E82-9403-8A3DE62CBD4C.jpeg",640,349,false],"1536x1536":["https:\/\/quehacerpolitico.mx\/wp-content\/uploads\/2021\/09\/381CA2B3-C0C1-4E82-9403-8A3DE62CBD4C.jpeg",750,409,false],"2048x2048":["https:\/\/quehacerpolitico.mx\/wp-content\/uploads\/2021\/09\/381CA2B3-C0C1-4E82-9403-8A3DE62CBD4C.jpeg",750,409,false],"covernews-featured":["https:\/\/quehacerpolitico.mx\/wp-content\/uploads\/2021\/09\/381CA2B3-C0C1-4E82-9403-8A3DE62CBD4C.jpeg",750,409,false],"covernews-medium":["https:\/\/quehacerpolitico.mx\/wp-content\/uploads\/2021\/09\/381CA2B3-C0C1-4E82-9403-8A3DE62CBD4C.jpeg",540,294,false]},"author_info":{"display_name":"Redacci\u00f3n QP","author_link":"https:\/\/quehacerpolitico.mx\/?author=2"},"category_info":"<a href=\"https:\/\/quehacerpolitico.mx\/?cat=2\" rel=\"category\">Noticias<\/a>","tag_info":"Noticias","comment_count":"0","_links":{"self":[{"href":"https:\/\/quehacerpolitico.mx\/index.php?rest_route=\/wp\/v2\/posts\/84408","targetHints":{"allow":["GET"]}}],"collection":[{"href":"https:\/\/quehacerpolitico.mx\/index.php?rest_route=\/wp\/v2\/posts"}],"about":[{"href":"https:\/\/quehacerpolitico.mx\/index.php?rest_route=\/wp\/v2\/types\/post"}],"author":[{"embeddable":true,"href":"https:\/\/quehacerpolitico.mx\/index.php?rest_route=\/wp\/v2\/users\/2"}],"replies":[{"embeddable":true,"href":"https:\/\/quehacerpolitico.mx\/index.php?rest_route=%2Fwp%2Fv2%2Fcomments&post=84408"}],"version-history":[{"count":1,"href":"https:\/\/quehacerpolitico.mx\/index.php?rest_route=\/wp\/v2\/posts\/84408\/revisions"}],"predecessor-version":[{"id":84410,"href":"https:\/\/quehacerpolitico.mx\/index.php?rest_route=\/wp\/v2\/posts\/84408\/revisions\/84410"}],"wp:featuredmedia":[{"embeddable":true,"href":"https:\/\/quehacerpolitico.mx\/index.php?rest_route=\/wp\/v2\/media\/84409"}],"wp:attachment":[{"href":"https:\/\/quehacerpolitico.mx\/index.php?rest_route=%2Fwp%2Fv2%2Fmedia&parent=84408"}],"wp:term":[{"taxonomy":"category","embeddable":true,"href":"https:\/\/quehacerpolitico.mx\/index.php?rest_route=%2Fwp%2Fv2%2Fcategories&post=84408"},{"taxonomy":"post_tag","embeddable":true,"href":"https:\/\/quehacerpolitico.mx\/index.php?rest_route=%2Fwp%2Fv2%2Ftags&post=84408"}],"curies":[{"name":"wp","href":"https:\/\/api.w.org\/{rel}","templated":true}]}}