{"id":84388,"date":"2021-09-06T03:38:47","date_gmt":"2021-09-06T03:38:47","guid":{"rendered":"https:\/\/quehacerpolitico.mx\/?p=84388"},"modified":"2021-09-06T03:38:49","modified_gmt":"2021-09-06T03:38:49","slug":"estatua-de-colon-no-regresara-a-reforma-en-su-lugar-pondran-a-una-mujer-olmeca","status":"publish","type":"post","link":"https:\/\/quehacerpolitico.mx\/?p=84388","title":{"rendered":"Estatua de Col\u00f3n no regresar\u00e1 a Reforma en su lugar pondr\u00e1n a una mujer Olmeca"},"content":{"rendered":"\n<p>Por Redacci\u00f3n QP<\/p>\n\n\n\n<p>El escultor Pedro Reyes, es el encargado de realizar la nueva estatua basada en una mujer Olmeca.<\/p>\n\n\n\n<p>La Jefa de Gobierno, Claudia Sheinbaum, inform\u00f3 que la estatua de Crist\u00f3bal Col\u00f3n que fue removida de Paseo de la Reforma ya no regresar\u00e1 al mismo lugar, en el sitio se colocar\u00e1 una estatua de la mujer olmeca, como una manera de reconocer a las mujeres de los pueblos originarios.<\/p>\n\n\n\n<p>Bajo la supervisi\u00f3n del Instituto Nacional de Antropolog\u00eda e Historia (INAH), la escultura de Col\u00f3n ser\u00e1 colocada en el Parque Am\u00e9rica, en la alcald\u00eda Miguel Hidalgo una vez que concluyan los trabajos de restauraci\u00f3n.<\/p>\n\n\n\n<p>Sheinbaum mencion\u00f3 que pr\u00f3ximamente se concretar\u00e1n los cambios, ya que el INAH tambi\u00e9n debe retirar la base que serv\u00eda a la estatua de Col\u00f3n y adecuar el sitio para recibir la nueva escultura, que estar\u00e1 a cargo del artista Pedro Reyes.<\/p>\n\n\n\n<p>Bajo la supervisi\u00f3n del Instituto Nacional de Antropolog\u00eda e Historia (INAH), la escultura de Col\u00f3n ser\u00e1 colocada en el Parque Am\u00e9rica, en la alcald\u00eda Miguel Hidalgo una vez que concluyan los trabajos de restauraci\u00f3n. Dijo que pr\u00f3ximamente se concretar\u00e1n los cambios, ya que el INAH tambi\u00e9n debe retirar la base que serv\u00eda a la estatua de Col\u00f3n y adecuar el sitio para recibir la nueva escultura, que estar\u00e1 a cargo del artista Pedro Reyes.<\/p>\n\n\n\n<figure class=\"wp-block-embed is-type-rich is-provider-twitter wp-block-embed-twitter\"><div class=\"wp-block-embed__wrapper\">\n<blockquote class=\"twitter-tweet\" data-width=\"550\" data-dnt=\"true\"><p lang=\"es\" dir=\"ltr\">La Jefa de Gobierno, <a href=\"https:\/\/twitter.com\/Claudiashein?ref_src=twsrc%5Etfw\">@Claudiashein<\/a> anuncia que el Monumento a la Mujer Ind\u00edgena se colocar\u00e1 donde est\u00e1 la estatua de Col\u00f3n, misma que se trasladar\u00e1 al Parque de Las Am\u00e9ricas. Mujeres de diferentes etnias de todo el mundo reconocen esta iniciativa. <a href=\"https:\/\/t.co\/SZEVHXEx60\">pic.twitter.com\/SZEVHXEx60<\/a><\/p>&mdash; Aleida Alavez Ruiz (@ALEIDAALAVEZ) <a href=\"https:\/\/twitter.com\/ALEIDAALAVEZ\/status\/1434587798175207424?ref_src=twsrc%5Etfw\">September 5, 2021<\/a><\/blockquote><script async src=\"https:\/\/platform.twitter.com\/widgets.js\" charset=\"utf-8\"><\/script>\n<\/div><\/figure>\n\n\n\n<p>Ah\u00ed donde est\u00e1 la estatua de Col\u00f3n se va a mover a un lugar digno con la autorizaci\u00f3n del INAH y ah\u00ed va a haber el reconocimiento a las mujeres en nuestra historia, pero particularmente a la mujer ind\u00edgena, eso tambi\u00e9n es justicia social&nbsp;, mencion\u00f3 Sheinbaum.&nbsp;<\/p>\n\n\n\n<p>Durante la inauguraci\u00f3n de la segunda etapa del Parque Cantera, en Coyoac\u00e1n, la mandataria capitalina realiz\u00f3 el anuncio y agradeci\u00f3 el trabajo del escultor, quien a su vez, agradeci\u00f3 la responsabilidad conferida.Pedro Reyes, que es un gran escultor mexicano que est\u00e1 haciendo una escultura de la mujer olmeca, que es el origen de los or\u00edgenes\u00a0, se\u00f1al\u00f3 Sheinbaum.<\/p>\n\n\n\n<figure class=\"wp-block-embed is-type-rich is-provider-twitter wp-block-embed-twitter\"><div class=\"wp-block-embed__wrapper\">\n<blockquote class=\"twitter-tweet\" data-width=\"550\" data-dnt=\"true\"><p lang=\"es\" dir=\"ltr\">Inauguramos la segunda etapa del <a href=\"https:\/\/twitter.com\/hashtag\/ParqueCantera?src=hash&amp;ref_src=twsrc%5Etfw\">#ParqueCantera<\/a>. Una demanda hist\u00f3rica de l@s vecin@s de los pedregales de Coyoac\u00e1n. <a href=\"https:\/\/twitter.com\/hashtag\/SembrandoParques?src=hash&amp;ref_src=twsrc%5Etfw\">#SembrandoParques<\/a> garantizamos el derecho a la Ciudad. <a href=\"https:\/\/t.co\/f2t3qEr6q9\">https:\/\/t.co\/f2t3qEr6q9<\/a><\/p>&mdash; Claudia Sheinbaum Pardo (@Claudiashein) <a href=\"https:\/\/twitter.com\/Claudiashein\/status\/1434565015345016840?ref_src=twsrc%5Etfw\">September 5, 2021<\/a><\/blockquote><script async src=\"https:\/\/platform.twitter.com\/widgets.js\" charset=\"utf-8\"><\/script>\n<\/div><\/figure>\n\n\n\n<p>Sheinbaum record\u00f3 que la iniciativa de la escultura provino de un punto de acuerdo en el Senado de la rep\u00fablica y desde entonces han recibido cartas de apoyo por parte de diversas mujeres ind\u00edgenas.As\u00ed que nosotros somos la visi\u00f3n juarista, la visi\u00f3n de que los pueblos tienen derecho a gobernarse que se establece en el 39 y 40 de nuestra Constituci\u00f3n, y en esa perspectiva son dos visiones. El parque Cantera es la visi\u00f3n de lo p\u00fablico, de los derechos, la visi\u00f3n en donde queremos un M\u00e9xico en donde nos encontremos, en donde el recurso p\u00fablico sea para disminuir desigualdades, para atender a los m\u00e1s pobres&nbsp;, finaliz\u00f3.&nbsp;<\/p>\n\n\n\n<p>El 10 de octubre de 2020, el gobierno capitalino removi\u00f3 la estatua de Col\u00f3n de la glorieta ubicada en el cruce de las avenidas paseo de la reforma y Morelos con el objetivo de rehabilitarla y preservar el patrimonio cultural.<\/p>\n","protected":false},"excerpt":{"rendered":"<p>Por Redacci\u00f3n QP El escultor Pedro Reyes, es el encargado de realizar la nueva estatua&#8230;<\/p>\n","protected":false},"author":2,"featured_media":84389,"comment_status":"open","ping_status":"open","sticky":false,"template":"","format":"standard","meta":{"_monsterinsights_skip_tracking":false,"_monsterinsights_sitenote_active":false,"_monsterinsights_sitenote_note":"","_monsterinsights_sitenote_category":0,"footnotes":""},"categories":[55],"tags":[],"class_list":["post-84388","post","type-post","status-publish","format-standard","has-post-thumbnail","hentry","category-cdmx"],"yoast_head":"<!-- This site is optimized with the Yoast SEO plugin v27.3 - https:\/\/yoast.com\/product\/yoast-seo-wordpress\/ -->\n<title>Estatua de Col\u00f3n no regresar\u00e1 a Reforma en su lugar pondr\u00e1n a una mujer Olmeca -<\/title>\n<meta name=\"robots\" content=\"index, follow, max-snippet:-1, max-image-preview:large, max-video-preview:-1\" \/>\n<link rel=\"canonical\" href=\"https:\/\/quehacerpolitico.mx\/?p=84388\" \/>\n<meta property=\"og:locale\" content=\"es_MX\" \/>\n<meta property=\"og:type\" content=\"article\" \/>\n<meta property=\"og:title\" content=\"Estatua de Col\u00f3n no regresar\u00e1 a Reforma en su lugar pondr\u00e1n a una mujer Olmeca -\" \/>\n<meta property=\"og:description\" content=\"Por Redacci\u00f3n QP El escultor Pedro Reyes, es el encargado de realizar la nueva estatua...\" \/>\n<meta property=\"og:url\" content=\"https:\/\/quehacerpolitico.mx\/?p=84388\" \/>\n<meta property=\"article:published_time\" content=\"2021-09-06T03:38:47+00:00\" \/>\n<meta property=\"article:modified_time\" content=\"2021-09-06T03:38:49+00:00\" \/>\n<meta property=\"og:image\" content=\"https:\/\/quehacerpolitico.mx\/wp-content\/uploads\/2021\/09\/C4667A4F-B091-43F3-94DB-55AE0A3AF968.jpeg\" \/>\n\t<meta property=\"og:image:width\" content=\"739\" \/>\n\t<meta property=\"og:image:height\" content=\"415\" \/>\n\t<meta property=\"og:image:type\" content=\"image\/jpeg\" \/>\n<meta name=\"author\" content=\"Redacci\u00f3n QP\" \/>\n<meta name=\"twitter:card\" content=\"summary_large_image\" \/>\n<meta name=\"twitter:label1\" content=\"Escrito por\" \/>\n\t<meta name=\"twitter:data1\" content=\"Redacci\u00f3n QP\" \/>\n\t<meta name=\"twitter:label2\" content=\"Tiempo de lectura\" \/>\n\t<meta name=\"twitter:data2\" content=\"3 minutos\" \/>\n<script type=\"application\/ld+json\" class=\"yoast-schema-graph\">{\"@context\":\"https:\\\/\\\/schema.org\",\"@graph\":[{\"@type\":\"Article\",\"@id\":\"https:\\\/\\\/quehacerpolitico.mx\\\/?p=84388#article\",\"isPartOf\":{\"@id\":\"https:\\\/\\\/quehacerpolitico.mx\\\/?p=84388\"},\"author\":{\"name\":\"Redacci\u00f3n QP\",\"@id\":\"https:\\\/\\\/quehacerpolitico.mx\\\/#\\\/schema\\\/person\\\/496d8ad2d1d3f8036101dca7ee39e585\"},\"headline\":\"Estatua de Col\u00f3n no regresar\u00e1 a Reforma en su lugar pondr\u00e1n a una mujer Olmeca\",\"datePublished\":\"2021-09-06T03:38:47+00:00\",\"dateModified\":\"2021-09-06T03:38:49+00:00\",\"mainEntityOfPage\":{\"@id\":\"https:\\\/\\\/quehacerpolitico.mx\\\/?p=84388\"},\"wordCount\":545,\"commentCount\":0,\"image\":{\"@id\":\"https:\\\/\\\/quehacerpolitico.mx\\\/?p=84388#primaryimage\"},\"thumbnailUrl\":\"https:\\\/\\\/quehacerpolitico.mx\\\/wp-content\\\/uploads\\\/2021\\\/09\\\/C4667A4F-B091-43F3-94DB-55AE0A3AF968.jpeg\",\"articleSection\":[\"CDMX\"],\"inLanguage\":\"es\",\"potentialAction\":[{\"@type\":\"CommentAction\",\"name\":\"Comment\",\"target\":[\"https:\\\/\\\/quehacerpolitico.mx\\\/?p=84388#respond\"]}]},{\"@type\":\"WebPage\",\"@id\":\"https:\\\/\\\/quehacerpolitico.mx\\\/?p=84388\",\"url\":\"https:\\\/\\\/quehacerpolitico.mx\\\/?p=84388\",\"name\":\"Estatua de Col\u00f3n no regresar\u00e1 a Reforma en su lugar pondr\u00e1n a una mujer Olmeca -\",\"isPartOf\":{\"@id\":\"https:\\\/\\\/quehacerpolitico.mx\\\/#website\"},\"primaryImageOfPage\":{\"@id\":\"https:\\\/\\\/quehacerpolitico.mx\\\/?p=84388#primaryimage\"},\"image\":{\"@id\":\"https:\\\/\\\/quehacerpolitico.mx\\\/?p=84388#primaryimage\"},\"thumbnailUrl\":\"https:\\\/\\\/quehacerpolitico.mx\\\/wp-content\\\/uploads\\\/2021\\\/09\\\/C4667A4F-B091-43F3-94DB-55AE0A3AF968.jpeg\",\"datePublished\":\"2021-09-06T03:38:47+00:00\",\"dateModified\":\"2021-09-06T03:38:49+00:00\",\"author\":{\"@id\":\"https:\\\/\\\/quehacerpolitico.mx\\\/#\\\/schema\\\/person\\\/496d8ad2d1d3f8036101dca7ee39e585\"},\"breadcrumb\":{\"@id\":\"https:\\\/\\\/quehacerpolitico.mx\\\/?p=84388#breadcrumb\"},\"inLanguage\":\"es\",\"potentialAction\":[{\"@type\":\"ReadAction\",\"target\":[\"https:\\\/\\\/quehacerpolitico.mx\\\/?p=84388\"]}]},{\"@type\":\"ImageObject\",\"inLanguage\":\"es\",\"@id\":\"https:\\\/\\\/quehacerpolitico.mx\\\/?p=84388#primaryimage\",\"url\":\"https:\\\/\\\/quehacerpolitico.mx\\\/wp-content\\\/uploads\\\/2021\\\/09\\\/C4667A4F-B091-43F3-94DB-55AE0A3AF968.jpeg\",\"contentUrl\":\"https:\\\/\\\/quehacerpolitico.mx\\\/wp-content\\\/uploads\\\/2021\\\/09\\\/C4667A4F-B091-43F3-94DB-55AE0A3AF968.jpeg\",\"width\":739,\"height\":415},{\"@type\":\"BreadcrumbList\",\"@id\":\"https:\\\/\\\/quehacerpolitico.mx\\\/?p=84388#breadcrumb\",\"itemListElement\":[{\"@type\":\"ListItem\",\"position\":1,\"name\":\"Inicio\",\"item\":\"https:\\\/\\\/quehacerpolitico.mx\\\/\"},{\"@type\":\"ListItem\",\"position\":2,\"name\":\"Estatua de Col\u00f3n no regresar\u00e1 a Reforma en su lugar pondr\u00e1n a una mujer Olmeca\"}]},{\"@type\":\"WebSite\",\"@id\":\"https:\\\/\\\/quehacerpolitico.mx\\\/#website\",\"url\":\"https:\\\/\\\/quehacerpolitico.mx\\\/\",\"name\":\"\",\"description\":\"\",\"potentialAction\":[{\"@type\":\"SearchAction\",\"target\":{\"@type\":\"EntryPoint\",\"urlTemplate\":\"https:\\\/\\\/quehacerpolitico.mx\\\/?s={search_term_string}\"},\"query-input\":{\"@type\":\"PropertyValueSpecification\",\"valueRequired\":true,\"valueName\":\"search_term_string\"}}],\"inLanguage\":\"es\"},{\"@type\":\"Person\",\"@id\":\"https:\\\/\\\/quehacerpolitico.mx\\\/#\\\/schema\\\/person\\\/496d8ad2d1d3f8036101dca7ee39e585\",\"name\":\"Redacci\u00f3n QP\",\"image\":{\"@type\":\"ImageObject\",\"inLanguage\":\"es\",\"@id\":\"https:\\\/\\\/secure.gravatar.com\\\/avatar\\\/c7164ed6fdec453195284ad24a5ae5b6e1eed2b848477fa2a4787ba9adf39a41?s=96&d=mm&r=g\",\"url\":\"https:\\\/\\\/secure.gravatar.com\\\/avatar\\\/c7164ed6fdec453195284ad24a5ae5b6e1eed2b848477fa2a4787ba9adf39a41?s=96&d=mm&r=g\",\"contentUrl\":\"https:\\\/\\\/secure.gravatar.com\\\/avatar\\\/c7164ed6fdec453195284ad24a5ae5b6e1eed2b848477fa2a4787ba9adf39a41?s=96&d=mm&r=g\",\"caption\":\"Redacci\u00f3n QP\"},\"url\":\"https:\\\/\\\/quehacerpolitico.mx\\\/?author=2\"}]}<\/script>\n<!-- \/ Yoast SEO plugin. -->","yoast_head_json":{"title":"Estatua de Col\u00f3n no regresar\u00e1 a Reforma en su lugar pondr\u00e1n a una mujer Olmeca -","robots":{"index":"index","follow":"follow","max-snippet":"max-snippet:-1","max-image-preview":"max-image-preview:large","max-video-preview":"max-video-preview:-1"},"canonical":"https:\/\/quehacerpolitico.mx\/?p=84388","og_locale":"es_MX","og_type":"article","og_title":"Estatua de Col\u00f3n no regresar\u00e1 a Reforma en su lugar pondr\u00e1n a una mujer Olmeca -","og_description":"Por Redacci\u00f3n QP El escultor Pedro Reyes, es el encargado de realizar la nueva estatua...","og_url":"https:\/\/quehacerpolitico.mx\/?p=84388","article_published_time":"2021-09-06T03:38:47+00:00","article_modified_time":"2021-09-06T03:38:49+00:00","og_image":[{"width":739,"height":415,"url":"https:\/\/quehacerpolitico.mx\/wp-content\/uploads\/2021\/09\/C4667A4F-B091-43F3-94DB-55AE0A3AF968.jpeg","type":"image\/jpeg"}],"author":"Redacci\u00f3n QP","twitter_card":"summary_large_image","twitter_misc":{"Escrito por":"Redacci\u00f3n QP","Tiempo de lectura":"3 minutos"},"schema":{"@context":"https:\/\/schema.org","@graph":[{"@type":"Article","@id":"https:\/\/quehacerpolitico.mx\/?p=84388#article","isPartOf":{"@id":"https:\/\/quehacerpolitico.mx\/?p=84388"},"author":{"name":"Redacci\u00f3n QP","@id":"https:\/\/quehacerpolitico.mx\/#\/schema\/person\/496d8ad2d1d3f8036101dca7ee39e585"},"headline":"Estatua de Col\u00f3n no regresar\u00e1 a Reforma en su lugar pondr\u00e1n a una mujer Olmeca","datePublished":"2021-09-06T03:38:47+00:00","dateModified":"2021-09-06T03:38:49+00:00","mainEntityOfPage":{"@id":"https:\/\/quehacerpolitico.mx\/?p=84388"},"wordCount":545,"commentCount":0,"image":{"@id":"https:\/\/quehacerpolitico.mx\/?p=84388#primaryimage"},"thumbnailUrl":"https:\/\/quehacerpolitico.mx\/wp-content\/uploads\/2021\/09\/C4667A4F-B091-43F3-94DB-55AE0A3AF968.jpeg","articleSection":["CDMX"],"inLanguage":"es","potentialAction":[{"@type":"CommentAction","name":"Comment","target":["https:\/\/quehacerpolitico.mx\/?p=84388#respond"]}]},{"@type":"WebPage","@id":"https:\/\/quehacerpolitico.mx\/?p=84388","url":"https:\/\/quehacerpolitico.mx\/?p=84388","name":"Estatua de Col\u00f3n no regresar\u00e1 a Reforma en su lugar pondr\u00e1n a una mujer Olmeca -","isPartOf":{"@id":"https:\/\/quehacerpolitico.mx\/#website"},"primaryImageOfPage":{"@id":"https:\/\/quehacerpolitico.mx\/?p=84388#primaryimage"},"image":{"@id":"https:\/\/quehacerpolitico.mx\/?p=84388#primaryimage"},"thumbnailUrl":"https:\/\/quehacerpolitico.mx\/wp-content\/uploads\/2021\/09\/C4667A4F-B091-43F3-94DB-55AE0A3AF968.jpeg","datePublished":"2021-09-06T03:38:47+00:00","dateModified":"2021-09-06T03:38:49+00:00","author":{"@id":"https:\/\/quehacerpolitico.mx\/#\/schema\/person\/496d8ad2d1d3f8036101dca7ee39e585"},"breadcrumb":{"@id":"https:\/\/quehacerpolitico.mx\/?p=84388#breadcrumb"},"inLanguage":"es","potentialAction":[{"@type":"ReadAction","target":["https:\/\/quehacerpolitico.mx\/?p=84388"]}]},{"@type":"ImageObject","inLanguage":"es","@id":"https:\/\/quehacerpolitico.mx\/?p=84388#primaryimage","url":"https:\/\/quehacerpolitico.mx\/wp-content\/uploads\/2021\/09\/C4667A4F-B091-43F3-94DB-55AE0A3AF968.jpeg","contentUrl":"https:\/\/quehacerpolitico.mx\/wp-content\/uploads\/2021\/09\/C4667A4F-B091-43F3-94DB-55AE0A3AF968.jpeg","width":739,"height":415},{"@type":"BreadcrumbList","@id":"https:\/\/quehacerpolitico.mx\/?p=84388#breadcrumb","itemListElement":[{"@type":"ListItem","position":1,"name":"Inicio","item":"https:\/\/quehacerpolitico.mx\/"},{"@type":"ListItem","position":2,"name":"Estatua de Col\u00f3n no regresar\u00e1 a Reforma en su lugar pondr\u00e1n a una mujer Olmeca"}]},{"@type":"WebSite","@id":"https:\/\/quehacerpolitico.mx\/#website","url":"https:\/\/quehacerpolitico.mx\/","name":"","description":"","potentialAction":[{"@type":"SearchAction","target":{"@type":"EntryPoint","urlTemplate":"https:\/\/quehacerpolitico.mx\/?s={search_term_string}"},"query-input":{"@type":"PropertyValueSpecification","valueRequired":true,"valueName":"search_term_string"}}],"inLanguage":"es"},{"@type":"Person","@id":"https:\/\/quehacerpolitico.mx\/#\/schema\/person\/496d8ad2d1d3f8036101dca7ee39e585","name":"Redacci\u00f3n QP","image":{"@type":"ImageObject","inLanguage":"es","@id":"https:\/\/secure.gravatar.com\/avatar\/c7164ed6fdec453195284ad24a5ae5b6e1eed2b848477fa2a4787ba9adf39a41?s=96&d=mm&r=g","url":"https:\/\/secure.gravatar.com\/avatar\/c7164ed6fdec453195284ad24a5ae5b6e1eed2b848477fa2a4787ba9adf39a41?s=96&d=mm&r=g","contentUrl":"https:\/\/secure.gravatar.com\/avatar\/c7164ed6fdec453195284ad24a5ae5b6e1eed2b848477fa2a4787ba9adf39a41?s=96&d=mm&r=g","caption":"Redacci\u00f3n QP"},"url":"https:\/\/quehacerpolitico.mx\/?author=2"}]}},"featured_image_urls":{"full":["https:\/\/quehacerpolitico.mx\/wp-content\/uploads\/2021\/09\/C4667A4F-B091-43F3-94DB-55AE0A3AF968.jpeg",739,415,false],"thumbnail":["https:\/\/quehacerpolitico.mx\/wp-content\/uploads\/2021\/09\/C4667A4F-B091-43F3-94DB-55AE0A3AF968-150x150.jpeg",150,150,true],"medium":["https:\/\/quehacerpolitico.mx\/wp-content\/uploads\/2021\/09\/C4667A4F-B091-43F3-94DB-55AE0A3AF968-300x168.jpeg",300,168,true],"medium_large":["https:\/\/quehacerpolitico.mx\/wp-content\/uploads\/2021\/09\/C4667A4F-B091-43F3-94DB-55AE0A3AF968.jpeg",640,359,false],"large":["https:\/\/quehacerpolitico.mx\/wp-content\/uploads\/2021\/09\/C4667A4F-B091-43F3-94DB-55AE0A3AF968.jpeg",640,359,false],"1536x1536":["https:\/\/quehacerpolitico.mx\/wp-content\/uploads\/2021\/09\/C4667A4F-B091-43F3-94DB-55AE0A3AF968.jpeg",739,415,false],"2048x2048":["https:\/\/quehacerpolitico.mx\/wp-content\/uploads\/2021\/09\/C4667A4F-B091-43F3-94DB-55AE0A3AF968.jpeg",739,415,false],"covernews-featured":["https:\/\/quehacerpolitico.mx\/wp-content\/uploads\/2021\/09\/C4667A4F-B091-43F3-94DB-55AE0A3AF968.jpeg",739,415,false],"covernews-medium":["https:\/\/quehacerpolitico.mx\/wp-content\/uploads\/2021\/09\/C4667A4F-B091-43F3-94DB-55AE0A3AF968.jpeg",540,303,false]},"author_info":{"display_name":"Redacci\u00f3n QP","author_link":"https:\/\/quehacerpolitico.mx\/?author=2"},"category_info":"<a href=\"https:\/\/quehacerpolitico.mx\/?cat=55\" rel=\"category\">CDMX<\/a>","tag_info":"CDMX","comment_count":"0","_links":{"self":[{"href":"https:\/\/quehacerpolitico.mx\/index.php?rest_route=\/wp\/v2\/posts\/84388","targetHints":{"allow":["GET"]}}],"collection":[{"href":"https:\/\/quehacerpolitico.mx\/index.php?rest_route=\/wp\/v2\/posts"}],"about":[{"href":"https:\/\/quehacerpolitico.mx\/index.php?rest_route=\/wp\/v2\/types\/post"}],"author":[{"embeddable":true,"href":"https:\/\/quehacerpolitico.mx\/index.php?rest_route=\/wp\/v2\/users\/2"}],"replies":[{"embeddable":true,"href":"https:\/\/quehacerpolitico.mx\/index.php?rest_route=%2Fwp%2Fv2%2Fcomments&post=84388"}],"version-history":[{"count":1,"href":"https:\/\/quehacerpolitico.mx\/index.php?rest_route=\/wp\/v2\/posts\/84388\/revisions"}],"predecessor-version":[{"id":84390,"href":"https:\/\/quehacerpolitico.mx\/index.php?rest_route=\/wp\/v2\/posts\/84388\/revisions\/84390"}],"wp:featuredmedia":[{"embeddable":true,"href":"https:\/\/quehacerpolitico.mx\/index.php?rest_route=\/wp\/v2\/media\/84389"}],"wp:attachment":[{"href":"https:\/\/quehacerpolitico.mx\/index.php?rest_route=%2Fwp%2Fv2%2Fmedia&parent=84388"}],"wp:term":[{"taxonomy":"category","embeddable":true,"href":"https:\/\/quehacerpolitico.mx\/index.php?rest_route=%2Fwp%2Fv2%2Fcategories&post=84388"},{"taxonomy":"post_tag","embeddable":true,"href":"https:\/\/quehacerpolitico.mx\/index.php?rest_route=%2Fwp%2Fv2%2Ftags&post=84388"}],"curies":[{"name":"wp","href":"https:\/\/api.w.org\/{rel}","templated":true}]}}