{"id":84365,"date":"2021-09-05T19:18:05","date_gmt":"2021-09-05T19:18:05","guid":{"rendered":"https:\/\/quehacerpolitico.mx\/?p=84365"},"modified":"2021-09-05T19:18:07","modified_gmt":"2021-09-05T19:18:07","slug":"el-ezln-pide-detener-caceria-contra-migrantes-centroamericanos-en-chiapas","status":"publish","type":"post","link":"https:\/\/quehacerpolitico.mx\/?p=84365","title":{"rendered":"El EZLN pide &#8220;detener cacer\u00eda&#8221; contra migrantes centroamericanos en Chiapas"},"content":{"rendered":"\n<p>Por Redacci\u00f3n QP<\/p>\n\n\n\n<p>El Ej\u00e9rcito Zapatista critic\u00f3 duramente al Gobierno mexicano por el &#8220;trato inhumano&#8221; que brindan a los migrantes<\/p>\n\n\n\n<figure class=\"wp-block-image\"><img decoding=\"async\" src=\"https:\/\/www.informador.mx\/__export\/1630853114717\/sites\/elinformador\/img\/2021\/09\/05\/caravana_migrantes_afp.jpg_788543494.jpg\" alt=\"null\"\/><\/figure>\n\n\n\n<p>El Ej\u00e9rcito Zapatista de Liberaci\u00f3n Nacional (EZLN) hizo un llamado global a &#8220;detener la cacer\u00eda&#8221; emprendida por el Instituto Nacional de Migraci\u00f3n (INM) y la Guardia Nacional (GN) contra migrantes centroamericanos en la frontera sur, en el contexto de la cuarta caravana que este s\u00e1bado sali\u00f3 de Tapachula al norte del pa\u00eds.<\/p>\n\n\n\n<p>El comunicado, suscrito por los subcomandantes Mois\u00e9s y Galeano, llam\u00f3 adem\u00e1s a la Sexta Nacional, a las Redes en Resistencia y Rebeld\u00eda, al colectivo &#8220;Lleg\u00f3 la Hora de los Pueblos&#8221;, a las organizaciones no gubernamentales y a &#8220;las personas de buena voluntad&#8221; a que apoyen para mejorar las condiciones de vida de la poblaci\u00f3n migrante en M\u00e9xico.<\/p>\n\n\n\n<p>Las comunidades originarias zapatistas, indic\u00f3, a trav\u00e9s de sus 12 Juntas de Buen Gobierno y la Comisi\u00f3n Sexta Zapatista,\u00a0<strong>reunieron una modesta cantidad de dinero que se aportar\u00e1 a alguno de los albergues u organizaciones que realizan trabajo humanitario con\u00a0migrantes\u00a0en Chiapas<\/strong>.<\/p>\n\n\n\n<p>El EZLN expuso que en d\u00edas recientes han sido testigos del &#8220;trato inhumano&#8221; que el Estado mexicano da a los migrantes que tratan de salir &#8220;de la trampa, muda e invisible, en la que se encuentran&#8221; en Tapachula.<\/p>\n\n\n\n<p>Ocurre, asegur\u00f3, que como en los gobiernos anteriores al actual, a las denuncias y reclamos ciudadanos por &#8220;esas crueldades&#8221;, el Gobierno mexicano promete sanciones a los &#8220;excesos&#8221; cometidos por agentes del INM&#8221;.<\/p>\n\n\n\n<figure class=\"wp-block-embed is-type-video is-provider-youtube wp-block-embed-youtube wp-embed-aspect-16-9 wp-has-aspect-ratio\"><div class=\"wp-block-embed__wrapper\">\n<iframe loading=\"lazy\" title=\"Avanza cuarta caravana migrante rumbo a Estados Unidos\" width=\"640\" height=\"360\" src=\"https:\/\/www.youtube.com\/embed\/dCf8dR3gPEc?feature=oembed\" frameborder=\"0\" allow=\"accelerometer; autoplay; clipboard-write; encrypted-media; gyroscope; picture-in-picture; web-share\" referrerpolicy=\"strict-origin-when-cross-origin\" allowfullscreen><\/iframe>\n<\/div><\/figure>\n\n\n\n<p>Pero sucede, que &#8220;la promesa no es sino una mentira m\u00e1s&#8221;; a los agentes se les dice que &#8220;eso se dir\u00e1 p\u00fablicamente, para evitar la presi\u00f3n de la llamada opini\u00f3n p\u00fablica&#8221;,&nbsp;<strong>pero que deben seguir con sus m\u00e9todos de &#8220;cacer\u00eda humana sin temer las consecuencias&#8221;<\/strong>.<\/p>\n\n\n\n<p>Es decir, ning\u00fan migrante debe ir m\u00e1s all\u00e1 de Chiapas&#8221;, se\u00f1al\u00f3, despu\u00e9s de que este jueves agentes de la GN y del INM desarticularon la tercera caravana.<\/p>\n\n\n\n<p>Incluso, afirm\u00f3 la organizaci\u00f3n ind\u00edgena, que hasta entre los elementos de la GN existe descontento, porque les dijeron que su misi\u00f3n iba a ser combatir al crimen organizado, y ahora &#8220;los tienen como perros de presa persiguiendo a personas de piel oscura&#8221;.<\/p>\n\n\n\n<blockquote class=\"wp-block-quote is-layout-flow wp-block-quote-is-layout-flow\"><p>&#8220;\u00c9sa es la instrucci\u00f3n: cazar a toda persona con piel de color oscuro: Detengan a cualquier pinche negro que topen, es la orden. Es toda una declaraci\u00f3n de pol\u00edtica exterior&#8221;<\/p><\/blockquote>\n\n\n\n<p>Resulta que el adoctrinamiento de los agentes de Migraci\u00f3n, acus\u00f3 el grupo rebelde, &#8220;raya en lo rid\u00edculo&#8221;. Les dicen, a\u00f1adi\u00f3, que est\u00e1n defendiendo a M\u00e9xico de &#8220;una invasi\u00f3n, como declar\u00f3 con desparpajo una funcionaria del INM&#8221;.<\/p>\n\n\n\n<p>As\u00ed que &#8220;no le har\u00eda mal&#8221; al INM tomar unas clases b\u00e1sicas de historia \u2013&#8221;ahora que hay vuelta a clases&#8221;- para entender que, quienes &#8220;invaden&#8221;, son del gobierno de Estados Unidos &#8220;que impone&#8221; esa pol\u00edtica migratoria que contradice la historia de pol\u00edtica exterior del Estado mexicano, argument\u00f3.<\/p>\n\n\n\n<p>Las maniobras del INM para &#8220;encapsular&#8221; a las organizaciones de derechos humanos y a la prensa, para que no documenten sus acciones, recuerdan al gobierno de Carlos Salinas de Gortari, en los primeros d\u00edas de 1994.<\/p>\n\n\n\n<p>Luego,&nbsp;<strong>el EZLN cuestion\u00f3 que &#8220;bastante verg\u00fcenza&#8221; causa que un gobierno, que se dice progresista, se pliegue a la pol\u00edtica exterior de Estados Unidos<\/strong>, como para agregar &#8220;el remedo&#8221; que hace de lo que los finqueros chiapanecos, todav\u00eda hace apenas unos a\u00f1os, hac\u00edan para someter a sus peones.<\/p>\n\n\n\n<p>Ante ese escenario, el Ej\u00e9rcito Zapatista llam\u00f3 a toda persona honesta y sensible para que exija que esa situaci\u00f3n se detenga, y a que, en la medida de las posibilidades de cada quien, se brinde ayuda humanitaria a los migrantes.<\/p>\n\n\n\n<p>Ya que as\u00ed como esos migrantes y &#8220;nosotros extempor\u00e1neos&#8221;, un d\u00eda llegar\u00e1 que todos seamos migrantes y extempor\u00e1neos en este planeta.<\/p>\n\n\n\n<p>Y todo quien no tenga &#8220;el color del dinero&#8221;, ser\u00e1 perseguido, &#8220;cazado&#8221;, confinado, &#8220;desaparecido&#8221;, &#8220;eliminado&#8221;, alert\u00f3.<\/p>\n\n\n\n<p>Con Informaci\u00f3n de SUN <\/p>\n","protected":false},"excerpt":{"rendered":"<p>Por Redacci\u00f3n QP El Ej\u00e9rcito Zapatista critic\u00f3 duramente al Gobierno mexicano por el &#8220;trato inhumano&#8221;&#8230;<\/p>\n","protected":false},"author":2,"featured_media":84366,"comment_status":"open","ping_status":"open","sticky":false,"template":"","format":"standard","meta":{"_monsterinsights_skip_tracking":false,"_monsterinsights_sitenote_active":false,"_monsterinsights_sitenote_note":"","_monsterinsights_sitenote_category":0,"footnotes":""},"categories":[2],"tags":[],"class_list":["post-84365","post","type-post","status-publish","format-standard","has-post-thumbnail","hentry","category-noticias"],"yoast_head":"<!-- This site is optimized with the Yoast SEO plugin v27.3 - https:\/\/yoast.com\/product\/yoast-seo-wordpress\/ -->\n<title>El EZLN pide &quot;detener cacer\u00eda&quot; contra migrantes centroamericanos en Chiapas -<\/title>\n<meta name=\"robots\" content=\"index, follow, max-snippet:-1, max-image-preview:large, max-video-preview:-1\" \/>\n<link rel=\"canonical\" href=\"https:\/\/quehacerpolitico.mx\/?p=84365\" \/>\n<meta property=\"og:locale\" content=\"es_MX\" \/>\n<meta property=\"og:type\" content=\"article\" \/>\n<meta property=\"og:title\" content=\"El EZLN pide &quot;detener cacer\u00eda&quot; contra migrantes centroamericanos en Chiapas -\" \/>\n<meta property=\"og:description\" content=\"Por Redacci\u00f3n QP El Ej\u00e9rcito Zapatista critic\u00f3 duramente al Gobierno mexicano por el &#8220;trato inhumano&#8221;...\" \/>\n<meta property=\"og:url\" content=\"https:\/\/quehacerpolitico.mx\/?p=84365\" \/>\n<meta property=\"article:published_time\" content=\"2021-09-05T19:18:05+00:00\" \/>\n<meta property=\"article:modified_time\" content=\"2021-09-05T19:18:07+00:00\" \/>\n<meta property=\"og:image\" content=\"https:\/\/quehacerpolitico.mx\/wp-content\/uploads\/2021\/09\/C18CB9B0-A900-4E43-BFA6-8B366E6587EA.jpeg\" \/>\n\t<meta property=\"og:image:width\" content=\"1092\" \/>\n\t<meta property=\"og:image:height\" content=\"688\" \/>\n\t<meta property=\"og:image:type\" content=\"image\/jpeg\" \/>\n<meta name=\"author\" content=\"Redacci\u00f3n QP\" \/>\n<meta name=\"twitter:card\" content=\"summary_large_image\" \/>\n<meta name=\"twitter:label1\" content=\"Escrito por\" \/>\n\t<meta name=\"twitter:data1\" content=\"Redacci\u00f3n QP\" \/>\n\t<meta name=\"twitter:label2\" content=\"Tiempo de lectura\" \/>\n\t<meta name=\"twitter:data2\" content=\"3 minutos\" \/>\n<script type=\"application\/ld+json\" class=\"yoast-schema-graph\">{\"@context\":\"https:\\\/\\\/schema.org\",\"@graph\":[{\"@type\":\"Article\",\"@id\":\"https:\\\/\\\/quehacerpolitico.mx\\\/?p=84365#article\",\"isPartOf\":{\"@id\":\"https:\\\/\\\/quehacerpolitico.mx\\\/?p=84365\"},\"author\":{\"name\":\"Redacci\u00f3n QP\",\"@id\":\"https:\\\/\\\/quehacerpolitico.mx\\\/#\\\/schema\\\/person\\\/496d8ad2d1d3f8036101dca7ee39e585\"},\"headline\":\"El EZLN pide &#8220;detener cacer\u00eda&#8221; contra migrantes centroamericanos en Chiapas\",\"datePublished\":\"2021-09-05T19:18:05+00:00\",\"dateModified\":\"2021-09-05T19:18:07+00:00\",\"mainEntityOfPage\":{\"@id\":\"https:\\\/\\\/quehacerpolitico.mx\\\/?p=84365\"},\"wordCount\":707,\"commentCount\":0,\"image\":{\"@id\":\"https:\\\/\\\/quehacerpolitico.mx\\\/?p=84365#primaryimage\"},\"thumbnailUrl\":\"https:\\\/\\\/quehacerpolitico.mx\\\/wp-content\\\/uploads\\\/2021\\\/09\\\/C18CB9B0-A900-4E43-BFA6-8B366E6587EA.jpeg\",\"articleSection\":[\"Noticias\"],\"inLanguage\":\"es\",\"potentialAction\":[{\"@type\":\"CommentAction\",\"name\":\"Comment\",\"target\":[\"https:\\\/\\\/quehacerpolitico.mx\\\/?p=84365#respond\"]}]},{\"@type\":\"WebPage\",\"@id\":\"https:\\\/\\\/quehacerpolitico.mx\\\/?p=84365\",\"url\":\"https:\\\/\\\/quehacerpolitico.mx\\\/?p=84365\",\"name\":\"El EZLN pide \\\"detener cacer\u00eda\\\" contra migrantes centroamericanos en Chiapas -\",\"isPartOf\":{\"@id\":\"https:\\\/\\\/quehacerpolitico.mx\\\/#website\"},\"primaryImageOfPage\":{\"@id\":\"https:\\\/\\\/quehacerpolitico.mx\\\/?p=84365#primaryimage\"},\"image\":{\"@id\":\"https:\\\/\\\/quehacerpolitico.mx\\\/?p=84365#primaryimage\"},\"thumbnailUrl\":\"https:\\\/\\\/quehacerpolitico.mx\\\/wp-content\\\/uploads\\\/2021\\\/09\\\/C18CB9B0-A900-4E43-BFA6-8B366E6587EA.jpeg\",\"datePublished\":\"2021-09-05T19:18:05+00:00\",\"dateModified\":\"2021-09-05T19:18:07+00:00\",\"author\":{\"@id\":\"https:\\\/\\\/quehacerpolitico.mx\\\/#\\\/schema\\\/person\\\/496d8ad2d1d3f8036101dca7ee39e585\"},\"breadcrumb\":{\"@id\":\"https:\\\/\\\/quehacerpolitico.mx\\\/?p=84365#breadcrumb\"},\"inLanguage\":\"es\",\"potentialAction\":[{\"@type\":\"ReadAction\",\"target\":[\"https:\\\/\\\/quehacerpolitico.mx\\\/?p=84365\"]}]},{\"@type\":\"ImageObject\",\"inLanguage\":\"es\",\"@id\":\"https:\\\/\\\/quehacerpolitico.mx\\\/?p=84365#primaryimage\",\"url\":\"https:\\\/\\\/quehacerpolitico.mx\\\/wp-content\\\/uploads\\\/2021\\\/09\\\/C18CB9B0-A900-4E43-BFA6-8B366E6587EA.jpeg\",\"contentUrl\":\"https:\\\/\\\/quehacerpolitico.mx\\\/wp-content\\\/uploads\\\/2021\\\/09\\\/C18CB9B0-A900-4E43-BFA6-8B366E6587EA.jpeg\",\"width\":1092,\"height\":688},{\"@type\":\"BreadcrumbList\",\"@id\":\"https:\\\/\\\/quehacerpolitico.mx\\\/?p=84365#breadcrumb\",\"itemListElement\":[{\"@type\":\"ListItem\",\"position\":1,\"name\":\"Inicio\",\"item\":\"https:\\\/\\\/quehacerpolitico.mx\\\/\"},{\"@type\":\"ListItem\",\"position\":2,\"name\":\"El EZLN pide &#8220;detener cacer\u00eda&#8221; contra migrantes centroamericanos en Chiapas\"}]},{\"@type\":\"WebSite\",\"@id\":\"https:\\\/\\\/quehacerpolitico.mx\\\/#website\",\"url\":\"https:\\\/\\\/quehacerpolitico.mx\\\/\",\"name\":\"\",\"description\":\"\",\"potentialAction\":[{\"@type\":\"SearchAction\",\"target\":{\"@type\":\"EntryPoint\",\"urlTemplate\":\"https:\\\/\\\/quehacerpolitico.mx\\\/?s={search_term_string}\"},\"query-input\":{\"@type\":\"PropertyValueSpecification\",\"valueRequired\":true,\"valueName\":\"search_term_string\"}}],\"inLanguage\":\"es\"},{\"@type\":\"Person\",\"@id\":\"https:\\\/\\\/quehacerpolitico.mx\\\/#\\\/schema\\\/person\\\/496d8ad2d1d3f8036101dca7ee39e585\",\"name\":\"Redacci\u00f3n QP\",\"image\":{\"@type\":\"ImageObject\",\"inLanguage\":\"es\",\"@id\":\"https:\\\/\\\/secure.gravatar.com\\\/avatar\\\/c7164ed6fdec453195284ad24a5ae5b6e1eed2b848477fa2a4787ba9adf39a41?s=96&d=mm&r=g\",\"url\":\"https:\\\/\\\/secure.gravatar.com\\\/avatar\\\/c7164ed6fdec453195284ad24a5ae5b6e1eed2b848477fa2a4787ba9adf39a41?s=96&d=mm&r=g\",\"contentUrl\":\"https:\\\/\\\/secure.gravatar.com\\\/avatar\\\/c7164ed6fdec453195284ad24a5ae5b6e1eed2b848477fa2a4787ba9adf39a41?s=96&d=mm&r=g\",\"caption\":\"Redacci\u00f3n QP\"},\"url\":\"https:\\\/\\\/quehacerpolitico.mx\\\/?author=2\"}]}<\/script>\n<!-- \/ Yoast SEO plugin. -->","yoast_head_json":{"title":"El EZLN pide \"detener cacer\u00eda\" contra migrantes centroamericanos en Chiapas -","robots":{"index":"index","follow":"follow","max-snippet":"max-snippet:-1","max-image-preview":"max-image-preview:large","max-video-preview":"max-video-preview:-1"},"canonical":"https:\/\/quehacerpolitico.mx\/?p=84365","og_locale":"es_MX","og_type":"article","og_title":"El EZLN pide \"detener cacer\u00eda\" contra migrantes centroamericanos en Chiapas -","og_description":"Por Redacci\u00f3n QP El Ej\u00e9rcito Zapatista critic\u00f3 duramente al Gobierno mexicano por el &#8220;trato inhumano&#8221;...","og_url":"https:\/\/quehacerpolitico.mx\/?p=84365","article_published_time":"2021-09-05T19:18:05+00:00","article_modified_time":"2021-09-05T19:18:07+00:00","og_image":[{"width":1092,"height":688,"url":"https:\/\/quehacerpolitico.mx\/wp-content\/uploads\/2021\/09\/C18CB9B0-A900-4E43-BFA6-8B366E6587EA.jpeg","type":"image\/jpeg"}],"author":"Redacci\u00f3n QP","twitter_card":"summary_large_image","twitter_misc":{"Escrito por":"Redacci\u00f3n QP","Tiempo de lectura":"3 minutos"},"schema":{"@context":"https:\/\/schema.org","@graph":[{"@type":"Article","@id":"https:\/\/quehacerpolitico.mx\/?p=84365#article","isPartOf":{"@id":"https:\/\/quehacerpolitico.mx\/?p=84365"},"author":{"name":"Redacci\u00f3n QP","@id":"https:\/\/quehacerpolitico.mx\/#\/schema\/person\/496d8ad2d1d3f8036101dca7ee39e585"},"headline":"El EZLN pide &#8220;detener cacer\u00eda&#8221; contra migrantes centroamericanos en Chiapas","datePublished":"2021-09-05T19:18:05+00:00","dateModified":"2021-09-05T19:18:07+00:00","mainEntityOfPage":{"@id":"https:\/\/quehacerpolitico.mx\/?p=84365"},"wordCount":707,"commentCount":0,"image":{"@id":"https:\/\/quehacerpolitico.mx\/?p=84365#primaryimage"},"thumbnailUrl":"https:\/\/quehacerpolitico.mx\/wp-content\/uploads\/2021\/09\/C18CB9B0-A900-4E43-BFA6-8B366E6587EA.jpeg","articleSection":["Noticias"],"inLanguage":"es","potentialAction":[{"@type":"CommentAction","name":"Comment","target":["https:\/\/quehacerpolitico.mx\/?p=84365#respond"]}]},{"@type":"WebPage","@id":"https:\/\/quehacerpolitico.mx\/?p=84365","url":"https:\/\/quehacerpolitico.mx\/?p=84365","name":"El EZLN pide \"detener cacer\u00eda\" contra migrantes centroamericanos en Chiapas -","isPartOf":{"@id":"https:\/\/quehacerpolitico.mx\/#website"},"primaryImageOfPage":{"@id":"https:\/\/quehacerpolitico.mx\/?p=84365#primaryimage"},"image":{"@id":"https:\/\/quehacerpolitico.mx\/?p=84365#primaryimage"},"thumbnailUrl":"https:\/\/quehacerpolitico.mx\/wp-content\/uploads\/2021\/09\/C18CB9B0-A900-4E43-BFA6-8B366E6587EA.jpeg","datePublished":"2021-09-05T19:18:05+00:00","dateModified":"2021-09-05T19:18:07+00:00","author":{"@id":"https:\/\/quehacerpolitico.mx\/#\/schema\/person\/496d8ad2d1d3f8036101dca7ee39e585"},"breadcrumb":{"@id":"https:\/\/quehacerpolitico.mx\/?p=84365#breadcrumb"},"inLanguage":"es","potentialAction":[{"@type":"ReadAction","target":["https:\/\/quehacerpolitico.mx\/?p=84365"]}]},{"@type":"ImageObject","inLanguage":"es","@id":"https:\/\/quehacerpolitico.mx\/?p=84365#primaryimage","url":"https:\/\/quehacerpolitico.mx\/wp-content\/uploads\/2021\/09\/C18CB9B0-A900-4E43-BFA6-8B366E6587EA.jpeg","contentUrl":"https:\/\/quehacerpolitico.mx\/wp-content\/uploads\/2021\/09\/C18CB9B0-A900-4E43-BFA6-8B366E6587EA.jpeg","width":1092,"height":688},{"@type":"BreadcrumbList","@id":"https:\/\/quehacerpolitico.mx\/?p=84365#breadcrumb","itemListElement":[{"@type":"ListItem","position":1,"name":"Inicio","item":"https:\/\/quehacerpolitico.mx\/"},{"@type":"ListItem","position":2,"name":"El EZLN pide &#8220;detener cacer\u00eda&#8221; contra migrantes centroamericanos en Chiapas"}]},{"@type":"WebSite","@id":"https:\/\/quehacerpolitico.mx\/#website","url":"https:\/\/quehacerpolitico.mx\/","name":"","description":"","potentialAction":[{"@type":"SearchAction","target":{"@type":"EntryPoint","urlTemplate":"https:\/\/quehacerpolitico.mx\/?s={search_term_string}"},"query-input":{"@type":"PropertyValueSpecification","valueRequired":true,"valueName":"search_term_string"}}],"inLanguage":"es"},{"@type":"Person","@id":"https:\/\/quehacerpolitico.mx\/#\/schema\/person\/496d8ad2d1d3f8036101dca7ee39e585","name":"Redacci\u00f3n QP","image":{"@type":"ImageObject","inLanguage":"es","@id":"https:\/\/secure.gravatar.com\/avatar\/c7164ed6fdec453195284ad24a5ae5b6e1eed2b848477fa2a4787ba9adf39a41?s=96&d=mm&r=g","url":"https:\/\/secure.gravatar.com\/avatar\/c7164ed6fdec453195284ad24a5ae5b6e1eed2b848477fa2a4787ba9adf39a41?s=96&d=mm&r=g","contentUrl":"https:\/\/secure.gravatar.com\/avatar\/c7164ed6fdec453195284ad24a5ae5b6e1eed2b848477fa2a4787ba9adf39a41?s=96&d=mm&r=g","caption":"Redacci\u00f3n QP"},"url":"https:\/\/quehacerpolitico.mx\/?author=2"}]}},"featured_image_urls":{"full":["https:\/\/quehacerpolitico.mx\/wp-content\/uploads\/2021\/09\/C18CB9B0-A900-4E43-BFA6-8B366E6587EA.jpeg",1092,688,false],"thumbnail":["https:\/\/quehacerpolitico.mx\/wp-content\/uploads\/2021\/09\/C18CB9B0-A900-4E43-BFA6-8B366E6587EA-150x150.jpeg",150,150,true],"medium":["https:\/\/quehacerpolitico.mx\/wp-content\/uploads\/2021\/09\/C18CB9B0-A900-4E43-BFA6-8B366E6587EA-300x189.jpeg",300,189,true],"medium_large":["https:\/\/quehacerpolitico.mx\/wp-content\/uploads\/2021\/09\/C18CB9B0-A900-4E43-BFA6-8B366E6587EA-768x484.jpeg",640,403,true],"large":["https:\/\/quehacerpolitico.mx\/wp-content\/uploads\/2021\/09\/C18CB9B0-A900-4E43-BFA6-8B366E6587EA-1024x645.jpeg",640,403,true],"1536x1536":["https:\/\/quehacerpolitico.mx\/wp-content\/uploads\/2021\/09\/C18CB9B0-A900-4E43-BFA6-8B366E6587EA.jpeg",1092,688,false],"2048x2048":["https:\/\/quehacerpolitico.mx\/wp-content\/uploads\/2021\/09\/C18CB9B0-A900-4E43-BFA6-8B366E6587EA.jpeg",1092,688,false],"covernews-featured":["https:\/\/quehacerpolitico.mx\/wp-content\/uploads\/2021\/09\/C18CB9B0-A900-4E43-BFA6-8B366E6587EA.jpeg",1024,645,false],"covernews-medium":["https:\/\/quehacerpolitico.mx\/wp-content\/uploads\/2021\/09\/C18CB9B0-A900-4E43-BFA6-8B366E6587EA.jpeg",540,340,false]},"author_info":{"display_name":"Redacci\u00f3n QP","author_link":"https:\/\/quehacerpolitico.mx\/?author=2"},"category_info":"<a href=\"https:\/\/quehacerpolitico.mx\/?cat=2\" rel=\"category\">Noticias<\/a>","tag_info":"Noticias","comment_count":"0","_links":{"self":[{"href":"https:\/\/quehacerpolitico.mx\/index.php?rest_route=\/wp\/v2\/posts\/84365","targetHints":{"allow":["GET"]}}],"collection":[{"href":"https:\/\/quehacerpolitico.mx\/index.php?rest_route=\/wp\/v2\/posts"}],"about":[{"href":"https:\/\/quehacerpolitico.mx\/index.php?rest_route=\/wp\/v2\/types\/post"}],"author":[{"embeddable":true,"href":"https:\/\/quehacerpolitico.mx\/index.php?rest_route=\/wp\/v2\/users\/2"}],"replies":[{"embeddable":true,"href":"https:\/\/quehacerpolitico.mx\/index.php?rest_route=%2Fwp%2Fv2%2Fcomments&post=84365"}],"version-history":[{"count":1,"href":"https:\/\/quehacerpolitico.mx\/index.php?rest_route=\/wp\/v2\/posts\/84365\/revisions"}],"predecessor-version":[{"id":84367,"href":"https:\/\/quehacerpolitico.mx\/index.php?rest_route=\/wp\/v2\/posts\/84365\/revisions\/84367"}],"wp:featuredmedia":[{"embeddable":true,"href":"https:\/\/quehacerpolitico.mx\/index.php?rest_route=\/wp\/v2\/media\/84366"}],"wp:attachment":[{"href":"https:\/\/quehacerpolitico.mx\/index.php?rest_route=%2Fwp%2Fv2%2Fmedia&parent=84365"}],"wp:term":[{"taxonomy":"category","embeddable":true,"href":"https:\/\/quehacerpolitico.mx\/index.php?rest_route=%2Fwp%2Fv2%2Fcategories&post=84365"},{"taxonomy":"post_tag","embeddable":true,"href":"https:\/\/quehacerpolitico.mx\/index.php?rest_route=%2Fwp%2Fv2%2Ftags&post=84365"}],"curies":[{"name":"wp","href":"https:\/\/api.w.org\/{rel}","templated":true}]}}