{"id":84320,"date":"2021-09-04T03:16:39","date_gmt":"2021-09-04T03:16:39","guid":{"rendered":"https:\/\/quehacerpolitico.mx\/?p=84320"},"modified":"2021-09-04T03:16:41","modified_gmt":"2021-09-04T03:16:41","slug":"hoy-en-mexico-725-muertes-y-17-mil-409-contagios-por-covid-en-24-horas","status":"publish","type":"post","link":"https:\/\/quehacerpolitico.mx\/?p=84320","title":{"rendered":"Hoy en Mexico 725 muertes y 17 mil 409 contagios por COVID en 24 horas"},"content":{"rendered":"\n<p>Por Redacci\u00f3n QP<\/p>\n\n\n\n<p>El pa\u00eds acumula un total de tres millones 405 mil 294 infecciones, as\u00ed como 262 mil 221 decesos<\/p>\n\n\n\n<p>Al corte de este viernes 3 de septiembre, M\u00e9xico acumul\u00f3 262 mil 221 muertes por COVID-19; esto es, 725 fallecimientos m\u00e1s que el d\u00eda anterior, inform\u00f3 la\u00a0Secretaria de Salud<\/p>\n\n\n\n<figure class=\"wp-block-embed is-type-rich is-provider-twitter wp-block-embed-twitter\"><div class=\"wp-block-embed__wrapper\">\n<blockquote class=\"twitter-tweet\" data-width=\"550\" data-dnt=\"true\"><p lang=\"es\" dir=\"ltr\">Al 02 de septiembre en el pa\u00eds se ha vacunado contra <a href=\"https:\/\/twitter.com\/hashtag\/COVID19?src=hash&amp;ref_src=twsrc%5Etfw\">#COVID19<\/a> a 58 millones 472 mil 846 personas, que representan el 65 por ciento de la poblaci\u00f3n mayor de 18 a\u00f1os. <a href=\"https:\/\/t.co\/h5k1mD5h24\">pic.twitter.com\/h5k1mD5h24<\/a><\/p>&mdash; Hugo L\u00f3pez-Gatell Ram\u00edrez (@HLGatell) <a href=\"https:\/\/twitter.com\/HLGatell\/status\/1433942887700615170?ref_src=twsrc%5Etfw\">September 4, 2021<\/a><\/blockquote><script async src=\"https:\/\/platform.twitter.com\/widgets.js\" charset=\"utf-8\"><\/script>\n<\/div><\/figure>\n\n\n\n<p>Asimismo, se detall\u00f3 que en las \u00faltimas 24 horas el pa\u00eds sum\u00f3 17 mil 409 contagios, para dar un total de tres millones 405 mil 294 casos confirmados.<\/p>\n\n\n\n<figure class=\"wp-block-embed is-type-video is-provider-youtube wp-block-embed-youtube wp-embed-aspect-16-9 wp-has-aspect-ratio\"><div class=\"wp-block-embed__wrapper\">\n<iframe loading=\"lazy\" title=\"M\u00e9xico registra 725 decesos y 17 mil 409 contagios por Covid en 24 horas\" width=\"640\" height=\"360\" src=\"https:\/\/www.youtube.com\/embed\/LYBw_qC5jk0?feature=oembed\" frameborder=\"0\" allow=\"accelerometer; autoplay; clipboard-write; encrypted-media; gyroscope; picture-in-picture; web-share\" referrerpolicy=\"strict-origin-when-cross-origin\" allowfullscreen><\/iframe>\n<\/div><\/figure>\n\n\n\n<p>A trav\u00e9s del informe t\u00e9cnico, las autoridades sanitarias detallaron que las 10 entidades con mayor n\u00famero de casos son la Ciudad de M\u00e9xico, el Estado de M\u00e9xico, Nuevo Le\u00f3n, Guanajuato, Jalisco, Tabasco, Puebla, Veracruz, Sonora y San Luis Potos\u00ed, que en conjunto conforman el 66% de todos los casos acumulados registrados en el pa\u00eds.<\/p>\n\n\n\n<figure class=\"wp-block-embed is-type-rich is-provider-twitter wp-block-embed-twitter\"><div class=\"wp-block-embed__wrapper\">\n<blockquote class=\"twitter-tweet\" data-width=\"550\" data-dnt=\"true\"><p lang=\"es\" dir=\"ltr\">Comunicado T\u00e9cnico Diario: Nuevo Coronavirus en el Mundo <a href=\"https:\/\/twitter.com\/hashtag\/COVID19?src=hash&amp;ref_src=twsrc%5Etfw\">#COVID19<\/a> | 3 de septiembre de 2021<br><br>\u27a1\ufe0f <a href=\"https:\/\/t.co\/jHGO0habWL\">https:\/\/t.co\/jHGO0habWL<\/a> <a href=\"https:\/\/t.co\/eu2mqja69T\">pic.twitter.com\/eu2mqja69T<\/a><\/p>&mdash; SALUD M\u00e9xico (@SSalud_mx) <a href=\"https:\/\/twitter.com\/SSalud_mx\/status\/1433915768127823873?ref_src=twsrc%5Etfw\">September 3, 2021<\/a><\/blockquote><script async src=\"https:\/\/platform.twitter.com\/widgets.js\" charset=\"utf-8\"><\/script>\n<\/div><\/figure>\n\n\n\n<figure class=\"wp-block-image\"><img decoding=\"async\" src=\"https:\/\/www.informador.mx\/export\/sites\/elinformador\/img\/2021\/09\/03\/2.jpg_1658952508.jpg\" alt=\"\" title=\"\"\/><\/figure>\n\n\n\n<h2 class=\"wp-block-heading\">Vacunaci\u00f3n contra COVID en M\u00e9xico<\/h2>\n\n\n\n<p>Respecto a los detalles del plan de vacunaci\u00f3n, el subsecretario Hugo L\u00f3pez-Gatell iform\u00f3 a trav\u00e9s de Twitter que\u00a0<strong>al corte del jueves 2 de septiembre fueron aplicadas a nivel nacional 461 mil 794 dosis de la vacuna contra el COVID-19.<\/strong><\/p>\n\n\n\n<figure class=\"wp-block-embed is-type-rich is-provider-twitter wp-block-embed-twitter\"><div class=\"wp-block-embed__wrapper\">\n<blockquote class=\"twitter-tweet\" data-width=\"550\" data-dnt=\"true\"><p lang=\"es\" dir=\"ltr\"><a href=\"https:\/\/twitter.com\/hashtag\/ComunicadoSalud?src=hash&amp;ref_src=twsrc%5Etfw\">#ComunicadoSalud<\/a> <br><br>Del 6 al 19 de septiembre, ninguna entidad en rojo del Sem\u00e1foro de Riesgo Epid\u00e9mico<br><br>\u27a1\ufe0f <a href=\"https:\/\/t.co\/8h4vFXmplj\">https:\/\/t.co\/8h4vFXmplj<\/a> <a href=\"https:\/\/t.co\/KvLgLipFeO\">pic.twitter.com\/KvLgLipFeO<\/a><\/p>&mdash; SALUD M\u00e9xico (@SSalud_mx) <a href=\"https:\/\/twitter.com\/SSalud_mx\/status\/1433953206493749253?ref_src=twsrc%5Etfw\">September 4, 2021<\/a><\/blockquote><script async src=\"https:\/\/platform.twitter.com\/widgets.js\" charset=\"utf-8\"><\/script>\n<\/div><\/figure>\n\n\n\n<p>Indic\u00f3 que desde el inicio de la estrategia nacional de vacunaci\u00f3n se han aplicado en total 486 millones 307 mil 586 dosis.<\/p>\n\n\n\n<p>Con Informaci\u00f3n de SUN <\/p>\n","protected":false},"excerpt":{"rendered":"<p>Por Redacci\u00f3n QP El pa\u00eds acumula un total de tres millones 405 mil 294 infecciones,&#8230;<\/p>\n","protected":false},"author":2,"featured_media":84321,"comment_status":"open","ping_status":"open","sticky":false,"template":"","format":"standard","meta":{"_monsterinsights_skip_tracking":false,"_monsterinsights_sitenote_active":false,"_monsterinsights_sitenote_note":"","_monsterinsights_sitenote_category":0,"footnotes":""},"categories":[2],"tags":[],"class_list":["post-84320","post","type-post","status-publish","format-standard","has-post-thumbnail","hentry","category-noticias"],"yoast_head":"<!-- This site is optimized with the Yoast SEO plugin v27.3 - https:\/\/yoast.com\/product\/yoast-seo-wordpress\/ -->\n<title>Hoy en Mexico 725 muertes y 17 mil 409 contagios por COVID en 24 horas -<\/title>\n<meta name=\"robots\" content=\"index, follow, max-snippet:-1, max-image-preview:large, max-video-preview:-1\" \/>\n<link rel=\"canonical\" href=\"https:\/\/quehacerpolitico.mx\/?p=84320\" \/>\n<meta property=\"og:locale\" content=\"es_MX\" \/>\n<meta property=\"og:type\" content=\"article\" \/>\n<meta property=\"og:title\" content=\"Hoy en Mexico 725 muertes y 17 mil 409 contagios por COVID en 24 horas -\" \/>\n<meta property=\"og:description\" content=\"Por Redacci\u00f3n QP El pa\u00eds acumula un total de tres millones 405 mil 294 infecciones,...\" \/>\n<meta property=\"og:url\" content=\"https:\/\/quehacerpolitico.mx\/?p=84320\" \/>\n<meta property=\"article:published_time\" content=\"2021-09-04T03:16:39+00:00\" \/>\n<meta property=\"article:modified_time\" content=\"2021-09-04T03:16:41+00:00\" \/>\n<meta property=\"og:image\" content=\"https:\/\/quehacerpolitico.mx\/wp-content\/uploads\/2021\/09\/A1B9FCE8-6F2B-450F-886D-E6E27ECB28D6.jpeg\" \/>\n\t<meta property=\"og:image:width\" content=\"1085\" \/>\n\t<meta property=\"og:image:height\" content=\"677\" \/>\n\t<meta property=\"og:image:type\" content=\"image\/jpeg\" \/>\n<meta name=\"author\" content=\"Redacci\u00f3n QP\" \/>\n<meta name=\"twitter:card\" content=\"summary_large_image\" \/>\n<meta name=\"twitter:label1\" content=\"Escrito por\" \/>\n\t<meta name=\"twitter:data1\" content=\"Redacci\u00f3n QP\" \/>\n\t<meta name=\"twitter:label2\" content=\"Tiempo de lectura\" \/>\n\t<meta name=\"twitter:data2\" content=\"1 minuto\" \/>\n<script type=\"application\/ld+json\" class=\"yoast-schema-graph\">{\"@context\":\"https:\\\/\\\/schema.org\",\"@graph\":[{\"@type\":\"Article\",\"@id\":\"https:\\\/\\\/quehacerpolitico.mx\\\/?p=84320#article\",\"isPartOf\":{\"@id\":\"https:\\\/\\\/quehacerpolitico.mx\\\/?p=84320\"},\"author\":{\"name\":\"Redacci\u00f3n QP\",\"@id\":\"https:\\\/\\\/quehacerpolitico.mx\\\/#\\\/schema\\\/person\\\/496d8ad2d1d3f8036101dca7ee39e585\"},\"headline\":\"Hoy en Mexico 725 muertes y 17 mil 409 contagios por COVID en 24 horas\",\"datePublished\":\"2021-09-04T03:16:39+00:00\",\"dateModified\":\"2021-09-04T03:16:41+00:00\",\"mainEntityOfPage\":{\"@id\":\"https:\\\/\\\/quehacerpolitico.mx\\\/?p=84320\"},\"wordCount\":240,\"commentCount\":0,\"image\":{\"@id\":\"https:\\\/\\\/quehacerpolitico.mx\\\/?p=84320#primaryimage\"},\"thumbnailUrl\":\"https:\\\/\\\/quehacerpolitico.mx\\\/wp-content\\\/uploads\\\/2021\\\/09\\\/A1B9FCE8-6F2B-450F-886D-E6E27ECB28D6.jpeg\",\"articleSection\":[\"Noticias\"],\"inLanguage\":\"es\",\"potentialAction\":[{\"@type\":\"CommentAction\",\"name\":\"Comment\",\"target\":[\"https:\\\/\\\/quehacerpolitico.mx\\\/?p=84320#respond\"]}]},{\"@type\":\"WebPage\",\"@id\":\"https:\\\/\\\/quehacerpolitico.mx\\\/?p=84320\",\"url\":\"https:\\\/\\\/quehacerpolitico.mx\\\/?p=84320\",\"name\":\"Hoy en Mexico 725 muertes y 17 mil 409 contagios por COVID en 24 horas -\",\"isPartOf\":{\"@id\":\"https:\\\/\\\/quehacerpolitico.mx\\\/#website\"},\"primaryImageOfPage\":{\"@id\":\"https:\\\/\\\/quehacerpolitico.mx\\\/?p=84320#primaryimage\"},\"image\":{\"@id\":\"https:\\\/\\\/quehacerpolitico.mx\\\/?p=84320#primaryimage\"},\"thumbnailUrl\":\"https:\\\/\\\/quehacerpolitico.mx\\\/wp-content\\\/uploads\\\/2021\\\/09\\\/A1B9FCE8-6F2B-450F-886D-E6E27ECB28D6.jpeg\",\"datePublished\":\"2021-09-04T03:16:39+00:00\",\"dateModified\":\"2021-09-04T03:16:41+00:00\",\"author\":{\"@id\":\"https:\\\/\\\/quehacerpolitico.mx\\\/#\\\/schema\\\/person\\\/496d8ad2d1d3f8036101dca7ee39e585\"},\"breadcrumb\":{\"@id\":\"https:\\\/\\\/quehacerpolitico.mx\\\/?p=84320#breadcrumb\"},\"inLanguage\":\"es\",\"potentialAction\":[{\"@type\":\"ReadAction\",\"target\":[\"https:\\\/\\\/quehacerpolitico.mx\\\/?p=84320\"]}]},{\"@type\":\"ImageObject\",\"inLanguage\":\"es\",\"@id\":\"https:\\\/\\\/quehacerpolitico.mx\\\/?p=84320#primaryimage\",\"url\":\"https:\\\/\\\/quehacerpolitico.mx\\\/wp-content\\\/uploads\\\/2021\\\/09\\\/A1B9FCE8-6F2B-450F-886D-E6E27ECB28D6.jpeg\",\"contentUrl\":\"https:\\\/\\\/quehacerpolitico.mx\\\/wp-content\\\/uploads\\\/2021\\\/09\\\/A1B9FCE8-6F2B-450F-886D-E6E27ECB28D6.jpeg\",\"width\":1085,\"height\":677},{\"@type\":\"BreadcrumbList\",\"@id\":\"https:\\\/\\\/quehacerpolitico.mx\\\/?p=84320#breadcrumb\",\"itemListElement\":[{\"@type\":\"ListItem\",\"position\":1,\"name\":\"Inicio\",\"item\":\"https:\\\/\\\/quehacerpolitico.mx\\\/\"},{\"@type\":\"ListItem\",\"position\":2,\"name\":\"Hoy en Mexico 725 muertes y 17 mil 409 contagios por COVID en 24 horas\"}]},{\"@type\":\"WebSite\",\"@id\":\"https:\\\/\\\/quehacerpolitico.mx\\\/#website\",\"url\":\"https:\\\/\\\/quehacerpolitico.mx\\\/\",\"name\":\"\",\"description\":\"\",\"potentialAction\":[{\"@type\":\"SearchAction\",\"target\":{\"@type\":\"EntryPoint\",\"urlTemplate\":\"https:\\\/\\\/quehacerpolitico.mx\\\/?s={search_term_string}\"},\"query-input\":{\"@type\":\"PropertyValueSpecification\",\"valueRequired\":true,\"valueName\":\"search_term_string\"}}],\"inLanguage\":\"es\"},{\"@type\":\"Person\",\"@id\":\"https:\\\/\\\/quehacerpolitico.mx\\\/#\\\/schema\\\/person\\\/496d8ad2d1d3f8036101dca7ee39e585\",\"name\":\"Redacci\u00f3n QP\",\"image\":{\"@type\":\"ImageObject\",\"inLanguage\":\"es\",\"@id\":\"https:\\\/\\\/secure.gravatar.com\\\/avatar\\\/c7164ed6fdec453195284ad24a5ae5b6e1eed2b848477fa2a4787ba9adf39a41?s=96&d=mm&r=g\",\"url\":\"https:\\\/\\\/secure.gravatar.com\\\/avatar\\\/c7164ed6fdec453195284ad24a5ae5b6e1eed2b848477fa2a4787ba9adf39a41?s=96&d=mm&r=g\",\"contentUrl\":\"https:\\\/\\\/secure.gravatar.com\\\/avatar\\\/c7164ed6fdec453195284ad24a5ae5b6e1eed2b848477fa2a4787ba9adf39a41?s=96&d=mm&r=g\",\"caption\":\"Redacci\u00f3n QP\"},\"url\":\"https:\\\/\\\/quehacerpolitico.mx\\\/?author=2\"}]}<\/script>\n<!-- \/ Yoast SEO plugin. -->","yoast_head_json":{"title":"Hoy en Mexico 725 muertes y 17 mil 409 contagios por COVID en 24 horas -","robots":{"index":"index","follow":"follow","max-snippet":"max-snippet:-1","max-image-preview":"max-image-preview:large","max-video-preview":"max-video-preview:-1"},"canonical":"https:\/\/quehacerpolitico.mx\/?p=84320","og_locale":"es_MX","og_type":"article","og_title":"Hoy en Mexico 725 muertes y 17 mil 409 contagios por COVID en 24 horas -","og_description":"Por Redacci\u00f3n QP El pa\u00eds acumula un total de tres millones 405 mil 294 infecciones,...","og_url":"https:\/\/quehacerpolitico.mx\/?p=84320","article_published_time":"2021-09-04T03:16:39+00:00","article_modified_time":"2021-09-04T03:16:41+00:00","og_image":[{"width":1085,"height":677,"url":"https:\/\/quehacerpolitico.mx\/wp-content\/uploads\/2021\/09\/A1B9FCE8-6F2B-450F-886D-E6E27ECB28D6.jpeg","type":"image\/jpeg"}],"author":"Redacci\u00f3n QP","twitter_card":"summary_large_image","twitter_misc":{"Escrito por":"Redacci\u00f3n QP","Tiempo de lectura":"1 minuto"},"schema":{"@context":"https:\/\/schema.org","@graph":[{"@type":"Article","@id":"https:\/\/quehacerpolitico.mx\/?p=84320#article","isPartOf":{"@id":"https:\/\/quehacerpolitico.mx\/?p=84320"},"author":{"name":"Redacci\u00f3n QP","@id":"https:\/\/quehacerpolitico.mx\/#\/schema\/person\/496d8ad2d1d3f8036101dca7ee39e585"},"headline":"Hoy en Mexico 725 muertes y 17 mil 409 contagios por COVID en 24 horas","datePublished":"2021-09-04T03:16:39+00:00","dateModified":"2021-09-04T03:16:41+00:00","mainEntityOfPage":{"@id":"https:\/\/quehacerpolitico.mx\/?p=84320"},"wordCount":240,"commentCount":0,"image":{"@id":"https:\/\/quehacerpolitico.mx\/?p=84320#primaryimage"},"thumbnailUrl":"https:\/\/quehacerpolitico.mx\/wp-content\/uploads\/2021\/09\/A1B9FCE8-6F2B-450F-886D-E6E27ECB28D6.jpeg","articleSection":["Noticias"],"inLanguage":"es","potentialAction":[{"@type":"CommentAction","name":"Comment","target":["https:\/\/quehacerpolitico.mx\/?p=84320#respond"]}]},{"@type":"WebPage","@id":"https:\/\/quehacerpolitico.mx\/?p=84320","url":"https:\/\/quehacerpolitico.mx\/?p=84320","name":"Hoy en Mexico 725 muertes y 17 mil 409 contagios por COVID en 24 horas -","isPartOf":{"@id":"https:\/\/quehacerpolitico.mx\/#website"},"primaryImageOfPage":{"@id":"https:\/\/quehacerpolitico.mx\/?p=84320#primaryimage"},"image":{"@id":"https:\/\/quehacerpolitico.mx\/?p=84320#primaryimage"},"thumbnailUrl":"https:\/\/quehacerpolitico.mx\/wp-content\/uploads\/2021\/09\/A1B9FCE8-6F2B-450F-886D-E6E27ECB28D6.jpeg","datePublished":"2021-09-04T03:16:39+00:00","dateModified":"2021-09-04T03:16:41+00:00","author":{"@id":"https:\/\/quehacerpolitico.mx\/#\/schema\/person\/496d8ad2d1d3f8036101dca7ee39e585"},"breadcrumb":{"@id":"https:\/\/quehacerpolitico.mx\/?p=84320#breadcrumb"},"inLanguage":"es","potentialAction":[{"@type":"ReadAction","target":["https:\/\/quehacerpolitico.mx\/?p=84320"]}]},{"@type":"ImageObject","inLanguage":"es","@id":"https:\/\/quehacerpolitico.mx\/?p=84320#primaryimage","url":"https:\/\/quehacerpolitico.mx\/wp-content\/uploads\/2021\/09\/A1B9FCE8-6F2B-450F-886D-E6E27ECB28D6.jpeg","contentUrl":"https:\/\/quehacerpolitico.mx\/wp-content\/uploads\/2021\/09\/A1B9FCE8-6F2B-450F-886D-E6E27ECB28D6.jpeg","width":1085,"height":677},{"@type":"BreadcrumbList","@id":"https:\/\/quehacerpolitico.mx\/?p=84320#breadcrumb","itemListElement":[{"@type":"ListItem","position":1,"name":"Inicio","item":"https:\/\/quehacerpolitico.mx\/"},{"@type":"ListItem","position":2,"name":"Hoy en Mexico 725 muertes y 17 mil 409 contagios por COVID en 24 horas"}]},{"@type":"WebSite","@id":"https:\/\/quehacerpolitico.mx\/#website","url":"https:\/\/quehacerpolitico.mx\/","name":"","description":"","potentialAction":[{"@type":"SearchAction","target":{"@type":"EntryPoint","urlTemplate":"https:\/\/quehacerpolitico.mx\/?s={search_term_string}"},"query-input":{"@type":"PropertyValueSpecification","valueRequired":true,"valueName":"search_term_string"}}],"inLanguage":"es"},{"@type":"Person","@id":"https:\/\/quehacerpolitico.mx\/#\/schema\/person\/496d8ad2d1d3f8036101dca7ee39e585","name":"Redacci\u00f3n QP","image":{"@type":"ImageObject","inLanguage":"es","@id":"https:\/\/secure.gravatar.com\/avatar\/c7164ed6fdec453195284ad24a5ae5b6e1eed2b848477fa2a4787ba9adf39a41?s=96&d=mm&r=g","url":"https:\/\/secure.gravatar.com\/avatar\/c7164ed6fdec453195284ad24a5ae5b6e1eed2b848477fa2a4787ba9adf39a41?s=96&d=mm&r=g","contentUrl":"https:\/\/secure.gravatar.com\/avatar\/c7164ed6fdec453195284ad24a5ae5b6e1eed2b848477fa2a4787ba9adf39a41?s=96&d=mm&r=g","caption":"Redacci\u00f3n QP"},"url":"https:\/\/quehacerpolitico.mx\/?author=2"}]}},"featured_image_urls":{"full":["https:\/\/quehacerpolitico.mx\/wp-content\/uploads\/2021\/09\/A1B9FCE8-6F2B-450F-886D-E6E27ECB28D6.jpeg",1085,677,false],"thumbnail":["https:\/\/quehacerpolitico.mx\/wp-content\/uploads\/2021\/09\/A1B9FCE8-6F2B-450F-886D-E6E27ECB28D6-150x150.jpeg",150,150,true],"medium":["https:\/\/quehacerpolitico.mx\/wp-content\/uploads\/2021\/09\/A1B9FCE8-6F2B-450F-886D-E6E27ECB28D6-300x187.jpeg",300,187,true],"medium_large":["https:\/\/quehacerpolitico.mx\/wp-content\/uploads\/2021\/09\/A1B9FCE8-6F2B-450F-886D-E6E27ECB28D6-768x479.jpeg",640,399,true],"large":["https:\/\/quehacerpolitico.mx\/wp-content\/uploads\/2021\/09\/A1B9FCE8-6F2B-450F-886D-E6E27ECB28D6-1024x639.jpeg",640,399,true],"1536x1536":["https:\/\/quehacerpolitico.mx\/wp-content\/uploads\/2021\/09\/A1B9FCE8-6F2B-450F-886D-E6E27ECB28D6.jpeg",1085,677,false],"2048x2048":["https:\/\/quehacerpolitico.mx\/wp-content\/uploads\/2021\/09\/A1B9FCE8-6F2B-450F-886D-E6E27ECB28D6.jpeg",1085,677,false],"covernews-featured":["https:\/\/quehacerpolitico.mx\/wp-content\/uploads\/2021\/09\/A1B9FCE8-6F2B-450F-886D-E6E27ECB28D6.jpeg",1024,639,false],"covernews-medium":["https:\/\/quehacerpolitico.mx\/wp-content\/uploads\/2021\/09\/A1B9FCE8-6F2B-450F-886D-E6E27ECB28D6.jpeg",540,337,false]},"author_info":{"display_name":"Redacci\u00f3n QP","author_link":"https:\/\/quehacerpolitico.mx\/?author=2"},"category_info":"<a href=\"https:\/\/quehacerpolitico.mx\/?cat=2\" rel=\"category\">Noticias<\/a>","tag_info":"Noticias","comment_count":"0","_links":{"self":[{"href":"https:\/\/quehacerpolitico.mx\/index.php?rest_route=\/wp\/v2\/posts\/84320","targetHints":{"allow":["GET"]}}],"collection":[{"href":"https:\/\/quehacerpolitico.mx\/index.php?rest_route=\/wp\/v2\/posts"}],"about":[{"href":"https:\/\/quehacerpolitico.mx\/index.php?rest_route=\/wp\/v2\/types\/post"}],"author":[{"embeddable":true,"href":"https:\/\/quehacerpolitico.mx\/index.php?rest_route=\/wp\/v2\/users\/2"}],"replies":[{"embeddable":true,"href":"https:\/\/quehacerpolitico.mx\/index.php?rest_route=%2Fwp%2Fv2%2Fcomments&post=84320"}],"version-history":[{"count":1,"href":"https:\/\/quehacerpolitico.mx\/index.php?rest_route=\/wp\/v2\/posts\/84320\/revisions"}],"predecessor-version":[{"id":84322,"href":"https:\/\/quehacerpolitico.mx\/index.php?rest_route=\/wp\/v2\/posts\/84320\/revisions\/84322"}],"wp:featuredmedia":[{"embeddable":true,"href":"https:\/\/quehacerpolitico.mx\/index.php?rest_route=\/wp\/v2\/media\/84321"}],"wp:attachment":[{"href":"https:\/\/quehacerpolitico.mx\/index.php?rest_route=%2Fwp%2Fv2%2Fmedia&parent=84320"}],"wp:term":[{"taxonomy":"category","embeddable":true,"href":"https:\/\/quehacerpolitico.mx\/index.php?rest_route=%2Fwp%2Fv2%2Fcategories&post=84320"},{"taxonomy":"post_tag","embeddable":true,"href":"https:\/\/quehacerpolitico.mx\/index.php?rest_route=%2Fwp%2Fv2%2Ftags&post=84320"}],"curies":[{"name":"wp","href":"https:\/\/api.w.org\/{rel}","templated":true}]}}