{"id":84307,"date":"2021-09-03T17:09:56","date_gmt":"2021-09-03T17:09:56","guid":{"rendered":"https:\/\/quehacerpolitico.mx\/?p=84307"},"modified":"2021-09-03T17:09:58","modified_gmt":"2021-09-03T17:09:58","slug":"son-casi-fascistas-amlo-critica-al-pan-por-reunirse-con-partido-espanol-vox","status":"publish","type":"post","link":"https:\/\/quehacerpolitico.mx\/?p=84307","title":{"rendered":"&#8220;Son casi fascistas&#8221;: AMLO critica al PAN por reunirse con partido espa\u00f1ol Vox"},"content":{"rendered":"\n<p>Por Redacci\u00f3n QP<\/p>\n\n\n\n<p>El PAN\u00a0y el partido espa\u00f1ol Vox,\u00a0firmaron este jueves la denominada Carta de Madrid, destinada a frenar el avance del comunismo en la naciones de la Iberosfera<\/p>\n\n\n\n<p>El Presidente\u00a0<strong>Andr\u00e9s Manuel L\u00f3pez Obrador\u00a0<\/strong>(AMLO) critic\u00f3 este viernes al conservador Partido Acci\u00f3n Nacional\u00a0(PAN) por reunirse con el partido espa\u00f1ol de ultraderecha Vox a M\u00e9xico y firmar una carta contra el comunismo.<\/p>\n\n\n\n<p><strong>&#8220;Hasta ayer vinieron unos extremistas de Espa\u00f1a, del Vox. Se unieron con el PAN, porque son lo mismo. Nada m\u00e1s que simulaban los del PAN y otros que eran dem\u00f3cratas. Y no, son conservadores y ultraconservadores, casi fascistas&#8221;<\/strong>, apunt\u00f3 L\u00f3pez Obrador en la conferencia matutina desde el Palacio Nacional.<\/p>\n\n\n\n<p>Tal y como ya dijo el pasado 23 de agosto, AMLO asegur\u00f3 que el conservadurismo est\u00e1\u00a0<strong>&#8220;reto\u00f1ando&#8221;<\/strong>en Espa\u00f1a.<\/p>\n\n\n\n<p><strong>&#8220;Esto que est\u00e1 reto\u00f1ando es lo peor. Son los m\u00e1s autoritarios, clasistas, racistas y corruptos&#8221;<\/strong>, apunt\u00f3 L\u00f3pez Obrador, que habl\u00f3 de los esc\u00e1ndalos que rodean al rey em\u00e9rito de Espa\u00f1a. Y continu\u00f3: &#8220;Toda una inmundicia que no tiene que ver con el pueblo espa\u00f1ol. (&#8230;) Esta es una minor\u00eda, pero que est\u00e1 tomando mucha fuerza, es como un reto\u00f1o del franquismo&#8221;.<\/p>\n\n\n\n<figure class=\"wp-block-embed is-type-rich is-provider-twitter wp-block-embed-twitter\"><div class=\"wp-block-embed__wrapper\">\n<blockquote class=\"twitter-tweet\" data-width=\"550\" data-dnt=\"true\"><p lang=\"es\" dir=\"ltr\">&quot;Fascistas&quot; y &quot;reto\u00f1os del franquismo&quot;, as\u00ed calific\u00f3 el presidente <a href=\"https:\/\/twitter.com\/lopezobrador?ref_src=twsrc%5Etfw\">@lopezobrador<\/a> a los miembro de <a href=\"https:\/\/twitter.com\/vox_es?ref_src=twsrc%5Etfw\">@vox_es<\/a> que se reunieron con <a href=\"https:\/\/twitter.com\/SenadoresdelPAN?ref_src=twsrc%5Etfw\">@SenadoresdelPAN<\/a> ayer.<br><br>&quot;Simulaban los del PAN que eran dem\u00f3cratas, pero no, son ultra conservadores, casi fascistas&quot;, dijo AMLO en la ma\u00f1anera. <a href=\"https:\/\/t.co\/oT2lBjfgTV\">pic.twitter.com\/oT2lBjfgTV<\/a><\/p>&mdash; Ruido en la Red (@RuidoEnLaRed) <a href=\"https:\/\/twitter.com\/RuidoEnLaRed\/status\/1433778597962174477?ref_src=twsrc%5Etfw\">September 3, 2021<\/a><\/blockquote><script async src=\"https:\/\/platform.twitter.com\/widgets.js\" charset=\"utf-8\"><\/script>\n<\/div><\/figure>\n\n\n\n<p>Legisladores mexicanos del derechista PAN\u00a0<strong>firmaron\u00a0<\/strong>este jueves la denominada\u00a0<strong>Carta de Madrid<\/strong>\u00a0apoyada por el l\u00edder del partido espa\u00f1ol Vox,\u00a0<strong>Santiago Abascal<\/strong>, destinada a frenar el avance del\u00a0<strong>comunismo<\/strong>\u00a0en la naciones de la\u00a0<strong>&#8220;Iberosfera&#8221;<\/strong>.<\/p>\n\n\n\n<p>La carta es impulsada por la Fundaci\u00f3n Disenso que lidera Abascal, quien ha usado regularmente el concepto de &#8220;Iberosfera&#8221;, una comunidad de naciones libres con m\u00e1s de 700 millones de personas que comparten una herencia cultural.<\/p>\n\n\n\n<p>&#8220;Hoy en el Senado de M\u00e9xico hemos presentado el Foro Madrid, nuestra iniciativa para hacer frente al avance del comunismo en las naciones de la Iberosfera&#8221;, apunt\u00f3 Abascal en un mensaje en Twitter.<\/p>\n\n\n\n<figure class=\"wp-block-embed is-type-rich is-provider-twitter wp-block-embed-twitter\"><div class=\"wp-block-embed__wrapper\">\n<blockquote class=\"twitter-tweet\" data-width=\"550\" data-dnt=\"true\"><p lang=\"es\" dir=\"ltr\">Hoy en el Senado de M\u00e9xico hemos presentado el Foro Madrid, nuestra iniciativa para hacer frente al avance del comunismo en las naciones de la Iberosfera. Gracias a los 15 senadores y 3 congresistas que ya han firmado la Carta de Madrid y gracias a <a href=\"https:\/\/twitter.com\/julenrementeria?ref_src=twsrc%5Etfw\">@julenrementeria<\/a> por invitarnos <a href=\"https:\/\/t.co\/4Z4YEkLzIN\">https:\/\/t.co\/4Z4YEkLzIN<\/a><\/p>&mdash; Santiago Abascal \ud83c\uddea\ud83c\uddf8 (@Santi_ABASCAL) <a href=\"https:\/\/twitter.com\/Santi_ABASCAL\/status\/1433556275824979968?ref_src=twsrc%5Etfw\">September 2, 2021<\/a><\/blockquote><script async src=\"https:\/\/platform.twitter.com\/widgets.js\" charset=\"utf-8\"><\/script>\n<\/div><\/figure>\n\n\n\n<p>La reuni\u00f3n ha causado mucha pol\u00e9mica en M\u00e9xico, y de hecho, algunos pol\u00edticos del PAN ya se han desmarcado de esta firma.<\/p>\n\n\n\n<p>Con Informaci\u00f3n de EFE<\/p>\n","protected":false},"excerpt":{"rendered":"<p>Por Redacci\u00f3n QP El PAN\u00a0y el partido espa\u00f1ol Vox,\u00a0firmaron este jueves la denominada Carta de&#8230;<\/p>\n","protected":false},"author":2,"featured_media":84308,"comment_status":"open","ping_status":"open","sticky":false,"template":"","format":"standard","meta":{"_monsterinsights_skip_tracking":false,"_monsterinsights_sitenote_active":false,"_monsterinsights_sitenote_note":"","_monsterinsights_sitenote_category":0,"footnotes":""},"categories":[2],"tags":[],"class_list":["post-84307","post","type-post","status-publish","format-standard","has-post-thumbnail","hentry","category-noticias"],"yoast_head":"<!-- This site is optimized with the Yoast SEO plugin v27.3 - https:\/\/yoast.com\/product\/yoast-seo-wordpress\/ -->\n<title>&quot;Son casi fascistas&quot;: AMLO critica al PAN por reunirse con partido espa\u00f1ol Vox -<\/title>\n<meta name=\"robots\" content=\"index, follow, max-snippet:-1, max-image-preview:large, max-video-preview:-1\" \/>\n<link rel=\"canonical\" href=\"https:\/\/quehacerpolitico.mx\/?p=84307\" \/>\n<meta property=\"og:locale\" content=\"es_MX\" \/>\n<meta property=\"og:type\" content=\"article\" \/>\n<meta property=\"og:title\" content=\"&quot;Son casi fascistas&quot;: AMLO critica al PAN por reunirse con partido espa\u00f1ol Vox -\" \/>\n<meta property=\"og:description\" content=\"Por Redacci\u00f3n QP El PAN\u00a0y el partido espa\u00f1ol Vox,\u00a0firmaron este jueves la denominada Carta de...\" \/>\n<meta property=\"og:url\" content=\"https:\/\/quehacerpolitico.mx\/?p=84307\" \/>\n<meta property=\"article:published_time\" content=\"2021-09-03T17:09:56+00:00\" \/>\n<meta property=\"article:modified_time\" content=\"2021-09-03T17:09:58+00:00\" \/>\n<meta property=\"og:image\" content=\"https:\/\/quehacerpolitico.mx\/wp-content\/uploads\/2021\/09\/75B7185F-E058-4E04-8A90-B55D3D21C1DC.jpeg\" \/>\n\t<meta property=\"og:image:width\" content=\"1284\" \/>\n\t<meta property=\"og:image:height\" content=\"689\" \/>\n\t<meta property=\"og:image:type\" content=\"image\/jpeg\" \/>\n<meta name=\"author\" content=\"Redacci\u00f3n QP\" \/>\n<meta name=\"twitter:card\" content=\"summary_large_image\" \/>\n<meta name=\"twitter:label1\" content=\"Escrito por\" \/>\n\t<meta name=\"twitter:data1\" content=\"Redacci\u00f3n QP\" \/>\n\t<meta name=\"twitter:label2\" content=\"Tiempo de lectura\" \/>\n\t<meta name=\"twitter:data2\" content=\"2 minutos\" \/>\n<script type=\"application\/ld+json\" class=\"yoast-schema-graph\">{\"@context\":\"https:\\\/\\\/schema.org\",\"@graph\":[{\"@type\":\"Article\",\"@id\":\"https:\\\/\\\/quehacerpolitico.mx\\\/?p=84307#article\",\"isPartOf\":{\"@id\":\"https:\\\/\\\/quehacerpolitico.mx\\\/?p=84307\"},\"author\":{\"name\":\"Redacci\u00f3n QP\",\"@id\":\"https:\\\/\\\/quehacerpolitico.mx\\\/#\\\/schema\\\/person\\\/496d8ad2d1d3f8036101dca7ee39e585\"},\"headline\":\"&#8220;Son casi fascistas&#8221;: AMLO critica al PAN por reunirse con partido espa\u00f1ol Vox\",\"datePublished\":\"2021-09-03T17:09:56+00:00\",\"dateModified\":\"2021-09-03T17:09:58+00:00\",\"mainEntityOfPage\":{\"@id\":\"https:\\\/\\\/quehacerpolitico.mx\\\/?p=84307\"},\"wordCount\":381,\"commentCount\":0,\"image\":{\"@id\":\"https:\\\/\\\/quehacerpolitico.mx\\\/?p=84307#primaryimage\"},\"thumbnailUrl\":\"https:\\\/\\\/quehacerpolitico.mx\\\/wp-content\\\/uploads\\\/2021\\\/09\\\/75B7185F-E058-4E04-8A90-B55D3D21C1DC.jpeg\",\"articleSection\":[\"Noticias\"],\"inLanguage\":\"es\",\"potentialAction\":[{\"@type\":\"CommentAction\",\"name\":\"Comment\",\"target\":[\"https:\\\/\\\/quehacerpolitico.mx\\\/?p=84307#respond\"]}]},{\"@type\":\"WebPage\",\"@id\":\"https:\\\/\\\/quehacerpolitico.mx\\\/?p=84307\",\"url\":\"https:\\\/\\\/quehacerpolitico.mx\\\/?p=84307\",\"name\":\"\\\"Son casi fascistas\\\": AMLO critica al PAN por reunirse con partido espa\u00f1ol Vox -\",\"isPartOf\":{\"@id\":\"https:\\\/\\\/quehacerpolitico.mx\\\/#website\"},\"primaryImageOfPage\":{\"@id\":\"https:\\\/\\\/quehacerpolitico.mx\\\/?p=84307#primaryimage\"},\"image\":{\"@id\":\"https:\\\/\\\/quehacerpolitico.mx\\\/?p=84307#primaryimage\"},\"thumbnailUrl\":\"https:\\\/\\\/quehacerpolitico.mx\\\/wp-content\\\/uploads\\\/2021\\\/09\\\/75B7185F-E058-4E04-8A90-B55D3D21C1DC.jpeg\",\"datePublished\":\"2021-09-03T17:09:56+00:00\",\"dateModified\":\"2021-09-03T17:09:58+00:00\",\"author\":{\"@id\":\"https:\\\/\\\/quehacerpolitico.mx\\\/#\\\/schema\\\/person\\\/496d8ad2d1d3f8036101dca7ee39e585\"},\"breadcrumb\":{\"@id\":\"https:\\\/\\\/quehacerpolitico.mx\\\/?p=84307#breadcrumb\"},\"inLanguage\":\"es\",\"potentialAction\":[{\"@type\":\"ReadAction\",\"target\":[\"https:\\\/\\\/quehacerpolitico.mx\\\/?p=84307\"]}]},{\"@type\":\"ImageObject\",\"inLanguage\":\"es\",\"@id\":\"https:\\\/\\\/quehacerpolitico.mx\\\/?p=84307#primaryimage\",\"url\":\"https:\\\/\\\/quehacerpolitico.mx\\\/wp-content\\\/uploads\\\/2021\\\/09\\\/75B7185F-E058-4E04-8A90-B55D3D21C1DC.jpeg\",\"contentUrl\":\"https:\\\/\\\/quehacerpolitico.mx\\\/wp-content\\\/uploads\\\/2021\\\/09\\\/75B7185F-E058-4E04-8A90-B55D3D21C1DC.jpeg\",\"width\":1284,\"height\":689},{\"@type\":\"BreadcrumbList\",\"@id\":\"https:\\\/\\\/quehacerpolitico.mx\\\/?p=84307#breadcrumb\",\"itemListElement\":[{\"@type\":\"ListItem\",\"position\":1,\"name\":\"Inicio\",\"item\":\"https:\\\/\\\/quehacerpolitico.mx\\\/\"},{\"@type\":\"ListItem\",\"position\":2,\"name\":\"&#8220;Son casi fascistas&#8221;: AMLO critica al PAN por reunirse con partido espa\u00f1ol Vox\"}]},{\"@type\":\"WebSite\",\"@id\":\"https:\\\/\\\/quehacerpolitico.mx\\\/#website\",\"url\":\"https:\\\/\\\/quehacerpolitico.mx\\\/\",\"name\":\"\",\"description\":\"\",\"potentialAction\":[{\"@type\":\"SearchAction\",\"target\":{\"@type\":\"EntryPoint\",\"urlTemplate\":\"https:\\\/\\\/quehacerpolitico.mx\\\/?s={search_term_string}\"},\"query-input\":{\"@type\":\"PropertyValueSpecification\",\"valueRequired\":true,\"valueName\":\"search_term_string\"}}],\"inLanguage\":\"es\"},{\"@type\":\"Person\",\"@id\":\"https:\\\/\\\/quehacerpolitico.mx\\\/#\\\/schema\\\/person\\\/496d8ad2d1d3f8036101dca7ee39e585\",\"name\":\"Redacci\u00f3n QP\",\"image\":{\"@type\":\"ImageObject\",\"inLanguage\":\"es\",\"@id\":\"https:\\\/\\\/secure.gravatar.com\\\/avatar\\\/c7164ed6fdec453195284ad24a5ae5b6e1eed2b848477fa2a4787ba9adf39a41?s=96&d=mm&r=g\",\"url\":\"https:\\\/\\\/secure.gravatar.com\\\/avatar\\\/c7164ed6fdec453195284ad24a5ae5b6e1eed2b848477fa2a4787ba9adf39a41?s=96&d=mm&r=g\",\"contentUrl\":\"https:\\\/\\\/secure.gravatar.com\\\/avatar\\\/c7164ed6fdec453195284ad24a5ae5b6e1eed2b848477fa2a4787ba9adf39a41?s=96&d=mm&r=g\",\"caption\":\"Redacci\u00f3n QP\"},\"url\":\"https:\\\/\\\/quehacerpolitico.mx\\\/?author=2\"}]}<\/script>\n<!-- \/ Yoast SEO plugin. -->","yoast_head_json":{"title":"\"Son casi fascistas\": AMLO critica al PAN por reunirse con partido espa\u00f1ol Vox -","robots":{"index":"index","follow":"follow","max-snippet":"max-snippet:-1","max-image-preview":"max-image-preview:large","max-video-preview":"max-video-preview:-1"},"canonical":"https:\/\/quehacerpolitico.mx\/?p=84307","og_locale":"es_MX","og_type":"article","og_title":"\"Son casi fascistas\": AMLO critica al PAN por reunirse con partido espa\u00f1ol Vox -","og_description":"Por Redacci\u00f3n QP El PAN\u00a0y el partido espa\u00f1ol Vox,\u00a0firmaron este jueves la denominada Carta de...","og_url":"https:\/\/quehacerpolitico.mx\/?p=84307","article_published_time":"2021-09-03T17:09:56+00:00","article_modified_time":"2021-09-03T17:09:58+00:00","og_image":[{"width":1284,"height":689,"url":"https:\/\/quehacerpolitico.mx\/wp-content\/uploads\/2021\/09\/75B7185F-E058-4E04-8A90-B55D3D21C1DC.jpeg","type":"image\/jpeg"}],"author":"Redacci\u00f3n QP","twitter_card":"summary_large_image","twitter_misc":{"Escrito por":"Redacci\u00f3n QP","Tiempo de lectura":"2 minutos"},"schema":{"@context":"https:\/\/schema.org","@graph":[{"@type":"Article","@id":"https:\/\/quehacerpolitico.mx\/?p=84307#article","isPartOf":{"@id":"https:\/\/quehacerpolitico.mx\/?p=84307"},"author":{"name":"Redacci\u00f3n QP","@id":"https:\/\/quehacerpolitico.mx\/#\/schema\/person\/496d8ad2d1d3f8036101dca7ee39e585"},"headline":"&#8220;Son casi fascistas&#8221;: AMLO critica al PAN por reunirse con partido espa\u00f1ol Vox","datePublished":"2021-09-03T17:09:56+00:00","dateModified":"2021-09-03T17:09:58+00:00","mainEntityOfPage":{"@id":"https:\/\/quehacerpolitico.mx\/?p=84307"},"wordCount":381,"commentCount":0,"image":{"@id":"https:\/\/quehacerpolitico.mx\/?p=84307#primaryimage"},"thumbnailUrl":"https:\/\/quehacerpolitico.mx\/wp-content\/uploads\/2021\/09\/75B7185F-E058-4E04-8A90-B55D3D21C1DC.jpeg","articleSection":["Noticias"],"inLanguage":"es","potentialAction":[{"@type":"CommentAction","name":"Comment","target":["https:\/\/quehacerpolitico.mx\/?p=84307#respond"]}]},{"@type":"WebPage","@id":"https:\/\/quehacerpolitico.mx\/?p=84307","url":"https:\/\/quehacerpolitico.mx\/?p=84307","name":"\"Son casi fascistas\": AMLO critica al PAN por reunirse con partido espa\u00f1ol Vox -","isPartOf":{"@id":"https:\/\/quehacerpolitico.mx\/#website"},"primaryImageOfPage":{"@id":"https:\/\/quehacerpolitico.mx\/?p=84307#primaryimage"},"image":{"@id":"https:\/\/quehacerpolitico.mx\/?p=84307#primaryimage"},"thumbnailUrl":"https:\/\/quehacerpolitico.mx\/wp-content\/uploads\/2021\/09\/75B7185F-E058-4E04-8A90-B55D3D21C1DC.jpeg","datePublished":"2021-09-03T17:09:56+00:00","dateModified":"2021-09-03T17:09:58+00:00","author":{"@id":"https:\/\/quehacerpolitico.mx\/#\/schema\/person\/496d8ad2d1d3f8036101dca7ee39e585"},"breadcrumb":{"@id":"https:\/\/quehacerpolitico.mx\/?p=84307#breadcrumb"},"inLanguage":"es","potentialAction":[{"@type":"ReadAction","target":["https:\/\/quehacerpolitico.mx\/?p=84307"]}]},{"@type":"ImageObject","inLanguage":"es","@id":"https:\/\/quehacerpolitico.mx\/?p=84307#primaryimage","url":"https:\/\/quehacerpolitico.mx\/wp-content\/uploads\/2021\/09\/75B7185F-E058-4E04-8A90-B55D3D21C1DC.jpeg","contentUrl":"https:\/\/quehacerpolitico.mx\/wp-content\/uploads\/2021\/09\/75B7185F-E058-4E04-8A90-B55D3D21C1DC.jpeg","width":1284,"height":689},{"@type":"BreadcrumbList","@id":"https:\/\/quehacerpolitico.mx\/?p=84307#breadcrumb","itemListElement":[{"@type":"ListItem","position":1,"name":"Inicio","item":"https:\/\/quehacerpolitico.mx\/"},{"@type":"ListItem","position":2,"name":"&#8220;Son casi fascistas&#8221;: AMLO critica al PAN por reunirse con partido espa\u00f1ol Vox"}]},{"@type":"WebSite","@id":"https:\/\/quehacerpolitico.mx\/#website","url":"https:\/\/quehacerpolitico.mx\/","name":"","description":"","potentialAction":[{"@type":"SearchAction","target":{"@type":"EntryPoint","urlTemplate":"https:\/\/quehacerpolitico.mx\/?s={search_term_string}"},"query-input":{"@type":"PropertyValueSpecification","valueRequired":true,"valueName":"search_term_string"}}],"inLanguage":"es"},{"@type":"Person","@id":"https:\/\/quehacerpolitico.mx\/#\/schema\/person\/496d8ad2d1d3f8036101dca7ee39e585","name":"Redacci\u00f3n QP","image":{"@type":"ImageObject","inLanguage":"es","@id":"https:\/\/secure.gravatar.com\/avatar\/c7164ed6fdec453195284ad24a5ae5b6e1eed2b848477fa2a4787ba9adf39a41?s=96&d=mm&r=g","url":"https:\/\/secure.gravatar.com\/avatar\/c7164ed6fdec453195284ad24a5ae5b6e1eed2b848477fa2a4787ba9adf39a41?s=96&d=mm&r=g","contentUrl":"https:\/\/secure.gravatar.com\/avatar\/c7164ed6fdec453195284ad24a5ae5b6e1eed2b848477fa2a4787ba9adf39a41?s=96&d=mm&r=g","caption":"Redacci\u00f3n QP"},"url":"https:\/\/quehacerpolitico.mx\/?author=2"}]}},"featured_image_urls":{"full":["https:\/\/quehacerpolitico.mx\/wp-content\/uploads\/2021\/09\/75B7185F-E058-4E04-8A90-B55D3D21C1DC.jpeg",1284,689,false],"thumbnail":["https:\/\/quehacerpolitico.mx\/wp-content\/uploads\/2021\/09\/75B7185F-E058-4E04-8A90-B55D3D21C1DC-150x150.jpeg",150,150,true],"medium":["https:\/\/quehacerpolitico.mx\/wp-content\/uploads\/2021\/09\/75B7185F-E058-4E04-8A90-B55D3D21C1DC-300x161.jpeg",300,161,true],"medium_large":["https:\/\/quehacerpolitico.mx\/wp-content\/uploads\/2021\/09\/75B7185F-E058-4E04-8A90-B55D3D21C1DC-768x412.jpeg",640,343,true],"large":["https:\/\/quehacerpolitico.mx\/wp-content\/uploads\/2021\/09\/75B7185F-E058-4E04-8A90-B55D3D21C1DC-1024x549.jpeg",640,343,true],"1536x1536":["https:\/\/quehacerpolitico.mx\/wp-content\/uploads\/2021\/09\/75B7185F-E058-4E04-8A90-B55D3D21C1DC.jpeg",1284,689,false],"2048x2048":["https:\/\/quehacerpolitico.mx\/wp-content\/uploads\/2021\/09\/75B7185F-E058-4E04-8A90-B55D3D21C1DC.jpeg",1284,689,false],"covernews-featured":["https:\/\/quehacerpolitico.mx\/wp-content\/uploads\/2021\/09\/75B7185F-E058-4E04-8A90-B55D3D21C1DC.jpeg",1024,549,false],"covernews-medium":["https:\/\/quehacerpolitico.mx\/wp-content\/uploads\/2021\/09\/75B7185F-E058-4E04-8A90-B55D3D21C1DC.jpeg",540,290,false]},"author_info":{"display_name":"Redacci\u00f3n QP","author_link":"https:\/\/quehacerpolitico.mx\/?author=2"},"category_info":"<a href=\"https:\/\/quehacerpolitico.mx\/?cat=2\" rel=\"category\">Noticias<\/a>","tag_info":"Noticias","comment_count":"0","_links":{"self":[{"href":"https:\/\/quehacerpolitico.mx\/index.php?rest_route=\/wp\/v2\/posts\/84307","targetHints":{"allow":["GET"]}}],"collection":[{"href":"https:\/\/quehacerpolitico.mx\/index.php?rest_route=\/wp\/v2\/posts"}],"about":[{"href":"https:\/\/quehacerpolitico.mx\/index.php?rest_route=\/wp\/v2\/types\/post"}],"author":[{"embeddable":true,"href":"https:\/\/quehacerpolitico.mx\/index.php?rest_route=\/wp\/v2\/users\/2"}],"replies":[{"embeddable":true,"href":"https:\/\/quehacerpolitico.mx\/index.php?rest_route=%2Fwp%2Fv2%2Fcomments&post=84307"}],"version-history":[{"count":1,"href":"https:\/\/quehacerpolitico.mx\/index.php?rest_route=\/wp\/v2\/posts\/84307\/revisions"}],"predecessor-version":[{"id":84309,"href":"https:\/\/quehacerpolitico.mx\/index.php?rest_route=\/wp\/v2\/posts\/84307\/revisions\/84309"}],"wp:featuredmedia":[{"embeddable":true,"href":"https:\/\/quehacerpolitico.mx\/index.php?rest_route=\/wp\/v2\/media\/84308"}],"wp:attachment":[{"href":"https:\/\/quehacerpolitico.mx\/index.php?rest_route=%2Fwp%2Fv2%2Fmedia&parent=84307"}],"wp:term":[{"taxonomy":"category","embeddable":true,"href":"https:\/\/quehacerpolitico.mx\/index.php?rest_route=%2Fwp%2Fv2%2Fcategories&post=84307"},{"taxonomy":"post_tag","embeddable":true,"href":"https:\/\/quehacerpolitico.mx\/index.php?rest_route=%2Fwp%2Fv2%2Ftags&post=84307"}],"curies":[{"name":"wp","href":"https:\/\/api.w.org\/{rel}","templated":true}]}}