{"id":84304,"date":"2021-09-03T16:24:00","date_gmt":"2021-09-03T16:24:00","guid":{"rendered":"https:\/\/quehacerpolitico.mx\/?p=84304"},"modified":"2021-09-03T16:24:04","modified_gmt":"2021-09-03T16:24:04","slug":"senado-avala-consulta-sobre-revocacion-de-mandato-con-modificacion-a-pregunta","status":"publish","type":"post","link":"https:\/\/quehacerpolitico.mx\/?p=84304","title":{"rendered":"Senado avala consulta sobre revocaci\u00f3n de mandato con modificaci\u00f3n a pregunta"},"content":{"rendered":"\n<p>Por Redacci\u00f3n QP<\/p>\n\n\n\n<p>La pregunta qued\u00f3 como\u00a0<em>&#8220;\u00bfEst\u00e1s de acuerdo en que (nombre), presidente\/a de los Estados Unidos Mexicanos, se le revoque el mandato por p\u00e9rdida de confianza o que siga en la Presidencia de la Rep\u00fablica hasta que termine su periodo?&#8221;<\/em><\/p>\n\n\n\n<figure class=\"wp-block-image\"><img decoding=\"async\" src=\"https:\/\/www.informador.mx\/__export\/1630680760360\/sites\/elinformador\/img\/2021\/09\/03\/senado_mxxico_efe_crop1630680470375.jpg_788543494.jpg\" alt=\"El dictamen se aprob\u00f3 en lo general con 101 votos a favor y dos en contra de los senadores Gustavo Madero Mu\u00f1oz y de Emilio \u00c1lvarez Icaza. EFE \/ J. Pazos\"\/><figcaption>El dictamen se aprob\u00f3 en lo general con 101 votos a favor y dos en contra de los senadores Gustavo Madero Mu\u00f1oz y de Emilio \u00c1lvarez Icaza. EFE \/ J. Pazos<\/figcaption><\/figure>\n\n\n\n<p>El Senado mexicano aprob\u00f3 este viernes la Ley Federal de Revocaci\u00f3n de Mandato por 101 votos a favor y dos en contra, que establece mecanismos para llevar a cabo una consulta a la ciudadan\u00eda sobre la continuidad del Presidente.<\/p>\n\n\n\n<p>&#8220;La C\u00e1mara de Senadores aprob\u00f3, en lo general y en lo particular, el dictamen por el que se expide la Ley Federal de Revocaci\u00f3n de Mandato, cuyo objetivo es regular este ejercicio de participaci\u00f3n ciudadana&#8221;, apunt\u00f3 la C\u00e1mara Alta en un bolet\u00edn.<\/p>\n\n\n\n<p><strong>El pleno, tras una sesi\u00f3n que dur\u00f3 m\u00e1s de diez horas y termin\u00f3 de madrugada, agreg\u00f3 las modificaciones a 29 art\u00edculos del dictamen<\/strong>, as\u00ed como la inclusi\u00f3n de un cap\u00edtulo sobre sanciones y cambios al r\u00e9gimen transitorio del proyecto de decreto.<\/p>\n\n\n\n<blockquote class=\"wp-block-quote is-layout-flow wp-block-quote-is-layout-flow\"><p>&#8220;La C\u00e1mara de Senadores aprob\u00f3, en lo general y en lo particular, el dictamen por el que se expide la Ley Federal de Revocaci\u00f3n de Mandato&#8221;<\/p><\/blockquote>\n\n\n\n<p>&#8220;De esta manera, se precisa que la ley tendr\u00e1 por objeto regular y garantizar el ejercicio del derecho pol\u00edtico de las y los ciudadanos a solicitar, participar, ser consultados y votar por la revocaci\u00f3n del mandato de la persona que result\u00f3 electa popularmente como titular de la Presidencia de la Rep\u00fablica&#8221;, apunt\u00f3 el texto.&nbsp;<\/p>\n\n\n\n<p>Este referendo se llevar\u00e1 a cabo &#8220;mediante sufragio universal, libre, secreto, directo, personal e intransferible&#8221;.<\/p>\n\n\n\n<p>&#8220;Se alcanzaron los consensos para formular la pregunta y el proyecto fue enviado a la C\u00e1mara de Diputados como c\u00e1mara revisora&#8221;, puntualiz\u00f3 el Senado.&nbsp;<\/p>\n\n\n\n<h4 class=\"wp-block-heading\">Pregunta y directrices<\/h4>\n\n\n\n<p>El dictamen se aprob\u00f3 en lo general con 101 votos a favor y dos en contra de los senadores Gustavo Madero Mu\u00f1oz y de Emilio \u00c1lvarez Icaza.&nbsp;<\/p>\n\n\n\n<p>La pregunta que se realizar\u00e1 cuando se lleve a cabo este ejercicio ser\u00e1:\u00a0<strong>&#8220;\u00bfEst\u00e1s de acuerdo en que (nombre), presidente\/a de los Estados Unidos Mexicanos, se le revoque el mandato por p\u00e9rdida de confianza o que siga en la Presidencia de la Rep\u00fablica hasta que termine su periodo?&#8221;<\/strong>.<\/p>\n\n\n\n<figure class=\"wp-block-embed is-type-rich is-provider-twitter wp-block-embed-twitter\"><div class=\"wp-block-embed__wrapper\">\n<blockquote class=\"twitter-tweet\" data-width=\"550\" data-dnt=\"true\"><p lang=\"es\" dir=\"ltr\">\ud83d\udccc <a href=\"https:\/\/twitter.com\/hashtag\/HoyEnElSenado?src=hash&amp;ref_src=twsrc%5Etfw\">#HoyEnElSenado<\/a> se aprob\u00f3 la Ley Federal de Revocaci\u00f3n de Mandato.<br><br>Conoce m\u00e1s de esta nueva ley.\ud83d\udc47 <a href=\"https:\/\/t.co\/FbcCzLthab\">pic.twitter.com\/FbcCzLthab<\/a><\/p>&mdash; Senado de M\u00e9xico (@senadomexicano) <a href=\"https:\/\/twitter.com\/senadomexicano\/status\/1433689942526414851?ref_src=twsrc%5Etfw\">September 3, 2021<\/a><\/blockquote><script async src=\"https:\/\/platform.twitter.com\/widgets.js\" charset=\"utf-8\"><\/script>\n<\/div><\/figure>\n\n\n\n<p>Ricardo Monreal, coordinador de Morena&nbsp;en el Senado,&nbsp;pidi\u00f3 no permitir que el Instituto Nacional Electoral (INE), ni ning\u00fan \u00f3rgano aut\u00f3nomo, &#8220;usurpe funciones del Legislativo&#8221;.&nbsp;<\/p>\n\n\n\n<p><strong>La ley aprobada ahora dispone que el INE tendr\u00e1 a su cargo, en forma directa, &#8220;la organizaci\u00f3n, desarrollo y c\u00f3mputo de la votaci\u00f3n&#8221;<\/strong>.&nbsp;<\/p>\n\n\n\n<p>Para arrancar con este referendo se necesitar\u00eda la petici\u00f3n de un n\u00famero equivalente de ciudadanos de un m\u00ednimo del 3 % de los inscritos en la lista nominal de electores y distribuidos en, al menos, 17 estados.&nbsp;<\/p>\n\n\n\n<p>&#8220;Dicho ejercicio democr\u00e1tico, sugiere el proyecto, podr\u00e1 solicitarse por una sola ocasi\u00f3n, durante los tres meses posteriores a la conclusi\u00f3n del tercer a\u00f1o del periodo constitucional de quien ostente la titularidad del Ejecutivo Federal&#8221;, especific\u00f3 la ley.<\/p>\n\n\n\n<p>Adem\u00e1s, el dictamen establece que queda prohibido el uso de recursos p\u00fablicos para la recolecci\u00f3n de firmas, as\u00ed como con fines de promoci\u00f3n y propaganda relacionados con los procesos de revocaci\u00f3n de mandato.&nbsp;<\/p>\n\n\n\n<p>En este sentido, ser\u00e1 el INE el encargado de sancionar estas conductas.&nbsp;<\/p>\n\n\n\n<p>Para que sea vinculatorio para el presidente,&nbsp;<strong>la participaci\u00f3n debe ser de al menos el 40% de la lista nominal de electores<\/strong>.&nbsp;<\/p>\n\n\n\n<p>El impulsor de esta consulta ha sido el propio Presidente de M\u00e9xico, Andr\u00e9s Manuel L\u00f3pez Obrador (AMLO), quien quiere que se lleve a cabo el pr\u00f3ximo mes de marzo.&nbsp;<\/p>\n\n\n\n<p>&#8220;Vamos bien y estoy seguro que la gente va a votar a finales de marzo por que\u00a0continu\u00e9 mi periodo constitucional hasta finales de septiembre de 2024&#8221;, expres\u00f3 este mi\u00e9rcoles, durante su tercer informe de Gobierno, ante su gabinete y colaboradores en Palacio Nacional.<\/p>\n\n\n\n<p>Con Informaci\u00f3n de EFE<\/p>\n","protected":false},"excerpt":{"rendered":"<p>Por Redacci\u00f3n QP La pregunta qued\u00f3 como\u00a0&#8220;\u00bfEst\u00e1s de acuerdo en que (nombre), presidente\/a de los&#8230;<\/p>\n","protected":false},"author":2,"featured_media":84305,"comment_status":"open","ping_status":"open","sticky":false,"template":"","format":"standard","meta":{"_monsterinsights_skip_tracking":false,"_monsterinsights_sitenote_active":false,"_monsterinsights_sitenote_note":"","_monsterinsights_sitenote_category":0,"footnotes":""},"categories":[2],"tags":[],"class_list":["post-84304","post","type-post","status-publish","format-standard","has-post-thumbnail","hentry","category-noticias"],"yoast_head":"<!-- This site is optimized with the Yoast SEO plugin v27.3 - https:\/\/yoast.com\/product\/yoast-seo-wordpress\/ -->\n<title>Senado avala consulta sobre revocaci\u00f3n de mandato con modificaci\u00f3n a pregunta -<\/title>\n<meta name=\"robots\" content=\"index, follow, max-snippet:-1, max-image-preview:large, max-video-preview:-1\" \/>\n<link rel=\"canonical\" href=\"https:\/\/quehacerpolitico.mx\/?p=84304\" \/>\n<meta property=\"og:locale\" content=\"es_MX\" \/>\n<meta property=\"og:type\" content=\"article\" \/>\n<meta property=\"og:title\" content=\"Senado avala consulta sobre revocaci\u00f3n de mandato con modificaci\u00f3n a pregunta -\" \/>\n<meta property=\"og:description\" content=\"Por Redacci\u00f3n QP La pregunta qued\u00f3 como\u00a0&#8220;\u00bfEst\u00e1s de acuerdo en que (nombre), presidente\/a de los...\" \/>\n<meta property=\"og:url\" content=\"https:\/\/quehacerpolitico.mx\/?p=84304\" \/>\n<meta property=\"article:published_time\" content=\"2021-09-03T16:24:00+00:00\" \/>\n<meta property=\"article:modified_time\" content=\"2021-09-03T16:24:04+00:00\" \/>\n<meta property=\"og:image\" content=\"https:\/\/quehacerpolitico.mx\/wp-content\/uploads\/2021\/09\/83086234-9A98-4E4D-A399-63E27A6EE233.jpeg\" \/>\n\t<meta property=\"og:image:width\" content=\"701\" \/>\n\t<meta property=\"og:image:height\" content=\"438\" \/>\n\t<meta property=\"og:image:type\" content=\"image\/jpeg\" \/>\n<meta name=\"author\" content=\"Redacci\u00f3n QP\" \/>\n<meta name=\"twitter:card\" content=\"summary_large_image\" \/>\n<meta name=\"twitter:label1\" content=\"Escrito por\" \/>\n\t<meta name=\"twitter:data1\" content=\"Redacci\u00f3n QP\" \/>\n\t<meta name=\"twitter:label2\" content=\"Tiempo de lectura\" \/>\n\t<meta name=\"twitter:data2\" content=\"4 minutos\" \/>\n<script type=\"application\/ld+json\" class=\"yoast-schema-graph\">{\"@context\":\"https:\\\/\\\/schema.org\",\"@graph\":[{\"@type\":\"Article\",\"@id\":\"https:\\\/\\\/quehacerpolitico.mx\\\/?p=84304#article\",\"isPartOf\":{\"@id\":\"https:\\\/\\\/quehacerpolitico.mx\\\/?p=84304\"},\"author\":{\"name\":\"Redacci\u00f3n QP\",\"@id\":\"https:\\\/\\\/quehacerpolitico.mx\\\/#\\\/schema\\\/person\\\/496d8ad2d1d3f8036101dca7ee39e585\"},\"headline\":\"Senado avala consulta sobre revocaci\u00f3n de mandato con modificaci\u00f3n a pregunta\",\"datePublished\":\"2021-09-03T16:24:00+00:00\",\"dateModified\":\"2021-09-03T16:24:04+00:00\",\"mainEntityOfPage\":{\"@id\":\"https:\\\/\\\/quehacerpolitico.mx\\\/?p=84304\"},\"wordCount\":736,\"commentCount\":0,\"image\":{\"@id\":\"https:\\\/\\\/quehacerpolitico.mx\\\/?p=84304#primaryimage\"},\"thumbnailUrl\":\"https:\\\/\\\/quehacerpolitico.mx\\\/wp-content\\\/uploads\\\/2021\\\/09\\\/83086234-9A98-4E4D-A399-63E27A6EE233.jpeg\",\"articleSection\":[\"Noticias\"],\"inLanguage\":\"es\",\"potentialAction\":[{\"@type\":\"CommentAction\",\"name\":\"Comment\",\"target\":[\"https:\\\/\\\/quehacerpolitico.mx\\\/?p=84304#respond\"]}]},{\"@type\":\"WebPage\",\"@id\":\"https:\\\/\\\/quehacerpolitico.mx\\\/?p=84304\",\"url\":\"https:\\\/\\\/quehacerpolitico.mx\\\/?p=84304\",\"name\":\"Senado avala consulta sobre revocaci\u00f3n de mandato con modificaci\u00f3n a pregunta -\",\"isPartOf\":{\"@id\":\"https:\\\/\\\/quehacerpolitico.mx\\\/#website\"},\"primaryImageOfPage\":{\"@id\":\"https:\\\/\\\/quehacerpolitico.mx\\\/?p=84304#primaryimage\"},\"image\":{\"@id\":\"https:\\\/\\\/quehacerpolitico.mx\\\/?p=84304#primaryimage\"},\"thumbnailUrl\":\"https:\\\/\\\/quehacerpolitico.mx\\\/wp-content\\\/uploads\\\/2021\\\/09\\\/83086234-9A98-4E4D-A399-63E27A6EE233.jpeg\",\"datePublished\":\"2021-09-03T16:24:00+00:00\",\"dateModified\":\"2021-09-03T16:24:04+00:00\",\"author\":{\"@id\":\"https:\\\/\\\/quehacerpolitico.mx\\\/#\\\/schema\\\/person\\\/496d8ad2d1d3f8036101dca7ee39e585\"},\"breadcrumb\":{\"@id\":\"https:\\\/\\\/quehacerpolitico.mx\\\/?p=84304#breadcrumb\"},\"inLanguage\":\"es\",\"potentialAction\":[{\"@type\":\"ReadAction\",\"target\":[\"https:\\\/\\\/quehacerpolitico.mx\\\/?p=84304\"]}]},{\"@type\":\"ImageObject\",\"inLanguage\":\"es\",\"@id\":\"https:\\\/\\\/quehacerpolitico.mx\\\/?p=84304#primaryimage\",\"url\":\"https:\\\/\\\/quehacerpolitico.mx\\\/wp-content\\\/uploads\\\/2021\\\/09\\\/83086234-9A98-4E4D-A399-63E27A6EE233.jpeg\",\"contentUrl\":\"https:\\\/\\\/quehacerpolitico.mx\\\/wp-content\\\/uploads\\\/2021\\\/09\\\/83086234-9A98-4E4D-A399-63E27A6EE233.jpeg\",\"width\":701,\"height\":438},{\"@type\":\"BreadcrumbList\",\"@id\":\"https:\\\/\\\/quehacerpolitico.mx\\\/?p=84304#breadcrumb\",\"itemListElement\":[{\"@type\":\"ListItem\",\"position\":1,\"name\":\"Inicio\",\"item\":\"https:\\\/\\\/quehacerpolitico.mx\\\/\"},{\"@type\":\"ListItem\",\"position\":2,\"name\":\"Senado avala consulta sobre revocaci\u00f3n de mandato con modificaci\u00f3n a pregunta\"}]},{\"@type\":\"WebSite\",\"@id\":\"https:\\\/\\\/quehacerpolitico.mx\\\/#website\",\"url\":\"https:\\\/\\\/quehacerpolitico.mx\\\/\",\"name\":\"\",\"description\":\"\",\"potentialAction\":[{\"@type\":\"SearchAction\",\"target\":{\"@type\":\"EntryPoint\",\"urlTemplate\":\"https:\\\/\\\/quehacerpolitico.mx\\\/?s={search_term_string}\"},\"query-input\":{\"@type\":\"PropertyValueSpecification\",\"valueRequired\":true,\"valueName\":\"search_term_string\"}}],\"inLanguage\":\"es\"},{\"@type\":\"Person\",\"@id\":\"https:\\\/\\\/quehacerpolitico.mx\\\/#\\\/schema\\\/person\\\/496d8ad2d1d3f8036101dca7ee39e585\",\"name\":\"Redacci\u00f3n QP\",\"image\":{\"@type\":\"ImageObject\",\"inLanguage\":\"es\",\"@id\":\"https:\\\/\\\/secure.gravatar.com\\\/avatar\\\/c7164ed6fdec453195284ad24a5ae5b6e1eed2b848477fa2a4787ba9adf39a41?s=96&d=mm&r=g\",\"url\":\"https:\\\/\\\/secure.gravatar.com\\\/avatar\\\/c7164ed6fdec453195284ad24a5ae5b6e1eed2b848477fa2a4787ba9adf39a41?s=96&d=mm&r=g\",\"contentUrl\":\"https:\\\/\\\/secure.gravatar.com\\\/avatar\\\/c7164ed6fdec453195284ad24a5ae5b6e1eed2b848477fa2a4787ba9adf39a41?s=96&d=mm&r=g\",\"caption\":\"Redacci\u00f3n QP\"},\"url\":\"https:\\\/\\\/quehacerpolitico.mx\\\/?author=2\"}]}<\/script>\n<!-- \/ Yoast SEO plugin. -->","yoast_head_json":{"title":"Senado avala consulta sobre revocaci\u00f3n de mandato con modificaci\u00f3n a pregunta -","robots":{"index":"index","follow":"follow","max-snippet":"max-snippet:-1","max-image-preview":"max-image-preview:large","max-video-preview":"max-video-preview:-1"},"canonical":"https:\/\/quehacerpolitico.mx\/?p=84304","og_locale":"es_MX","og_type":"article","og_title":"Senado avala consulta sobre revocaci\u00f3n de mandato con modificaci\u00f3n a pregunta -","og_description":"Por Redacci\u00f3n QP La pregunta qued\u00f3 como\u00a0&#8220;\u00bfEst\u00e1s de acuerdo en que (nombre), presidente\/a de los...","og_url":"https:\/\/quehacerpolitico.mx\/?p=84304","article_published_time":"2021-09-03T16:24:00+00:00","article_modified_time":"2021-09-03T16:24:04+00:00","og_image":[{"width":701,"height":438,"url":"https:\/\/quehacerpolitico.mx\/wp-content\/uploads\/2021\/09\/83086234-9A98-4E4D-A399-63E27A6EE233.jpeg","type":"image\/jpeg"}],"author":"Redacci\u00f3n QP","twitter_card":"summary_large_image","twitter_misc":{"Escrito por":"Redacci\u00f3n QP","Tiempo de lectura":"4 minutos"},"schema":{"@context":"https:\/\/schema.org","@graph":[{"@type":"Article","@id":"https:\/\/quehacerpolitico.mx\/?p=84304#article","isPartOf":{"@id":"https:\/\/quehacerpolitico.mx\/?p=84304"},"author":{"name":"Redacci\u00f3n QP","@id":"https:\/\/quehacerpolitico.mx\/#\/schema\/person\/496d8ad2d1d3f8036101dca7ee39e585"},"headline":"Senado avala consulta sobre revocaci\u00f3n de mandato con modificaci\u00f3n a pregunta","datePublished":"2021-09-03T16:24:00+00:00","dateModified":"2021-09-03T16:24:04+00:00","mainEntityOfPage":{"@id":"https:\/\/quehacerpolitico.mx\/?p=84304"},"wordCount":736,"commentCount":0,"image":{"@id":"https:\/\/quehacerpolitico.mx\/?p=84304#primaryimage"},"thumbnailUrl":"https:\/\/quehacerpolitico.mx\/wp-content\/uploads\/2021\/09\/83086234-9A98-4E4D-A399-63E27A6EE233.jpeg","articleSection":["Noticias"],"inLanguage":"es","potentialAction":[{"@type":"CommentAction","name":"Comment","target":["https:\/\/quehacerpolitico.mx\/?p=84304#respond"]}]},{"@type":"WebPage","@id":"https:\/\/quehacerpolitico.mx\/?p=84304","url":"https:\/\/quehacerpolitico.mx\/?p=84304","name":"Senado avala consulta sobre revocaci\u00f3n de mandato con modificaci\u00f3n a pregunta -","isPartOf":{"@id":"https:\/\/quehacerpolitico.mx\/#website"},"primaryImageOfPage":{"@id":"https:\/\/quehacerpolitico.mx\/?p=84304#primaryimage"},"image":{"@id":"https:\/\/quehacerpolitico.mx\/?p=84304#primaryimage"},"thumbnailUrl":"https:\/\/quehacerpolitico.mx\/wp-content\/uploads\/2021\/09\/83086234-9A98-4E4D-A399-63E27A6EE233.jpeg","datePublished":"2021-09-03T16:24:00+00:00","dateModified":"2021-09-03T16:24:04+00:00","author":{"@id":"https:\/\/quehacerpolitico.mx\/#\/schema\/person\/496d8ad2d1d3f8036101dca7ee39e585"},"breadcrumb":{"@id":"https:\/\/quehacerpolitico.mx\/?p=84304#breadcrumb"},"inLanguage":"es","potentialAction":[{"@type":"ReadAction","target":["https:\/\/quehacerpolitico.mx\/?p=84304"]}]},{"@type":"ImageObject","inLanguage":"es","@id":"https:\/\/quehacerpolitico.mx\/?p=84304#primaryimage","url":"https:\/\/quehacerpolitico.mx\/wp-content\/uploads\/2021\/09\/83086234-9A98-4E4D-A399-63E27A6EE233.jpeg","contentUrl":"https:\/\/quehacerpolitico.mx\/wp-content\/uploads\/2021\/09\/83086234-9A98-4E4D-A399-63E27A6EE233.jpeg","width":701,"height":438},{"@type":"BreadcrumbList","@id":"https:\/\/quehacerpolitico.mx\/?p=84304#breadcrumb","itemListElement":[{"@type":"ListItem","position":1,"name":"Inicio","item":"https:\/\/quehacerpolitico.mx\/"},{"@type":"ListItem","position":2,"name":"Senado avala consulta sobre revocaci\u00f3n de mandato con modificaci\u00f3n a pregunta"}]},{"@type":"WebSite","@id":"https:\/\/quehacerpolitico.mx\/#website","url":"https:\/\/quehacerpolitico.mx\/","name":"","description":"","potentialAction":[{"@type":"SearchAction","target":{"@type":"EntryPoint","urlTemplate":"https:\/\/quehacerpolitico.mx\/?s={search_term_string}"},"query-input":{"@type":"PropertyValueSpecification","valueRequired":true,"valueName":"search_term_string"}}],"inLanguage":"es"},{"@type":"Person","@id":"https:\/\/quehacerpolitico.mx\/#\/schema\/person\/496d8ad2d1d3f8036101dca7ee39e585","name":"Redacci\u00f3n QP","image":{"@type":"ImageObject","inLanguage":"es","@id":"https:\/\/secure.gravatar.com\/avatar\/c7164ed6fdec453195284ad24a5ae5b6e1eed2b848477fa2a4787ba9adf39a41?s=96&d=mm&r=g","url":"https:\/\/secure.gravatar.com\/avatar\/c7164ed6fdec453195284ad24a5ae5b6e1eed2b848477fa2a4787ba9adf39a41?s=96&d=mm&r=g","contentUrl":"https:\/\/secure.gravatar.com\/avatar\/c7164ed6fdec453195284ad24a5ae5b6e1eed2b848477fa2a4787ba9adf39a41?s=96&d=mm&r=g","caption":"Redacci\u00f3n QP"},"url":"https:\/\/quehacerpolitico.mx\/?author=2"}]}},"featured_image_urls":{"full":["https:\/\/quehacerpolitico.mx\/wp-content\/uploads\/2021\/09\/83086234-9A98-4E4D-A399-63E27A6EE233.jpeg",701,438,false],"thumbnail":["https:\/\/quehacerpolitico.mx\/wp-content\/uploads\/2021\/09\/83086234-9A98-4E4D-A399-63E27A6EE233-150x150.jpeg",150,150,true],"medium":["https:\/\/quehacerpolitico.mx\/wp-content\/uploads\/2021\/09\/83086234-9A98-4E4D-A399-63E27A6EE233-300x187.jpeg",300,187,true],"medium_large":["https:\/\/quehacerpolitico.mx\/wp-content\/uploads\/2021\/09\/83086234-9A98-4E4D-A399-63E27A6EE233.jpeg",640,400,false],"large":["https:\/\/quehacerpolitico.mx\/wp-content\/uploads\/2021\/09\/83086234-9A98-4E4D-A399-63E27A6EE233.jpeg",640,400,false],"1536x1536":["https:\/\/quehacerpolitico.mx\/wp-content\/uploads\/2021\/09\/83086234-9A98-4E4D-A399-63E27A6EE233.jpeg",701,438,false],"2048x2048":["https:\/\/quehacerpolitico.mx\/wp-content\/uploads\/2021\/09\/83086234-9A98-4E4D-A399-63E27A6EE233.jpeg",701,438,false],"covernews-featured":["https:\/\/quehacerpolitico.mx\/wp-content\/uploads\/2021\/09\/83086234-9A98-4E4D-A399-63E27A6EE233.jpeg",701,438,false],"covernews-medium":["https:\/\/quehacerpolitico.mx\/wp-content\/uploads\/2021\/09\/83086234-9A98-4E4D-A399-63E27A6EE233.jpeg",540,337,false]},"author_info":{"display_name":"Redacci\u00f3n QP","author_link":"https:\/\/quehacerpolitico.mx\/?author=2"},"category_info":"<a href=\"https:\/\/quehacerpolitico.mx\/?cat=2\" rel=\"category\">Noticias<\/a>","tag_info":"Noticias","comment_count":"0","_links":{"self":[{"href":"https:\/\/quehacerpolitico.mx\/index.php?rest_route=\/wp\/v2\/posts\/84304","targetHints":{"allow":["GET"]}}],"collection":[{"href":"https:\/\/quehacerpolitico.mx\/index.php?rest_route=\/wp\/v2\/posts"}],"about":[{"href":"https:\/\/quehacerpolitico.mx\/index.php?rest_route=\/wp\/v2\/types\/post"}],"author":[{"embeddable":true,"href":"https:\/\/quehacerpolitico.mx\/index.php?rest_route=\/wp\/v2\/users\/2"}],"replies":[{"embeddable":true,"href":"https:\/\/quehacerpolitico.mx\/index.php?rest_route=%2Fwp%2Fv2%2Fcomments&post=84304"}],"version-history":[{"count":1,"href":"https:\/\/quehacerpolitico.mx\/index.php?rest_route=\/wp\/v2\/posts\/84304\/revisions"}],"predecessor-version":[{"id":84306,"href":"https:\/\/quehacerpolitico.mx\/index.php?rest_route=\/wp\/v2\/posts\/84304\/revisions\/84306"}],"wp:featuredmedia":[{"embeddable":true,"href":"https:\/\/quehacerpolitico.mx\/index.php?rest_route=\/wp\/v2\/media\/84305"}],"wp:attachment":[{"href":"https:\/\/quehacerpolitico.mx\/index.php?rest_route=%2Fwp%2Fv2%2Fmedia&parent=84304"}],"wp:term":[{"taxonomy":"category","embeddable":true,"href":"https:\/\/quehacerpolitico.mx\/index.php?rest_route=%2Fwp%2Fv2%2Fcategories&post=84304"},{"taxonomy":"post_tag","embeddable":true,"href":"https:\/\/quehacerpolitico.mx\/index.php?rest_route=%2Fwp%2Fv2%2Ftags&post=84304"}],"curies":[{"name":"wp","href":"https:\/\/api.w.org\/{rel}","templated":true}]}}