{"id":84301,"date":"2021-09-03T03:23:34","date_gmt":"2021-09-03T03:23:34","guid":{"rendered":"https:\/\/quehacerpolitico.mx\/?p=84301"},"modified":"2021-09-03T03:23:36","modified_gmt":"2021-09-03T03:23:36","slug":"niegan-vacuna-a-nina-con-diabetes-en-veracruz-pese-a-amparo","status":"publish","type":"post","link":"https:\/\/quehacerpolitico.mx\/?p=84301","title":{"rendered":"Niegan vacuna a ni\u00f1a con diabetes en Veracruz pese a amparo"},"content":{"rendered":"\n<p>Por Redacci\u00f3n QP<\/p>\n\n\n\n<p>Ante la negativa de las autoridades, la menor Zulma envi\u00f3 un mensaje al subsecretario Hugo L\u00f3pez-Gatell para que le diga el d\u00eda, lugar y hora para recibir la dosis<\/p>\n\n\n\n<p>El Gobierno de\u00a0Veracruz le neg\u00f3 la aplicaci\u00f3n de vacuna anticovid a una menor de edad que gan\u00f3 un amparo para recibirla debido a que padece de diabetes.<\/p>\n\n\n\n<p>Y ante la negativa de las autoridades locales, la menor Zulma, quien vive con diabetes tipo 1,&nbsp;<strong>envi\u00f3 un mensaje al subsecretario de Salud, Hugo L\u00f3pez-Gatell, para que le diga el d\u00eda, lugar y hora para recibir la dosis.<\/strong><\/p>\n\n\n\n<p>En un video, la menor de edad le recuerda al funcionario que en abril de 2020 le respondi\u00f3 a su pregunta sobre la severidad del virus en ni\u00f1os con comorbilidades, este le asegur\u00f3 que deb\u00edan ser tratados con cuidados extras, tal como en el caso de los adultos mayores, debido al riesgo de complicarse.<\/p>\n\n\n\n<figure class=\"wp-block-embed is-type-rich is-provider-twitter wp-block-embed-twitter\"><div class=\"wp-block-embed__wrapper\">\n<blockquote class=\"twitter-tweet\" data-width=\"550\" data-dnt=\"true\"><p lang=\"es\" dir=\"ltr\">Aqu\u00ed les habla Zulma desde Xalapa, Veracruz, <a href=\"https:\/\/twitter.com\/hashtag\/miserables?src=hash&amp;ref_src=twsrc%5Etfw\">#miserables<\/a>.<br><br>S\u00ed, a ustedes: <a href=\"https:\/\/twitter.com\/HLGatell?ref_src=twsrc%5Etfw\">@HLGatell<\/a> <a href=\"https:\/\/twitter.com\/SSalud_mx?ref_src=twsrc%5Etfw\">@SSalud_mx<\/a> <a href=\"https:\/\/twitter.com\/lopezobrador_?ref_src=twsrc%5Etfw\">@lopezobrador_<\/a> \u2b07\ufe0f\u2b07\ufe0f\u2b07\ufe0f<a href=\"https:\/\/t.co\/4OCASChW5m\">pic.twitter.com\/4OCASChW5m<\/a><\/p>&mdash; Laurie Ann Xim\u00e9nez-Fyvie (@lximenezfyvie) <a href=\"https:\/\/twitter.com\/lximenezfyvie\/status\/1433529149818347524?ref_src=twsrc%5Etfw\">September 2, 2021<\/a><\/blockquote><script async src=\"https:\/\/platform.twitter.com\/widgets.js\" charset=\"utf-8\"><\/script>\n<\/div><\/figure>\n\n\n\n<p>A pesar que el Poder Judicial de la Federaci\u00f3n determin\u00f3 que debe ser vacunada por su condici\u00f3n m\u00e9dica y el riesgo de que si contrae COVID pueda agravarse,&nbsp;<strong>la Secretar\u00eda de Salud de Veracruz, a cargo de Roberto Ramos Alor, se niega a hacerlo.<\/strong><\/p>\n\n\n\n<p>La menor cont\u00f3 que tras haber permanecido una hora esperando al secretario en la cochera de sus oficinas, le dijeron que no la vacunar\u00edan porque no est\u00e1 en riesgo, seg\u00fan ha dicho la federaci\u00f3n.<\/p>\n\n\n\n<p>&#8220;Despu\u00e9s de estar una hora en la cochera del secretario de Salud de Veracruz, junto a unos ba\u00f1os p\u00fablicos, lugar donde me he sentido m\u00e1s expuesta al virus durante toda esta pandemia, a pesar de los argumentos me dicen que no me pueden vacunar porque no estoy en riesgo, que as\u00ed lo indic\u00f3 el Gobierno federal&#8221;, se\u00f1al\u00f3.<\/p>\n\n\n\n<p>Por ello, solicit\u00f3 al funcionario federal le indique la ciudad, el d\u00eda, la hora y el lugar donde la puedan vacunar y as\u00ed poder llevar una mejor vida.<\/p>\n\n\n\n<p>Con Informaci\u00f3n de SUN <\/p>\n","protected":false},"excerpt":{"rendered":"<p>Por Redacci\u00f3n QP Ante la negativa de las autoridades, la menor Zulma envi\u00f3 un mensaje&#8230;<\/p>\n","protected":false},"author":2,"featured_media":84302,"comment_status":"open","ping_status":"open","sticky":false,"template":"","format":"standard","meta":{"_monsterinsights_skip_tracking":false,"_monsterinsights_sitenote_active":false,"_monsterinsights_sitenote_note":"","_monsterinsights_sitenote_category":0,"footnotes":""},"categories":[2],"tags":[],"class_list":["post-84301","post","type-post","status-publish","format-standard","has-post-thumbnail","hentry","category-noticias"],"yoast_head":"<!-- This site is optimized with the Yoast SEO plugin v27.3 - https:\/\/yoast.com\/product\/yoast-seo-wordpress\/ -->\n<title>Niegan vacuna a ni\u00f1a con diabetes en Veracruz pese a amparo -<\/title>\n<meta name=\"robots\" content=\"index, follow, max-snippet:-1, max-image-preview:large, max-video-preview:-1\" \/>\n<link rel=\"canonical\" href=\"https:\/\/quehacerpolitico.mx\/?p=84301\" \/>\n<meta property=\"og:locale\" content=\"es_MX\" \/>\n<meta property=\"og:type\" content=\"article\" \/>\n<meta property=\"og:title\" content=\"Niegan vacuna a ni\u00f1a con diabetes en Veracruz pese a amparo -\" \/>\n<meta property=\"og:description\" content=\"Por Redacci\u00f3n QP Ante la negativa de las autoridades, la menor Zulma envi\u00f3 un mensaje...\" \/>\n<meta property=\"og:url\" content=\"https:\/\/quehacerpolitico.mx\/?p=84301\" \/>\n<meta property=\"article:published_time\" content=\"2021-09-03T03:23:34+00:00\" \/>\n<meta property=\"article:modified_time\" content=\"2021-09-03T03:23:36+00:00\" \/>\n<meta property=\"og:image\" content=\"https:\/\/quehacerpolitico.mx\/wp-content\/uploads\/2021\/09\/68EF128C-92D6-4561-8B53-6375B98BE2C5.jpeg\" \/>\n\t<meta property=\"og:image:width\" content=\"1284\" \/>\n\t<meta property=\"og:image:height\" content=\"691\" \/>\n\t<meta property=\"og:image:type\" content=\"image\/jpeg\" \/>\n<meta name=\"author\" content=\"Redacci\u00f3n QP\" \/>\n<meta name=\"twitter:card\" content=\"summary_large_image\" \/>\n<meta name=\"twitter:label1\" content=\"Escrito por\" \/>\n\t<meta name=\"twitter:data1\" content=\"Redacci\u00f3n QP\" \/>\n\t<meta name=\"twitter:label2\" content=\"Tiempo de lectura\" \/>\n\t<meta name=\"twitter:data2\" content=\"2 minutos\" \/>\n<script type=\"application\/ld+json\" class=\"yoast-schema-graph\">{\"@context\":\"https:\\\/\\\/schema.org\",\"@graph\":[{\"@type\":\"Article\",\"@id\":\"https:\\\/\\\/quehacerpolitico.mx\\\/?p=84301#article\",\"isPartOf\":{\"@id\":\"https:\\\/\\\/quehacerpolitico.mx\\\/?p=84301\"},\"author\":{\"name\":\"Redacci\u00f3n QP\",\"@id\":\"https:\\\/\\\/quehacerpolitico.mx\\\/#\\\/schema\\\/person\\\/496d8ad2d1d3f8036101dca7ee39e585\"},\"headline\":\"Niegan vacuna a ni\u00f1a con diabetes en Veracruz pese a amparo\",\"datePublished\":\"2021-09-03T03:23:34+00:00\",\"dateModified\":\"2021-09-03T03:23:36+00:00\",\"mainEntityOfPage\":{\"@id\":\"https:\\\/\\\/quehacerpolitico.mx\\\/?p=84301\"},\"wordCount\":360,\"commentCount\":0,\"image\":{\"@id\":\"https:\\\/\\\/quehacerpolitico.mx\\\/?p=84301#primaryimage\"},\"thumbnailUrl\":\"https:\\\/\\\/quehacerpolitico.mx\\\/wp-content\\\/uploads\\\/2021\\\/09\\\/68EF128C-92D6-4561-8B53-6375B98BE2C5.jpeg\",\"articleSection\":[\"Noticias\"],\"inLanguage\":\"es\",\"potentialAction\":[{\"@type\":\"CommentAction\",\"name\":\"Comment\",\"target\":[\"https:\\\/\\\/quehacerpolitico.mx\\\/?p=84301#respond\"]}]},{\"@type\":\"WebPage\",\"@id\":\"https:\\\/\\\/quehacerpolitico.mx\\\/?p=84301\",\"url\":\"https:\\\/\\\/quehacerpolitico.mx\\\/?p=84301\",\"name\":\"Niegan vacuna a ni\u00f1a con diabetes en Veracruz pese a amparo -\",\"isPartOf\":{\"@id\":\"https:\\\/\\\/quehacerpolitico.mx\\\/#website\"},\"primaryImageOfPage\":{\"@id\":\"https:\\\/\\\/quehacerpolitico.mx\\\/?p=84301#primaryimage\"},\"image\":{\"@id\":\"https:\\\/\\\/quehacerpolitico.mx\\\/?p=84301#primaryimage\"},\"thumbnailUrl\":\"https:\\\/\\\/quehacerpolitico.mx\\\/wp-content\\\/uploads\\\/2021\\\/09\\\/68EF128C-92D6-4561-8B53-6375B98BE2C5.jpeg\",\"datePublished\":\"2021-09-03T03:23:34+00:00\",\"dateModified\":\"2021-09-03T03:23:36+00:00\",\"author\":{\"@id\":\"https:\\\/\\\/quehacerpolitico.mx\\\/#\\\/schema\\\/person\\\/496d8ad2d1d3f8036101dca7ee39e585\"},\"breadcrumb\":{\"@id\":\"https:\\\/\\\/quehacerpolitico.mx\\\/?p=84301#breadcrumb\"},\"inLanguage\":\"es\",\"potentialAction\":[{\"@type\":\"ReadAction\",\"target\":[\"https:\\\/\\\/quehacerpolitico.mx\\\/?p=84301\"]}]},{\"@type\":\"ImageObject\",\"inLanguage\":\"es\",\"@id\":\"https:\\\/\\\/quehacerpolitico.mx\\\/?p=84301#primaryimage\",\"url\":\"https:\\\/\\\/quehacerpolitico.mx\\\/wp-content\\\/uploads\\\/2021\\\/09\\\/68EF128C-92D6-4561-8B53-6375B98BE2C5.jpeg\",\"contentUrl\":\"https:\\\/\\\/quehacerpolitico.mx\\\/wp-content\\\/uploads\\\/2021\\\/09\\\/68EF128C-92D6-4561-8B53-6375B98BE2C5.jpeg\",\"width\":1284,\"height\":691},{\"@type\":\"BreadcrumbList\",\"@id\":\"https:\\\/\\\/quehacerpolitico.mx\\\/?p=84301#breadcrumb\",\"itemListElement\":[{\"@type\":\"ListItem\",\"position\":1,\"name\":\"Inicio\",\"item\":\"https:\\\/\\\/quehacerpolitico.mx\\\/\"},{\"@type\":\"ListItem\",\"position\":2,\"name\":\"Niegan vacuna a ni\u00f1a con diabetes en Veracruz pese a amparo\"}]},{\"@type\":\"WebSite\",\"@id\":\"https:\\\/\\\/quehacerpolitico.mx\\\/#website\",\"url\":\"https:\\\/\\\/quehacerpolitico.mx\\\/\",\"name\":\"\",\"description\":\"\",\"potentialAction\":[{\"@type\":\"SearchAction\",\"target\":{\"@type\":\"EntryPoint\",\"urlTemplate\":\"https:\\\/\\\/quehacerpolitico.mx\\\/?s={search_term_string}\"},\"query-input\":{\"@type\":\"PropertyValueSpecification\",\"valueRequired\":true,\"valueName\":\"search_term_string\"}}],\"inLanguage\":\"es\"},{\"@type\":\"Person\",\"@id\":\"https:\\\/\\\/quehacerpolitico.mx\\\/#\\\/schema\\\/person\\\/496d8ad2d1d3f8036101dca7ee39e585\",\"name\":\"Redacci\u00f3n QP\",\"image\":{\"@type\":\"ImageObject\",\"inLanguage\":\"es\",\"@id\":\"https:\\\/\\\/secure.gravatar.com\\\/avatar\\\/c7164ed6fdec453195284ad24a5ae5b6e1eed2b848477fa2a4787ba9adf39a41?s=96&d=mm&r=g\",\"url\":\"https:\\\/\\\/secure.gravatar.com\\\/avatar\\\/c7164ed6fdec453195284ad24a5ae5b6e1eed2b848477fa2a4787ba9adf39a41?s=96&d=mm&r=g\",\"contentUrl\":\"https:\\\/\\\/secure.gravatar.com\\\/avatar\\\/c7164ed6fdec453195284ad24a5ae5b6e1eed2b848477fa2a4787ba9adf39a41?s=96&d=mm&r=g\",\"caption\":\"Redacci\u00f3n QP\"},\"url\":\"https:\\\/\\\/quehacerpolitico.mx\\\/?author=2\"}]}<\/script>\n<!-- \/ Yoast SEO plugin. -->","yoast_head_json":{"title":"Niegan vacuna a ni\u00f1a con diabetes en Veracruz pese a amparo -","robots":{"index":"index","follow":"follow","max-snippet":"max-snippet:-1","max-image-preview":"max-image-preview:large","max-video-preview":"max-video-preview:-1"},"canonical":"https:\/\/quehacerpolitico.mx\/?p=84301","og_locale":"es_MX","og_type":"article","og_title":"Niegan vacuna a ni\u00f1a con diabetes en Veracruz pese a amparo -","og_description":"Por Redacci\u00f3n QP Ante la negativa de las autoridades, la menor Zulma envi\u00f3 un mensaje...","og_url":"https:\/\/quehacerpolitico.mx\/?p=84301","article_published_time":"2021-09-03T03:23:34+00:00","article_modified_time":"2021-09-03T03:23:36+00:00","og_image":[{"width":1284,"height":691,"url":"https:\/\/quehacerpolitico.mx\/wp-content\/uploads\/2021\/09\/68EF128C-92D6-4561-8B53-6375B98BE2C5.jpeg","type":"image\/jpeg"}],"author":"Redacci\u00f3n QP","twitter_card":"summary_large_image","twitter_misc":{"Escrito por":"Redacci\u00f3n QP","Tiempo de lectura":"2 minutos"},"schema":{"@context":"https:\/\/schema.org","@graph":[{"@type":"Article","@id":"https:\/\/quehacerpolitico.mx\/?p=84301#article","isPartOf":{"@id":"https:\/\/quehacerpolitico.mx\/?p=84301"},"author":{"name":"Redacci\u00f3n QP","@id":"https:\/\/quehacerpolitico.mx\/#\/schema\/person\/496d8ad2d1d3f8036101dca7ee39e585"},"headline":"Niegan vacuna a ni\u00f1a con diabetes en Veracruz pese a amparo","datePublished":"2021-09-03T03:23:34+00:00","dateModified":"2021-09-03T03:23:36+00:00","mainEntityOfPage":{"@id":"https:\/\/quehacerpolitico.mx\/?p=84301"},"wordCount":360,"commentCount":0,"image":{"@id":"https:\/\/quehacerpolitico.mx\/?p=84301#primaryimage"},"thumbnailUrl":"https:\/\/quehacerpolitico.mx\/wp-content\/uploads\/2021\/09\/68EF128C-92D6-4561-8B53-6375B98BE2C5.jpeg","articleSection":["Noticias"],"inLanguage":"es","potentialAction":[{"@type":"CommentAction","name":"Comment","target":["https:\/\/quehacerpolitico.mx\/?p=84301#respond"]}]},{"@type":"WebPage","@id":"https:\/\/quehacerpolitico.mx\/?p=84301","url":"https:\/\/quehacerpolitico.mx\/?p=84301","name":"Niegan vacuna a ni\u00f1a con diabetes en Veracruz pese a amparo -","isPartOf":{"@id":"https:\/\/quehacerpolitico.mx\/#website"},"primaryImageOfPage":{"@id":"https:\/\/quehacerpolitico.mx\/?p=84301#primaryimage"},"image":{"@id":"https:\/\/quehacerpolitico.mx\/?p=84301#primaryimage"},"thumbnailUrl":"https:\/\/quehacerpolitico.mx\/wp-content\/uploads\/2021\/09\/68EF128C-92D6-4561-8B53-6375B98BE2C5.jpeg","datePublished":"2021-09-03T03:23:34+00:00","dateModified":"2021-09-03T03:23:36+00:00","author":{"@id":"https:\/\/quehacerpolitico.mx\/#\/schema\/person\/496d8ad2d1d3f8036101dca7ee39e585"},"breadcrumb":{"@id":"https:\/\/quehacerpolitico.mx\/?p=84301#breadcrumb"},"inLanguage":"es","potentialAction":[{"@type":"ReadAction","target":["https:\/\/quehacerpolitico.mx\/?p=84301"]}]},{"@type":"ImageObject","inLanguage":"es","@id":"https:\/\/quehacerpolitico.mx\/?p=84301#primaryimage","url":"https:\/\/quehacerpolitico.mx\/wp-content\/uploads\/2021\/09\/68EF128C-92D6-4561-8B53-6375B98BE2C5.jpeg","contentUrl":"https:\/\/quehacerpolitico.mx\/wp-content\/uploads\/2021\/09\/68EF128C-92D6-4561-8B53-6375B98BE2C5.jpeg","width":1284,"height":691},{"@type":"BreadcrumbList","@id":"https:\/\/quehacerpolitico.mx\/?p=84301#breadcrumb","itemListElement":[{"@type":"ListItem","position":1,"name":"Inicio","item":"https:\/\/quehacerpolitico.mx\/"},{"@type":"ListItem","position":2,"name":"Niegan vacuna a ni\u00f1a con diabetes en Veracruz pese a amparo"}]},{"@type":"WebSite","@id":"https:\/\/quehacerpolitico.mx\/#website","url":"https:\/\/quehacerpolitico.mx\/","name":"","description":"","potentialAction":[{"@type":"SearchAction","target":{"@type":"EntryPoint","urlTemplate":"https:\/\/quehacerpolitico.mx\/?s={search_term_string}"},"query-input":{"@type":"PropertyValueSpecification","valueRequired":true,"valueName":"search_term_string"}}],"inLanguage":"es"},{"@type":"Person","@id":"https:\/\/quehacerpolitico.mx\/#\/schema\/person\/496d8ad2d1d3f8036101dca7ee39e585","name":"Redacci\u00f3n QP","image":{"@type":"ImageObject","inLanguage":"es","@id":"https:\/\/secure.gravatar.com\/avatar\/c7164ed6fdec453195284ad24a5ae5b6e1eed2b848477fa2a4787ba9adf39a41?s=96&d=mm&r=g","url":"https:\/\/secure.gravatar.com\/avatar\/c7164ed6fdec453195284ad24a5ae5b6e1eed2b848477fa2a4787ba9adf39a41?s=96&d=mm&r=g","contentUrl":"https:\/\/secure.gravatar.com\/avatar\/c7164ed6fdec453195284ad24a5ae5b6e1eed2b848477fa2a4787ba9adf39a41?s=96&d=mm&r=g","caption":"Redacci\u00f3n QP"},"url":"https:\/\/quehacerpolitico.mx\/?author=2"}]}},"featured_image_urls":{"full":["https:\/\/quehacerpolitico.mx\/wp-content\/uploads\/2021\/09\/68EF128C-92D6-4561-8B53-6375B98BE2C5.jpeg",1284,691,false],"thumbnail":["https:\/\/quehacerpolitico.mx\/wp-content\/uploads\/2021\/09\/68EF128C-92D6-4561-8B53-6375B98BE2C5-150x150.jpeg",150,150,true],"medium":["https:\/\/quehacerpolitico.mx\/wp-content\/uploads\/2021\/09\/68EF128C-92D6-4561-8B53-6375B98BE2C5-300x161.jpeg",300,161,true],"medium_large":["https:\/\/quehacerpolitico.mx\/wp-content\/uploads\/2021\/09\/68EF128C-92D6-4561-8B53-6375B98BE2C5-768x413.jpeg",640,344,true],"large":["https:\/\/quehacerpolitico.mx\/wp-content\/uploads\/2021\/09\/68EF128C-92D6-4561-8B53-6375B98BE2C5-1024x551.jpeg",640,344,true],"1536x1536":["https:\/\/quehacerpolitico.mx\/wp-content\/uploads\/2021\/09\/68EF128C-92D6-4561-8B53-6375B98BE2C5.jpeg",1284,691,false],"2048x2048":["https:\/\/quehacerpolitico.mx\/wp-content\/uploads\/2021\/09\/68EF128C-92D6-4561-8B53-6375B98BE2C5.jpeg",1284,691,false],"covernews-featured":["https:\/\/quehacerpolitico.mx\/wp-content\/uploads\/2021\/09\/68EF128C-92D6-4561-8B53-6375B98BE2C5.jpeg",1024,551,false],"covernews-medium":["https:\/\/quehacerpolitico.mx\/wp-content\/uploads\/2021\/09\/68EF128C-92D6-4561-8B53-6375B98BE2C5.jpeg",540,291,false]},"author_info":{"display_name":"Redacci\u00f3n QP","author_link":"https:\/\/quehacerpolitico.mx\/?author=2"},"category_info":"<a href=\"https:\/\/quehacerpolitico.mx\/?cat=2\" rel=\"category\">Noticias<\/a>","tag_info":"Noticias","comment_count":"0","_links":{"self":[{"href":"https:\/\/quehacerpolitico.mx\/index.php?rest_route=\/wp\/v2\/posts\/84301","targetHints":{"allow":["GET"]}}],"collection":[{"href":"https:\/\/quehacerpolitico.mx\/index.php?rest_route=\/wp\/v2\/posts"}],"about":[{"href":"https:\/\/quehacerpolitico.mx\/index.php?rest_route=\/wp\/v2\/types\/post"}],"author":[{"embeddable":true,"href":"https:\/\/quehacerpolitico.mx\/index.php?rest_route=\/wp\/v2\/users\/2"}],"replies":[{"embeddable":true,"href":"https:\/\/quehacerpolitico.mx\/index.php?rest_route=%2Fwp%2Fv2%2Fcomments&post=84301"}],"version-history":[{"count":1,"href":"https:\/\/quehacerpolitico.mx\/index.php?rest_route=\/wp\/v2\/posts\/84301\/revisions"}],"predecessor-version":[{"id":84303,"href":"https:\/\/quehacerpolitico.mx\/index.php?rest_route=\/wp\/v2\/posts\/84301\/revisions\/84303"}],"wp:featuredmedia":[{"embeddable":true,"href":"https:\/\/quehacerpolitico.mx\/index.php?rest_route=\/wp\/v2\/media\/84302"}],"wp:attachment":[{"href":"https:\/\/quehacerpolitico.mx\/index.php?rest_route=%2Fwp%2Fv2%2Fmedia&parent=84301"}],"wp:term":[{"taxonomy":"category","embeddable":true,"href":"https:\/\/quehacerpolitico.mx\/index.php?rest_route=%2Fwp%2Fv2%2Fcategories&post=84301"},{"taxonomy":"post_tag","embeddable":true,"href":"https:\/\/quehacerpolitico.mx\/index.php?rest_route=%2Fwp%2Fv2%2Ftags&post=84301"}],"curies":[{"name":"wp","href":"https:\/\/api.w.org\/{rel}","templated":true}]}}