{"id":84220,"date":"2021-09-01T17:28:07","date_gmt":"2021-09-01T17:28:07","guid":{"rendered":"https:\/\/quehacerpolitico.mx\/?p=84220"},"modified":"2021-09-01T17:28:11","modified_gmt":"2021-09-01T17:28:11","slug":"amlo-presentara-una-reforma-contra-privatizacion-de-sector-electrico","status":"publish","type":"post","link":"https:\/\/quehacerpolitico.mx\/?p=84220","title":{"rendered":"AMLO presentar\u00e1 una reforma contra privatizaci\u00f3n de sector el\u00e9ctrico"},"content":{"rendered":"\n<p>Por Redacci\u00f3n QP<\/p>\n\n\n\n<p>El Presidente de M\u00e9xico denunci\u00f3 que los gobiernos anteriores abrieron el mercado el\u00e9ctrico &#8220;para dar preferencia a empresas particulares, nacionales y sobre todo extranjeras&#8221;<\/p>\n\n\n\n<p>El Presidente de M\u00e9xico, Andr\u00e9s Manuel L\u00f3pez Obrador (AMLO)&nbsp;anunci\u00f3 este mi\u00e9rcoles durante su Tercer Informe de Gobierno que este mes presentar\u00e1 ante el Congreso una reforma constitucional para revertir las &#8220;privatizaciones&#8221; en el sector el\u00e9ctrico.<\/p>\n\n\n\n<p>&#8220;En cuanto a la industria el\u00e9ctrica, este mes voy a enviar al Congreso una iniciativa de reforma constitucional que permita reparar el grave da\u00f1o que caus\u00f3 la privatizaci\u00f3n al sector p\u00fablico&#8221;, anunci\u00f3 AMLO durante el evento en el Recinto de Homenaje a Benito Ju\u00e1rez del Palacio Nacional.<\/p>\n\n\n\n<p>Al iniciar su discurso, L\u00f3pez Obrador asegur\u00f3 que &#8220;la transformaci\u00f3n est\u00e1 en marcha&#8221; en M\u00e9xico y que su Gobierno ha decidido &#8220;parar en seco la tendencia privatizadora&#8221;.<\/p>\n\n\n\n<figure class=\"wp-block-embed is-type-video is-provider-youtube wp-block-embed-youtube wp-embed-aspect-16-9 wp-has-aspect-ratio\"><div class=\"wp-block-embed__wrapper\">\n<iframe loading=\"lazy\" title=\"Tercer Informe de Gobierno | Presidente AMLO\" width=\"640\" height=\"360\" src=\"https:\/\/www.youtube.com\/embed\/8pys5YjVL0Q?feature=oembed\" frameborder=\"0\" allow=\"accelerometer; autoplay; clipboard-write; encrypted-media; gyroscope; picture-in-picture; web-share\" referrerpolicy=\"strict-origin-when-cross-origin\" allowfullscreen><\/iframe>\n<\/div><\/figure>\n\n\n\n<p><strong>AMLO denunci\u00f3 que los gobiernos anteriores abrieron el mercado el\u00e9ctrico &#8220;para dar preferencia a empresas particulares, nacionales y sobre todo extranjeras<\/strong>, con la entrega de subsidios entre otras prebendas&#8221;.&nbsp;<\/p>\n\n\n\n<p>En cambio, reproch\u00f3, las plantas de la energ\u00e9tica p\u00fablica Comisi\u00f3n Federal de Electricidad (CFE), &#8220;fueron completamente abandonadas&#8221; y el actual Gobierno est\u00e1 &#8220;modernizando las plantas hidroel\u00e9ctricas para reducir el uso de combust\u00f3leo y carb\u00f3n&#8221;.<\/p>\n\n\n\n<blockquote class=\"wp-block-quote is-layout-flow wp-block-quote-is-layout-flow\"><p>&#8220;En pocas palabras, la meta es que tengamos abasto p\u00fablico frecuente de energ\u00eda el\u00e9ctrica, que no haya apagones&#8221;<\/p><\/blockquote>\n\n\n\n<p>&#8220;En pocas palabras, la meta es que tengamos abasto p\u00fablico frecuente de energ\u00eda el\u00e9ctrica, que no haya apagones y que los consumidores no paguen la luz con tarifas m\u00e1s elevadas que las corporaciones empresariales&#8221;, detall\u00f3 sobre su reforma.&nbsp;<\/p>\n\n\n\n<p>La coalici\u00f3n oficialista liderada por Morena no ostenta la mayor\u00eda calificada de dos terceras partes de la C\u00e1mara de Diputados y del Senado para aprobar reformas constitucionales, por lo que necesitar\u00e1 pactar con la oposici\u00f3n.&nbsp;<\/p>\n\n\n\n<p>Durante la presentaci\u00f3n de su Tercer Informe, el que marca el ecuador de su mandato,&nbsp;<strong>presumi\u00f3 que su Gobierno no entrega concesiones nuevas a particulares en minas, agua, hospitales, puertos, v\u00edas f\u00e9rreas, reclusorios ni obras p\u00fablicas<\/strong>, pero &#8220;lo m\u00e1s importante es que hemos detenido la privatizaci\u00f3n en el sector energ\u00e9tico&#8221;, asegur\u00f3.&nbsp;<\/p>\n\n\n\n<p>Record\u00f3 que quiere dejar de &#8220;importar&#8221; gasolinas y por ello ha modernizado las seis refiner\u00edas existentes, est\u00e1 construyendo la refiner\u00eda de Dos Bocas (Tabasco) y compr\u00f3 la totalidad de la planta Deer Park (Texas, Estados Unidos).<\/p>\n\n\n\n<p>Con Informaci\u00f3n de EFE<\/p>\n","protected":false},"excerpt":{"rendered":"<p>Por Redacci\u00f3n QP El Presidente de M\u00e9xico denunci\u00f3 que los gobiernos anteriores abrieron el mercado&#8230;<\/p>\n","protected":false},"author":2,"featured_media":84221,"comment_status":"open","ping_status":"open","sticky":false,"template":"","format":"standard","meta":{"_monsterinsights_skip_tracking":false,"_monsterinsights_sitenote_active":false,"_monsterinsights_sitenote_note":"","_monsterinsights_sitenote_category":0,"footnotes":""},"categories":[2],"tags":[],"class_list":["post-84220","post","type-post","status-publish","format-standard","has-post-thumbnail","hentry","category-noticias"],"yoast_head":"<!-- This site is optimized with the Yoast SEO plugin v27.3 - https:\/\/yoast.com\/product\/yoast-seo-wordpress\/ -->\n<title>AMLO presentar\u00e1 una reforma contra privatizaci\u00f3n de sector el\u00e9ctrico -<\/title>\n<meta name=\"robots\" content=\"index, follow, max-snippet:-1, max-image-preview:large, max-video-preview:-1\" \/>\n<link rel=\"canonical\" href=\"https:\/\/quehacerpolitico.mx\/?p=84220\" \/>\n<meta property=\"og:locale\" content=\"es_MX\" \/>\n<meta property=\"og:type\" content=\"article\" \/>\n<meta property=\"og:title\" content=\"AMLO presentar\u00e1 una reforma contra privatizaci\u00f3n de sector el\u00e9ctrico -\" \/>\n<meta property=\"og:description\" content=\"Por Redacci\u00f3n QP El Presidente de M\u00e9xico denunci\u00f3 que los gobiernos anteriores abrieron el mercado...\" \/>\n<meta property=\"og:url\" content=\"https:\/\/quehacerpolitico.mx\/?p=84220\" \/>\n<meta property=\"article:published_time\" content=\"2021-09-01T17:28:07+00:00\" \/>\n<meta property=\"article:modified_time\" content=\"2021-09-01T17:28:11+00:00\" \/>\n<meta property=\"og:image\" content=\"https:\/\/quehacerpolitico.mx\/wp-content\/uploads\/2021\/09\/985DBC52-CFD4-49C7-9CAF-A4BB7F1F0B9C.jpeg\" \/>\n\t<meta property=\"og:image:width\" content=\"1284\" \/>\n\t<meta property=\"og:image:height\" content=\"700\" \/>\n\t<meta property=\"og:image:type\" content=\"image\/jpeg\" \/>\n<meta name=\"author\" content=\"Redacci\u00f3n QP\" \/>\n<meta name=\"twitter:card\" content=\"summary_large_image\" \/>\n<meta name=\"twitter:label1\" content=\"Escrito por\" \/>\n\t<meta name=\"twitter:data1\" content=\"Redacci\u00f3n QP\" \/>\n\t<meta name=\"twitter:label2\" content=\"Tiempo de lectura\" \/>\n\t<meta name=\"twitter:data2\" content=\"2 minutos\" \/>\n<script type=\"application\/ld+json\" class=\"yoast-schema-graph\">{\"@context\":\"https:\\\/\\\/schema.org\",\"@graph\":[{\"@type\":\"Article\",\"@id\":\"https:\\\/\\\/quehacerpolitico.mx\\\/?p=84220#article\",\"isPartOf\":{\"@id\":\"https:\\\/\\\/quehacerpolitico.mx\\\/?p=84220\"},\"author\":{\"name\":\"Redacci\u00f3n QP\",\"@id\":\"https:\\\/\\\/quehacerpolitico.mx\\\/#\\\/schema\\\/person\\\/496d8ad2d1d3f8036101dca7ee39e585\"},\"headline\":\"AMLO presentar\u00e1 una reforma contra privatizaci\u00f3n de sector el\u00e9ctrico\",\"datePublished\":\"2021-09-01T17:28:07+00:00\",\"dateModified\":\"2021-09-01T17:28:11+00:00\",\"mainEntityOfPage\":{\"@id\":\"https:\\\/\\\/quehacerpolitico.mx\\\/?p=84220\"},\"wordCount\":449,\"commentCount\":0,\"image\":{\"@id\":\"https:\\\/\\\/quehacerpolitico.mx\\\/?p=84220#primaryimage\"},\"thumbnailUrl\":\"https:\\\/\\\/quehacerpolitico.mx\\\/wp-content\\\/uploads\\\/2021\\\/09\\\/985DBC52-CFD4-49C7-9CAF-A4BB7F1F0B9C.jpeg\",\"articleSection\":[\"Noticias\"],\"inLanguage\":\"es\",\"potentialAction\":[{\"@type\":\"CommentAction\",\"name\":\"Comment\",\"target\":[\"https:\\\/\\\/quehacerpolitico.mx\\\/?p=84220#respond\"]}]},{\"@type\":\"WebPage\",\"@id\":\"https:\\\/\\\/quehacerpolitico.mx\\\/?p=84220\",\"url\":\"https:\\\/\\\/quehacerpolitico.mx\\\/?p=84220\",\"name\":\"AMLO presentar\u00e1 una reforma contra privatizaci\u00f3n de sector el\u00e9ctrico -\",\"isPartOf\":{\"@id\":\"https:\\\/\\\/quehacerpolitico.mx\\\/#website\"},\"primaryImageOfPage\":{\"@id\":\"https:\\\/\\\/quehacerpolitico.mx\\\/?p=84220#primaryimage\"},\"image\":{\"@id\":\"https:\\\/\\\/quehacerpolitico.mx\\\/?p=84220#primaryimage\"},\"thumbnailUrl\":\"https:\\\/\\\/quehacerpolitico.mx\\\/wp-content\\\/uploads\\\/2021\\\/09\\\/985DBC52-CFD4-49C7-9CAF-A4BB7F1F0B9C.jpeg\",\"datePublished\":\"2021-09-01T17:28:07+00:00\",\"dateModified\":\"2021-09-01T17:28:11+00:00\",\"author\":{\"@id\":\"https:\\\/\\\/quehacerpolitico.mx\\\/#\\\/schema\\\/person\\\/496d8ad2d1d3f8036101dca7ee39e585\"},\"breadcrumb\":{\"@id\":\"https:\\\/\\\/quehacerpolitico.mx\\\/?p=84220#breadcrumb\"},\"inLanguage\":\"es\",\"potentialAction\":[{\"@type\":\"ReadAction\",\"target\":[\"https:\\\/\\\/quehacerpolitico.mx\\\/?p=84220\"]}]},{\"@type\":\"ImageObject\",\"inLanguage\":\"es\",\"@id\":\"https:\\\/\\\/quehacerpolitico.mx\\\/?p=84220#primaryimage\",\"url\":\"https:\\\/\\\/quehacerpolitico.mx\\\/wp-content\\\/uploads\\\/2021\\\/09\\\/985DBC52-CFD4-49C7-9CAF-A4BB7F1F0B9C.jpeg\",\"contentUrl\":\"https:\\\/\\\/quehacerpolitico.mx\\\/wp-content\\\/uploads\\\/2021\\\/09\\\/985DBC52-CFD4-49C7-9CAF-A4BB7F1F0B9C.jpeg\",\"width\":1284,\"height\":700},{\"@type\":\"BreadcrumbList\",\"@id\":\"https:\\\/\\\/quehacerpolitico.mx\\\/?p=84220#breadcrumb\",\"itemListElement\":[{\"@type\":\"ListItem\",\"position\":1,\"name\":\"Inicio\",\"item\":\"https:\\\/\\\/quehacerpolitico.mx\\\/\"},{\"@type\":\"ListItem\",\"position\":2,\"name\":\"AMLO presentar\u00e1 una reforma contra privatizaci\u00f3n de sector el\u00e9ctrico\"}]},{\"@type\":\"WebSite\",\"@id\":\"https:\\\/\\\/quehacerpolitico.mx\\\/#website\",\"url\":\"https:\\\/\\\/quehacerpolitico.mx\\\/\",\"name\":\"\",\"description\":\"\",\"potentialAction\":[{\"@type\":\"SearchAction\",\"target\":{\"@type\":\"EntryPoint\",\"urlTemplate\":\"https:\\\/\\\/quehacerpolitico.mx\\\/?s={search_term_string}\"},\"query-input\":{\"@type\":\"PropertyValueSpecification\",\"valueRequired\":true,\"valueName\":\"search_term_string\"}}],\"inLanguage\":\"es\"},{\"@type\":\"Person\",\"@id\":\"https:\\\/\\\/quehacerpolitico.mx\\\/#\\\/schema\\\/person\\\/496d8ad2d1d3f8036101dca7ee39e585\",\"name\":\"Redacci\u00f3n QP\",\"image\":{\"@type\":\"ImageObject\",\"inLanguage\":\"es\",\"@id\":\"https:\\\/\\\/secure.gravatar.com\\\/avatar\\\/c7164ed6fdec453195284ad24a5ae5b6e1eed2b848477fa2a4787ba9adf39a41?s=96&d=mm&r=g\",\"url\":\"https:\\\/\\\/secure.gravatar.com\\\/avatar\\\/c7164ed6fdec453195284ad24a5ae5b6e1eed2b848477fa2a4787ba9adf39a41?s=96&d=mm&r=g\",\"contentUrl\":\"https:\\\/\\\/secure.gravatar.com\\\/avatar\\\/c7164ed6fdec453195284ad24a5ae5b6e1eed2b848477fa2a4787ba9adf39a41?s=96&d=mm&r=g\",\"caption\":\"Redacci\u00f3n QP\"},\"url\":\"https:\\\/\\\/quehacerpolitico.mx\\\/?author=2\"}]}<\/script>\n<!-- \/ Yoast SEO plugin. -->","yoast_head_json":{"title":"AMLO presentar\u00e1 una reforma contra privatizaci\u00f3n de sector el\u00e9ctrico -","robots":{"index":"index","follow":"follow","max-snippet":"max-snippet:-1","max-image-preview":"max-image-preview:large","max-video-preview":"max-video-preview:-1"},"canonical":"https:\/\/quehacerpolitico.mx\/?p=84220","og_locale":"es_MX","og_type":"article","og_title":"AMLO presentar\u00e1 una reforma contra privatizaci\u00f3n de sector el\u00e9ctrico -","og_description":"Por Redacci\u00f3n QP El Presidente de M\u00e9xico denunci\u00f3 que los gobiernos anteriores abrieron el mercado...","og_url":"https:\/\/quehacerpolitico.mx\/?p=84220","article_published_time":"2021-09-01T17:28:07+00:00","article_modified_time":"2021-09-01T17:28:11+00:00","og_image":[{"width":1284,"height":700,"url":"https:\/\/quehacerpolitico.mx\/wp-content\/uploads\/2021\/09\/985DBC52-CFD4-49C7-9CAF-A4BB7F1F0B9C.jpeg","type":"image\/jpeg"}],"author":"Redacci\u00f3n QP","twitter_card":"summary_large_image","twitter_misc":{"Escrito por":"Redacci\u00f3n QP","Tiempo de lectura":"2 minutos"},"schema":{"@context":"https:\/\/schema.org","@graph":[{"@type":"Article","@id":"https:\/\/quehacerpolitico.mx\/?p=84220#article","isPartOf":{"@id":"https:\/\/quehacerpolitico.mx\/?p=84220"},"author":{"name":"Redacci\u00f3n QP","@id":"https:\/\/quehacerpolitico.mx\/#\/schema\/person\/496d8ad2d1d3f8036101dca7ee39e585"},"headline":"AMLO presentar\u00e1 una reforma contra privatizaci\u00f3n de sector el\u00e9ctrico","datePublished":"2021-09-01T17:28:07+00:00","dateModified":"2021-09-01T17:28:11+00:00","mainEntityOfPage":{"@id":"https:\/\/quehacerpolitico.mx\/?p=84220"},"wordCount":449,"commentCount":0,"image":{"@id":"https:\/\/quehacerpolitico.mx\/?p=84220#primaryimage"},"thumbnailUrl":"https:\/\/quehacerpolitico.mx\/wp-content\/uploads\/2021\/09\/985DBC52-CFD4-49C7-9CAF-A4BB7F1F0B9C.jpeg","articleSection":["Noticias"],"inLanguage":"es","potentialAction":[{"@type":"CommentAction","name":"Comment","target":["https:\/\/quehacerpolitico.mx\/?p=84220#respond"]}]},{"@type":"WebPage","@id":"https:\/\/quehacerpolitico.mx\/?p=84220","url":"https:\/\/quehacerpolitico.mx\/?p=84220","name":"AMLO presentar\u00e1 una reforma contra privatizaci\u00f3n de sector el\u00e9ctrico -","isPartOf":{"@id":"https:\/\/quehacerpolitico.mx\/#website"},"primaryImageOfPage":{"@id":"https:\/\/quehacerpolitico.mx\/?p=84220#primaryimage"},"image":{"@id":"https:\/\/quehacerpolitico.mx\/?p=84220#primaryimage"},"thumbnailUrl":"https:\/\/quehacerpolitico.mx\/wp-content\/uploads\/2021\/09\/985DBC52-CFD4-49C7-9CAF-A4BB7F1F0B9C.jpeg","datePublished":"2021-09-01T17:28:07+00:00","dateModified":"2021-09-01T17:28:11+00:00","author":{"@id":"https:\/\/quehacerpolitico.mx\/#\/schema\/person\/496d8ad2d1d3f8036101dca7ee39e585"},"breadcrumb":{"@id":"https:\/\/quehacerpolitico.mx\/?p=84220#breadcrumb"},"inLanguage":"es","potentialAction":[{"@type":"ReadAction","target":["https:\/\/quehacerpolitico.mx\/?p=84220"]}]},{"@type":"ImageObject","inLanguage":"es","@id":"https:\/\/quehacerpolitico.mx\/?p=84220#primaryimage","url":"https:\/\/quehacerpolitico.mx\/wp-content\/uploads\/2021\/09\/985DBC52-CFD4-49C7-9CAF-A4BB7F1F0B9C.jpeg","contentUrl":"https:\/\/quehacerpolitico.mx\/wp-content\/uploads\/2021\/09\/985DBC52-CFD4-49C7-9CAF-A4BB7F1F0B9C.jpeg","width":1284,"height":700},{"@type":"BreadcrumbList","@id":"https:\/\/quehacerpolitico.mx\/?p=84220#breadcrumb","itemListElement":[{"@type":"ListItem","position":1,"name":"Inicio","item":"https:\/\/quehacerpolitico.mx\/"},{"@type":"ListItem","position":2,"name":"AMLO presentar\u00e1 una reforma contra privatizaci\u00f3n de sector el\u00e9ctrico"}]},{"@type":"WebSite","@id":"https:\/\/quehacerpolitico.mx\/#website","url":"https:\/\/quehacerpolitico.mx\/","name":"","description":"","potentialAction":[{"@type":"SearchAction","target":{"@type":"EntryPoint","urlTemplate":"https:\/\/quehacerpolitico.mx\/?s={search_term_string}"},"query-input":{"@type":"PropertyValueSpecification","valueRequired":true,"valueName":"search_term_string"}}],"inLanguage":"es"},{"@type":"Person","@id":"https:\/\/quehacerpolitico.mx\/#\/schema\/person\/496d8ad2d1d3f8036101dca7ee39e585","name":"Redacci\u00f3n QP","image":{"@type":"ImageObject","inLanguage":"es","@id":"https:\/\/secure.gravatar.com\/avatar\/c7164ed6fdec453195284ad24a5ae5b6e1eed2b848477fa2a4787ba9adf39a41?s=96&d=mm&r=g","url":"https:\/\/secure.gravatar.com\/avatar\/c7164ed6fdec453195284ad24a5ae5b6e1eed2b848477fa2a4787ba9adf39a41?s=96&d=mm&r=g","contentUrl":"https:\/\/secure.gravatar.com\/avatar\/c7164ed6fdec453195284ad24a5ae5b6e1eed2b848477fa2a4787ba9adf39a41?s=96&d=mm&r=g","caption":"Redacci\u00f3n QP"},"url":"https:\/\/quehacerpolitico.mx\/?author=2"}]}},"featured_image_urls":{"full":["https:\/\/quehacerpolitico.mx\/wp-content\/uploads\/2021\/09\/985DBC52-CFD4-49C7-9CAF-A4BB7F1F0B9C.jpeg",1284,700,false],"thumbnail":["https:\/\/quehacerpolitico.mx\/wp-content\/uploads\/2021\/09\/985DBC52-CFD4-49C7-9CAF-A4BB7F1F0B9C-150x150.jpeg",150,150,true],"medium":["https:\/\/quehacerpolitico.mx\/wp-content\/uploads\/2021\/09\/985DBC52-CFD4-49C7-9CAF-A4BB7F1F0B9C-300x164.jpeg",300,164,true],"medium_large":["https:\/\/quehacerpolitico.mx\/wp-content\/uploads\/2021\/09\/985DBC52-CFD4-49C7-9CAF-A4BB7F1F0B9C-768x419.jpeg",640,349,true],"large":["https:\/\/quehacerpolitico.mx\/wp-content\/uploads\/2021\/09\/985DBC52-CFD4-49C7-9CAF-A4BB7F1F0B9C-1024x558.jpeg",640,349,true],"1536x1536":["https:\/\/quehacerpolitico.mx\/wp-content\/uploads\/2021\/09\/985DBC52-CFD4-49C7-9CAF-A4BB7F1F0B9C.jpeg",1284,700,false],"2048x2048":["https:\/\/quehacerpolitico.mx\/wp-content\/uploads\/2021\/09\/985DBC52-CFD4-49C7-9CAF-A4BB7F1F0B9C.jpeg",1284,700,false],"covernews-featured":["https:\/\/quehacerpolitico.mx\/wp-content\/uploads\/2021\/09\/985DBC52-CFD4-49C7-9CAF-A4BB7F1F0B9C.jpeg",1024,558,false],"covernews-medium":["https:\/\/quehacerpolitico.mx\/wp-content\/uploads\/2021\/09\/985DBC52-CFD4-49C7-9CAF-A4BB7F1F0B9C.jpeg",540,294,false]},"author_info":{"display_name":"Redacci\u00f3n QP","author_link":"https:\/\/quehacerpolitico.mx\/?author=2"},"category_info":"<a href=\"https:\/\/quehacerpolitico.mx\/?cat=2\" rel=\"category\">Noticias<\/a>","tag_info":"Noticias","comment_count":"0","_links":{"self":[{"href":"https:\/\/quehacerpolitico.mx\/index.php?rest_route=\/wp\/v2\/posts\/84220","targetHints":{"allow":["GET"]}}],"collection":[{"href":"https:\/\/quehacerpolitico.mx\/index.php?rest_route=\/wp\/v2\/posts"}],"about":[{"href":"https:\/\/quehacerpolitico.mx\/index.php?rest_route=\/wp\/v2\/types\/post"}],"author":[{"embeddable":true,"href":"https:\/\/quehacerpolitico.mx\/index.php?rest_route=\/wp\/v2\/users\/2"}],"replies":[{"embeddable":true,"href":"https:\/\/quehacerpolitico.mx\/index.php?rest_route=%2Fwp%2Fv2%2Fcomments&post=84220"}],"version-history":[{"count":1,"href":"https:\/\/quehacerpolitico.mx\/index.php?rest_route=\/wp\/v2\/posts\/84220\/revisions"}],"predecessor-version":[{"id":84222,"href":"https:\/\/quehacerpolitico.mx\/index.php?rest_route=\/wp\/v2\/posts\/84220\/revisions\/84222"}],"wp:featuredmedia":[{"embeddable":true,"href":"https:\/\/quehacerpolitico.mx\/index.php?rest_route=\/wp\/v2\/media\/84221"}],"wp:attachment":[{"href":"https:\/\/quehacerpolitico.mx\/index.php?rest_route=%2Fwp%2Fv2%2Fmedia&parent=84220"}],"wp:term":[{"taxonomy":"category","embeddable":true,"href":"https:\/\/quehacerpolitico.mx\/index.php?rest_route=%2Fwp%2Fv2%2Fcategories&post=84220"},{"taxonomy":"post_tag","embeddable":true,"href":"https:\/\/quehacerpolitico.mx\/index.php?rest_route=%2Fwp%2Fv2%2Ftags&post=84220"}],"curies":[{"name":"wp","href":"https:\/\/api.w.org\/{rel}","templated":true}]}}