{"id":84212,"date":"2021-09-01T03:35:36","date_gmt":"2021-09-01T03:35:36","guid":{"rendered":"https:\/\/quehacerpolitico.mx\/?p=84212"},"modified":"2021-09-01T03:35:39","modified_gmt":"2021-09-01T03:35:39","slug":"abren-ventanas-arqueologicas-para-mostrar-el-pasado-glorioso-de-la-ciudad-de-mexico","status":"publish","type":"post","link":"https:\/\/quehacerpolitico.mx\/?p=84212","title":{"rendered":"Abren ventanas arqueol\u00f3gicas para mostrar el pasado glorioso de la Ciudad de M\u00e9xico"},"content":{"rendered":"\n<p>Por Redacci\u00f3n QP<\/p>\n\n\n\n<p>La exposici\u00f3n estar\u00e1 disponible a partir del 31 de agosto<\/p>\n\n\n\n<p>El Gobierno de la Ciudad de M\u00e9xico inaugur\u00f3 este lunes las ventanas arqueol\u00f3gicas en el centro de la capital mexicana con motivo de los 500 a\u00f1os de la conquista de los espa\u00f1oles y la ca\u00edda de Tenochtitl\u00e1n&nbsp;para mostrar el &#8220;pasado glorioso&#8221; de esta urbe.<\/p>\n\n\n\n<p>Durante la apertura oficial de las ventanas del Templo de Eh\u00e9catl, Tzompantli y Casa del Marqu\u00e9s del apartado, la alcaldesa capitalina, Claudia Sheinbaum, se\u00f1al\u00f3 que estas ventanas son &#8220;muestra el pasado glorioso de la Ciudad de M\u00e9xico&#8221;.<\/p>\n\n\n\n<p>Afirm\u00f3 que prefieren llamar a los 500 a\u00f1os de la ca\u00edda de Tenochtitl\u00e1n como\u00a0&#8220;los 500 a\u00f1os de resistencia en homenaje a las culturas prehisp\u00e1nicas&#8221;\u00a0pero tambi\u00e9n a la resistencia de los pueblos originarios de las grandes culturas que existen hoy en M\u00e9xico.<\/p>\n\n\n\n<p>&#8220;Y que han sobrevivido gracias a que no hubo una conquista total y por eso son 500 a\u00f1os de resistencia y 200 a\u00f1os del M\u00e9xico independiente que tambi\u00e9n celebramos ya en este septiembre&#8221;, apunt\u00f3 y record\u00f3 que es fundamental esta revisi\u00f3n de la historia y el rescate de la memoria hist\u00f3rica.<\/p>\n\n\n\n<figure class=\"wp-block-embed is-type-rich is-provider-twitter wp-block-embed-twitter\"><div class=\"wp-block-embed__wrapper\">\n<blockquote class=\"twitter-tweet\" data-width=\"550\" data-dnt=\"true\"><p lang=\"es\" dir=\"ltr\">Es un orgullo representar a esta Ciudad, con m\u00e1s de 700 a\u00f1os de historia, <a href=\"https:\/\/twitter.com\/hashtag\/500A%C3%B1osDeResistenciaInd%C3%ADgena?src=hash&amp;ref_src=twsrc%5Etfw\">#500A\u00f1osDeResistenciaInd\u00edgena<\/a> y 200 a\u00f1os de independencia. \ud83d\udc4f <a href=\"https:\/\/t.co\/a5oJZIBNzv\">pic.twitter.com\/a5oJZIBNzv<\/a><\/p>&mdash; Gobierno de la Ciudad de M\u00e9xico (@GobCDMX) <a href=\"https:\/\/twitter.com\/GobCDMX\/status\/1432446905787748355?ref_src=twsrc%5Etfw\">August 30, 2021<\/a><\/blockquote><script async src=\"https:\/\/platform.twitter.com\/widgets.js\" charset=\"utf-8\"><\/script>\n<\/div><\/figure>\n\n\n\n<p>&#8220;No podemos pensar en el futuro si no sabemos de d\u00f3nde venimos, de esa grandeza de las culturas de M\u00e9xico&#8221;, refiri\u00f3.<\/p>\n\n\n\n<p>Se\u00f1al\u00f3 que las ventanas arqueol\u00f3gicas&nbsp;muestran la grandeza de la cosmogon\u00eda de la cultura mexica, &#8220;no esta idea inclusive que muchos aprendemos de que Espa\u00f1a representaba la civilizaci\u00f3n frente a la barbarie en la conquista de M\u00e9xico&#8221;.<\/p>\n\n\n\n<p>Las autoridades se\u00f1alaron que el pabell\u00f3n\u00a0es un recuento por los trabajos arqueol\u00f3gicos que han permitido desenterrar y exhibir, en lo posible, aquellos vestigios del antiguo Recinto Sagrado que permanecen en el subsuelo del primer cuadro de la Ciudad de M\u00e9xico.<\/p>\n\n\n\n<figure class=\"wp-block-embed is-type-rich is-provider-twitter wp-block-embed-twitter\"><div class=\"wp-block-embed__wrapper\">\n<blockquote class=\"twitter-tweet\" data-width=\"550\" data-dnt=\"true\"><p lang=\"es\" dir=\"ltr\">Hoy inauguramos &#39;Ventanas Arqueol\u00f3gicas: Templo de Eh\u00e9catl, Tzompantli y Casa del Marqu\u00e9s del Apartado&#39;, una exposici\u00f3n que nos muestra la grandeza de la cultura mexica y la resistencia de los pueblos originarios.<br> <br>No podemos pensar en el futuro si no sabemos de d\u00f3nde venimos. <a href=\"https:\/\/t.co\/2ESNdgYidG\">pic.twitter.com\/2ESNdgYidG<\/a><\/p>&mdash; Claudia Sheinbaum Pardo (@Claudiashein) <a href=\"https:\/\/twitter.com\/Claudiashein\/status\/1432445206025187329?ref_src=twsrc%5Etfw\">August 30, 2021<\/a><\/blockquote><script async src=\"https:\/\/platform.twitter.com\/widgets.js\" charset=\"utf-8\"><\/script>\n<\/div><\/figure>\n\n\n\n<p>En el acto, en representaci\u00f3n del Presidente Andr\u00e9s Manuel L\u00f3pez Obrador (AMLO), el vocero presidencial Jes\u00fas Ram\u00edrez Cuevas, se\u00f1al\u00f3 que las &#8220;ventanas est\u00e1n abriendo la luz a la antig\u00fcedad de esta ciudad, al mismo tiempo que este pa\u00eds est\u00e1 abriendo ventanas y puertas para comunicarse con el mundo&#8221;.<\/p>\n\n\n\n<p>Por su parte, la titular de la Secretaria de Cultura, Alejandra Frausto Guerrero, destac\u00f3 que estas ventanas que hay en el Centro Hist\u00f3rico de la Ciudad&nbsp;&#8220;se van articulando como un gran museo subterr\u00e1neo&#8221;&nbsp;que honra a aquellas ra\u00edces resistentes.<\/p>\n\n\n\n<p>Adem\u00e1s, dijo que la exposici\u00f3n tambi\u00e9n es un&nbsp;homenaje a hombres y mujeres que han dedicado su vida a la arqueolog\u00eda, la memoria, la investigaci\u00f3n y la restauraci\u00f3n; de igual forma, agradeci\u00f3 a los empresarios que han colaborado con el INAH para resguardar el patrimonio que se encuentra en el Centro Hist\u00f3rico de la capital.<\/p>\n\n\n\n<p>En tanto que el director general del INAH, Diego Prieto, explic\u00f3 que el &#8220;Centro Hist\u00f3rico de la Ciudad de M\u00e9xico es un \u00e1rea rica en patrimonio monumental que da cuenta de los siglos transcurridos desde la fundaci\u00f3n de la gran Tenochtitlan, as\u00ed como vestigios de la primera casa del M\u00e9xico virreinal y del M\u00e9xico independiente&#8221;.<\/p>\n\n\n\n<p>Compuesta por cinco esculturas mexicas de gran formato, tres de ellas descubiertas en la Casa del Marqu\u00e9s del Apartado, as\u00ed como por un par de cr\u00e1neos procedentes del Huei Tzompantli, esta exposici\u00f3n, organizada por la Coordinaci\u00f3n Nacional de Museos y Exposiciones del INAH y el Museo del Templo Mayor, se enmarca en las actividades conmemorativas de 2021, &#8220;A\u00f1o de la Independencia y la Grandeza de M\u00e9xico&#8221;.<\/p>\n\n\n\n<p>A partir del 31 de agosto, y hasta el mes de noviembre, el Pabell\u00f3n de Ventanas Arqueol\u00f3gicas\u00a0estar\u00e1 abierto al p\u00fablico los d\u00edas martes, mi\u00e9rcoles, viernes y s\u00e1bados, de 10:00 a 15:00 horas.\u00a0El acceso ser\u00e1 con el boleto de ingreso al Museo y Zona Arqueol\u00f3gica del Templo Mayor.<\/p>\n\n\n\n<p>Con Informaci\u00f3n de EFE<\/p>\n","protected":false},"excerpt":{"rendered":"<p>Por Redacci\u00f3n QP La exposici\u00f3n estar\u00e1 disponible a partir del 31 de agosto El Gobierno&#8230;<\/p>\n","protected":false},"author":2,"featured_media":84213,"comment_status":"open","ping_status":"open","sticky":false,"template":"","format":"standard","meta":{"_monsterinsights_skip_tracking":false,"_monsterinsights_sitenote_active":false,"_monsterinsights_sitenote_note":"","_monsterinsights_sitenote_category":0,"footnotes":""},"categories":[58],"tags":[],"class_list":["post-84212","post","type-post","status-publish","format-standard","has-post-thumbnail","hentry","category-cultura"],"yoast_head":"<!-- This site is optimized with the Yoast SEO plugin v27.3 - https:\/\/yoast.com\/product\/yoast-seo-wordpress\/ -->\n<title>Abren ventanas arqueol\u00f3gicas para mostrar el pasado glorioso de la Ciudad de M\u00e9xico -<\/title>\n<meta name=\"robots\" content=\"index, follow, max-snippet:-1, max-image-preview:large, max-video-preview:-1\" \/>\n<link rel=\"canonical\" href=\"https:\/\/quehacerpolitico.mx\/?p=84212\" \/>\n<meta property=\"og:locale\" content=\"es_MX\" \/>\n<meta property=\"og:type\" content=\"article\" \/>\n<meta property=\"og:title\" content=\"Abren ventanas arqueol\u00f3gicas para mostrar el pasado glorioso de la Ciudad de M\u00e9xico -\" \/>\n<meta property=\"og:description\" content=\"Por Redacci\u00f3n QP La exposici\u00f3n estar\u00e1 disponible a partir del 31 de agosto El Gobierno...\" \/>\n<meta property=\"og:url\" content=\"https:\/\/quehacerpolitico.mx\/?p=84212\" \/>\n<meta property=\"article:published_time\" content=\"2021-09-01T03:35:36+00:00\" \/>\n<meta property=\"article:modified_time\" content=\"2021-09-01T03:35:39+00:00\" \/>\n<meta property=\"og:image\" content=\"https:\/\/quehacerpolitico.mx\/wp-content\/uploads\/2021\/09\/BF4AF6F2-0F21-4BAC-82B7-B7EEDEA35565.jpeg\" \/>\n\t<meta property=\"og:image:width\" content=\"1024\" \/>\n\t<meta property=\"og:image:height\" content=\"682\" \/>\n\t<meta property=\"og:image:type\" content=\"image\/jpeg\" \/>\n<meta name=\"author\" content=\"Redacci\u00f3n QP\" \/>\n<meta name=\"twitter:card\" content=\"summary_large_image\" \/>\n<meta name=\"twitter:label1\" content=\"Escrito por\" \/>\n\t<meta name=\"twitter:data1\" content=\"Redacci\u00f3n QP\" \/>\n\t<meta name=\"twitter:label2\" content=\"Tiempo de lectura\" \/>\n\t<meta name=\"twitter:data2\" content=\"3 minutos\" \/>\n<script type=\"application\/ld+json\" class=\"yoast-schema-graph\">{\"@context\":\"https:\\\/\\\/schema.org\",\"@graph\":[{\"@type\":\"Article\",\"@id\":\"https:\\\/\\\/quehacerpolitico.mx\\\/?p=84212#article\",\"isPartOf\":{\"@id\":\"https:\\\/\\\/quehacerpolitico.mx\\\/?p=84212\"},\"author\":{\"name\":\"Redacci\u00f3n QP\",\"@id\":\"https:\\\/\\\/quehacerpolitico.mx\\\/#\\\/schema\\\/person\\\/496d8ad2d1d3f8036101dca7ee39e585\"},\"headline\":\"Abren ventanas arqueol\u00f3gicas para mostrar el pasado glorioso de la Ciudad de M\u00e9xico\",\"datePublished\":\"2021-09-01T03:35:36+00:00\",\"dateModified\":\"2021-09-01T03:35:39+00:00\",\"mainEntityOfPage\":{\"@id\":\"https:\\\/\\\/quehacerpolitico.mx\\\/?p=84212\"},\"wordCount\":702,\"commentCount\":0,\"image\":{\"@id\":\"https:\\\/\\\/quehacerpolitico.mx\\\/?p=84212#primaryimage\"},\"thumbnailUrl\":\"https:\\\/\\\/quehacerpolitico.mx\\\/wp-content\\\/uploads\\\/2021\\\/09\\\/BF4AF6F2-0F21-4BAC-82B7-B7EEDEA35565.jpeg\",\"articleSection\":[\"Cultura y Entretenimiento\"],\"inLanguage\":\"es\",\"potentialAction\":[{\"@type\":\"CommentAction\",\"name\":\"Comment\",\"target\":[\"https:\\\/\\\/quehacerpolitico.mx\\\/?p=84212#respond\"]}]},{\"@type\":\"WebPage\",\"@id\":\"https:\\\/\\\/quehacerpolitico.mx\\\/?p=84212\",\"url\":\"https:\\\/\\\/quehacerpolitico.mx\\\/?p=84212\",\"name\":\"Abren ventanas arqueol\u00f3gicas para mostrar el pasado glorioso de la Ciudad de M\u00e9xico -\",\"isPartOf\":{\"@id\":\"https:\\\/\\\/quehacerpolitico.mx\\\/#website\"},\"primaryImageOfPage\":{\"@id\":\"https:\\\/\\\/quehacerpolitico.mx\\\/?p=84212#primaryimage\"},\"image\":{\"@id\":\"https:\\\/\\\/quehacerpolitico.mx\\\/?p=84212#primaryimage\"},\"thumbnailUrl\":\"https:\\\/\\\/quehacerpolitico.mx\\\/wp-content\\\/uploads\\\/2021\\\/09\\\/BF4AF6F2-0F21-4BAC-82B7-B7EEDEA35565.jpeg\",\"datePublished\":\"2021-09-01T03:35:36+00:00\",\"dateModified\":\"2021-09-01T03:35:39+00:00\",\"author\":{\"@id\":\"https:\\\/\\\/quehacerpolitico.mx\\\/#\\\/schema\\\/person\\\/496d8ad2d1d3f8036101dca7ee39e585\"},\"breadcrumb\":{\"@id\":\"https:\\\/\\\/quehacerpolitico.mx\\\/?p=84212#breadcrumb\"},\"inLanguage\":\"es\",\"potentialAction\":[{\"@type\":\"ReadAction\",\"target\":[\"https:\\\/\\\/quehacerpolitico.mx\\\/?p=84212\"]}]},{\"@type\":\"ImageObject\",\"inLanguage\":\"es\",\"@id\":\"https:\\\/\\\/quehacerpolitico.mx\\\/?p=84212#primaryimage\",\"url\":\"https:\\\/\\\/quehacerpolitico.mx\\\/wp-content\\\/uploads\\\/2021\\\/09\\\/BF4AF6F2-0F21-4BAC-82B7-B7EEDEA35565.jpeg\",\"contentUrl\":\"https:\\\/\\\/quehacerpolitico.mx\\\/wp-content\\\/uploads\\\/2021\\\/09\\\/BF4AF6F2-0F21-4BAC-82B7-B7EEDEA35565.jpeg\",\"width\":1024,\"height\":682},{\"@type\":\"BreadcrumbList\",\"@id\":\"https:\\\/\\\/quehacerpolitico.mx\\\/?p=84212#breadcrumb\",\"itemListElement\":[{\"@type\":\"ListItem\",\"position\":1,\"name\":\"Inicio\",\"item\":\"https:\\\/\\\/quehacerpolitico.mx\\\/\"},{\"@type\":\"ListItem\",\"position\":2,\"name\":\"Abren ventanas arqueol\u00f3gicas para mostrar el pasado glorioso de la Ciudad de M\u00e9xico\"}]},{\"@type\":\"WebSite\",\"@id\":\"https:\\\/\\\/quehacerpolitico.mx\\\/#website\",\"url\":\"https:\\\/\\\/quehacerpolitico.mx\\\/\",\"name\":\"\",\"description\":\"\",\"potentialAction\":[{\"@type\":\"SearchAction\",\"target\":{\"@type\":\"EntryPoint\",\"urlTemplate\":\"https:\\\/\\\/quehacerpolitico.mx\\\/?s={search_term_string}\"},\"query-input\":{\"@type\":\"PropertyValueSpecification\",\"valueRequired\":true,\"valueName\":\"search_term_string\"}}],\"inLanguage\":\"es\"},{\"@type\":\"Person\",\"@id\":\"https:\\\/\\\/quehacerpolitico.mx\\\/#\\\/schema\\\/person\\\/496d8ad2d1d3f8036101dca7ee39e585\",\"name\":\"Redacci\u00f3n QP\",\"image\":{\"@type\":\"ImageObject\",\"inLanguage\":\"es\",\"@id\":\"https:\\\/\\\/secure.gravatar.com\\\/avatar\\\/c7164ed6fdec453195284ad24a5ae5b6e1eed2b848477fa2a4787ba9adf39a41?s=96&d=mm&r=g\",\"url\":\"https:\\\/\\\/secure.gravatar.com\\\/avatar\\\/c7164ed6fdec453195284ad24a5ae5b6e1eed2b848477fa2a4787ba9adf39a41?s=96&d=mm&r=g\",\"contentUrl\":\"https:\\\/\\\/secure.gravatar.com\\\/avatar\\\/c7164ed6fdec453195284ad24a5ae5b6e1eed2b848477fa2a4787ba9adf39a41?s=96&d=mm&r=g\",\"caption\":\"Redacci\u00f3n QP\"},\"url\":\"https:\\\/\\\/quehacerpolitico.mx\\\/?author=2\"}]}<\/script>\n<!-- \/ Yoast SEO plugin. -->","yoast_head_json":{"title":"Abren ventanas arqueol\u00f3gicas para mostrar el pasado glorioso de la Ciudad de M\u00e9xico -","robots":{"index":"index","follow":"follow","max-snippet":"max-snippet:-1","max-image-preview":"max-image-preview:large","max-video-preview":"max-video-preview:-1"},"canonical":"https:\/\/quehacerpolitico.mx\/?p=84212","og_locale":"es_MX","og_type":"article","og_title":"Abren ventanas arqueol\u00f3gicas para mostrar el pasado glorioso de la Ciudad de M\u00e9xico -","og_description":"Por Redacci\u00f3n QP La exposici\u00f3n estar\u00e1 disponible a partir del 31 de agosto El Gobierno...","og_url":"https:\/\/quehacerpolitico.mx\/?p=84212","article_published_time":"2021-09-01T03:35:36+00:00","article_modified_time":"2021-09-01T03:35:39+00:00","og_image":[{"width":1024,"height":682,"url":"https:\/\/quehacerpolitico.mx\/wp-content\/uploads\/2021\/09\/BF4AF6F2-0F21-4BAC-82B7-B7EEDEA35565.jpeg","type":"image\/jpeg"}],"author":"Redacci\u00f3n QP","twitter_card":"summary_large_image","twitter_misc":{"Escrito por":"Redacci\u00f3n QP","Tiempo de lectura":"3 minutos"},"schema":{"@context":"https:\/\/schema.org","@graph":[{"@type":"Article","@id":"https:\/\/quehacerpolitico.mx\/?p=84212#article","isPartOf":{"@id":"https:\/\/quehacerpolitico.mx\/?p=84212"},"author":{"name":"Redacci\u00f3n QP","@id":"https:\/\/quehacerpolitico.mx\/#\/schema\/person\/496d8ad2d1d3f8036101dca7ee39e585"},"headline":"Abren ventanas arqueol\u00f3gicas para mostrar el pasado glorioso de la Ciudad de M\u00e9xico","datePublished":"2021-09-01T03:35:36+00:00","dateModified":"2021-09-01T03:35:39+00:00","mainEntityOfPage":{"@id":"https:\/\/quehacerpolitico.mx\/?p=84212"},"wordCount":702,"commentCount":0,"image":{"@id":"https:\/\/quehacerpolitico.mx\/?p=84212#primaryimage"},"thumbnailUrl":"https:\/\/quehacerpolitico.mx\/wp-content\/uploads\/2021\/09\/BF4AF6F2-0F21-4BAC-82B7-B7EEDEA35565.jpeg","articleSection":["Cultura y Entretenimiento"],"inLanguage":"es","potentialAction":[{"@type":"CommentAction","name":"Comment","target":["https:\/\/quehacerpolitico.mx\/?p=84212#respond"]}]},{"@type":"WebPage","@id":"https:\/\/quehacerpolitico.mx\/?p=84212","url":"https:\/\/quehacerpolitico.mx\/?p=84212","name":"Abren ventanas arqueol\u00f3gicas para mostrar el pasado glorioso de la Ciudad de M\u00e9xico -","isPartOf":{"@id":"https:\/\/quehacerpolitico.mx\/#website"},"primaryImageOfPage":{"@id":"https:\/\/quehacerpolitico.mx\/?p=84212#primaryimage"},"image":{"@id":"https:\/\/quehacerpolitico.mx\/?p=84212#primaryimage"},"thumbnailUrl":"https:\/\/quehacerpolitico.mx\/wp-content\/uploads\/2021\/09\/BF4AF6F2-0F21-4BAC-82B7-B7EEDEA35565.jpeg","datePublished":"2021-09-01T03:35:36+00:00","dateModified":"2021-09-01T03:35:39+00:00","author":{"@id":"https:\/\/quehacerpolitico.mx\/#\/schema\/person\/496d8ad2d1d3f8036101dca7ee39e585"},"breadcrumb":{"@id":"https:\/\/quehacerpolitico.mx\/?p=84212#breadcrumb"},"inLanguage":"es","potentialAction":[{"@type":"ReadAction","target":["https:\/\/quehacerpolitico.mx\/?p=84212"]}]},{"@type":"ImageObject","inLanguage":"es","@id":"https:\/\/quehacerpolitico.mx\/?p=84212#primaryimage","url":"https:\/\/quehacerpolitico.mx\/wp-content\/uploads\/2021\/09\/BF4AF6F2-0F21-4BAC-82B7-B7EEDEA35565.jpeg","contentUrl":"https:\/\/quehacerpolitico.mx\/wp-content\/uploads\/2021\/09\/BF4AF6F2-0F21-4BAC-82B7-B7EEDEA35565.jpeg","width":1024,"height":682},{"@type":"BreadcrumbList","@id":"https:\/\/quehacerpolitico.mx\/?p=84212#breadcrumb","itemListElement":[{"@type":"ListItem","position":1,"name":"Inicio","item":"https:\/\/quehacerpolitico.mx\/"},{"@type":"ListItem","position":2,"name":"Abren ventanas arqueol\u00f3gicas para mostrar el pasado glorioso de la Ciudad de M\u00e9xico"}]},{"@type":"WebSite","@id":"https:\/\/quehacerpolitico.mx\/#website","url":"https:\/\/quehacerpolitico.mx\/","name":"","description":"","potentialAction":[{"@type":"SearchAction","target":{"@type":"EntryPoint","urlTemplate":"https:\/\/quehacerpolitico.mx\/?s={search_term_string}"},"query-input":{"@type":"PropertyValueSpecification","valueRequired":true,"valueName":"search_term_string"}}],"inLanguage":"es"},{"@type":"Person","@id":"https:\/\/quehacerpolitico.mx\/#\/schema\/person\/496d8ad2d1d3f8036101dca7ee39e585","name":"Redacci\u00f3n QP","image":{"@type":"ImageObject","inLanguage":"es","@id":"https:\/\/secure.gravatar.com\/avatar\/c7164ed6fdec453195284ad24a5ae5b6e1eed2b848477fa2a4787ba9adf39a41?s=96&d=mm&r=g","url":"https:\/\/secure.gravatar.com\/avatar\/c7164ed6fdec453195284ad24a5ae5b6e1eed2b848477fa2a4787ba9adf39a41?s=96&d=mm&r=g","contentUrl":"https:\/\/secure.gravatar.com\/avatar\/c7164ed6fdec453195284ad24a5ae5b6e1eed2b848477fa2a4787ba9adf39a41?s=96&d=mm&r=g","caption":"Redacci\u00f3n QP"},"url":"https:\/\/quehacerpolitico.mx\/?author=2"}]}},"featured_image_urls":{"full":["https:\/\/quehacerpolitico.mx\/wp-content\/uploads\/2021\/09\/BF4AF6F2-0F21-4BAC-82B7-B7EEDEA35565.jpeg",1024,682,false],"thumbnail":["https:\/\/quehacerpolitico.mx\/wp-content\/uploads\/2021\/09\/BF4AF6F2-0F21-4BAC-82B7-B7EEDEA35565-150x150.jpeg",150,150,true],"medium":["https:\/\/quehacerpolitico.mx\/wp-content\/uploads\/2021\/09\/BF4AF6F2-0F21-4BAC-82B7-B7EEDEA35565-300x200.jpeg",300,200,true],"medium_large":["https:\/\/quehacerpolitico.mx\/wp-content\/uploads\/2021\/09\/BF4AF6F2-0F21-4BAC-82B7-B7EEDEA35565-768x512.jpeg",640,427,true],"large":["https:\/\/quehacerpolitico.mx\/wp-content\/uploads\/2021\/09\/BF4AF6F2-0F21-4BAC-82B7-B7EEDEA35565.jpeg",640,426,false],"1536x1536":["https:\/\/quehacerpolitico.mx\/wp-content\/uploads\/2021\/09\/BF4AF6F2-0F21-4BAC-82B7-B7EEDEA35565.jpeg",1024,682,false],"2048x2048":["https:\/\/quehacerpolitico.mx\/wp-content\/uploads\/2021\/09\/BF4AF6F2-0F21-4BAC-82B7-B7EEDEA35565.jpeg",1024,682,false],"covernews-featured":["https:\/\/quehacerpolitico.mx\/wp-content\/uploads\/2021\/09\/BF4AF6F2-0F21-4BAC-82B7-B7EEDEA35565.jpeg",1024,682,false],"covernews-medium":["https:\/\/quehacerpolitico.mx\/wp-content\/uploads\/2021\/09\/BF4AF6F2-0F21-4BAC-82B7-B7EEDEA35565.jpeg",510,340,false]},"author_info":{"display_name":"Redacci\u00f3n QP","author_link":"https:\/\/quehacerpolitico.mx\/?author=2"},"category_info":"<a href=\"https:\/\/quehacerpolitico.mx\/?cat=58\" rel=\"category\">Cultura y Entretenimiento<\/a>","tag_info":"Cultura y Entretenimiento","comment_count":"0","_links":{"self":[{"href":"https:\/\/quehacerpolitico.mx\/index.php?rest_route=\/wp\/v2\/posts\/84212","targetHints":{"allow":["GET"]}}],"collection":[{"href":"https:\/\/quehacerpolitico.mx\/index.php?rest_route=\/wp\/v2\/posts"}],"about":[{"href":"https:\/\/quehacerpolitico.mx\/index.php?rest_route=\/wp\/v2\/types\/post"}],"author":[{"embeddable":true,"href":"https:\/\/quehacerpolitico.mx\/index.php?rest_route=\/wp\/v2\/users\/2"}],"replies":[{"embeddable":true,"href":"https:\/\/quehacerpolitico.mx\/index.php?rest_route=%2Fwp%2Fv2%2Fcomments&post=84212"}],"version-history":[{"count":1,"href":"https:\/\/quehacerpolitico.mx\/index.php?rest_route=\/wp\/v2\/posts\/84212\/revisions"}],"predecessor-version":[{"id":84214,"href":"https:\/\/quehacerpolitico.mx\/index.php?rest_route=\/wp\/v2\/posts\/84212\/revisions\/84214"}],"wp:featuredmedia":[{"embeddable":true,"href":"https:\/\/quehacerpolitico.mx\/index.php?rest_route=\/wp\/v2\/media\/84213"}],"wp:attachment":[{"href":"https:\/\/quehacerpolitico.mx\/index.php?rest_route=%2Fwp%2Fv2%2Fmedia&parent=84212"}],"wp:term":[{"taxonomy":"category","embeddable":true,"href":"https:\/\/quehacerpolitico.mx\/index.php?rest_route=%2Fwp%2Fv2%2Fcategories&post=84212"},{"taxonomy":"post_tag","embeddable":true,"href":"https:\/\/quehacerpolitico.mx\/index.php?rest_route=%2Fwp%2Fv2%2Ftags&post=84212"}],"curies":[{"name":"wp","href":"https:\/\/api.w.org\/{rel}","templated":true}]}}