{"id":8419,"date":"2018-11-03T17:15:19","date_gmt":"2018-11-03T17:15:19","guid":{"rendered":"http:\/\/quehacerpolitico.mx\/caravana-migrante-camina-hacia-ciudad-isla-veracruz-con-rumbo-a-cdmx\/"},"modified":"2018-11-03T17:15:19","modified_gmt":"2018-11-03T17:15:19","slug":"caravana-migrante-camina-hacia-ciudad-isla-veracruz-con-rumbo-a-cdmx","status":"publish","type":"post","link":"https:\/\/quehacerpolitico.mx\/?p=8419","title":{"rendered":"Caravana migrante camina hacia Ciudad Isla, Veracruz, con rumbo a CDMX"},"content":{"rendered":"<h1 class=\"news-title\">Caravana migrante camina hacia Ciudad Isla, Veracruz, con rumbo a CDMX<\/h1>\n<p>Por Redacci\u00f3n QP<\/p>\n<p>La caravana migrante,\u00a0integrada por personas provenientes de Centroam\u00e9rica, <strong>decidieron, esta ma\u00f1ana, avanzar caminando y por &#8220;aventones&#8221;<\/strong> hacia la Ciudad de M\u00e9xico\u00a0, por lo que har\u00e1n una parada en Ciudad Isla, Veracruz.<\/p>\n<div id=\"hybs-mslot-a89e37c8-0\" class=\"hybs-mslot\"><strong>Lo anterior, luego de que no llegaran los 150 camiones que hab\u00eda prometido el viernes el gobernador de Veracruz<\/strong>, Miguel \u00c1ngel Yunes,\u00a0quien por el momento solo ofreci\u00f3 llevarlos a Coatzacoalcos, en lo que se resuelve el tema del agua en la Ciudad de M\u00e9xico.<\/div>\n<div>\n<p>Los migrantes\u00a0despertaron desde las 04:00 horas de este s\u00e1bado y se pusieron en fila, en espera del transporte; sin embargo, <strong>poco m\u00e1s de las 06:00 horas, en asamblea, tomaron la decisi\u00f3n de partir a pie hacia la capital del pa\u00eds<\/strong>.<\/p>\n<p><strong>Los coordinadores de la caravana exhortaron al contingente caminar en grupo y no dispersos<\/strong>, como lo han hecho, toda vez que, aseguraron, ser\u00e1 un d\u00eda importante en su ruta hacia la frontera de Mexico\u00a0con Estados Unidos.<\/p>\n<p>El contingente va acompa\u00f1ado de la Defensor\u00eda de los Derechos Humanos del Pueblo de Osxaca, as\u00ed como de la Comisi\u00f3n de Derechos Humanos de la Ciudad de M\u00e9xico, y apoyados por unidades de la Cruz Roja\u00a0mexicana.<\/p>\n<p>En este ambiente <strong>existe duda e incertidumbre entre los integrantes de la caravana, pues mientras unos ya avanzan por la ruta indicada, otros decidieron dirigirse hacia la autopista para llegar a la capital del pa\u00eds<\/strong>, pues consideran que hay un retroceso en su camino.<\/p>\n<p>La caravana lleg\u00f3 este viernes proveniente de Mat\u00edas Romero, un municipio del sure\u00f1o estado de Oaxaca, y se instal\u00f3 en el mercado municipal de Sayula de Alem\u00e1n.<\/p>\n<p>Aqu\u00ed pernoctaron y ya avanzan hacia la Ciudad de M\u00e9xico.<\/p>\n<\/div>\n","protected":false},"excerpt":{"rendered":"<p>El contingente decide continuar a pie, luego de que los camiones que las autoridades les hab\u00edan prometido no llegaran<br \/>\nPor Redacci\u00f3n QP<\/p>\n","protected":false},"author":2,"featured_media":8418,"comment_status":"open","ping_status":"open","sticky":false,"template":"","format":"standard","meta":{"_monsterinsights_skip_tracking":false,"_monsterinsights_sitenote_active":false,"_monsterinsights_sitenote_note":"","_monsterinsights_sitenote_category":0,"footnotes":""},"categories":[2],"tags":[],"class_list":["post-8419","post","type-post","status-publish","format-standard","has-post-thumbnail","hentry","category-noticias"],"yoast_head":"<!-- This site is optimized with the Yoast SEO plugin v27.3 - https:\/\/yoast.com\/product\/yoast-seo-wordpress\/ -->\n<title>Caravana migrante camina hacia Ciudad Isla, Veracruz, con rumbo a CDMX -<\/title>\n<meta name=\"robots\" content=\"index, follow, max-snippet:-1, max-image-preview:large, max-video-preview:-1\" \/>\n<link rel=\"canonical\" href=\"https:\/\/quehacerpolitico.mx\/?p=8419\" \/>\n<meta property=\"og:locale\" content=\"es_MX\" \/>\n<meta property=\"og:type\" content=\"article\" \/>\n<meta property=\"og:title\" content=\"Caravana migrante camina hacia Ciudad Isla, Veracruz, con rumbo a CDMX -\" \/>\n<meta property=\"og:description\" content=\"El contingente decide continuar a pie, luego de que los camiones que las autoridades les hab\u00edan prometido no llegaran Por Redacci\u00f3n QP\" \/>\n<meta property=\"og:url\" content=\"https:\/\/quehacerpolitico.mx\/?p=8419\" \/>\n<meta property=\"article:published_time\" content=\"2018-11-03T17:15:19+00:00\" \/>\n<meta name=\"author\" content=\"Redacci\u00f3n QP\" \/>\n<meta name=\"twitter:card\" content=\"summary_large_image\" \/>\n<meta name=\"twitter:label1\" content=\"Escrito por\" \/>\n\t<meta name=\"twitter:data1\" content=\"Redacci\u00f3n QP\" \/>\n\t<meta name=\"twitter:label2\" content=\"Tiempo de lectura\" \/>\n\t<meta name=\"twitter:data2\" content=\"2 minutos\" \/>\n<script type=\"application\/ld+json\" class=\"yoast-schema-graph\">{\"@context\":\"https:\\\/\\\/schema.org\",\"@graph\":[{\"@type\":\"Article\",\"@id\":\"https:\\\/\\\/quehacerpolitico.mx\\\/?p=8419#article\",\"isPartOf\":{\"@id\":\"https:\\\/\\\/quehacerpolitico.mx\\\/?p=8419\"},\"author\":{\"name\":\"Redacci\u00f3n QP\",\"@id\":\"https:\\\/\\\/quehacerpolitico.mx\\\/#\\\/schema\\\/person\\\/496d8ad2d1d3f8036101dca7ee39e585\"},\"headline\":\"Caravana migrante camina hacia Ciudad Isla, Veracruz, con rumbo a CDMX\",\"datePublished\":\"2018-11-03T17:15:19+00:00\",\"mainEntityOfPage\":{\"@id\":\"https:\\\/\\\/quehacerpolitico.mx\\\/?p=8419\"},\"wordCount\":316,\"commentCount\":0,\"image\":{\"@id\":\"https:\\\/\\\/quehacerpolitico.mx\\\/?p=8419#primaryimage\"},\"thumbnailUrl\":\"\",\"articleSection\":[\"Noticias\"],\"inLanguage\":\"es\",\"potentialAction\":[{\"@type\":\"CommentAction\",\"name\":\"Comment\",\"target\":[\"https:\\\/\\\/quehacerpolitico.mx\\\/?p=8419#respond\"]}]},{\"@type\":\"WebPage\",\"@id\":\"https:\\\/\\\/quehacerpolitico.mx\\\/?p=8419\",\"url\":\"https:\\\/\\\/quehacerpolitico.mx\\\/?p=8419\",\"name\":\"Caravana migrante camina hacia Ciudad Isla, Veracruz, con rumbo a CDMX -\",\"isPartOf\":{\"@id\":\"https:\\\/\\\/quehacerpolitico.mx\\\/#website\"},\"primaryImageOfPage\":{\"@id\":\"https:\\\/\\\/quehacerpolitico.mx\\\/?p=8419#primaryimage\"},\"image\":{\"@id\":\"https:\\\/\\\/quehacerpolitico.mx\\\/?p=8419#primaryimage\"},\"thumbnailUrl\":\"\",\"datePublished\":\"2018-11-03T17:15:19+00:00\",\"author\":{\"@id\":\"https:\\\/\\\/quehacerpolitico.mx\\\/#\\\/schema\\\/person\\\/496d8ad2d1d3f8036101dca7ee39e585\"},\"breadcrumb\":{\"@id\":\"https:\\\/\\\/quehacerpolitico.mx\\\/?p=8419#breadcrumb\"},\"inLanguage\":\"es\",\"potentialAction\":[{\"@type\":\"ReadAction\",\"target\":[\"https:\\\/\\\/quehacerpolitico.mx\\\/?p=8419\"]}]},{\"@type\":\"ImageObject\",\"inLanguage\":\"es\",\"@id\":\"https:\\\/\\\/quehacerpolitico.mx\\\/?p=8419#primaryimage\",\"url\":\"\",\"contentUrl\":\"\"},{\"@type\":\"BreadcrumbList\",\"@id\":\"https:\\\/\\\/quehacerpolitico.mx\\\/?p=8419#breadcrumb\",\"itemListElement\":[{\"@type\":\"ListItem\",\"position\":1,\"name\":\"Inicio\",\"item\":\"https:\\\/\\\/quehacerpolitico.mx\\\/\"},{\"@type\":\"ListItem\",\"position\":2,\"name\":\"Caravana migrante camina hacia Ciudad Isla, Veracruz, con rumbo a CDMX\"}]},{\"@type\":\"WebSite\",\"@id\":\"https:\\\/\\\/quehacerpolitico.mx\\\/#website\",\"url\":\"https:\\\/\\\/quehacerpolitico.mx\\\/\",\"name\":\"\",\"description\":\"\",\"potentialAction\":[{\"@type\":\"SearchAction\",\"target\":{\"@type\":\"EntryPoint\",\"urlTemplate\":\"https:\\\/\\\/quehacerpolitico.mx\\\/?s={search_term_string}\"},\"query-input\":{\"@type\":\"PropertyValueSpecification\",\"valueRequired\":true,\"valueName\":\"search_term_string\"}}],\"inLanguage\":\"es\"},{\"@type\":\"Person\",\"@id\":\"https:\\\/\\\/quehacerpolitico.mx\\\/#\\\/schema\\\/person\\\/496d8ad2d1d3f8036101dca7ee39e585\",\"name\":\"Redacci\u00f3n QP\",\"image\":{\"@type\":\"ImageObject\",\"inLanguage\":\"es\",\"@id\":\"https:\\\/\\\/secure.gravatar.com\\\/avatar\\\/c7164ed6fdec453195284ad24a5ae5b6e1eed2b848477fa2a4787ba9adf39a41?s=96&d=mm&r=g\",\"url\":\"https:\\\/\\\/secure.gravatar.com\\\/avatar\\\/c7164ed6fdec453195284ad24a5ae5b6e1eed2b848477fa2a4787ba9adf39a41?s=96&d=mm&r=g\",\"contentUrl\":\"https:\\\/\\\/secure.gravatar.com\\\/avatar\\\/c7164ed6fdec453195284ad24a5ae5b6e1eed2b848477fa2a4787ba9adf39a41?s=96&d=mm&r=g\",\"caption\":\"Redacci\u00f3n QP\"},\"url\":\"https:\\\/\\\/quehacerpolitico.mx\\\/?author=2\"}]}<\/script>\n<!-- \/ Yoast SEO plugin. -->","yoast_head_json":{"title":"Caravana migrante camina hacia Ciudad Isla, Veracruz, con rumbo a CDMX -","robots":{"index":"index","follow":"follow","max-snippet":"max-snippet:-1","max-image-preview":"max-image-preview:large","max-video-preview":"max-video-preview:-1"},"canonical":"https:\/\/quehacerpolitico.mx\/?p=8419","og_locale":"es_MX","og_type":"article","og_title":"Caravana migrante camina hacia Ciudad Isla, Veracruz, con rumbo a CDMX -","og_description":"El contingente decide continuar a pie, luego de que los camiones que las autoridades les hab\u00edan prometido no llegaran Por Redacci\u00f3n QP","og_url":"https:\/\/quehacerpolitico.mx\/?p=8419","article_published_time":"2018-11-03T17:15:19+00:00","author":"Redacci\u00f3n QP","twitter_card":"summary_large_image","twitter_misc":{"Escrito por":"Redacci\u00f3n QP","Tiempo de lectura":"2 minutos"},"schema":{"@context":"https:\/\/schema.org","@graph":[{"@type":"Article","@id":"https:\/\/quehacerpolitico.mx\/?p=8419#article","isPartOf":{"@id":"https:\/\/quehacerpolitico.mx\/?p=8419"},"author":{"name":"Redacci\u00f3n QP","@id":"https:\/\/quehacerpolitico.mx\/#\/schema\/person\/496d8ad2d1d3f8036101dca7ee39e585"},"headline":"Caravana migrante camina hacia Ciudad Isla, Veracruz, con rumbo a CDMX","datePublished":"2018-11-03T17:15:19+00:00","mainEntityOfPage":{"@id":"https:\/\/quehacerpolitico.mx\/?p=8419"},"wordCount":316,"commentCount":0,"image":{"@id":"https:\/\/quehacerpolitico.mx\/?p=8419#primaryimage"},"thumbnailUrl":"","articleSection":["Noticias"],"inLanguage":"es","potentialAction":[{"@type":"CommentAction","name":"Comment","target":["https:\/\/quehacerpolitico.mx\/?p=8419#respond"]}]},{"@type":"WebPage","@id":"https:\/\/quehacerpolitico.mx\/?p=8419","url":"https:\/\/quehacerpolitico.mx\/?p=8419","name":"Caravana migrante camina hacia Ciudad Isla, Veracruz, con rumbo a CDMX -","isPartOf":{"@id":"https:\/\/quehacerpolitico.mx\/#website"},"primaryImageOfPage":{"@id":"https:\/\/quehacerpolitico.mx\/?p=8419#primaryimage"},"image":{"@id":"https:\/\/quehacerpolitico.mx\/?p=8419#primaryimage"},"thumbnailUrl":"","datePublished":"2018-11-03T17:15:19+00:00","author":{"@id":"https:\/\/quehacerpolitico.mx\/#\/schema\/person\/496d8ad2d1d3f8036101dca7ee39e585"},"breadcrumb":{"@id":"https:\/\/quehacerpolitico.mx\/?p=8419#breadcrumb"},"inLanguage":"es","potentialAction":[{"@type":"ReadAction","target":["https:\/\/quehacerpolitico.mx\/?p=8419"]}]},{"@type":"ImageObject","inLanguage":"es","@id":"https:\/\/quehacerpolitico.mx\/?p=8419#primaryimage","url":"","contentUrl":""},{"@type":"BreadcrumbList","@id":"https:\/\/quehacerpolitico.mx\/?p=8419#breadcrumb","itemListElement":[{"@type":"ListItem","position":1,"name":"Inicio","item":"https:\/\/quehacerpolitico.mx\/"},{"@type":"ListItem","position":2,"name":"Caravana migrante camina hacia Ciudad Isla, Veracruz, con rumbo a CDMX"}]},{"@type":"WebSite","@id":"https:\/\/quehacerpolitico.mx\/#website","url":"https:\/\/quehacerpolitico.mx\/","name":"","description":"","potentialAction":[{"@type":"SearchAction","target":{"@type":"EntryPoint","urlTemplate":"https:\/\/quehacerpolitico.mx\/?s={search_term_string}"},"query-input":{"@type":"PropertyValueSpecification","valueRequired":true,"valueName":"search_term_string"}}],"inLanguage":"es"},{"@type":"Person","@id":"https:\/\/quehacerpolitico.mx\/#\/schema\/person\/496d8ad2d1d3f8036101dca7ee39e585","name":"Redacci\u00f3n QP","image":{"@type":"ImageObject","inLanguage":"es","@id":"https:\/\/secure.gravatar.com\/avatar\/c7164ed6fdec453195284ad24a5ae5b6e1eed2b848477fa2a4787ba9adf39a41?s=96&d=mm&r=g","url":"https:\/\/secure.gravatar.com\/avatar\/c7164ed6fdec453195284ad24a5ae5b6e1eed2b848477fa2a4787ba9adf39a41?s=96&d=mm&r=g","contentUrl":"https:\/\/secure.gravatar.com\/avatar\/c7164ed6fdec453195284ad24a5ae5b6e1eed2b848477fa2a4787ba9adf39a41?s=96&d=mm&r=g","caption":"Redacci\u00f3n QP"},"url":"https:\/\/quehacerpolitico.mx\/?author=2"}]}},"featured_image_urls":{"full":"","thumbnail":"","medium":"","medium_large":"","large":"","1536x1536":"","2048x2048":"","covernews-featured":"","covernews-medium":""},"author_info":{"display_name":"Redacci\u00f3n QP","author_link":"https:\/\/quehacerpolitico.mx\/?author=2"},"category_info":"<a href=\"https:\/\/quehacerpolitico.mx\/?cat=2\" rel=\"category\">Noticias<\/a>","tag_info":"Noticias","comment_count":"0","_links":{"self":[{"href":"https:\/\/quehacerpolitico.mx\/index.php?rest_route=\/wp\/v2\/posts\/8419","targetHints":{"allow":["GET"]}}],"collection":[{"href":"https:\/\/quehacerpolitico.mx\/index.php?rest_route=\/wp\/v2\/posts"}],"about":[{"href":"https:\/\/quehacerpolitico.mx\/index.php?rest_route=\/wp\/v2\/types\/post"}],"author":[{"embeddable":true,"href":"https:\/\/quehacerpolitico.mx\/index.php?rest_route=\/wp\/v2\/users\/2"}],"replies":[{"embeddable":true,"href":"https:\/\/quehacerpolitico.mx\/index.php?rest_route=%2Fwp%2Fv2%2Fcomments&post=8419"}],"version-history":[{"count":0,"href":"https:\/\/quehacerpolitico.mx\/index.php?rest_route=\/wp\/v2\/posts\/8419\/revisions"}],"wp:featuredmedia":[{"embeddable":true,"href":"https:\/\/quehacerpolitico.mx\/index.php?rest_route=\/"}],"wp:attachment":[{"href":"https:\/\/quehacerpolitico.mx\/index.php?rest_route=%2Fwp%2Fv2%2Fmedia&parent=8419"}],"wp:term":[{"taxonomy":"category","embeddable":true,"href":"https:\/\/quehacerpolitico.mx\/index.php?rest_route=%2Fwp%2Fv2%2Fcategories&post=8419"},{"taxonomy":"post_tag","embeddable":true,"href":"https:\/\/quehacerpolitico.mx\/index.php?rest_route=%2Fwp%2Fv2%2Ftags&post=8419"}],"curies":[{"name":"wp","href":"https:\/\/api.w.org\/{rel}","templated":true}]}}