{"id":8403,"date":"2018-11-03T14:55:53","date_gmt":"2018-11-03T14:55:53","guid":{"rendered":"http:\/\/quehacerpolitico.mx\/lecturas-como-gano-amlo-la-presidencia-fabrizio-mejia-lo-relata-en-cronica-de-la-victoria\/"},"modified":"2018-11-03T14:55:53","modified_gmt":"2018-11-03T14:55:53","slug":"lecturas-como-gano-amlo-la-presidencia-fabrizio-mejia-lo-relata-en-cronica-de-la-victoria","status":"publish","type":"post","link":"https:\/\/quehacerpolitico.mx\/?p=8403","title":{"rendered":"LECTURAS | \u00bfC\u00f3mo gan\u00f3 AMLO la Presidencia? Fabrizio Mej\u00eda lo relata en Cr\u00f3nica de la victoria"},"content":{"rendered":"<h1>LECTURAS | \u00bfC\u00f3mo gan\u00f3 AMLO la Presidencia? Fabrizio Mej\u00eda lo relata en <em>Cr\u00f3nica de la victoria<\/em><\/h1>\n<p>Por Redacci\u00f3n QP<\/p>\n<p>Contado en tres grandes hitos,<em>\u00a0Cr\u00f3nica de la victoria<\/em>\u00a0es el legado escrito de la victoria democr\u00e1tica de un pa\u00eds: una narraci\u00f3n del triunfo electoral de Andr\u00e9s Manuel L\u00f3pez Obrador en las recientes elecciones para presidente de M\u00e9xico.<\/p>\n<p>Es la cr\u00f3nica de un cambio de paradigma contada desde el momento en el que pueblo inunda la Plaza de la Constituci\u00f3n, el emotivo y esperanzador discurso del presidente electo y las millones de formas que tiene la Regeneraci\u00f3n.<br \/>Con entrevistas personales, an\u00e9cdotas in\u00e9ditas y una exhaustiva investigaci\u00f3n, Fabrizio Mej\u00eda Madrid cuenta de primera mano c\u00f3mo se construy\u00f3 AMLO, como personaje, qu\u00e9 representa para todos aquellos que votaron el pasado 1 de julio y por qu\u00e9 M\u00e9xico se encuentra frente a un momento hist\u00f3rico sin precedentes.<\/p>\n<p>Esta es la historia de una voz repetida durante a\u00f1os, una voz que muchas veces intentaron callar, pero que fue pasando de boca en boca, hasta convertirse en un canto nacional, dice el autor.<\/p>\n<p>Fabrizio Mej\u00eda Madrid naci\u00f3 en la ciudad de M\u00e9xico en 1968. Es autor de las novelas,\u00a0<em>Viaje alrededor de mi padre<\/em>\u00a0(2004),\u00a0<em>Hombre al agua<\/em>\u00a0(Joaqu\u00edn Mortiz, 2004) que recibi\u00f3 el Premio Antonin Artaud,\u00a0<em>El rencor<\/em>\u00a0(Planeta, 2006), <em>Tequila, DF<\/em>\u00a0(Random House\/Mondadori, 2009),<em> Disparos en la oscuridad<\/em> (Suma de Letras, 2011), entre otras.<\/p>\n<p>El fragmento de <em>Cr\u00f3nica de la victoria<\/em>, que se presenta a continuaci\u00f3n a los lectores de SinEmbargo, es cortes\u00eda del autor y de la editorial Planeta.<\/p>\n<div id=\"attachment_3492482\" class=\"wp-caption aligncenter\"><img loading=\"lazy\" decoding=\"async\" class=\"size-full wp-image-3492482\" src=\"https:\/\/www.sinembargo.mx\/wp-content\/uploads\/2018\/11\/portada_cronica-de-la-victoria_fabrizio-mejia-madrid_201810030152.jpg\" sizes=\"auto, (max-width: 700px) 100vw, 700px\" srcset=\"https:\/\/www.sinembargo.mx\/wp-content\/uploads\/2018\/11\/portada_cronica-de-la-victoria_fabrizio-mejia-madrid_201810030152.jpg 700w, https:\/\/www.sinembargo.mx\/wp-content\/uploads\/2018\/11\/portada_cronica-de-la-victoria_fabrizio-mejia-madrid_201810030152-198x300.jpg 198w\" alt=\"\" width=\"700\" height=\"1062\" \/><\/p>\n<p class=\"wp-caption-text\">El triunfo de AMLO el 1 de julio lo convirti\u00f3 en el candidato m\u00e1s votado de la historia de M\u00e9xico y tambi\u00e9n en el primero de izquierda que gana la Presidencia del pa\u00eds. Foto: Planeta<\/p>\n<\/div>\n<h3>Funcio\u0301n por adelantado de las 30 millones de representaciones<\/h3>\n<p>Ahi\u0301 esta\u0301n, vienen por las calles, sin ma\u0301s consigna que sus sonrisas. Pienso que nunca los he visto celebrar, aunque los he visto indignarse. Salen por las escaleras del Metro, por Madero, como los villistas y los zapatistas del invierno de 1914, bajan de bicitaxis, aparecen. Ese es el aspecto de lo nuevo esta noche del primero de julio de 2018: aparecen sin ser convocados. Detra\u0301s de ellos no hay partido alguno, ni sindicato que los cite, les pase lista, les reparta ese u\u0301nico alimento de las elecciones mexicanas: la torta. Lo que existe es lo que se ve: gente que viene hasta el Zo\u0301calo, hasta el lugar adonde es- tuvo prohibido llegar durante los seis an\u0303os del u\u0301ltimo alcalde del PRD, y que so\u0301lo sirve para juntarse, entre los cuatro poderes de la ciudad: el Palacio Nacional, el Ayuntamiento, la Catedral Metropolitana y los comerciantes. Esta\u0301n aqui\u0301 y siguen llegando, sonrientes, con un gesto compartido, breve y poderoso: del pun\u0303o emerge el dedo pulgar pintado de tinta indeleble. La frase universalizada en la complicidad entre desconocidos:<\/p>\n<p>\u2013\u00a1Felicidades! \u00a1Ganamos!<\/p>\n<p>Pero, \u00bfque\u0301 ocurrio\u0301? El fin del Partido U\u0301nico tantas veces anunciado, con sus 75 an\u0303os, ma\u0301s seis de su regreso. El rechazo a los treinta an\u0303os de neoliberalismo, es decir, a disfrazar de voluntad general el que los altos buro\u0301cratas hagan millonarios a sus compadres. El triunfo de una izquierda proscrita y perseguida desde finales de la de\u0301cada de 1950 hasta 1979 y que, cada vez que puede lograr la victoria, sea movimiento o partido, acaba en la ca\u0301rcel.<\/p>\n<p>Pero, \u00bfque\u0301 es? Es una revolucio\u0301n nacional vi\u0301a las urnas. Es una rebelio\u0301n a voto depositado de treinta millones de electores que jama\u0301s habi\u0301an aparecido antes (la u\u0301ltima eleccio\u0301n presidencial se gano\u0301 con diecinueve millones, de los cuales cinco millones fueron votos comprados). Una rebelio\u0301n que confi\u0301a en su propio poder soberano y le otorga toda la importancia a cruzar las boletas como signo de que exige un cambio en las instituciones. Esa contradiccio\u0301n de todo lo que apela a la soberani\u0301a ciudadana: el poder supremo que so\u0301lo existe cuando se entrega; el voto que sen\u0303ala como ineficaces a las propias autoridades electorales; el voto que salva esta eleccio\u0301n a pesar de quienes nunca pudieron detener la compra de sufragios, las llamadas telefo\u0301nicas ano\u0301nimas contra el candidato ganador, y hasta el robo de boletas unos di\u0301as antes.<\/p>\n<div class=\"ad_center ad-in-content\">\u00a0<\/div>\n<div id=\"attachment_3492488\" class=\"wp-caption aligncenter\"><img loading=\"lazy\" decoding=\"async\" class=\"size-full wp-image-3492488\" src=\"https:\/\/www.sinembargo.mx\/wp-content\/uploads\/2018\/11\/amlo_saltillo01.jpg\" sizes=\"auto, (max-width: 700px) 100vw, 700px\" srcset=\"https:\/\/www.sinembargo.mx\/wp-content\/uploads\/2018\/11\/amlo_saltillo01.jpg 700w, https:\/\/www.sinembargo.mx\/wp-content\/uploads\/2018\/11\/amlo_saltillo01-300x211.jpg 300w\" alt=\"\" width=\"700\" height=\"493\" \/><\/p>\n<p class=\"wp-caption-text\">AMLO y el apoyo fundamental de sus seguidores. Foto: Cuartoscuro<\/p>\n<\/div>\n<blockquote>\n<p>Pero, \u00bfque\u0301 es? Son los que vienen caminando y abrazados. Tienen, lo se\u0301, esa conviccio\u0301n de que el voto, aunque sea ese acto u\u0301nico de un domingo cada tres o seis an\u0303os, contiene una intuicio\u0301n moral: \u201cTodos valemos uno y nadie ma\u0301s de uno\u201d. Esa certeza moral que excede a toda ciudadani\u0301a: somos iguales y libres, aun- que sea so\u0301lo en el instante en que cruzamos una boleta electoral. Eso es lo que hay aqui\u0301: los que emergen de las casillas, animados por el reconocimiento mutuo de su igualdad: el pulgar al aire. Pero es tambie\u0301n algo inso\u0301lito que, en te\u0301rminos matema\u0301ticos, desquicia a quienes jama\u0301s creyeron en que la democracia mexicana estaba dividida en tercios: una mayori\u0301a que dictamina por medio del voto que no cree ma\u0301s que en su propia soberani\u0301a y la entrega en representacio\u0301n a quien ha repetido y denunciado durante doce an\u0303os que no podemos seguir viviendo igual.<\/p>\n<\/blockquote>\n<p>Aqui\u0301 esta\u0301n y vienen llegando. Votaron preocupados por el estado del barrio, de la ciudad e, idealmente, por lo que todavi\u0301a llamamos patria: todo lo que se encuentra afuera de nuestra puerta de entrada y que llamamos \u00ablo pu\u0301blico\u00bb; no un territorio de \u00ablos poli\u0301ticos\u00bb, sino de todos los ciudadanos que, sintiendo el impulso moral, decidieron actuar para que las cosas no sigan igual; que se castigue, quita\u0301ndolos de los lugares de privilegio, a los responsables de la corrupcio\u0301n y las injusticias; que hay una u\u0301nica salida y no importa lo que se diga sobre ella, no hay que cerrarla porque es la u\u0301nica que nos queda. Eso explica la refraccio\u0301n contra todo embuste, pero tambie\u0301n contra la cri\u0301tica no interesada que tiene la decisio\u0301n de votar por Lo\u0301pez Obrador para que sea presidente. Esa impermeabilidad viene de una intuicio\u0301n moral.<\/p>\n<p>\u2013Ve cuando toman la hostia los cato\u0301licos \u2013me dice justo uno de los boleros de afuera de la Catedral\u2013, que todos esta\u0301n contentos y se dan la mano.<\/p>\n<p>\u2013Si\u0301, \u00bfque\u0301 tienen? \u2013le contesto sin entender a que\u0301 va.<\/p>\n<p>\u2013Ahora estamos como ellos. Nada ma\u0301s que, en lugar de la hostia, parece que nos hubieran dado un pedacito de Patria.<\/p>\n<p>Se vale celebrar. Se vale la e\u0301pica y lo sentimental. Va el Carlos Pellicer a la mano:<\/p>\n<p>El encanto siempre desconocido de las olas nuevas y el barullo de la espuma sesgada, Recuerda ese minuto heroico cuando el universo se nos desnuda en la\u0301grimas, y so\u0301lo un acto de ternura nos pone en pie sobre las ruinas iza\u0301ndonos el alma.<\/p>\n<p>Sobre ruinas izamos el alma. Hay algo de final de partida, de esperanza tra\u0301gica. No de optimismo, que es la boba creencia de que todo sera\u0301, por que si\u0301, mejor. Ese vano optimismo fue del an\u0303o 2000, cuando la llegada de Accio\u0301n Nacional parecio\u0301, para algunos, el paso a una etapa sin PRI. No ocurrio\u0301 asi\u0301. Esta es una esperanza tra\u0301gica, la de la u\u0301ltima salida, la de que es posible que haya quedado algo despue\u0301s del naufragio y, con esas ruinas en los pun\u0303os, empezar a reconstruir. La u\u0301ltima salida fue protegida por cada uno de los treinta millones de votantes: no se permitieron repartir sus votos entre partidos, no quisieron arriesgarse a que les volvieran a hacer fraude, hicieron una tregua con las cri\u0301ticas:<\/p>\n<p>\u2013Hay que ver si lo dejan ganar y, luego, lo discutimos.<\/p>\n<p>Votamos en masa y sin distinciones, como se abre una salida de emergencia. So\u0301lo importo\u0301 que se abriera y pudie\u0301ramos salir todos hacia ese pasillo, transitarlo con expectacio\u0301n, sin saber a do\u0301nde nos conduce. Pellicer:<\/p>\n<p>Mi voluntad sera\u0301 como la tuya, numerosa y fana\u0301tica,<br \/>sin temores ni exclusas.<\/p>\n<p>Dos horas antes, mientras la televisio\u0301n transmiti\u0301a el discurso de aceptacio\u0301n de la derrota del candidato del PRI \u2013\u201dla coalicio\u0301n Todos por Me\u0301xico no es la triunfadora en este proceso de sufragio ciudadano para la Presidencia de la Repu\u0301blica. En este momento habre\u0301 de reconocer que, de acuerdo a las tendencias, fue Andre\u0301s Manuel Lo\u0301pez Obrador quien obtuvo la mayori\u0301a\u201d\u2013, sono\u0301 el tele\u0301fono en mi casa. Del otro lado, la voz cascada de un viejo militante del 68 me dijo:<\/p>\n<p>\u2013No me digas que\u0301 pensar, dime que\u0301 sentir.<\/p>\n<p>\u2013Yo no se\u0301 \u2013murmure\u0301\u2013, pero el Zo\u0301calo sabra\u0301. Y asi\u0301 fue como llegamos aqui\u0301.<\/p>\n<p>Somos los que supimos desde nin\u0303os que nos iri\u0301a peor que a nuestros papa\u0301s.<\/p>\n<p>Somos a quienes llaman \u201cchairos\u201d, \u201cajolotes\u201d, \u201cindignados\u201d.<\/p>\n<div id=\"attachment_3492490\" class=\"wp-caption aligncenter\"><img loading=\"lazy\" decoding=\"async\" class=\"size-full wp-image-3492490\" src=\"https:\/\/www.sinembargo.mx\/wp-content\/uploads\/2018\/11\/img_20181010_175250.jpg\" sizes=\"auto, (max-width: 700px) 100vw, 700px\" srcset=\"https:\/\/www.sinembargo.mx\/wp-content\/uploads\/2018\/11\/img_20181010_175250.jpg 700w, https:\/\/www.sinembargo.mx\/wp-content\/uploads\/2018\/11\/img_20181010_175250-227x300.jpg 227w\" alt=\"\" width=\"700\" height=\"926\" \/><\/p>\n<p class=\"wp-caption-text\">Somos a quienes llaman \u201cchairos\u201d, \u201cajolotes\u201d, \u201cindignados\u201d. Foto: Cuartoscuro Agencia<\/p>\n<\/div>\n<p>Somos los que ya no deci\u0301amos \u201cSonri\u0301e, vamos a ganar\u201d, porque luego el Programa de Resultados nos derrotaba durante la madrugada.<\/p>\n<p>Somos a los que les deci\u0301an en cada eleccio\u0301n: \u00abAcepten la derrota. En la democracia se gana por un voto\u00bb.<\/p>\n<p>Somos los que nos asombramos con el ascenso de Salinas, el de Fox y el de Caldero\u0301n.<\/p>\n<p>Somos los que nunca entendimos por que\u0301 la gente no se indigno\u0301 cuando Pen\u0303a Nieto les quito\u0301 el petro\u0301leo y la educacio\u0301n pu\u0301blica.<\/p>\n<p>Somos los que descrei\u0301mos como nadie.<\/p>\n<p>Somos tus vecinos que ponen a todo volumen a Carmen Aristegui para que se enteren.<\/p>\n<p>Somos el pai\u0301s que vive entre las fosas sin nombre y las Casas Blancas.<\/p>\n<p>Somos los que creemos en una Patria que son todos los de- ma\u0301s.<\/p>\n<p>Somos a quienes el miedo les queda mucho ma\u0301s cerca que \u00abVenezuela\u00bb.<\/p>\n<p>Somos los que nunca pensaremos como debemos pensar. Somos a los que, si vienes al Zo\u0301calo, vera\u0301s.<\/p>\n<blockquote>\n<p>La gente que viene al Zo\u0301calo a celebrar el triunfo de Andre\u0301s Manuel Lo\u0301pez Obrador es la izquierda coleccionada por si\u0301 misma: el cardenismo de 1988 \u2013el del reclamo para que se contaran los votos y jama\u0301s el de la evocacio\u0301n de la educacio\u0301n socialista\u2013, el zapatismo de 1994 \u2013el que reconoce que Me\u0301xico es racista y encuentra en la autonomi\u0301a comunitaria una solucio\u0301n al descomunal despojo global\u2013, la lucha contra el desafuero del alcalde electo de la Ciudad de Me\u0301xico \u2013que piensa que las opciones en la boleta no deberi\u0301an ser palomeadas por el presidente en turno como una forma de dedazo enguantado en legalidad\u2013, el estado de a\u0301nimo que en los dos fraudes, 2006 y 2012, denuncio\u0301 lo que obstaculizaba el simple depo\u0301sito de la boleta en una urna y su conteo: el fraude ciberne\u0301tico y la compra de votos, la decisio\u0301n de los poderes monopolizados por encima de lo que es tan simple: un domingo de cada tres o seis an\u0303os, todos valemos lo mismo: uno.<\/p>\n<\/blockquote>\n<p>La e\u0301pica a la mano es la de lo pequen\u0303o. En cada uno de los treinta millones que han votado por e\u0301l este primero de julio hay, por primera vez, la sensacio\u0301n de que tiene un efecto discutir las opciones, decidirse por una y levantarse para ir a votar. De eso se trata la presencia de los cuerpos en las calles: nadie los ha convocado, se han coleccionado a si\u0301 mismos, para dejarse ver, para abrazarse en un desenlace feliz por compartido. Adema\u0301s de la e\u0301pica tan prohibida por los jueces ci\u0301nicos que desden\u0303an todo triunfo de los ma\u0301s \u2013aqui\u0301, los pobres; aqui\u0301, tambie\u0301n, la clase media cuya existencia ya es so\u0301lo tarjeta de de\u0301bito, indignada por la corrupcio\u0301n; aqui\u0301, el millo\u0301n de familias sin poder salir de la frecuencia de la violencia y el miedo cotidianos\u2013, adema\u0301s de esa heroicidad que significa ir a votar en un pai\u0301s en donde, entre el sufragio y su conteo, siempre se interpone el dinero, la trampa, tambie\u0301n ejercemos en pu\u0301blico la otra prohibicio\u0301n: lo sentimental. Desde Eugenia Leo\u0301n cantando La paloma hasta el recuerdo de los pun\u0303os apretados en el desafuero de 2005 y el desenlace por punto cinco de 2006, las la\u0301grimas se abren paso. La felicidad es una forma de la modestia. Es breve pero densa. Dice Pellicer: \u00abLa hierba crece en la humildad\u00bb. La paloma, una cancio\u0301n de las tropas de defensa contra la invasio\u0301n francesa, suena en el Zo\u0301calo desde una bocina que, supongo, esta\u0301 amarrada a un poste de luz en la esquina de la calle de Madero. Es una cancio\u0301n que se hizo popular entre las tiendas de campan\u0303a \u2013pla\u0301sticos\u2013 del planto\u0301n de 2006, el que evito\u0301 que la gente, indignada por el fraude de 0.56 por ciento, se fuera al Palacio de San La\u0301zaro a impedir que Felipe del Sagrado Corazo\u0301n de Jesu\u0301s Caldero\u0301n Hinojosa tomara la silla imperial. No sabi\u0301amos que, falto de legitimidad, decidiri\u0301a lo que todo dictador en apuros: declarar una guerra. Escogio\u0301 al \u00abcrimen organizado\u00bb, un enemigo al que no se le puede derrotar porque no existe como tal, como contrincante, como alguien que puede firmar la paz o decretar una tregua. El fraude del 0.56 en la madrugada se sintio\u0301 como una usurpacio\u0301n. Por eso la cancio\u0301n que cundio\u0301 durante el planto\u0301n que lo denunciaba fue e\u0301sta, que combina los di\u0301as en que la Repu\u0301blica se movi\u0301a en una carroza por la frontera norte y los di\u0301as en que se esperaba vanamente que los tribunales decidieran contar voto por voto y casilla por casilla para saber quie\u0301n habi\u0301a ganado la presidencia:<\/p>\n<p>El an\u0303o sesenta y cuatro, va\u0301lgame Dios<\/p>\n<p>Esta\u0301bamos en la guerra de intervencio\u0301n<\/p>\n<p>La danza de la paloma haci\u0301a furor<br \/>En medio de los desastres de la nacio\u0301n<\/p>\n<p>Maximiliano con todos sus traidores<\/p>\n<p>Se crei\u0301an invencibles los invasores<\/p>\n<p>El presidente Jua\u0301rez y sus patriotas<\/p>\n<p>No se desanimaban con las derrotas<\/p>\n<p>Se vino el invasor<br \/>Por toda la nacio\u0301n<br \/>Ah, destruyendo nuestros hogares<br \/>Sin tener compasio\u0301n<br \/>El an\u0303o noventa y cuatro asi\u0301 paso\u0301<\/p>\n<p>Esta\u0301bamos en la lucha de sucesio\u0301n<br \/>La danza de las monedas haci\u0301a furor<br \/>Por los dioses de la guerra y la corrupcio\u0301n<\/p>\n<p>Si a tu frontera llega una paloma<br \/>Cuida que no sea buitre lo que se asoma<\/p>\n<p>Cua\u0301nta falta nos hace Benito Jua\u0301rez<br \/>Para desplumar aves neoliberales<br \/>No te quiebres pai\u0301s<br \/>Aqui\u0301 esta\u0301 mi cancio\u0301n<br \/>Que un a\u0301guila y una serpiente<br \/>Defienden la nacio\u0301n<br \/>Ay, palomita, de ayer y hoy<br \/>Contra el racismo y la intervencio\u0301n<\/p>\n<p>Vuela, paloma, a las fronteras<br \/>Quita una estrella a su bandera<br \/>Que no queremos imperialismos<br \/>Estamos hartos de su cinismo<br \/>Que nuestros aires son soberanos<br \/>Somos chinacos y mexicanos.<\/p>\n<p>Los que hemos llegado hasta aqui\u0301 pasamos por todo: no es lo mismo ganar, que te dejen ganar; no es lo mismo ganar y que te dejen gobernar \u2013todavi\u0301a resuenan las televisoras pidiendo la renuncia del primer jefe de Gobierno del DF, Cuauhte\u0301moc Ca\u0301rdenas\u2013; no es lo mismo ganar que enunciar un porvenir. El \u201cquiza\u0301s\u201d es su u\u0301nica ocasio\u0301n. Pero existe ahora en las calles ocupadas por miles de cuerpos que se presentan sin ser convocados por un poder. \u00bfQue\u0301 dicen con su aparicio\u0301n? Me acuerdo de unos versos de Carlos Pellicer, a cuya campan\u0303a externa al senado en 1976, le debe Andre\u0301s Manuel Lo\u0301pez Obrador su entrada en la poli\u0301tica:<\/p>\n<p>El acto de pensar se vuelve canto<br \/>y nuestra vida al borde de la noche comienza a despertar.<br \/>No hay que volver a nada.<br \/>Ya casi hemos llegado a nube firme.<\/p>\n<blockquote>\n<p>Un vapor seguro. Eso es el movimiento. El velo macizo cuya entrada en la historia es nombrarse como histo\u0301rico. Se entra de espaldas, mirando las derrotas del pasado y a sus muertos. No puede entrarse de frente porque el porvenir no se puede ver, salvo nombrarlo como quiza\u0301s. Se usa a un hombre que tiene tres nombres: Andre\u0301s, para quien lo conoce; Lo\u0301pez, para quienes creyeron que hacie\u0301ndolo un hombre comu\u0301n le restaban en vez de sumarle; Obrador, para quienes es la idea de alguien que hace, que concibe, que compone, que gobierna y no so\u0301lo administra. Lo\u0301pez Obrador es el hombre que quiere actuar pero que no lo dejan. Es el hombre de los obsta\u0301culos y por eso su triunfo es de la esperanza tra\u0301gica. No del optimismo como fe ciega en que las cosas se van a despejar, sino de quien tuvo que tomar los restos que nos dejo\u0301 el naufragio para hacerse de una barca. La felicidad de este Zo\u0301calo es la de sostener el cuello delante de una tempestad.<\/p>\n<\/blockquote>\n<p>Andre\u0301s era un militante del partido que surgio\u0301 del fraude de 1988 cuando, silenciosamente, se mudo\u0301 con su familia a un departamento de Copilco 300, frente a la Universidad Nacional. Yo vivi\u0301a en la planta baja del edificio 16, desde 1985, y me lo topaba en las madrugadas; yo llegando de los despojos de una sobremesa dilatada hasta el arrepentimiento, y e\u0301l saliendo, recie\u0301n ban\u0303ado, a trabajar. Nos da\u0301bamos los buenos di\u0301as y e\u0301l se meti\u0301a en el Metro y, a veces, hablaba por el tele\u0301fono de la esquina. So\u0301lo una vez hizo una fiesta, el di\u0301a de su cumplean\u0303os: el pasillo oli\u0301a a pescado y se escuchaba una marimba. Tiempo despue\u0301s se mudo\u0301 con Roci\u0301o, enferma de lupus, y sus hijos, a unos departamentos del parque de enfrente, el Hugo B. Margain, a un edificio viejo desde el que algunos representantes del Consejo Nacional de Huelga de 1968 vieron la toma de Ciudad Universitaria por el eje\u0301rcito. Cuando lo desaforaron por o\u0301rdenes del presidente Fox para que no compitiera en la boleta, desde ese parque daba sus conferencias de prensa. Las paredes en torno se llenaron de notas de apoyo: \u201cPeje, El Toro\u201d. Desde entonces es el hombre comu\u0301n, el vecino discreto, el hombre cuya mediani\u0301a enfurece a los oligarcas del dispendio.<\/p>\n","protected":false},"excerpt":{"rendered":"<p>LECTURAS | \u00bfC\u00f3mo gan\u00f3 AMLO la Presidencia? Fabrizio Mej\u00eda lo relata en Cr\u00f3nica de la victoria<br \/>\nPor Redacci\u00f3n QP<\/p>\n","protected":false},"author":2,"featured_media":8402,"comment_status":"open","ping_status":"open","sticky":false,"template":"","format":"standard","meta":{"_monsterinsights_skip_tracking":false,"_monsterinsights_sitenote_active":false,"_monsterinsights_sitenote_note":"","_monsterinsights_sitenote_category":0,"footnotes":""},"categories":[2],"tags":[],"class_list":["post-8403","post","type-post","status-publish","format-standard","has-post-thumbnail","hentry","category-noticias"],"yoast_head":"<!-- This site is optimized with the Yoast SEO plugin v27.3 - https:\/\/yoast.com\/product\/yoast-seo-wordpress\/ -->\n<title>LECTURAS | \u00bfC\u00f3mo gan\u00f3 AMLO la Presidencia? Fabrizio Mej\u00eda lo relata en Cr\u00f3nica de la victoria -<\/title>\n<meta name=\"robots\" content=\"index, follow, max-snippet:-1, max-image-preview:large, max-video-preview:-1\" \/>\n<link rel=\"canonical\" href=\"https:\/\/quehacerpolitico.mx\/?p=8403\" \/>\n<meta property=\"og:locale\" content=\"es_MX\" \/>\n<meta property=\"og:type\" content=\"article\" \/>\n<meta property=\"og:title\" content=\"LECTURAS | \u00bfC\u00f3mo gan\u00f3 AMLO la Presidencia? Fabrizio Mej\u00eda lo relata en Cr\u00f3nica de la victoria -\" \/>\n<meta property=\"og:description\" content=\"LECTURAS | \u00bfC\u00f3mo gan\u00f3 AMLO la Presidencia? Fabrizio Mej\u00eda lo relata en Cr\u00f3nica de la victoria Por Redacci\u00f3n QP\" \/>\n<meta property=\"og:url\" content=\"https:\/\/quehacerpolitico.mx\/?p=8403\" \/>\n<meta property=\"article:published_time\" content=\"2018-11-03T14:55:53+00:00\" \/>\n<meta name=\"author\" content=\"Redacci\u00f3n QP\" \/>\n<meta name=\"twitter:card\" content=\"summary_large_image\" \/>\n<meta name=\"twitter:label1\" content=\"Escrito por\" \/>\n\t<meta name=\"twitter:data1\" content=\"Redacci\u00f3n QP\" \/>\n\t<meta name=\"twitter:label2\" content=\"Tiempo de lectura\" \/>\n\t<meta name=\"twitter:data2\" content=\"16 minutos\" \/>\n<script type=\"application\/ld+json\" class=\"yoast-schema-graph\">{\"@context\":\"https:\\\/\\\/schema.org\",\"@graph\":[{\"@type\":\"Article\",\"@id\":\"https:\\\/\\\/quehacerpolitico.mx\\\/?p=8403#article\",\"isPartOf\":{\"@id\":\"https:\\\/\\\/quehacerpolitico.mx\\\/?p=8403\"},\"author\":{\"name\":\"Redacci\u00f3n QP\",\"@id\":\"https:\\\/\\\/quehacerpolitico.mx\\\/#\\\/schema\\\/person\\\/496d8ad2d1d3f8036101dca7ee39e585\"},\"headline\":\"LECTURAS | \u00bfC\u00f3mo gan\u00f3 AMLO la Presidencia? Fabrizio Mej\u00eda lo relata en Cr\u00f3nica de la victoria\",\"datePublished\":\"2018-11-03T14:55:53+00:00\",\"mainEntityOfPage\":{\"@id\":\"https:\\\/\\\/quehacerpolitico.mx\\\/?p=8403\"},\"wordCount\":3139,\"commentCount\":0,\"image\":{\"@id\":\"https:\\\/\\\/quehacerpolitico.mx\\\/?p=8403#primaryimage\"},\"thumbnailUrl\":\"\",\"articleSection\":[\"Noticias\"],\"inLanguage\":\"es\",\"potentialAction\":[{\"@type\":\"CommentAction\",\"name\":\"Comment\",\"target\":[\"https:\\\/\\\/quehacerpolitico.mx\\\/?p=8403#respond\"]}]},{\"@type\":\"WebPage\",\"@id\":\"https:\\\/\\\/quehacerpolitico.mx\\\/?p=8403\",\"url\":\"https:\\\/\\\/quehacerpolitico.mx\\\/?p=8403\",\"name\":\"LECTURAS | \u00bfC\u00f3mo gan\u00f3 AMLO la Presidencia? Fabrizio Mej\u00eda lo relata en Cr\u00f3nica de la victoria -\",\"isPartOf\":{\"@id\":\"https:\\\/\\\/quehacerpolitico.mx\\\/#website\"},\"primaryImageOfPage\":{\"@id\":\"https:\\\/\\\/quehacerpolitico.mx\\\/?p=8403#primaryimage\"},\"image\":{\"@id\":\"https:\\\/\\\/quehacerpolitico.mx\\\/?p=8403#primaryimage\"},\"thumbnailUrl\":\"\",\"datePublished\":\"2018-11-03T14:55:53+00:00\",\"author\":{\"@id\":\"https:\\\/\\\/quehacerpolitico.mx\\\/#\\\/schema\\\/person\\\/496d8ad2d1d3f8036101dca7ee39e585\"},\"breadcrumb\":{\"@id\":\"https:\\\/\\\/quehacerpolitico.mx\\\/?p=8403#breadcrumb\"},\"inLanguage\":\"es\",\"potentialAction\":[{\"@type\":\"ReadAction\",\"target\":[\"https:\\\/\\\/quehacerpolitico.mx\\\/?p=8403\"]}]},{\"@type\":\"ImageObject\",\"inLanguage\":\"es\",\"@id\":\"https:\\\/\\\/quehacerpolitico.mx\\\/?p=8403#primaryimage\",\"url\":\"\",\"contentUrl\":\"\"},{\"@type\":\"BreadcrumbList\",\"@id\":\"https:\\\/\\\/quehacerpolitico.mx\\\/?p=8403#breadcrumb\",\"itemListElement\":[{\"@type\":\"ListItem\",\"position\":1,\"name\":\"Inicio\",\"item\":\"https:\\\/\\\/quehacerpolitico.mx\\\/\"},{\"@type\":\"ListItem\",\"position\":2,\"name\":\"LECTURAS | \u00bfC\u00f3mo gan\u00f3 AMLO la Presidencia? Fabrizio Mej\u00eda lo relata en Cr\u00f3nica de la victoria\"}]},{\"@type\":\"WebSite\",\"@id\":\"https:\\\/\\\/quehacerpolitico.mx\\\/#website\",\"url\":\"https:\\\/\\\/quehacerpolitico.mx\\\/\",\"name\":\"\",\"description\":\"\",\"potentialAction\":[{\"@type\":\"SearchAction\",\"target\":{\"@type\":\"EntryPoint\",\"urlTemplate\":\"https:\\\/\\\/quehacerpolitico.mx\\\/?s={search_term_string}\"},\"query-input\":{\"@type\":\"PropertyValueSpecification\",\"valueRequired\":true,\"valueName\":\"search_term_string\"}}],\"inLanguage\":\"es\"},{\"@type\":\"Person\",\"@id\":\"https:\\\/\\\/quehacerpolitico.mx\\\/#\\\/schema\\\/person\\\/496d8ad2d1d3f8036101dca7ee39e585\",\"name\":\"Redacci\u00f3n QP\",\"image\":{\"@type\":\"ImageObject\",\"inLanguage\":\"es\",\"@id\":\"https:\\\/\\\/secure.gravatar.com\\\/avatar\\\/c7164ed6fdec453195284ad24a5ae5b6e1eed2b848477fa2a4787ba9adf39a41?s=96&d=mm&r=g\",\"url\":\"https:\\\/\\\/secure.gravatar.com\\\/avatar\\\/c7164ed6fdec453195284ad24a5ae5b6e1eed2b848477fa2a4787ba9adf39a41?s=96&d=mm&r=g\",\"contentUrl\":\"https:\\\/\\\/secure.gravatar.com\\\/avatar\\\/c7164ed6fdec453195284ad24a5ae5b6e1eed2b848477fa2a4787ba9adf39a41?s=96&d=mm&r=g\",\"caption\":\"Redacci\u00f3n QP\"},\"url\":\"https:\\\/\\\/quehacerpolitico.mx\\\/?author=2\"}]}<\/script>\n<!-- \/ Yoast SEO plugin. -->","yoast_head_json":{"title":"LECTURAS | \u00bfC\u00f3mo gan\u00f3 AMLO la Presidencia? Fabrizio Mej\u00eda lo relata en Cr\u00f3nica de la victoria -","robots":{"index":"index","follow":"follow","max-snippet":"max-snippet:-1","max-image-preview":"max-image-preview:large","max-video-preview":"max-video-preview:-1"},"canonical":"https:\/\/quehacerpolitico.mx\/?p=8403","og_locale":"es_MX","og_type":"article","og_title":"LECTURAS | \u00bfC\u00f3mo gan\u00f3 AMLO la Presidencia? Fabrizio Mej\u00eda lo relata en Cr\u00f3nica de la victoria -","og_description":"LECTURAS | \u00bfC\u00f3mo gan\u00f3 AMLO la Presidencia? Fabrizio Mej\u00eda lo relata en Cr\u00f3nica de la victoria Por Redacci\u00f3n QP","og_url":"https:\/\/quehacerpolitico.mx\/?p=8403","article_published_time":"2018-11-03T14:55:53+00:00","author":"Redacci\u00f3n QP","twitter_card":"summary_large_image","twitter_misc":{"Escrito por":"Redacci\u00f3n QP","Tiempo de lectura":"16 minutos"},"schema":{"@context":"https:\/\/schema.org","@graph":[{"@type":"Article","@id":"https:\/\/quehacerpolitico.mx\/?p=8403#article","isPartOf":{"@id":"https:\/\/quehacerpolitico.mx\/?p=8403"},"author":{"name":"Redacci\u00f3n QP","@id":"https:\/\/quehacerpolitico.mx\/#\/schema\/person\/496d8ad2d1d3f8036101dca7ee39e585"},"headline":"LECTURAS | \u00bfC\u00f3mo gan\u00f3 AMLO la Presidencia? Fabrizio Mej\u00eda lo relata en Cr\u00f3nica de la victoria","datePublished":"2018-11-03T14:55:53+00:00","mainEntityOfPage":{"@id":"https:\/\/quehacerpolitico.mx\/?p=8403"},"wordCount":3139,"commentCount":0,"image":{"@id":"https:\/\/quehacerpolitico.mx\/?p=8403#primaryimage"},"thumbnailUrl":"","articleSection":["Noticias"],"inLanguage":"es","potentialAction":[{"@type":"CommentAction","name":"Comment","target":["https:\/\/quehacerpolitico.mx\/?p=8403#respond"]}]},{"@type":"WebPage","@id":"https:\/\/quehacerpolitico.mx\/?p=8403","url":"https:\/\/quehacerpolitico.mx\/?p=8403","name":"LECTURAS | \u00bfC\u00f3mo gan\u00f3 AMLO la Presidencia? Fabrizio Mej\u00eda lo relata en Cr\u00f3nica de la victoria -","isPartOf":{"@id":"https:\/\/quehacerpolitico.mx\/#website"},"primaryImageOfPage":{"@id":"https:\/\/quehacerpolitico.mx\/?p=8403#primaryimage"},"image":{"@id":"https:\/\/quehacerpolitico.mx\/?p=8403#primaryimage"},"thumbnailUrl":"","datePublished":"2018-11-03T14:55:53+00:00","author":{"@id":"https:\/\/quehacerpolitico.mx\/#\/schema\/person\/496d8ad2d1d3f8036101dca7ee39e585"},"breadcrumb":{"@id":"https:\/\/quehacerpolitico.mx\/?p=8403#breadcrumb"},"inLanguage":"es","potentialAction":[{"@type":"ReadAction","target":["https:\/\/quehacerpolitico.mx\/?p=8403"]}]},{"@type":"ImageObject","inLanguage":"es","@id":"https:\/\/quehacerpolitico.mx\/?p=8403#primaryimage","url":"","contentUrl":""},{"@type":"BreadcrumbList","@id":"https:\/\/quehacerpolitico.mx\/?p=8403#breadcrumb","itemListElement":[{"@type":"ListItem","position":1,"name":"Inicio","item":"https:\/\/quehacerpolitico.mx\/"},{"@type":"ListItem","position":2,"name":"LECTURAS | \u00bfC\u00f3mo gan\u00f3 AMLO la Presidencia? Fabrizio Mej\u00eda lo relata en Cr\u00f3nica de la victoria"}]},{"@type":"WebSite","@id":"https:\/\/quehacerpolitico.mx\/#website","url":"https:\/\/quehacerpolitico.mx\/","name":"","description":"","potentialAction":[{"@type":"SearchAction","target":{"@type":"EntryPoint","urlTemplate":"https:\/\/quehacerpolitico.mx\/?s={search_term_string}"},"query-input":{"@type":"PropertyValueSpecification","valueRequired":true,"valueName":"search_term_string"}}],"inLanguage":"es"},{"@type":"Person","@id":"https:\/\/quehacerpolitico.mx\/#\/schema\/person\/496d8ad2d1d3f8036101dca7ee39e585","name":"Redacci\u00f3n QP","image":{"@type":"ImageObject","inLanguage":"es","@id":"https:\/\/secure.gravatar.com\/avatar\/c7164ed6fdec453195284ad24a5ae5b6e1eed2b848477fa2a4787ba9adf39a41?s=96&d=mm&r=g","url":"https:\/\/secure.gravatar.com\/avatar\/c7164ed6fdec453195284ad24a5ae5b6e1eed2b848477fa2a4787ba9adf39a41?s=96&d=mm&r=g","contentUrl":"https:\/\/secure.gravatar.com\/avatar\/c7164ed6fdec453195284ad24a5ae5b6e1eed2b848477fa2a4787ba9adf39a41?s=96&d=mm&r=g","caption":"Redacci\u00f3n QP"},"url":"https:\/\/quehacerpolitico.mx\/?author=2"}]}},"featured_image_urls":{"full":"","thumbnail":"","medium":"","medium_large":"","large":"","1536x1536":"","2048x2048":"","covernews-featured":"","covernews-medium":""},"author_info":{"display_name":"Redacci\u00f3n QP","author_link":"https:\/\/quehacerpolitico.mx\/?author=2"},"category_info":"<a href=\"https:\/\/quehacerpolitico.mx\/?cat=2\" rel=\"category\">Noticias<\/a>","tag_info":"Noticias","comment_count":"0","_links":{"self":[{"href":"https:\/\/quehacerpolitico.mx\/index.php?rest_route=\/wp\/v2\/posts\/8403","targetHints":{"allow":["GET"]}}],"collection":[{"href":"https:\/\/quehacerpolitico.mx\/index.php?rest_route=\/wp\/v2\/posts"}],"about":[{"href":"https:\/\/quehacerpolitico.mx\/index.php?rest_route=\/wp\/v2\/types\/post"}],"author":[{"embeddable":true,"href":"https:\/\/quehacerpolitico.mx\/index.php?rest_route=\/wp\/v2\/users\/2"}],"replies":[{"embeddable":true,"href":"https:\/\/quehacerpolitico.mx\/index.php?rest_route=%2Fwp%2Fv2%2Fcomments&post=8403"}],"version-history":[{"count":0,"href":"https:\/\/quehacerpolitico.mx\/index.php?rest_route=\/wp\/v2\/posts\/8403\/revisions"}],"wp:featuredmedia":[{"embeddable":true,"href":"https:\/\/quehacerpolitico.mx\/index.php?rest_route=\/"}],"wp:attachment":[{"href":"https:\/\/quehacerpolitico.mx\/index.php?rest_route=%2Fwp%2Fv2%2Fmedia&parent=8403"}],"wp:term":[{"taxonomy":"category","embeddable":true,"href":"https:\/\/quehacerpolitico.mx\/index.php?rest_route=%2Fwp%2Fv2%2Fcategories&post=8403"},{"taxonomy":"post_tag","embeddable":true,"href":"https:\/\/quehacerpolitico.mx\/index.php?rest_route=%2Fwp%2Fv2%2Ftags&post=8403"}],"curies":[{"name":"wp","href":"https:\/\/api.w.org\/{rel}","templated":true}]}}