{"id":83874,"date":"2021-08-17T03:39:22","date_gmt":"2021-08-17T03:39:22","guid":{"rendered":"https:\/\/quehacerpolitico.mx\/?p=83874"},"modified":"2021-08-17T03:39:24","modified_gmt":"2021-08-17T03:39:24","slug":"aprueban-en-comisiones-del-senado-la-ley-de-revocacion-de-mandato","status":"publish","type":"post","link":"https:\/\/quehacerpolitico.mx\/?p=83874","title":{"rendered":"Aprueban en comisiones del Senado la Ley de Revocaci\u00f3n de Mandato"},"content":{"rendered":"\n<p>Por Redacci\u00f3n QP<\/p>\n\n\n\n<p>El dictamen fue turnado a la Mesa Directiva de la Comisi\u00f3n Permanente para que se discuta en la sesi\u00f3n plenaria de este mi\u00e9rcoles 18 de agosto<\/p>\n\n\n\n<p>Pese al voto en contra de la oposici\u00f3n, Morena y sus aliados impusieron su mayor\u00eda en las comisiones unidas de Gobernaci\u00f3n y de Estudios Legislativos, Segunda, del Senado de la Rep\u00fablica, para aprobar el dictamen con proyecto de decreto por el que se expide la Ley Federal de Revocaci\u00f3n de Mandato.<\/p>\n\n\n\n<p>Luego de que se decret\u00f3 un receso por la falta de qu\u00f3rum que impidi\u00f3 la votaci\u00f3n en lo particular, la sesi\u00f3n se reanud\u00f3 con nueve asistentes de la Comisi\u00f3n de Estudios Legislativos y ocho de la de Gobernaci\u00f3n. As\u00ed, Morena y Partido Encuentro Solidario (PES) unieron fuerzas para aprobar el dictamen, que fue turnado a la Mesa Directiva de la Comisi\u00f3n Permanente para que se discuta en la sesi\u00f3n plenaria de este mi\u00e9rcoles 18 de agosto.<\/p>\n\n\n\n<p>Durante la sesi\u00f3n virtual de las comisiones unidas, se rechazaron todas las propuestas de los senadores del llamado Bloque de Contenci\u00f3n, entre ellas una para de declarar un receso a fin de instalar una mesa t\u00e9cnica en la que participe el INE, para permitir un mejor an\u00e1lisis, con el fin de contar con un dictamen consensuado entre todas las fuerzas pol\u00edticas representadas en el Congreso.<\/p>\n\n\n\n<p>Senadores del PAN, PRI, PRD y Movimiento Ciudadano reiteraron su respaldo al mecanismo de revocaci\u00f3n de mandato, pero advirtieron que es injustificable la prisa de Morena para aprobar esta ley secundaria, cuando el tema se puede abordar perfectamente a partir de septiembre, en el inicio de la nueva legislatura.<\/p>\n\n\n\n<figure class=\"wp-block-embed is-type-rich is-provider-twitter wp-block-embed-twitter\"><div class=\"wp-block-embed__wrapper\">\n<blockquote class=\"twitter-tweet\" data-width=\"550\" data-dnt=\"true\"><p lang=\"es\" dir=\"ltr\">\ud83d\udcf8 La revocaci\u00f3n de mandato, procedimiento institucional con el cual es posible la remoci\u00f3n del puesto de representantes electos por la ciudadan\u00eda, fue analizada <a href=\"https:\/\/twitter.com\/hashtag\/HoyEnElSenado?src=hash&amp;ref_src=twsrc%5Etfw\">#HoyEnElSenado<\/a>.<a href=\"https:\/\/t.co\/OTWtvlRrOg\">https:\/\/t.co\/OTWtvlRrOg<\/a> <a href=\"https:\/\/t.co\/P9ln2FOTlL\">pic.twitter.com\/P9ln2FOTlL<\/a><\/p>&mdash; Senado de M\u00e9xico (@senadomexicano) <a href=\"https:\/\/twitter.com\/senadomexicano\/status\/1427363395091714055?ref_src=twsrc%5Etfw\">August 16, 2021<\/a><\/blockquote><script async src=\"https:\/\/platform.twitter.com\/widgets.js\" charset=\"utf-8\"><\/script>\n<\/div><\/figure>\n\n\n\n<p>Lamentaron que Morena haya hecho caso omiso de las propuestas de la oposici\u00f3n para la redacci\u00f3n de la pregunta que se someter\u00e1 a consideraci\u00f3n de la ciudadan\u00eda en la consulta prevista para el pr\u00f3ximo a\u00f1o y que en el dictamen qued\u00f3 de la siguiente manera: &#8220;\u00bfEst\u00e1s de acuerdo en que (nombre), Presidente\/a de los Estados Unidos Mexicanos, contin\u00fae ejerciendo el cargo hasta el final de su mandato?&#8221;<\/p>\n\n\n\n<p>Los legisladores de oposici\u00f3n denunciaron que lo que Morena pretende es un ejercicio &#8220;refrendatorio&#8221; y no &#8220;revocatorio&#8221;, como establece claramente la Constituci\u00f3n.<\/p>\n\n\n\n<p>El senador del PAN, Dami\u00e1n Zepeda, subray\u00f3 que el mecanismo se llama revocaci\u00f3n de mandato, no continuaci\u00f3n ni ratificaci\u00f3n de mandato, por lo que la pregunta que se haga a la ciudadan\u00eda debe ser directamente relacionada con el t\u00e9rmino anticipado del cargo. &#8220;La Constituci\u00f3n dice que (la revocaci\u00f3n de mandato) es la conclusi\u00f3n anticipada del cargo de Presidente de la Rep\u00fablica por p\u00e9rdida de confianza. No es un premio, es un castigo, es una herramienta en la cual se organizan los ciudadanos para quitar a un mal gobernante, y esa tiene que ser la pregunta&#8221;.<\/p>\n\n\n\n<p>El legislador panista coincidi\u00f3 en que no se justifica la convocatoria a un perdido extraordinario para sacar adelante esta ley reglamentaria. &#8220;Se est\u00e1 intentando a marchas forzadas un periodo extraordinario cuando estamos a escasos d\u00edas de que vaya a existir ya el periodo ordinario, y me parece que ese tiempo deber\u00eda ser utilizado para lograr los consensos que requerimos&#8221;.<\/p>\n\n\n\n<p>La senadora del PRI, Claudia Ruiz Massieu, denunci\u00f3 que &#8220;<strong>nuevamente se quiere al vapor, sin construir consensos, sin escuchar a la oposici\u00f3n,<\/strong>sacar una ley importante sin an\u00e1lisis profundo y sin la participaci\u00f3n activa de la pluralidad pol\u00edtica, sin di\u00e1logo, sin concertaci\u00f3n, y eso no lo podemos dejar pasar&#8221;.<\/p>\n\n\n\n<p>La exsecretaria de Relaciones Exteriores adelant\u00f3 que&nbsp;<strong>su bancada no apoyar\u00e1 la convocatoria a un periodo extraordinario para este tema;<\/strong>&nbsp;record\u00f3 que desde febrero present\u00f3 una iniciativa para reglamentar la consulta de revocaci\u00f3n de mandato y alert\u00f3 que se ten\u00eda que aprobar el marco legal para posibilitar el ejercicio ciudadano, pero en ese entonces Morena hizo caso omiso y ahora quiere hacerlo a toda prisa.<\/p>\n\n\n\n<p>La senadora Ruiz Massieu se\u00f1al\u00f3 que cuando se construy\u00f3 la reforma constitucional para crear la figura de revocaci\u00f3n de mandato, se estableci\u00f3 el compromiso de que cuando se viera la legislaci\u00f3n secundaria se dar\u00eda el tiempo de maduraci\u00f3n adecuada, con una mesa en donde todas las fuerzas pol\u00edticas pudieran concurrir para alcanzar consensos. &#8220;Ese compromiso y ese esp\u00edritu no se han honrado con este dictamen&#8221;, sentenci\u00f3.<\/p>\n\n\n\n<p>Por Morena, el senador F\u00e9lix Salgado Macedonio demand\u00f3 a la oposici\u00f3n aprobar el dictamen, pues tienen con esta ley la oportunidad de que el presidente Andr\u00e9s Manuel L\u00f3pez Obrador se vaya del poder.<\/p>\n\n\n\n<p>Ante la cerraz\u00f3n de Morena, senadoras como Nancy de la Sierra, del Partido del Trabajo (PT), y la priista Claudia Ruiz Massieu abandonaron la sesi\u00f3n. S\u00f3lo el panista Dami\u00e1n Zepeda se mantuvo para defender sus propuestas, pero todas fueron rechazadas.<\/p>\n\n\n\n<p>Morena tendr\u00e1 que convencer a sus aliados del PVEM y el PT de que se conecten a la sesi\u00f3n para alcanzar el qu\u00f3rum y aprobar el dictamen de ley secundaria de revocaci\u00f3n de mandato.<\/p>\n\n\n\n<p>Con Informaci\u00f3n de SUN <\/p>\n","protected":false},"excerpt":{"rendered":"<p>Por Redacci\u00f3n QP El dictamen fue turnado a la Mesa Directiva de la Comisi\u00f3n Permanente&#8230;<\/p>\n","protected":false},"author":2,"featured_media":83875,"comment_status":"open","ping_status":"open","sticky":false,"template":"","format":"standard","meta":{"_monsterinsights_skip_tracking":false,"_monsterinsights_sitenote_active":false,"_monsterinsights_sitenote_note":"","_monsterinsights_sitenote_category":0,"footnotes":""},"categories":[2],"tags":[],"class_list":["post-83874","post","type-post","status-publish","format-standard","has-post-thumbnail","hentry","category-noticias"],"yoast_head":"<!-- This site is optimized with the Yoast SEO plugin v27.3 - https:\/\/yoast.com\/product\/yoast-seo-wordpress\/ -->\n<title>Aprueban en comisiones del Senado la Ley de Revocaci\u00f3n de Mandato -<\/title>\n<meta name=\"robots\" content=\"index, follow, max-snippet:-1, max-image-preview:large, max-video-preview:-1\" \/>\n<link rel=\"canonical\" href=\"https:\/\/quehacerpolitico.mx\/?p=83874\" \/>\n<meta property=\"og:locale\" content=\"es_MX\" \/>\n<meta property=\"og:type\" content=\"article\" \/>\n<meta property=\"og:title\" content=\"Aprueban en comisiones del Senado la Ley de Revocaci\u00f3n de Mandato -\" \/>\n<meta property=\"og:description\" content=\"Por Redacci\u00f3n QP El dictamen fue turnado a la Mesa Directiva de la Comisi\u00f3n Permanente...\" \/>\n<meta property=\"og:url\" content=\"https:\/\/quehacerpolitico.mx\/?p=83874\" \/>\n<meta property=\"article:published_time\" content=\"2021-08-17T03:39:22+00:00\" \/>\n<meta property=\"article:modified_time\" content=\"2021-08-17T03:39:24+00:00\" \/>\n<meta property=\"og:image\" content=\"https:\/\/quehacerpolitico.mx\/wp-content\/uploads\/2021\/08\/98AF8BEB-128D-4D35-BCBF-D76A50CAC9E3.jpeg\" \/>\n\t<meta property=\"og:image:width\" content=\"701\" \/>\n\t<meta property=\"og:image:height\" content=\"438\" \/>\n\t<meta property=\"og:image:type\" content=\"image\/jpeg\" \/>\n<meta name=\"author\" content=\"Redacci\u00f3n QP\" \/>\n<meta name=\"twitter:card\" content=\"summary_large_image\" \/>\n<meta name=\"twitter:label1\" content=\"Escrito por\" \/>\n\t<meta name=\"twitter:data1\" content=\"Redacci\u00f3n QP\" \/>\n\t<meta name=\"twitter:label2\" content=\"Tiempo de lectura\" \/>\n\t<meta name=\"twitter:data2\" content=\"4 minutos\" \/>\n<script type=\"application\/ld+json\" class=\"yoast-schema-graph\">{\"@context\":\"https:\\\/\\\/schema.org\",\"@graph\":[{\"@type\":\"Article\",\"@id\":\"https:\\\/\\\/quehacerpolitico.mx\\\/?p=83874#article\",\"isPartOf\":{\"@id\":\"https:\\\/\\\/quehacerpolitico.mx\\\/?p=83874\"},\"author\":{\"name\":\"Redacci\u00f3n QP\",\"@id\":\"https:\\\/\\\/quehacerpolitico.mx\\\/#\\\/schema\\\/person\\\/496d8ad2d1d3f8036101dca7ee39e585\"},\"headline\":\"Aprueban en comisiones del Senado la Ley de Revocaci\u00f3n de Mandato\",\"datePublished\":\"2021-08-17T03:39:22+00:00\",\"dateModified\":\"2021-08-17T03:39:24+00:00\",\"mainEntityOfPage\":{\"@id\":\"https:\\\/\\\/quehacerpolitico.mx\\\/?p=83874\"},\"wordCount\":896,\"commentCount\":0,\"image\":{\"@id\":\"https:\\\/\\\/quehacerpolitico.mx\\\/?p=83874#primaryimage\"},\"thumbnailUrl\":\"https:\\\/\\\/quehacerpolitico.mx\\\/wp-content\\\/uploads\\\/2021\\\/08\\\/98AF8BEB-128D-4D35-BCBF-D76A50CAC9E3.jpeg\",\"articleSection\":[\"Noticias\"],\"inLanguage\":\"es\",\"potentialAction\":[{\"@type\":\"CommentAction\",\"name\":\"Comment\",\"target\":[\"https:\\\/\\\/quehacerpolitico.mx\\\/?p=83874#respond\"]}]},{\"@type\":\"WebPage\",\"@id\":\"https:\\\/\\\/quehacerpolitico.mx\\\/?p=83874\",\"url\":\"https:\\\/\\\/quehacerpolitico.mx\\\/?p=83874\",\"name\":\"Aprueban en comisiones del Senado la Ley de Revocaci\u00f3n de Mandato -\",\"isPartOf\":{\"@id\":\"https:\\\/\\\/quehacerpolitico.mx\\\/#website\"},\"primaryImageOfPage\":{\"@id\":\"https:\\\/\\\/quehacerpolitico.mx\\\/?p=83874#primaryimage\"},\"image\":{\"@id\":\"https:\\\/\\\/quehacerpolitico.mx\\\/?p=83874#primaryimage\"},\"thumbnailUrl\":\"https:\\\/\\\/quehacerpolitico.mx\\\/wp-content\\\/uploads\\\/2021\\\/08\\\/98AF8BEB-128D-4D35-BCBF-D76A50CAC9E3.jpeg\",\"datePublished\":\"2021-08-17T03:39:22+00:00\",\"dateModified\":\"2021-08-17T03:39:24+00:00\",\"author\":{\"@id\":\"https:\\\/\\\/quehacerpolitico.mx\\\/#\\\/schema\\\/person\\\/496d8ad2d1d3f8036101dca7ee39e585\"},\"breadcrumb\":{\"@id\":\"https:\\\/\\\/quehacerpolitico.mx\\\/?p=83874#breadcrumb\"},\"inLanguage\":\"es\",\"potentialAction\":[{\"@type\":\"ReadAction\",\"target\":[\"https:\\\/\\\/quehacerpolitico.mx\\\/?p=83874\"]}]},{\"@type\":\"ImageObject\",\"inLanguage\":\"es\",\"@id\":\"https:\\\/\\\/quehacerpolitico.mx\\\/?p=83874#primaryimage\",\"url\":\"https:\\\/\\\/quehacerpolitico.mx\\\/wp-content\\\/uploads\\\/2021\\\/08\\\/98AF8BEB-128D-4D35-BCBF-D76A50CAC9E3.jpeg\",\"contentUrl\":\"https:\\\/\\\/quehacerpolitico.mx\\\/wp-content\\\/uploads\\\/2021\\\/08\\\/98AF8BEB-128D-4D35-BCBF-D76A50CAC9E3.jpeg\",\"width\":701,\"height\":438},{\"@type\":\"BreadcrumbList\",\"@id\":\"https:\\\/\\\/quehacerpolitico.mx\\\/?p=83874#breadcrumb\",\"itemListElement\":[{\"@type\":\"ListItem\",\"position\":1,\"name\":\"Inicio\",\"item\":\"https:\\\/\\\/quehacerpolitico.mx\\\/\"},{\"@type\":\"ListItem\",\"position\":2,\"name\":\"Aprueban en comisiones del Senado la Ley de Revocaci\u00f3n de Mandato\"}]},{\"@type\":\"WebSite\",\"@id\":\"https:\\\/\\\/quehacerpolitico.mx\\\/#website\",\"url\":\"https:\\\/\\\/quehacerpolitico.mx\\\/\",\"name\":\"\",\"description\":\"\",\"potentialAction\":[{\"@type\":\"SearchAction\",\"target\":{\"@type\":\"EntryPoint\",\"urlTemplate\":\"https:\\\/\\\/quehacerpolitico.mx\\\/?s={search_term_string}\"},\"query-input\":{\"@type\":\"PropertyValueSpecification\",\"valueRequired\":true,\"valueName\":\"search_term_string\"}}],\"inLanguage\":\"es\"},{\"@type\":\"Person\",\"@id\":\"https:\\\/\\\/quehacerpolitico.mx\\\/#\\\/schema\\\/person\\\/496d8ad2d1d3f8036101dca7ee39e585\",\"name\":\"Redacci\u00f3n QP\",\"image\":{\"@type\":\"ImageObject\",\"inLanguage\":\"es\",\"@id\":\"https:\\\/\\\/secure.gravatar.com\\\/avatar\\\/c7164ed6fdec453195284ad24a5ae5b6e1eed2b848477fa2a4787ba9adf39a41?s=96&d=mm&r=g\",\"url\":\"https:\\\/\\\/secure.gravatar.com\\\/avatar\\\/c7164ed6fdec453195284ad24a5ae5b6e1eed2b848477fa2a4787ba9adf39a41?s=96&d=mm&r=g\",\"contentUrl\":\"https:\\\/\\\/secure.gravatar.com\\\/avatar\\\/c7164ed6fdec453195284ad24a5ae5b6e1eed2b848477fa2a4787ba9adf39a41?s=96&d=mm&r=g\",\"caption\":\"Redacci\u00f3n QP\"},\"url\":\"https:\\\/\\\/quehacerpolitico.mx\\\/?author=2\"}]}<\/script>\n<!-- \/ Yoast SEO plugin. -->","yoast_head_json":{"title":"Aprueban en comisiones del Senado la Ley de Revocaci\u00f3n de Mandato -","robots":{"index":"index","follow":"follow","max-snippet":"max-snippet:-1","max-image-preview":"max-image-preview:large","max-video-preview":"max-video-preview:-1"},"canonical":"https:\/\/quehacerpolitico.mx\/?p=83874","og_locale":"es_MX","og_type":"article","og_title":"Aprueban en comisiones del Senado la Ley de Revocaci\u00f3n de Mandato -","og_description":"Por Redacci\u00f3n QP El dictamen fue turnado a la Mesa Directiva de la Comisi\u00f3n Permanente...","og_url":"https:\/\/quehacerpolitico.mx\/?p=83874","article_published_time":"2021-08-17T03:39:22+00:00","article_modified_time":"2021-08-17T03:39:24+00:00","og_image":[{"width":701,"height":438,"url":"https:\/\/quehacerpolitico.mx\/wp-content\/uploads\/2021\/08\/98AF8BEB-128D-4D35-BCBF-D76A50CAC9E3.jpeg","type":"image\/jpeg"}],"author":"Redacci\u00f3n QP","twitter_card":"summary_large_image","twitter_misc":{"Escrito por":"Redacci\u00f3n QP","Tiempo de lectura":"4 minutos"},"schema":{"@context":"https:\/\/schema.org","@graph":[{"@type":"Article","@id":"https:\/\/quehacerpolitico.mx\/?p=83874#article","isPartOf":{"@id":"https:\/\/quehacerpolitico.mx\/?p=83874"},"author":{"name":"Redacci\u00f3n QP","@id":"https:\/\/quehacerpolitico.mx\/#\/schema\/person\/496d8ad2d1d3f8036101dca7ee39e585"},"headline":"Aprueban en comisiones del Senado la Ley de Revocaci\u00f3n de Mandato","datePublished":"2021-08-17T03:39:22+00:00","dateModified":"2021-08-17T03:39:24+00:00","mainEntityOfPage":{"@id":"https:\/\/quehacerpolitico.mx\/?p=83874"},"wordCount":896,"commentCount":0,"image":{"@id":"https:\/\/quehacerpolitico.mx\/?p=83874#primaryimage"},"thumbnailUrl":"https:\/\/quehacerpolitico.mx\/wp-content\/uploads\/2021\/08\/98AF8BEB-128D-4D35-BCBF-D76A50CAC9E3.jpeg","articleSection":["Noticias"],"inLanguage":"es","potentialAction":[{"@type":"CommentAction","name":"Comment","target":["https:\/\/quehacerpolitico.mx\/?p=83874#respond"]}]},{"@type":"WebPage","@id":"https:\/\/quehacerpolitico.mx\/?p=83874","url":"https:\/\/quehacerpolitico.mx\/?p=83874","name":"Aprueban en comisiones del Senado la Ley de Revocaci\u00f3n de Mandato -","isPartOf":{"@id":"https:\/\/quehacerpolitico.mx\/#website"},"primaryImageOfPage":{"@id":"https:\/\/quehacerpolitico.mx\/?p=83874#primaryimage"},"image":{"@id":"https:\/\/quehacerpolitico.mx\/?p=83874#primaryimage"},"thumbnailUrl":"https:\/\/quehacerpolitico.mx\/wp-content\/uploads\/2021\/08\/98AF8BEB-128D-4D35-BCBF-D76A50CAC9E3.jpeg","datePublished":"2021-08-17T03:39:22+00:00","dateModified":"2021-08-17T03:39:24+00:00","author":{"@id":"https:\/\/quehacerpolitico.mx\/#\/schema\/person\/496d8ad2d1d3f8036101dca7ee39e585"},"breadcrumb":{"@id":"https:\/\/quehacerpolitico.mx\/?p=83874#breadcrumb"},"inLanguage":"es","potentialAction":[{"@type":"ReadAction","target":["https:\/\/quehacerpolitico.mx\/?p=83874"]}]},{"@type":"ImageObject","inLanguage":"es","@id":"https:\/\/quehacerpolitico.mx\/?p=83874#primaryimage","url":"https:\/\/quehacerpolitico.mx\/wp-content\/uploads\/2021\/08\/98AF8BEB-128D-4D35-BCBF-D76A50CAC9E3.jpeg","contentUrl":"https:\/\/quehacerpolitico.mx\/wp-content\/uploads\/2021\/08\/98AF8BEB-128D-4D35-BCBF-D76A50CAC9E3.jpeg","width":701,"height":438},{"@type":"BreadcrumbList","@id":"https:\/\/quehacerpolitico.mx\/?p=83874#breadcrumb","itemListElement":[{"@type":"ListItem","position":1,"name":"Inicio","item":"https:\/\/quehacerpolitico.mx\/"},{"@type":"ListItem","position":2,"name":"Aprueban en comisiones del Senado la Ley de Revocaci\u00f3n de Mandato"}]},{"@type":"WebSite","@id":"https:\/\/quehacerpolitico.mx\/#website","url":"https:\/\/quehacerpolitico.mx\/","name":"","description":"","potentialAction":[{"@type":"SearchAction","target":{"@type":"EntryPoint","urlTemplate":"https:\/\/quehacerpolitico.mx\/?s={search_term_string}"},"query-input":{"@type":"PropertyValueSpecification","valueRequired":true,"valueName":"search_term_string"}}],"inLanguage":"es"},{"@type":"Person","@id":"https:\/\/quehacerpolitico.mx\/#\/schema\/person\/496d8ad2d1d3f8036101dca7ee39e585","name":"Redacci\u00f3n QP","image":{"@type":"ImageObject","inLanguage":"es","@id":"https:\/\/secure.gravatar.com\/avatar\/c7164ed6fdec453195284ad24a5ae5b6e1eed2b848477fa2a4787ba9adf39a41?s=96&d=mm&r=g","url":"https:\/\/secure.gravatar.com\/avatar\/c7164ed6fdec453195284ad24a5ae5b6e1eed2b848477fa2a4787ba9adf39a41?s=96&d=mm&r=g","contentUrl":"https:\/\/secure.gravatar.com\/avatar\/c7164ed6fdec453195284ad24a5ae5b6e1eed2b848477fa2a4787ba9adf39a41?s=96&d=mm&r=g","caption":"Redacci\u00f3n QP"},"url":"https:\/\/quehacerpolitico.mx\/?author=2"}]}},"featured_image_urls":{"full":["https:\/\/quehacerpolitico.mx\/wp-content\/uploads\/2021\/08\/98AF8BEB-128D-4D35-BCBF-D76A50CAC9E3.jpeg",701,438,false],"thumbnail":["https:\/\/quehacerpolitico.mx\/wp-content\/uploads\/2021\/08\/98AF8BEB-128D-4D35-BCBF-D76A50CAC9E3-150x150.jpeg",150,150,true],"medium":["https:\/\/quehacerpolitico.mx\/wp-content\/uploads\/2021\/08\/98AF8BEB-128D-4D35-BCBF-D76A50CAC9E3-300x187.jpeg",300,187,true],"medium_large":["https:\/\/quehacerpolitico.mx\/wp-content\/uploads\/2021\/08\/98AF8BEB-128D-4D35-BCBF-D76A50CAC9E3.jpeg",640,400,false],"large":["https:\/\/quehacerpolitico.mx\/wp-content\/uploads\/2021\/08\/98AF8BEB-128D-4D35-BCBF-D76A50CAC9E3.jpeg",640,400,false],"1536x1536":["https:\/\/quehacerpolitico.mx\/wp-content\/uploads\/2021\/08\/98AF8BEB-128D-4D35-BCBF-D76A50CAC9E3.jpeg",701,438,false],"2048x2048":["https:\/\/quehacerpolitico.mx\/wp-content\/uploads\/2021\/08\/98AF8BEB-128D-4D35-BCBF-D76A50CAC9E3.jpeg",701,438,false],"covernews-featured":["https:\/\/quehacerpolitico.mx\/wp-content\/uploads\/2021\/08\/98AF8BEB-128D-4D35-BCBF-D76A50CAC9E3.jpeg",701,438,false],"covernews-medium":["https:\/\/quehacerpolitico.mx\/wp-content\/uploads\/2021\/08\/98AF8BEB-128D-4D35-BCBF-D76A50CAC9E3.jpeg",540,337,false]},"author_info":{"display_name":"Redacci\u00f3n QP","author_link":"https:\/\/quehacerpolitico.mx\/?author=2"},"category_info":"<a href=\"https:\/\/quehacerpolitico.mx\/?cat=2\" rel=\"category\">Noticias<\/a>","tag_info":"Noticias","comment_count":"0","_links":{"self":[{"href":"https:\/\/quehacerpolitico.mx\/index.php?rest_route=\/wp\/v2\/posts\/83874","targetHints":{"allow":["GET"]}}],"collection":[{"href":"https:\/\/quehacerpolitico.mx\/index.php?rest_route=\/wp\/v2\/posts"}],"about":[{"href":"https:\/\/quehacerpolitico.mx\/index.php?rest_route=\/wp\/v2\/types\/post"}],"author":[{"embeddable":true,"href":"https:\/\/quehacerpolitico.mx\/index.php?rest_route=\/wp\/v2\/users\/2"}],"replies":[{"embeddable":true,"href":"https:\/\/quehacerpolitico.mx\/index.php?rest_route=%2Fwp%2Fv2%2Fcomments&post=83874"}],"version-history":[{"count":1,"href":"https:\/\/quehacerpolitico.mx\/index.php?rest_route=\/wp\/v2\/posts\/83874\/revisions"}],"predecessor-version":[{"id":83876,"href":"https:\/\/quehacerpolitico.mx\/index.php?rest_route=\/wp\/v2\/posts\/83874\/revisions\/83876"}],"wp:featuredmedia":[{"embeddable":true,"href":"https:\/\/quehacerpolitico.mx\/index.php?rest_route=\/wp\/v2\/media\/83875"}],"wp:attachment":[{"href":"https:\/\/quehacerpolitico.mx\/index.php?rest_route=%2Fwp%2Fv2%2Fmedia&parent=83874"}],"wp:term":[{"taxonomy":"category","embeddable":true,"href":"https:\/\/quehacerpolitico.mx\/index.php?rest_route=%2Fwp%2Fv2%2Fcategories&post=83874"},{"taxonomy":"post_tag","embeddable":true,"href":"https:\/\/quehacerpolitico.mx\/index.php?rest_route=%2Fwp%2Fv2%2Ftags&post=83874"}],"curies":[{"name":"wp","href":"https:\/\/api.w.org\/{rel}","templated":true}]}}