{"id":83871,"date":"2021-08-17T03:12:39","date_gmt":"2021-08-17T03:12:39","guid":{"rendered":"https:\/\/quehacerpolitico.mx\/?p=83871"},"modified":"2021-08-17T03:12:41","modified_gmt":"2021-08-17T03:12:41","slug":"se-alistan-los-finalistas-del-premio-obras-cemex-2021","status":"publish","type":"post","link":"https:\/\/quehacerpolitico.mx\/?p=83871","title":{"rendered":"Se alistan los finalistas del Premio Obras Cemex 2021"},"content":{"rendered":"\n<p>Por Redacci\u00f3n QP<\/p>\n\n\n\n<p>El Premio Obras CEMEX cumple 30 a\u00f1os de reconocer y distinguir a las mejores construcciones y a quienes las realizan en M\u00e9xico y el mundo<\/p>\n\n\n\n<p>Este lunes, CEMEX anunci\u00f3 las 21 obras que disputar\u00e1n el\u00a0<strong>Premio Obras CEMEX 2021\u00a0<\/strong>en sus diferentes categor\u00edas y reconocimientos especiales para la edici\u00f3n M\u00e9xico.<\/p>\n\n\n\n<p>Este premio se divide en en cinco categor\u00edas:<strong>Vivienda Residencial, Vivienda Econ\u00f3mica, Edificaci\u00f3n, Espacio Colectivo e Infraestructura.<\/strong>Adem\u00e1s, cuenta con cuatro categor\u00edas especiales por:\u00a0Accesibilidad Universal, Innovaci\u00f3n en la Construcci\u00f3n, Valor Social y Edificaci\u00f3n Sostenible, siendo esta \u00faltima de gran trascendencia en el \u00e1mbito de la construcci\u00f3n.<\/p>\n\n\n\n<figure class=\"wp-block-embed is-type-rich is-provider-twitter wp-block-embed-twitter\"><div class=\"wp-block-embed__wrapper\">\n<blockquote class=\"twitter-tweet\" data-width=\"550\" data-dnt=\"true\"><p lang=\"es\" dir=\"ltr\">Te presentamos las obras finalistas del <a href=\"https:\/\/twitter.com\/hashtag\/PremioObrasCEMEX?src=hash&amp;ref_src=twsrc%5Etfw\">#PremioObrasCEMEX<\/a> 2021, Edici\u00f3n M\u00e9xico \u00a1Conoce m\u00e1s sobre las obras seleccionadas! <a href=\"https:\/\/t.co\/HkdUz1Her9\">https:\/\/t.co\/HkdUz1Her9<\/a> <a href=\"https:\/\/twitter.com\/hashtag\/IdeasQueConstruyenVidas?src=hash&amp;ref_src=twsrc%5Etfw\">#IdeasQueConstruyenVidas<\/a> <a href=\"https:\/\/t.co\/d3tTnnphxu\">pic.twitter.com\/d3tTnnphxu<\/a><\/p>&mdash; Premio Obras CEMEX (@PREMIOOBRASCX) <a href=\"https:\/\/twitter.com\/PREMIOOBRASCX\/status\/1425874710911455232?ref_src=twsrc%5Etfw\">August 12, 2021<\/a><\/blockquote><script async src=\"https:\/\/platform.twitter.com\/widgets.js\" charset=\"utf-8\"><\/script>\n<\/div><\/figure>\n\n\n\n<p>Algunas de las obras seleccionadas para esta edici\u00f3n del galard\u00f3n son las Oficinas del Centro Mexicano para la Filantrop\u00eda, en Ciudad de M\u00e9xico; el Santuario del Gusano de Seda, en Oaxaca; el Sal\u00f3n de la Fama del B\u00e9isbol Mexicano, en Monterrey y la Construcci\u00f3n del t\u00fanel y cinco estaciones de L\u00ednea 3 del tren ligero el\u00e9ctrico, en Guadalajara.<\/p>\n\n\n\n<p><strong>La convocatoria recibi\u00f3 937 inscripciones al certamen&nbsp;<\/strong>por parte de la comunidad de profesionales de la construcci\u00f3n, de las cuales&nbsp;<strong>406 contaron cumplieron con los requisitos&nbsp;<\/strong>para participar en la deliberaci\u00f3n que llev\u00f3 a elegir, finalmente, a 21 obras reconocidas.<\/p>\n\n\n\n<p>La deliberaci\u00f3n del Premio Obras CEMEX 2021 por primera vez se llev\u00f3 a cabo en un formato virtual, del 7 al 18 de junio y durante esta convocatoria participaron obras terminadas en 2019 y 2020.<\/p>\n\n\n\n<p>Por su importancia, para seleccionar a los finalistas del Premio Especial en Edificaci\u00f3n Sostenible,<strong>&nbsp;el jurado verific\u00f3 que los dise\u00f1os y materiales utilizados en los proyectos fueran los adecuados y cumplieran con criterios bioclim\u00e1ticos.<\/strong>&nbsp;Tambi\u00e9n certific\u00f3 que durante su proceso constructivo tuvieran un consumo eficiente de energ\u00eda, ahorro de agua, uso racional de materiales, calidad de aire en interiores y aprovechamiento de energ\u00edas renovables, as\u00ed como el menor impacto ambiental.&nbsp;<\/p>\n\n\n\n<p>El jurado que determin\u00f3 a los ganadores estuvo conformado por 17 jueces con una larga trayectoria en el sector de la construcci\u00f3n, de los cuales 10 son mexicanos, y el resto de distintos pa\u00edses como Colombia, Estados Unidos, Puerto Rico, Reino Unido y Rep\u00fablica Dominicana.<\/p>\n\n\n\n<p>En a\u00f1os anteriores, el Premio Obras CEMEX reconoci\u00f3 proyectos de gran impacto como el Museo Internacional del Barroco, en Puebla; la Torre Reforma, en Ciudad de M\u00e9xico y Ciudad de los Archivos, en Oaxaca.<\/p>\n\n\n\n<p>Tras un a\u00f1o de suspensi\u00f3n debido a la pandemia, los ganadores del Premio Obras CEMEX edici\u00f3n M\u00e9xico se dar\u00e1n a conocer en una ceremonia que se llevar\u00e1 a cabo de manera virtual y<strong>&nbsp;se transmitir\u00e1 en vivo el 11 de noviembre de 2021<\/strong>. Los galardonados representar\u00e1n al pa\u00eds en la edici\u00f3n internacional del certamen.<\/p>\n\n\n\n<p>Esta distinci\u00f3n viene acompa\u00f1ada de una estatuilla que se entrega a los ganadores y es una pieza creada por el destacado escultor mexicano Miguel \u00c1ngel Gonz\u00e1lez. El galard\u00f3n conjuga m\u00e1rmol negro y concreto. Hace alusi\u00f3n a la inspiraci\u00f3n del ser humano para utilizar los materiales a su alcance y convertirlos en elementos de expresi\u00f3n de la arquitectura, construcci\u00f3n y dise\u00f1o.<\/p>\n\n\n\n<p>El Premio Obras CEMEX cumple 30 a\u00f1os de reconocer y distinguir a las mejores construcciones y a quienes las realizan en M\u00e9xico y el mundo.<\/p>\n\n\n\n<p><strong>CEMEX es una compa\u00f1\u00eda global de materiales para la construcci\u00f3n dedicada a edificar un mejor futuro<\/strong>&nbsp;a trav\u00e9s de productos y soluciones sostenibles. CEMEX tiene el compromiso de alcanzar una neutralidad de carbono mediante la innovaci\u00f3n constante y un liderazgo dentro de la industria en investigaci\u00f3n y desarrollo. CEMEX est\u00e1 al frente de la econom\u00eda circular dentro de la cadena de valor de la construcci\u00f3n y promueve procesos novedosos con el uso de tecnolog\u00edas avanzadas para incrementar el uso de residuos y desechos como materias primas y combustibles alternos en sus operaciones. CEMEX ofrece cemento, concreto premezclado, agregados y soluciones urbanas en mercados de r\u00e1pido crecimiento alrededor del mundo, impulsada por una fuerza de trabajo multinacional enfocada en brindar una experiencia superior al cliente, habilitada por tecnolog\u00edas digitales. Para m\u00e1s informaci\u00f3n, por favor visite&nbsp;<a href=\"http:\/\/cemex.com\/\" target=\"_blank\" rel=\"noreferrer noopener\">cemex.com<\/a><\/p>\n","protected":false},"excerpt":{"rendered":"<p>Por Redacci\u00f3n QP El Premio Obras CEMEX cumple 30 a\u00f1os de reconocer y distinguir a&#8230;<\/p>\n","protected":false},"author":2,"featured_media":83872,"comment_status":"open","ping_status":"open","sticky":false,"template":"","format":"standard","meta":{"_monsterinsights_skip_tracking":false,"_monsterinsights_sitenote_active":false,"_monsterinsights_sitenote_note":"","_monsterinsights_sitenote_category":0,"footnotes":""},"categories":[56],"tags":[],"class_list":["post-83871","post","type-post","status-publish","format-standard","has-post-thumbnail","hentry","category-economia"],"yoast_head":"<!-- This site is optimized with the Yoast SEO plugin v27.3 - https:\/\/yoast.com\/product\/yoast-seo-wordpress\/ -->\n<title>Se alistan los finalistas del Premio Obras Cemex 2021 -<\/title>\n<meta name=\"robots\" content=\"index, follow, max-snippet:-1, max-image-preview:large, max-video-preview:-1\" \/>\n<link rel=\"canonical\" href=\"https:\/\/quehacerpolitico.mx\/?p=83871\" \/>\n<meta property=\"og:locale\" content=\"es_MX\" \/>\n<meta property=\"og:type\" content=\"article\" \/>\n<meta property=\"og:title\" content=\"Se alistan los finalistas del Premio Obras Cemex 2021 -\" \/>\n<meta property=\"og:description\" content=\"Por Redacci\u00f3n QP El Premio Obras CEMEX cumple 30 a\u00f1os de reconocer y distinguir a...\" \/>\n<meta property=\"og:url\" content=\"https:\/\/quehacerpolitico.mx\/?p=83871\" \/>\n<meta property=\"article:published_time\" content=\"2021-08-17T03:12:39+00:00\" \/>\n<meta property=\"article:modified_time\" content=\"2021-08-17T03:12:41+00:00\" \/>\n<meta property=\"og:image\" content=\"https:\/\/quehacerpolitico.mx\/wp-content\/uploads\/2021\/08\/B8C9C365-733F-4E51-919B-D14B50E1B6B1.jpeg\" \/>\n\t<meta property=\"og:image:width\" content=\"1200\" \/>\n\t<meta property=\"og:image:height\" content=\"1200\" \/>\n\t<meta property=\"og:image:type\" content=\"image\/jpeg\" \/>\n<meta name=\"author\" content=\"Redacci\u00f3n QP\" \/>\n<meta name=\"twitter:card\" content=\"summary_large_image\" \/>\n<meta name=\"twitter:label1\" content=\"Escrito por\" \/>\n\t<meta name=\"twitter:data1\" content=\"Redacci\u00f3n QP\" \/>\n\t<meta name=\"twitter:label2\" content=\"Tiempo de lectura\" \/>\n\t<meta name=\"twitter:data2\" content=\"4 minutos\" \/>\n<script type=\"application\/ld+json\" class=\"yoast-schema-graph\">{\"@context\":\"https:\\\/\\\/schema.org\",\"@graph\":[{\"@type\":\"Article\",\"@id\":\"https:\\\/\\\/quehacerpolitico.mx\\\/?p=83871#article\",\"isPartOf\":{\"@id\":\"https:\\\/\\\/quehacerpolitico.mx\\\/?p=83871\"},\"author\":{\"name\":\"Redacci\u00f3n QP\",\"@id\":\"https:\\\/\\\/quehacerpolitico.mx\\\/#\\\/schema\\\/person\\\/496d8ad2d1d3f8036101dca7ee39e585\"},\"headline\":\"Se alistan los finalistas del Premio Obras Cemex 2021\",\"datePublished\":\"2021-08-17T03:12:39+00:00\",\"dateModified\":\"2021-08-17T03:12:41+00:00\",\"mainEntityOfPage\":{\"@id\":\"https:\\\/\\\/quehacerpolitico.mx\\\/?p=83871\"},\"wordCount\":735,\"commentCount\":0,\"image\":{\"@id\":\"https:\\\/\\\/quehacerpolitico.mx\\\/?p=83871#primaryimage\"},\"thumbnailUrl\":\"https:\\\/\\\/quehacerpolitico.mx\\\/wp-content\\\/uploads\\\/2021\\\/08\\\/B8C9C365-733F-4E51-919B-D14B50E1B6B1.jpeg\",\"articleSection\":[\"Econom\u00eda\"],\"inLanguage\":\"es\",\"potentialAction\":[{\"@type\":\"CommentAction\",\"name\":\"Comment\",\"target\":[\"https:\\\/\\\/quehacerpolitico.mx\\\/?p=83871#respond\"]}]},{\"@type\":\"WebPage\",\"@id\":\"https:\\\/\\\/quehacerpolitico.mx\\\/?p=83871\",\"url\":\"https:\\\/\\\/quehacerpolitico.mx\\\/?p=83871\",\"name\":\"Se alistan los finalistas del Premio Obras Cemex 2021 -\",\"isPartOf\":{\"@id\":\"https:\\\/\\\/quehacerpolitico.mx\\\/#website\"},\"primaryImageOfPage\":{\"@id\":\"https:\\\/\\\/quehacerpolitico.mx\\\/?p=83871#primaryimage\"},\"image\":{\"@id\":\"https:\\\/\\\/quehacerpolitico.mx\\\/?p=83871#primaryimage\"},\"thumbnailUrl\":\"https:\\\/\\\/quehacerpolitico.mx\\\/wp-content\\\/uploads\\\/2021\\\/08\\\/B8C9C365-733F-4E51-919B-D14B50E1B6B1.jpeg\",\"datePublished\":\"2021-08-17T03:12:39+00:00\",\"dateModified\":\"2021-08-17T03:12:41+00:00\",\"author\":{\"@id\":\"https:\\\/\\\/quehacerpolitico.mx\\\/#\\\/schema\\\/person\\\/496d8ad2d1d3f8036101dca7ee39e585\"},\"breadcrumb\":{\"@id\":\"https:\\\/\\\/quehacerpolitico.mx\\\/?p=83871#breadcrumb\"},\"inLanguage\":\"es\",\"potentialAction\":[{\"@type\":\"ReadAction\",\"target\":[\"https:\\\/\\\/quehacerpolitico.mx\\\/?p=83871\"]}]},{\"@type\":\"ImageObject\",\"inLanguage\":\"es\",\"@id\":\"https:\\\/\\\/quehacerpolitico.mx\\\/?p=83871#primaryimage\",\"url\":\"https:\\\/\\\/quehacerpolitico.mx\\\/wp-content\\\/uploads\\\/2021\\\/08\\\/B8C9C365-733F-4E51-919B-D14B50E1B6B1.jpeg\",\"contentUrl\":\"https:\\\/\\\/quehacerpolitico.mx\\\/wp-content\\\/uploads\\\/2021\\\/08\\\/B8C9C365-733F-4E51-919B-D14B50E1B6B1.jpeg\",\"width\":1200,\"height\":1200},{\"@type\":\"BreadcrumbList\",\"@id\":\"https:\\\/\\\/quehacerpolitico.mx\\\/?p=83871#breadcrumb\",\"itemListElement\":[{\"@type\":\"ListItem\",\"position\":1,\"name\":\"Inicio\",\"item\":\"https:\\\/\\\/quehacerpolitico.mx\\\/\"},{\"@type\":\"ListItem\",\"position\":2,\"name\":\"Se alistan los finalistas del Premio Obras Cemex 2021\"}]},{\"@type\":\"WebSite\",\"@id\":\"https:\\\/\\\/quehacerpolitico.mx\\\/#website\",\"url\":\"https:\\\/\\\/quehacerpolitico.mx\\\/\",\"name\":\"\",\"description\":\"\",\"potentialAction\":[{\"@type\":\"SearchAction\",\"target\":{\"@type\":\"EntryPoint\",\"urlTemplate\":\"https:\\\/\\\/quehacerpolitico.mx\\\/?s={search_term_string}\"},\"query-input\":{\"@type\":\"PropertyValueSpecification\",\"valueRequired\":true,\"valueName\":\"search_term_string\"}}],\"inLanguage\":\"es\"},{\"@type\":\"Person\",\"@id\":\"https:\\\/\\\/quehacerpolitico.mx\\\/#\\\/schema\\\/person\\\/496d8ad2d1d3f8036101dca7ee39e585\",\"name\":\"Redacci\u00f3n QP\",\"image\":{\"@type\":\"ImageObject\",\"inLanguage\":\"es\",\"@id\":\"https:\\\/\\\/secure.gravatar.com\\\/avatar\\\/c7164ed6fdec453195284ad24a5ae5b6e1eed2b848477fa2a4787ba9adf39a41?s=96&d=mm&r=g\",\"url\":\"https:\\\/\\\/secure.gravatar.com\\\/avatar\\\/c7164ed6fdec453195284ad24a5ae5b6e1eed2b848477fa2a4787ba9adf39a41?s=96&d=mm&r=g\",\"contentUrl\":\"https:\\\/\\\/secure.gravatar.com\\\/avatar\\\/c7164ed6fdec453195284ad24a5ae5b6e1eed2b848477fa2a4787ba9adf39a41?s=96&d=mm&r=g\",\"caption\":\"Redacci\u00f3n QP\"},\"url\":\"https:\\\/\\\/quehacerpolitico.mx\\\/?author=2\"}]}<\/script>\n<!-- \/ Yoast SEO plugin. -->","yoast_head_json":{"title":"Se alistan los finalistas del Premio Obras Cemex 2021 -","robots":{"index":"index","follow":"follow","max-snippet":"max-snippet:-1","max-image-preview":"max-image-preview:large","max-video-preview":"max-video-preview:-1"},"canonical":"https:\/\/quehacerpolitico.mx\/?p=83871","og_locale":"es_MX","og_type":"article","og_title":"Se alistan los finalistas del Premio Obras Cemex 2021 -","og_description":"Por Redacci\u00f3n QP El Premio Obras CEMEX cumple 30 a\u00f1os de reconocer y distinguir a...","og_url":"https:\/\/quehacerpolitico.mx\/?p=83871","article_published_time":"2021-08-17T03:12:39+00:00","article_modified_time":"2021-08-17T03:12:41+00:00","og_image":[{"width":1200,"height":1200,"url":"https:\/\/quehacerpolitico.mx\/wp-content\/uploads\/2021\/08\/B8C9C365-733F-4E51-919B-D14B50E1B6B1.jpeg","type":"image\/jpeg"}],"author":"Redacci\u00f3n QP","twitter_card":"summary_large_image","twitter_misc":{"Escrito por":"Redacci\u00f3n QP","Tiempo de lectura":"4 minutos"},"schema":{"@context":"https:\/\/schema.org","@graph":[{"@type":"Article","@id":"https:\/\/quehacerpolitico.mx\/?p=83871#article","isPartOf":{"@id":"https:\/\/quehacerpolitico.mx\/?p=83871"},"author":{"name":"Redacci\u00f3n QP","@id":"https:\/\/quehacerpolitico.mx\/#\/schema\/person\/496d8ad2d1d3f8036101dca7ee39e585"},"headline":"Se alistan los finalistas del Premio Obras Cemex 2021","datePublished":"2021-08-17T03:12:39+00:00","dateModified":"2021-08-17T03:12:41+00:00","mainEntityOfPage":{"@id":"https:\/\/quehacerpolitico.mx\/?p=83871"},"wordCount":735,"commentCount":0,"image":{"@id":"https:\/\/quehacerpolitico.mx\/?p=83871#primaryimage"},"thumbnailUrl":"https:\/\/quehacerpolitico.mx\/wp-content\/uploads\/2021\/08\/B8C9C365-733F-4E51-919B-D14B50E1B6B1.jpeg","articleSection":["Econom\u00eda"],"inLanguage":"es","potentialAction":[{"@type":"CommentAction","name":"Comment","target":["https:\/\/quehacerpolitico.mx\/?p=83871#respond"]}]},{"@type":"WebPage","@id":"https:\/\/quehacerpolitico.mx\/?p=83871","url":"https:\/\/quehacerpolitico.mx\/?p=83871","name":"Se alistan los finalistas del Premio Obras Cemex 2021 -","isPartOf":{"@id":"https:\/\/quehacerpolitico.mx\/#website"},"primaryImageOfPage":{"@id":"https:\/\/quehacerpolitico.mx\/?p=83871#primaryimage"},"image":{"@id":"https:\/\/quehacerpolitico.mx\/?p=83871#primaryimage"},"thumbnailUrl":"https:\/\/quehacerpolitico.mx\/wp-content\/uploads\/2021\/08\/B8C9C365-733F-4E51-919B-D14B50E1B6B1.jpeg","datePublished":"2021-08-17T03:12:39+00:00","dateModified":"2021-08-17T03:12:41+00:00","author":{"@id":"https:\/\/quehacerpolitico.mx\/#\/schema\/person\/496d8ad2d1d3f8036101dca7ee39e585"},"breadcrumb":{"@id":"https:\/\/quehacerpolitico.mx\/?p=83871#breadcrumb"},"inLanguage":"es","potentialAction":[{"@type":"ReadAction","target":["https:\/\/quehacerpolitico.mx\/?p=83871"]}]},{"@type":"ImageObject","inLanguage":"es","@id":"https:\/\/quehacerpolitico.mx\/?p=83871#primaryimage","url":"https:\/\/quehacerpolitico.mx\/wp-content\/uploads\/2021\/08\/B8C9C365-733F-4E51-919B-D14B50E1B6B1.jpeg","contentUrl":"https:\/\/quehacerpolitico.mx\/wp-content\/uploads\/2021\/08\/B8C9C365-733F-4E51-919B-D14B50E1B6B1.jpeg","width":1200,"height":1200},{"@type":"BreadcrumbList","@id":"https:\/\/quehacerpolitico.mx\/?p=83871#breadcrumb","itemListElement":[{"@type":"ListItem","position":1,"name":"Inicio","item":"https:\/\/quehacerpolitico.mx\/"},{"@type":"ListItem","position":2,"name":"Se alistan los finalistas del Premio Obras Cemex 2021"}]},{"@type":"WebSite","@id":"https:\/\/quehacerpolitico.mx\/#website","url":"https:\/\/quehacerpolitico.mx\/","name":"","description":"","potentialAction":[{"@type":"SearchAction","target":{"@type":"EntryPoint","urlTemplate":"https:\/\/quehacerpolitico.mx\/?s={search_term_string}"},"query-input":{"@type":"PropertyValueSpecification","valueRequired":true,"valueName":"search_term_string"}}],"inLanguage":"es"},{"@type":"Person","@id":"https:\/\/quehacerpolitico.mx\/#\/schema\/person\/496d8ad2d1d3f8036101dca7ee39e585","name":"Redacci\u00f3n QP","image":{"@type":"ImageObject","inLanguage":"es","@id":"https:\/\/secure.gravatar.com\/avatar\/c7164ed6fdec453195284ad24a5ae5b6e1eed2b848477fa2a4787ba9adf39a41?s=96&d=mm&r=g","url":"https:\/\/secure.gravatar.com\/avatar\/c7164ed6fdec453195284ad24a5ae5b6e1eed2b848477fa2a4787ba9adf39a41?s=96&d=mm&r=g","contentUrl":"https:\/\/secure.gravatar.com\/avatar\/c7164ed6fdec453195284ad24a5ae5b6e1eed2b848477fa2a4787ba9adf39a41?s=96&d=mm&r=g","caption":"Redacci\u00f3n QP"},"url":"https:\/\/quehacerpolitico.mx\/?author=2"}]}},"featured_image_urls":{"full":["https:\/\/quehacerpolitico.mx\/wp-content\/uploads\/2021\/08\/B8C9C365-733F-4E51-919B-D14B50E1B6B1.jpeg",1200,1200,false],"thumbnail":["https:\/\/quehacerpolitico.mx\/wp-content\/uploads\/2021\/08\/B8C9C365-733F-4E51-919B-D14B50E1B6B1-150x150.jpeg",150,150,true],"medium":["https:\/\/quehacerpolitico.mx\/wp-content\/uploads\/2021\/08\/B8C9C365-733F-4E51-919B-D14B50E1B6B1-300x300.jpeg",300,300,true],"medium_large":["https:\/\/quehacerpolitico.mx\/wp-content\/uploads\/2021\/08\/B8C9C365-733F-4E51-919B-D14B50E1B6B1-768x768.jpeg",640,640,true],"large":["https:\/\/quehacerpolitico.mx\/wp-content\/uploads\/2021\/08\/B8C9C365-733F-4E51-919B-D14B50E1B6B1-1024x1024.jpeg",640,640,true],"1536x1536":["https:\/\/quehacerpolitico.mx\/wp-content\/uploads\/2021\/08\/B8C9C365-733F-4E51-919B-D14B50E1B6B1.jpeg",1200,1200,false],"2048x2048":["https:\/\/quehacerpolitico.mx\/wp-content\/uploads\/2021\/08\/B8C9C365-733F-4E51-919B-D14B50E1B6B1.jpeg",1200,1200,false],"covernews-featured":["https:\/\/quehacerpolitico.mx\/wp-content\/uploads\/2021\/08\/B8C9C365-733F-4E51-919B-D14B50E1B6B1.jpeg",1024,1024,false],"covernews-medium":["https:\/\/quehacerpolitico.mx\/wp-content\/uploads\/2021\/08\/B8C9C365-733F-4E51-919B-D14B50E1B6B1.jpeg",340,340,false]},"author_info":{"display_name":"Redacci\u00f3n QP","author_link":"https:\/\/quehacerpolitico.mx\/?author=2"},"category_info":"<a href=\"https:\/\/quehacerpolitico.mx\/?cat=56\" rel=\"category\">Econom\u00eda<\/a>","tag_info":"Econom\u00eda","comment_count":"0","_links":{"self":[{"href":"https:\/\/quehacerpolitico.mx\/index.php?rest_route=\/wp\/v2\/posts\/83871","targetHints":{"allow":["GET"]}}],"collection":[{"href":"https:\/\/quehacerpolitico.mx\/index.php?rest_route=\/wp\/v2\/posts"}],"about":[{"href":"https:\/\/quehacerpolitico.mx\/index.php?rest_route=\/wp\/v2\/types\/post"}],"author":[{"embeddable":true,"href":"https:\/\/quehacerpolitico.mx\/index.php?rest_route=\/wp\/v2\/users\/2"}],"replies":[{"embeddable":true,"href":"https:\/\/quehacerpolitico.mx\/index.php?rest_route=%2Fwp%2Fv2%2Fcomments&post=83871"}],"version-history":[{"count":1,"href":"https:\/\/quehacerpolitico.mx\/index.php?rest_route=\/wp\/v2\/posts\/83871\/revisions"}],"predecessor-version":[{"id":83873,"href":"https:\/\/quehacerpolitico.mx\/index.php?rest_route=\/wp\/v2\/posts\/83871\/revisions\/83873"}],"wp:featuredmedia":[{"embeddable":true,"href":"https:\/\/quehacerpolitico.mx\/index.php?rest_route=\/wp\/v2\/media\/83872"}],"wp:attachment":[{"href":"https:\/\/quehacerpolitico.mx\/index.php?rest_route=%2Fwp%2Fv2%2Fmedia&parent=83871"}],"wp:term":[{"taxonomy":"category","embeddable":true,"href":"https:\/\/quehacerpolitico.mx\/index.php?rest_route=%2Fwp%2Fv2%2Fcategories&post=83871"},{"taxonomy":"post_tag","embeddable":true,"href":"https:\/\/quehacerpolitico.mx\/index.php?rest_route=%2Fwp%2Fv2%2Ftags&post=83871"}],"curies":[{"name":"wp","href":"https:\/\/api.w.org\/{rel}","templated":true}]}}