{"id":8332,"date":"2018-11-02T17:30:19","date_gmt":"2018-11-02T17:30:19","guid":{"rendered":"http:\/\/quehacerpolitico.mx\/hay-pocos-datos-pero-ya-sabemos-como-inicia-la-ultima-temporada-de-juego-de-tronos-spoilers\/"},"modified":"2018-11-02T17:30:19","modified_gmt":"2018-11-02T17:30:19","slug":"hay-pocos-datos-pero-ya-sabemos-como-inicia-la-ultima-temporada-de-juego-de-tronos-spoilers","status":"publish","type":"post","link":"https:\/\/quehacerpolitico.mx\/?p=8332","title":{"rendered":"Hay pocos datos, pero ya sabemos c\u00f3mo inicia la \u00faltima temporada de Juego de Tronos (SPOILERS)"},"content":{"rendered":"<h1>Hay pocos datos, pero ya sabemos c\u00f3mo inicia la \u00faltima temporada de <em>Juego de Tronos<\/em> (SPOILERS)<\/h1>\n<p>Por Redacci\u00f3n QP<\/p>\n<p>A la octava y \u00faltima temporada de <strong><em>Juego de Tronos<\/em><\/strong>le sigue rodeando un halo de misterio. Hasta la fecha, los miembros del reparto no han desvelado muchos detalles sobre el final, pero en el \u00faltimo n\u00famero de<em> Entertainment Weekly<\/em>las estrellas de Poniente han ofrecido a los seguidores de la serie muchas m\u00e1s pistas de la entrega final de la ficci\u00f3n de <strong>HBO<\/strong>.<\/p>\n<p>Y entre la informaci\u00f3n que los protagonistas est\u00e1n autorizados a ofrecer se encuentra el arranque de la octava temporada. El primer cap\u00edtulo de la \u00faltima tanda de episodios de <em>Juego de Tronos<\/em> arrancar\u00e1 en Invernalia con la llegada de <strong>Daenerys Targaryen<\/strong> (Emilia Clarke) junto a su ej\u00e9rcito. Como los seguidores de la serie ya sabr\u00e1n, en el primer cap\u00edtulo de la primera temporada otro rey llegaba tambi\u00e9n a Invernalia, pero en aquella ocasi\u00f3n fue <strong>Robert Baratheon<\/strong> (Mark Addy) quien marchaba a las fr\u00edas tierras del Norte para reunirse con Ned Stark (Sean Bean).<\/p>\n<blockquote>\n<p>Lo que le sigue, adelanta la publicaci\u00f3n estadounidense, es una emocionante y tenso encuentro de personajes. Algunos de ellos no se han visto nunca, muchos de ellos han tenido vidas bastante conflictivas. Pero todos ellos est\u00e1n preparados para enfrentarse a la inevitable invasi\u00f3n de los caminantes blancos. \u201cSe trata de todos esos personajes tan diferentes uni\u00e9ndose para hacer frente a un enemigo c\u00f3mun, c\u00f3mo lidian con su pasado y deciden qu\u00e9 clase de personas quieren ser al enfrentarse a la muerte\u201d, se\u00f1ala el productor Bryan Cogman.<\/p>\n<\/blockquote>\n<p>Pero la alianza de los vivos contra los muertos\u2026 no ser\u00e1 f\u00e1cil. El hecho de que <strong>Jon Snow<\/strong> (Kit Harington) haya reconocido a Madre de Dragones como la Reina, tras haberse arrodillado ante ella, parece que no le sienta muy bien a Sansa (Sophie Turner). Pero una vez que conoce a Daenerys -no se sabe si ser\u00e1 en el primer episodio- cambia de parecer. La hija mayor de los Stark siempre se ha sentido atra\u00edda por las mujeres fuertes, y Daenerys podr\u00eda ser un ejemplo a seguir para ella.<\/p>\n<p>Dado que Tyrion Lannister (Peter Dinklage) es la mano derecha de la khaleesi -a pesar de esa \u00faltima y sospechosa mirada en el barco que dej\u00f3 en vilo a los fans-, tambi\u00e9n estar\u00e1 presente en Invernalia. Ah\u00ed, es muy probable que se encuentre de nuevo con su ex mujer, Sansa. Otra de las reuniones m\u00e1s esperadas es la de Jon y Arya (Maisie Williams), dos hermanos que, aunque siempre estuvieron muy unidos, no se han tenido la posibilidad de reencontrarse desde el primer cap\u00edtulo.<\/p>\n<p>EW tambi\u00e9n revel\u00f3 que la batalla final entre vivos y muertos podr\u00eda tener lugar en Invernalia. En esta \u00e9pica lucha estar\u00e1n presentes personajes inesperados, aunque sin especificar cu\u00e1les. Estas especulaciones ser\u00e1n resueltas el pr\u00f3ximo a\u00f1o, cuando se estrene la temporada final de <em>Juego de Tronos<\/em>.<\/p>\n<p>Con Informaci\u00f3n de\u00a0Europa Press<\/p>\n","protected":false},"excerpt":{"rendered":"<p>Hay pocos datos, pero ya sabemos c\u00f3mo inicia la \u00faltima temporada de Juego de Tronos (SPOILERS)<br \/>\nPor Redacci\u00f3n QP<\/p>\n","protected":false},"author":2,"featured_media":8331,"comment_status":"open","ping_status":"open","sticky":false,"template":"","format":"standard","meta":{"_monsterinsights_skip_tracking":false,"_monsterinsights_sitenote_active":false,"_monsterinsights_sitenote_note":"","_monsterinsights_sitenote_category":0,"footnotes":""},"categories":[58],"tags":[],"class_list":["post-8332","post","type-post","status-publish","format-standard","has-post-thumbnail","hentry","category-cultura"],"yoast_head":"<!-- This site is optimized with the Yoast SEO plugin v27.3 - https:\/\/yoast.com\/product\/yoast-seo-wordpress\/ -->\n<title>Hay pocos datos, pero ya sabemos c\u00f3mo inicia la \u00faltima temporada de Juego de Tronos (SPOILERS) -<\/title>\n<meta name=\"robots\" content=\"index, follow, max-snippet:-1, max-image-preview:large, max-video-preview:-1\" \/>\n<link rel=\"canonical\" href=\"https:\/\/quehacerpolitico.mx\/?p=8332\" \/>\n<meta property=\"og:locale\" content=\"es_MX\" \/>\n<meta property=\"og:type\" content=\"article\" \/>\n<meta property=\"og:title\" content=\"Hay pocos datos, pero ya sabemos c\u00f3mo inicia la \u00faltima temporada de Juego de Tronos (SPOILERS) -\" \/>\n<meta property=\"og:description\" content=\"Hay pocos datos, pero ya sabemos c\u00f3mo inicia la \u00faltima temporada de Juego de Tronos (SPOILERS) Por Redacci\u00f3n QP\" \/>\n<meta property=\"og:url\" content=\"https:\/\/quehacerpolitico.mx\/?p=8332\" \/>\n<meta property=\"article:published_time\" content=\"2018-11-02T17:30:19+00:00\" \/>\n<meta name=\"author\" content=\"Redacci\u00f3n QP\" \/>\n<meta name=\"twitter:card\" content=\"summary_large_image\" \/>\n<meta name=\"twitter:label1\" content=\"Escrito por\" \/>\n\t<meta name=\"twitter:data1\" content=\"Redacci\u00f3n QP\" \/>\n\t<meta name=\"twitter:label2\" content=\"Tiempo de lectura\" \/>\n\t<meta name=\"twitter:data2\" content=\"3 minutos\" \/>\n<script type=\"application\/ld+json\" class=\"yoast-schema-graph\">{\"@context\":\"https:\\\/\\\/schema.org\",\"@graph\":[{\"@type\":\"Article\",\"@id\":\"https:\\\/\\\/quehacerpolitico.mx\\\/?p=8332#article\",\"isPartOf\":{\"@id\":\"https:\\\/\\\/quehacerpolitico.mx\\\/?p=8332\"},\"author\":{\"name\":\"Redacci\u00f3n QP\",\"@id\":\"https:\\\/\\\/quehacerpolitico.mx\\\/#\\\/schema\\\/person\\\/496d8ad2d1d3f8036101dca7ee39e585\"},\"headline\":\"Hay pocos datos, pero ya sabemos c\u00f3mo inicia la \u00faltima temporada de Juego de Tronos (SPOILERS)\",\"datePublished\":\"2018-11-02T17:30:19+00:00\",\"mainEntityOfPage\":{\"@id\":\"https:\\\/\\\/quehacerpolitico.mx\\\/?p=8332\"},\"wordCount\":536,\"commentCount\":0,\"image\":{\"@id\":\"https:\\\/\\\/quehacerpolitico.mx\\\/?p=8332#primaryimage\"},\"thumbnailUrl\":\"\",\"articleSection\":[\"Cultura y Entretenimiento\"],\"inLanguage\":\"es\",\"potentialAction\":[{\"@type\":\"CommentAction\",\"name\":\"Comment\",\"target\":[\"https:\\\/\\\/quehacerpolitico.mx\\\/?p=8332#respond\"]}]},{\"@type\":\"WebPage\",\"@id\":\"https:\\\/\\\/quehacerpolitico.mx\\\/?p=8332\",\"url\":\"https:\\\/\\\/quehacerpolitico.mx\\\/?p=8332\",\"name\":\"Hay pocos datos, pero ya sabemos c\u00f3mo inicia la \u00faltima temporada de Juego de Tronos (SPOILERS) -\",\"isPartOf\":{\"@id\":\"https:\\\/\\\/quehacerpolitico.mx\\\/#website\"},\"primaryImageOfPage\":{\"@id\":\"https:\\\/\\\/quehacerpolitico.mx\\\/?p=8332#primaryimage\"},\"image\":{\"@id\":\"https:\\\/\\\/quehacerpolitico.mx\\\/?p=8332#primaryimage\"},\"thumbnailUrl\":\"\",\"datePublished\":\"2018-11-02T17:30:19+00:00\",\"author\":{\"@id\":\"https:\\\/\\\/quehacerpolitico.mx\\\/#\\\/schema\\\/person\\\/496d8ad2d1d3f8036101dca7ee39e585\"},\"breadcrumb\":{\"@id\":\"https:\\\/\\\/quehacerpolitico.mx\\\/?p=8332#breadcrumb\"},\"inLanguage\":\"es\",\"potentialAction\":[{\"@type\":\"ReadAction\",\"target\":[\"https:\\\/\\\/quehacerpolitico.mx\\\/?p=8332\"]}]},{\"@type\":\"ImageObject\",\"inLanguage\":\"es\",\"@id\":\"https:\\\/\\\/quehacerpolitico.mx\\\/?p=8332#primaryimage\",\"url\":\"\",\"contentUrl\":\"\"},{\"@type\":\"BreadcrumbList\",\"@id\":\"https:\\\/\\\/quehacerpolitico.mx\\\/?p=8332#breadcrumb\",\"itemListElement\":[{\"@type\":\"ListItem\",\"position\":1,\"name\":\"Inicio\",\"item\":\"https:\\\/\\\/quehacerpolitico.mx\\\/\"},{\"@type\":\"ListItem\",\"position\":2,\"name\":\"Hay pocos datos, pero ya sabemos c\u00f3mo inicia la \u00faltima temporada de Juego de Tronos (SPOILERS)\"}]},{\"@type\":\"WebSite\",\"@id\":\"https:\\\/\\\/quehacerpolitico.mx\\\/#website\",\"url\":\"https:\\\/\\\/quehacerpolitico.mx\\\/\",\"name\":\"\",\"description\":\"\",\"potentialAction\":[{\"@type\":\"SearchAction\",\"target\":{\"@type\":\"EntryPoint\",\"urlTemplate\":\"https:\\\/\\\/quehacerpolitico.mx\\\/?s={search_term_string}\"},\"query-input\":{\"@type\":\"PropertyValueSpecification\",\"valueRequired\":true,\"valueName\":\"search_term_string\"}}],\"inLanguage\":\"es\"},{\"@type\":\"Person\",\"@id\":\"https:\\\/\\\/quehacerpolitico.mx\\\/#\\\/schema\\\/person\\\/496d8ad2d1d3f8036101dca7ee39e585\",\"name\":\"Redacci\u00f3n QP\",\"image\":{\"@type\":\"ImageObject\",\"inLanguage\":\"es\",\"@id\":\"https:\\\/\\\/secure.gravatar.com\\\/avatar\\\/c7164ed6fdec453195284ad24a5ae5b6e1eed2b848477fa2a4787ba9adf39a41?s=96&d=mm&r=g\",\"url\":\"https:\\\/\\\/secure.gravatar.com\\\/avatar\\\/c7164ed6fdec453195284ad24a5ae5b6e1eed2b848477fa2a4787ba9adf39a41?s=96&d=mm&r=g\",\"contentUrl\":\"https:\\\/\\\/secure.gravatar.com\\\/avatar\\\/c7164ed6fdec453195284ad24a5ae5b6e1eed2b848477fa2a4787ba9adf39a41?s=96&d=mm&r=g\",\"caption\":\"Redacci\u00f3n QP\"},\"url\":\"https:\\\/\\\/quehacerpolitico.mx\\\/?author=2\"}]}<\/script>\n<!-- \/ Yoast SEO plugin. -->","yoast_head_json":{"title":"Hay pocos datos, pero ya sabemos c\u00f3mo inicia la \u00faltima temporada de Juego de Tronos (SPOILERS) -","robots":{"index":"index","follow":"follow","max-snippet":"max-snippet:-1","max-image-preview":"max-image-preview:large","max-video-preview":"max-video-preview:-1"},"canonical":"https:\/\/quehacerpolitico.mx\/?p=8332","og_locale":"es_MX","og_type":"article","og_title":"Hay pocos datos, pero ya sabemos c\u00f3mo inicia la \u00faltima temporada de Juego de Tronos (SPOILERS) -","og_description":"Hay pocos datos, pero ya sabemos c\u00f3mo inicia la \u00faltima temporada de Juego de Tronos (SPOILERS) Por Redacci\u00f3n QP","og_url":"https:\/\/quehacerpolitico.mx\/?p=8332","article_published_time":"2018-11-02T17:30:19+00:00","author":"Redacci\u00f3n QP","twitter_card":"summary_large_image","twitter_misc":{"Escrito por":"Redacci\u00f3n QP","Tiempo de lectura":"3 minutos"},"schema":{"@context":"https:\/\/schema.org","@graph":[{"@type":"Article","@id":"https:\/\/quehacerpolitico.mx\/?p=8332#article","isPartOf":{"@id":"https:\/\/quehacerpolitico.mx\/?p=8332"},"author":{"name":"Redacci\u00f3n QP","@id":"https:\/\/quehacerpolitico.mx\/#\/schema\/person\/496d8ad2d1d3f8036101dca7ee39e585"},"headline":"Hay pocos datos, pero ya sabemos c\u00f3mo inicia la \u00faltima temporada de Juego de Tronos (SPOILERS)","datePublished":"2018-11-02T17:30:19+00:00","mainEntityOfPage":{"@id":"https:\/\/quehacerpolitico.mx\/?p=8332"},"wordCount":536,"commentCount":0,"image":{"@id":"https:\/\/quehacerpolitico.mx\/?p=8332#primaryimage"},"thumbnailUrl":"","articleSection":["Cultura y Entretenimiento"],"inLanguage":"es","potentialAction":[{"@type":"CommentAction","name":"Comment","target":["https:\/\/quehacerpolitico.mx\/?p=8332#respond"]}]},{"@type":"WebPage","@id":"https:\/\/quehacerpolitico.mx\/?p=8332","url":"https:\/\/quehacerpolitico.mx\/?p=8332","name":"Hay pocos datos, pero ya sabemos c\u00f3mo inicia la \u00faltima temporada de Juego de Tronos (SPOILERS) -","isPartOf":{"@id":"https:\/\/quehacerpolitico.mx\/#website"},"primaryImageOfPage":{"@id":"https:\/\/quehacerpolitico.mx\/?p=8332#primaryimage"},"image":{"@id":"https:\/\/quehacerpolitico.mx\/?p=8332#primaryimage"},"thumbnailUrl":"","datePublished":"2018-11-02T17:30:19+00:00","author":{"@id":"https:\/\/quehacerpolitico.mx\/#\/schema\/person\/496d8ad2d1d3f8036101dca7ee39e585"},"breadcrumb":{"@id":"https:\/\/quehacerpolitico.mx\/?p=8332#breadcrumb"},"inLanguage":"es","potentialAction":[{"@type":"ReadAction","target":["https:\/\/quehacerpolitico.mx\/?p=8332"]}]},{"@type":"ImageObject","inLanguage":"es","@id":"https:\/\/quehacerpolitico.mx\/?p=8332#primaryimage","url":"","contentUrl":""},{"@type":"BreadcrumbList","@id":"https:\/\/quehacerpolitico.mx\/?p=8332#breadcrumb","itemListElement":[{"@type":"ListItem","position":1,"name":"Inicio","item":"https:\/\/quehacerpolitico.mx\/"},{"@type":"ListItem","position":2,"name":"Hay pocos datos, pero ya sabemos c\u00f3mo inicia la \u00faltima temporada de Juego de Tronos (SPOILERS)"}]},{"@type":"WebSite","@id":"https:\/\/quehacerpolitico.mx\/#website","url":"https:\/\/quehacerpolitico.mx\/","name":"","description":"","potentialAction":[{"@type":"SearchAction","target":{"@type":"EntryPoint","urlTemplate":"https:\/\/quehacerpolitico.mx\/?s={search_term_string}"},"query-input":{"@type":"PropertyValueSpecification","valueRequired":true,"valueName":"search_term_string"}}],"inLanguage":"es"},{"@type":"Person","@id":"https:\/\/quehacerpolitico.mx\/#\/schema\/person\/496d8ad2d1d3f8036101dca7ee39e585","name":"Redacci\u00f3n QP","image":{"@type":"ImageObject","inLanguage":"es","@id":"https:\/\/secure.gravatar.com\/avatar\/c7164ed6fdec453195284ad24a5ae5b6e1eed2b848477fa2a4787ba9adf39a41?s=96&d=mm&r=g","url":"https:\/\/secure.gravatar.com\/avatar\/c7164ed6fdec453195284ad24a5ae5b6e1eed2b848477fa2a4787ba9adf39a41?s=96&d=mm&r=g","contentUrl":"https:\/\/secure.gravatar.com\/avatar\/c7164ed6fdec453195284ad24a5ae5b6e1eed2b848477fa2a4787ba9adf39a41?s=96&d=mm&r=g","caption":"Redacci\u00f3n QP"},"url":"https:\/\/quehacerpolitico.mx\/?author=2"}]}},"featured_image_urls":{"full":"","thumbnail":"","medium":"","medium_large":"","large":"","1536x1536":"","2048x2048":"","covernews-featured":"","covernews-medium":""},"author_info":{"display_name":"Redacci\u00f3n QP","author_link":"https:\/\/quehacerpolitico.mx\/?author=2"},"category_info":"<a href=\"https:\/\/quehacerpolitico.mx\/?cat=58\" rel=\"category\">Cultura y Entretenimiento<\/a>","tag_info":"Cultura y Entretenimiento","comment_count":"0","_links":{"self":[{"href":"https:\/\/quehacerpolitico.mx\/index.php?rest_route=\/wp\/v2\/posts\/8332","targetHints":{"allow":["GET"]}}],"collection":[{"href":"https:\/\/quehacerpolitico.mx\/index.php?rest_route=\/wp\/v2\/posts"}],"about":[{"href":"https:\/\/quehacerpolitico.mx\/index.php?rest_route=\/wp\/v2\/types\/post"}],"author":[{"embeddable":true,"href":"https:\/\/quehacerpolitico.mx\/index.php?rest_route=\/wp\/v2\/users\/2"}],"replies":[{"embeddable":true,"href":"https:\/\/quehacerpolitico.mx\/index.php?rest_route=%2Fwp%2Fv2%2Fcomments&post=8332"}],"version-history":[{"count":0,"href":"https:\/\/quehacerpolitico.mx\/index.php?rest_route=\/wp\/v2\/posts\/8332\/revisions"}],"wp:featuredmedia":[{"embeddable":true,"href":"https:\/\/quehacerpolitico.mx\/index.php?rest_route=\/"}],"wp:attachment":[{"href":"https:\/\/quehacerpolitico.mx\/index.php?rest_route=%2Fwp%2Fv2%2Fmedia&parent=8332"}],"wp:term":[{"taxonomy":"category","embeddable":true,"href":"https:\/\/quehacerpolitico.mx\/index.php?rest_route=%2Fwp%2Fv2%2Fcategories&post=8332"},{"taxonomy":"post_tag","embeddable":true,"href":"https:\/\/quehacerpolitico.mx\/index.php?rest_route=%2Fwp%2Fv2%2Ftags&post=8332"}],"curies":[{"name":"wp","href":"https:\/\/api.w.org\/{rel}","templated":true}]}}