{"id":83149,"date":"2021-07-24T19:05:22","date_gmt":"2021-07-24T19:05:22","guid":{"rendered":"https:\/\/quehacerpolitico.mx\/?p=83149"},"modified":"2021-07-24T19:05:22","modified_gmt":"2021-07-24T19:05:22","slug":"hay-que-seguir-dandole-dice-ale-valencia-con-vista-en-mas-medallas-olimpicas","status":"publish","type":"post","link":"https:\/\/quehacerpolitico.mx\/?p=83149","title":{"rendered":"&#8220;Hay que seguir d\u00e1ndole&#8221;, dice Ale Valencia con vista en m\u00e1s medallas ol\u00edmpicas"},"content":{"rendered":"\n<p>Por Redacci\u00f3n QP<\/p>\n\n\n\n<p>&#8220;Todav\u00eda quedan dos pruebas m\u00e1s, equipo e individual (femenino), y hay que seguir d\u00e1ndole&#8221;, dice\u00a0Alejandra Valencia<br><\/p>\n\n\n\n<p>Alejandra Valencia,\u00a0tras ganar este s\u00e1bado medalla de bronce junto a Luis &#8220;Abuelo&#8221; \u00c1lvarez en la prueba de equipos mixtos del tiro con arco en los Juegos Ol\u00edmpicos de Tokio-2020, tiene confianza en aumentar la cosecha con dos eventos por delante.<\/p>\n\n\n\n<p><strong>&#8220;Todav\u00eda quedan dos pruebas m\u00e1s, equipo e individual (femenino), y hay que seguir d\u00e1ndole&#8221;, dijo Valencia<\/strong>&nbsp;en rueda de prensa.<\/p>\n\n\n\n<p><strong>El dueto de M\u00e9xico venci\u00f3 6-2 al de Turqu\u00eda, integrado por Yasemin Anagoz y Mete Gazoz, en el juego por el bronce.<\/strong><\/p>\n\n\n\n<p>Valencia finalmente pudo subir a un podio ol\u00edmpico, despu\u00e9s de haber estado muy cerca en R\u00edo de Janeiro-2016, cita en la que ocup\u00f3 la cuarta casilla en individuales y la quinta en los equipos de mujeres.<\/p>\n\n\n\n<p>&#8220;Siento que fue un buen inicio (&#8230;). Es un recordario de las cosas que hicimos bien (en el actual ciclo ol\u00edmpico).\u00a0<strong>S\u00ed pas\u00f3 lo de R\u00edo alguna vez por mi mente: &#8216;no quiero un cuarto (lugar) otra vez&#8217;, pero pude dejarlo a un lado.\u00a0<\/strong>En el momento (de la competencia) hay que estar enfocado en lo que est\u00e1s haciendo, flecha por flecha, y gracias a eso se dio la medalla&#8221;, agreg\u00f3 esta sargento del Ej\u00e9rcito mexicano, de 26 a\u00f1os.<\/p>\n\n\n\n<figure class=\"wp-block-embed is-type-rich is-provider-twitter wp-block-embed-twitter\"><div class=\"wp-block-embed__wrapper\">\n<blockquote class=\"twitter-tweet\" data-width=\"550\" data-dnt=\"true\"><p lang=\"es\" dir=\"ltr\">La primera medalla para M\u00e9xico en los <a href=\"https:\/\/twitter.com\/hashtag\/JuegosOl%C3%ADmpicos?src=hash&amp;ref_src=twsrc%5Etfw\">#JuegosOl\u00edmpicos<\/a> <a href=\"https:\/\/twitter.com\/hashtag\/Tokyo2020?src=hash&amp;ref_src=twsrc%5Etfw\">#Tokyo2020<\/a> la ganaron Alejandra Valencia (<a href=\"https:\/\/twitter.com\/micozito?ref_src=twsrc%5Etfw\">@micozito<\/a>) y Luis \u00c1lvarez (<a href=\"https:\/\/twitter.com\/abueloalvarez10?ref_src=twsrc%5Etfw\">@abueloalvarez10<\/a>), que ganaron el bronce en tiro con arco. <br><br>\u00a1Felicidades!<a href=\"https:\/\/t.co\/bI2cmUQzXB\">pic.twitter.com\/bI2cmUQzXB<\/a><\/p>&mdash; Ruido en la Red (@RuidoEnLaRed) <a href=\"https:\/\/twitter.com\/RuidoEnLaRed\/status\/1418945330654089220?ref_src=twsrc%5Etfw\">July 24, 2021<\/a><\/blockquote><script async src=\"https:\/\/platform.twitter.com\/widgets.js\" charset=\"utf-8\"><\/script>\n<\/div><\/figure>\n\n\n\n<p><strong>&#8220;Hemos entrenado mucho en estos meses, en este \u00faltimo a\u00f1o hemos entrenado mucho&#8221;, expres\u00f3 por su parte \u00c1lvarez,&nbsp;<\/strong>resaltando la buena comunicaci\u00f3n con su compa\u00f1era.<\/p>\n\n\n\n<p>&#8220;Creo que uno de los grandes activos que tenemos en\u00a0Mexico\u201d subray\u00f3.<\/p>\n\n\n\n<p>Valencia y \u00c1lvarez solo perdieron en semifinales contra An San y Kim Je Deok, de Corea del Sur, quienes se llevaron la medalla de oro al batir 5-3 en la final a Gabriela Schloesser y Steve Wijler, de Pa\u00edses Bajos, que se quedaron con la plata. Schloesser es nacida en M\u00e9xico.<\/p>\n\n\n\n<p>Con Informaci\u00f3n de AFP<\/p>\n","protected":false},"excerpt":{"rendered":"<p>Por Redacci\u00f3n QP &#8220;Todav\u00eda quedan dos pruebas m\u00e1s, equipo e individual (femenino), y hay que&#8230;<\/p>\n","protected":false},"author":2,"featured_media":83150,"comment_status":"open","ping_status":"open","sticky":false,"template":"","format":"standard","meta":{"_monsterinsights_skip_tracking":false,"_monsterinsights_sitenote_active":false,"_monsterinsights_sitenote_note":"","_monsterinsights_sitenote_category":0,"footnotes":""},"categories":[54],"tags":[],"class_list":["post-83149","post","type-post","status-publish","format-standard","has-post-thumbnail","hentry","category-deportes"],"yoast_head":"<!-- This site is optimized with the Yoast SEO plugin v27.3 - https:\/\/yoast.com\/product\/yoast-seo-wordpress\/ -->\n<title>&quot;Hay que seguir d\u00e1ndole&quot;, dice Ale Valencia con vista en m\u00e1s medallas ol\u00edmpicas -<\/title>\n<meta name=\"robots\" content=\"index, follow, max-snippet:-1, max-image-preview:large, max-video-preview:-1\" \/>\n<link rel=\"canonical\" href=\"https:\/\/quehacerpolitico.mx\/?p=83149\" \/>\n<meta property=\"og:locale\" content=\"es_MX\" \/>\n<meta property=\"og:type\" content=\"article\" \/>\n<meta property=\"og:title\" content=\"&quot;Hay que seguir d\u00e1ndole&quot;, dice Ale Valencia con vista en m\u00e1s medallas ol\u00edmpicas -\" \/>\n<meta property=\"og:description\" content=\"Por Redacci\u00f3n QP &#8220;Todav\u00eda quedan dos pruebas m\u00e1s, equipo e individual (femenino), y hay que...\" \/>\n<meta property=\"og:url\" content=\"https:\/\/quehacerpolitico.mx\/?p=83149\" \/>\n<meta property=\"article:published_time\" content=\"2021-07-24T19:05:22+00:00\" \/>\n<meta property=\"og:image\" content=\"https:\/\/quehacerpolitico.mx\/wp-content\/uploads\/2021\/07\/266D3362-8481-4DFC-B1C3-0BBFF64F32AD.jpeg\" \/>\n\t<meta property=\"og:image:width\" content=\"640\" \/>\n\t<meta property=\"og:image:height\" content=\"360\" \/>\n\t<meta property=\"og:image:type\" content=\"image\/jpeg\" \/>\n<meta name=\"author\" content=\"Redacci\u00f3n QP\" \/>\n<meta name=\"twitter:card\" content=\"summary_large_image\" \/>\n<meta name=\"twitter:label1\" content=\"Escrito por\" \/>\n\t<meta name=\"twitter:data1\" content=\"Redacci\u00f3n QP\" \/>\n\t<meta name=\"twitter:label2\" content=\"Tiempo de lectura\" \/>\n\t<meta name=\"twitter:data2\" content=\"2 minutos\" \/>\n<script type=\"application\/ld+json\" class=\"yoast-schema-graph\">{\"@context\":\"https:\\\/\\\/schema.org\",\"@graph\":[{\"@type\":\"Article\",\"@id\":\"https:\\\/\\\/quehacerpolitico.mx\\\/?p=83149#article\",\"isPartOf\":{\"@id\":\"https:\\\/\\\/quehacerpolitico.mx\\\/?p=83149\"},\"author\":{\"name\":\"Redacci\u00f3n QP\",\"@id\":\"https:\\\/\\\/quehacerpolitico.mx\\\/#\\\/schema\\\/person\\\/496d8ad2d1d3f8036101dca7ee39e585\"},\"headline\":\"&#8220;Hay que seguir d\u00e1ndole&#8221;, dice Ale Valencia con vista en m\u00e1s medallas ol\u00edmpicas\",\"datePublished\":\"2021-07-24T19:05:22+00:00\",\"mainEntityOfPage\":{\"@id\":\"https:\\\/\\\/quehacerpolitico.mx\\\/?p=83149\"},\"wordCount\":357,\"commentCount\":0,\"image\":{\"@id\":\"https:\\\/\\\/quehacerpolitico.mx\\\/?p=83149#primaryimage\"},\"thumbnailUrl\":\"https:\\\/\\\/quehacerpolitico.mx\\\/wp-content\\\/uploads\\\/2021\\\/07\\\/266D3362-8481-4DFC-B1C3-0BBFF64F32AD.jpeg\",\"articleSection\":[\"Deportes\"],\"inLanguage\":\"es\",\"potentialAction\":[{\"@type\":\"CommentAction\",\"name\":\"Comment\",\"target\":[\"https:\\\/\\\/quehacerpolitico.mx\\\/?p=83149#respond\"]}]},{\"@type\":\"WebPage\",\"@id\":\"https:\\\/\\\/quehacerpolitico.mx\\\/?p=83149\",\"url\":\"https:\\\/\\\/quehacerpolitico.mx\\\/?p=83149\",\"name\":\"\\\"Hay que seguir d\u00e1ndole\\\", dice Ale Valencia con vista en m\u00e1s medallas ol\u00edmpicas -\",\"isPartOf\":{\"@id\":\"https:\\\/\\\/quehacerpolitico.mx\\\/#website\"},\"primaryImageOfPage\":{\"@id\":\"https:\\\/\\\/quehacerpolitico.mx\\\/?p=83149#primaryimage\"},\"image\":{\"@id\":\"https:\\\/\\\/quehacerpolitico.mx\\\/?p=83149#primaryimage\"},\"thumbnailUrl\":\"https:\\\/\\\/quehacerpolitico.mx\\\/wp-content\\\/uploads\\\/2021\\\/07\\\/266D3362-8481-4DFC-B1C3-0BBFF64F32AD.jpeg\",\"datePublished\":\"2021-07-24T19:05:22+00:00\",\"author\":{\"@id\":\"https:\\\/\\\/quehacerpolitico.mx\\\/#\\\/schema\\\/person\\\/496d8ad2d1d3f8036101dca7ee39e585\"},\"breadcrumb\":{\"@id\":\"https:\\\/\\\/quehacerpolitico.mx\\\/?p=83149#breadcrumb\"},\"inLanguage\":\"es\",\"potentialAction\":[{\"@type\":\"ReadAction\",\"target\":[\"https:\\\/\\\/quehacerpolitico.mx\\\/?p=83149\"]}]},{\"@type\":\"ImageObject\",\"inLanguage\":\"es\",\"@id\":\"https:\\\/\\\/quehacerpolitico.mx\\\/?p=83149#primaryimage\",\"url\":\"https:\\\/\\\/quehacerpolitico.mx\\\/wp-content\\\/uploads\\\/2021\\\/07\\\/266D3362-8481-4DFC-B1C3-0BBFF64F32AD.jpeg\",\"contentUrl\":\"https:\\\/\\\/quehacerpolitico.mx\\\/wp-content\\\/uploads\\\/2021\\\/07\\\/266D3362-8481-4DFC-B1C3-0BBFF64F32AD.jpeg\",\"width\":640,\"height\":360},{\"@type\":\"BreadcrumbList\",\"@id\":\"https:\\\/\\\/quehacerpolitico.mx\\\/?p=83149#breadcrumb\",\"itemListElement\":[{\"@type\":\"ListItem\",\"position\":1,\"name\":\"Inicio\",\"item\":\"https:\\\/\\\/quehacerpolitico.mx\\\/\"},{\"@type\":\"ListItem\",\"position\":2,\"name\":\"&#8220;Hay que seguir d\u00e1ndole&#8221;, dice Ale Valencia con vista en m\u00e1s medallas ol\u00edmpicas\"}]},{\"@type\":\"WebSite\",\"@id\":\"https:\\\/\\\/quehacerpolitico.mx\\\/#website\",\"url\":\"https:\\\/\\\/quehacerpolitico.mx\\\/\",\"name\":\"\",\"description\":\"\",\"potentialAction\":[{\"@type\":\"SearchAction\",\"target\":{\"@type\":\"EntryPoint\",\"urlTemplate\":\"https:\\\/\\\/quehacerpolitico.mx\\\/?s={search_term_string}\"},\"query-input\":{\"@type\":\"PropertyValueSpecification\",\"valueRequired\":true,\"valueName\":\"search_term_string\"}}],\"inLanguage\":\"es\"},{\"@type\":\"Person\",\"@id\":\"https:\\\/\\\/quehacerpolitico.mx\\\/#\\\/schema\\\/person\\\/496d8ad2d1d3f8036101dca7ee39e585\",\"name\":\"Redacci\u00f3n QP\",\"image\":{\"@type\":\"ImageObject\",\"inLanguage\":\"es\",\"@id\":\"https:\\\/\\\/secure.gravatar.com\\\/avatar\\\/c7164ed6fdec453195284ad24a5ae5b6e1eed2b848477fa2a4787ba9adf39a41?s=96&d=mm&r=g\",\"url\":\"https:\\\/\\\/secure.gravatar.com\\\/avatar\\\/c7164ed6fdec453195284ad24a5ae5b6e1eed2b848477fa2a4787ba9adf39a41?s=96&d=mm&r=g\",\"contentUrl\":\"https:\\\/\\\/secure.gravatar.com\\\/avatar\\\/c7164ed6fdec453195284ad24a5ae5b6e1eed2b848477fa2a4787ba9adf39a41?s=96&d=mm&r=g\",\"caption\":\"Redacci\u00f3n QP\"},\"url\":\"https:\\\/\\\/quehacerpolitico.mx\\\/?author=2\"}]}<\/script>\n<!-- \/ Yoast SEO plugin. -->","yoast_head_json":{"title":"\"Hay que seguir d\u00e1ndole\", dice Ale Valencia con vista en m\u00e1s medallas ol\u00edmpicas -","robots":{"index":"index","follow":"follow","max-snippet":"max-snippet:-1","max-image-preview":"max-image-preview:large","max-video-preview":"max-video-preview:-1"},"canonical":"https:\/\/quehacerpolitico.mx\/?p=83149","og_locale":"es_MX","og_type":"article","og_title":"\"Hay que seguir d\u00e1ndole\", dice Ale Valencia con vista en m\u00e1s medallas ol\u00edmpicas -","og_description":"Por Redacci\u00f3n QP &#8220;Todav\u00eda quedan dos pruebas m\u00e1s, equipo e individual (femenino), y hay que...","og_url":"https:\/\/quehacerpolitico.mx\/?p=83149","article_published_time":"2021-07-24T19:05:22+00:00","og_image":[{"width":640,"height":360,"url":"https:\/\/quehacerpolitico.mx\/wp-content\/uploads\/2021\/07\/266D3362-8481-4DFC-B1C3-0BBFF64F32AD.jpeg","type":"image\/jpeg"}],"author":"Redacci\u00f3n QP","twitter_card":"summary_large_image","twitter_misc":{"Escrito por":"Redacci\u00f3n QP","Tiempo de lectura":"2 minutos"},"schema":{"@context":"https:\/\/schema.org","@graph":[{"@type":"Article","@id":"https:\/\/quehacerpolitico.mx\/?p=83149#article","isPartOf":{"@id":"https:\/\/quehacerpolitico.mx\/?p=83149"},"author":{"name":"Redacci\u00f3n QP","@id":"https:\/\/quehacerpolitico.mx\/#\/schema\/person\/496d8ad2d1d3f8036101dca7ee39e585"},"headline":"&#8220;Hay que seguir d\u00e1ndole&#8221;, dice Ale Valencia con vista en m\u00e1s medallas ol\u00edmpicas","datePublished":"2021-07-24T19:05:22+00:00","mainEntityOfPage":{"@id":"https:\/\/quehacerpolitico.mx\/?p=83149"},"wordCount":357,"commentCount":0,"image":{"@id":"https:\/\/quehacerpolitico.mx\/?p=83149#primaryimage"},"thumbnailUrl":"https:\/\/quehacerpolitico.mx\/wp-content\/uploads\/2021\/07\/266D3362-8481-4DFC-B1C3-0BBFF64F32AD.jpeg","articleSection":["Deportes"],"inLanguage":"es","potentialAction":[{"@type":"CommentAction","name":"Comment","target":["https:\/\/quehacerpolitico.mx\/?p=83149#respond"]}]},{"@type":"WebPage","@id":"https:\/\/quehacerpolitico.mx\/?p=83149","url":"https:\/\/quehacerpolitico.mx\/?p=83149","name":"\"Hay que seguir d\u00e1ndole\", dice Ale Valencia con vista en m\u00e1s medallas ol\u00edmpicas -","isPartOf":{"@id":"https:\/\/quehacerpolitico.mx\/#website"},"primaryImageOfPage":{"@id":"https:\/\/quehacerpolitico.mx\/?p=83149#primaryimage"},"image":{"@id":"https:\/\/quehacerpolitico.mx\/?p=83149#primaryimage"},"thumbnailUrl":"https:\/\/quehacerpolitico.mx\/wp-content\/uploads\/2021\/07\/266D3362-8481-4DFC-B1C3-0BBFF64F32AD.jpeg","datePublished":"2021-07-24T19:05:22+00:00","author":{"@id":"https:\/\/quehacerpolitico.mx\/#\/schema\/person\/496d8ad2d1d3f8036101dca7ee39e585"},"breadcrumb":{"@id":"https:\/\/quehacerpolitico.mx\/?p=83149#breadcrumb"},"inLanguage":"es","potentialAction":[{"@type":"ReadAction","target":["https:\/\/quehacerpolitico.mx\/?p=83149"]}]},{"@type":"ImageObject","inLanguage":"es","@id":"https:\/\/quehacerpolitico.mx\/?p=83149#primaryimage","url":"https:\/\/quehacerpolitico.mx\/wp-content\/uploads\/2021\/07\/266D3362-8481-4DFC-B1C3-0BBFF64F32AD.jpeg","contentUrl":"https:\/\/quehacerpolitico.mx\/wp-content\/uploads\/2021\/07\/266D3362-8481-4DFC-B1C3-0BBFF64F32AD.jpeg","width":640,"height":360},{"@type":"BreadcrumbList","@id":"https:\/\/quehacerpolitico.mx\/?p=83149#breadcrumb","itemListElement":[{"@type":"ListItem","position":1,"name":"Inicio","item":"https:\/\/quehacerpolitico.mx\/"},{"@type":"ListItem","position":2,"name":"&#8220;Hay que seguir d\u00e1ndole&#8221;, dice Ale Valencia con vista en m\u00e1s medallas ol\u00edmpicas"}]},{"@type":"WebSite","@id":"https:\/\/quehacerpolitico.mx\/#website","url":"https:\/\/quehacerpolitico.mx\/","name":"","description":"","potentialAction":[{"@type":"SearchAction","target":{"@type":"EntryPoint","urlTemplate":"https:\/\/quehacerpolitico.mx\/?s={search_term_string}"},"query-input":{"@type":"PropertyValueSpecification","valueRequired":true,"valueName":"search_term_string"}}],"inLanguage":"es"},{"@type":"Person","@id":"https:\/\/quehacerpolitico.mx\/#\/schema\/person\/496d8ad2d1d3f8036101dca7ee39e585","name":"Redacci\u00f3n QP","image":{"@type":"ImageObject","inLanguage":"es","@id":"https:\/\/secure.gravatar.com\/avatar\/c7164ed6fdec453195284ad24a5ae5b6e1eed2b848477fa2a4787ba9adf39a41?s=96&d=mm&r=g","url":"https:\/\/secure.gravatar.com\/avatar\/c7164ed6fdec453195284ad24a5ae5b6e1eed2b848477fa2a4787ba9adf39a41?s=96&d=mm&r=g","contentUrl":"https:\/\/secure.gravatar.com\/avatar\/c7164ed6fdec453195284ad24a5ae5b6e1eed2b848477fa2a4787ba9adf39a41?s=96&d=mm&r=g","caption":"Redacci\u00f3n QP"},"url":"https:\/\/quehacerpolitico.mx\/?author=2"}]}},"featured_image_urls":{"full":["https:\/\/quehacerpolitico.mx\/wp-content\/uploads\/2021\/07\/266D3362-8481-4DFC-B1C3-0BBFF64F32AD.jpeg",640,360,false],"thumbnail":["https:\/\/quehacerpolitico.mx\/wp-content\/uploads\/2021\/07\/266D3362-8481-4DFC-B1C3-0BBFF64F32AD-150x150.jpeg",150,150,true],"medium":["https:\/\/quehacerpolitico.mx\/wp-content\/uploads\/2021\/07\/266D3362-8481-4DFC-B1C3-0BBFF64F32AD-300x169.jpeg",300,169,true],"medium_large":["https:\/\/quehacerpolitico.mx\/wp-content\/uploads\/2021\/07\/266D3362-8481-4DFC-B1C3-0BBFF64F32AD.jpeg",640,360,false],"large":["https:\/\/quehacerpolitico.mx\/wp-content\/uploads\/2021\/07\/266D3362-8481-4DFC-B1C3-0BBFF64F32AD.jpeg",640,360,false],"1536x1536":["https:\/\/quehacerpolitico.mx\/wp-content\/uploads\/2021\/07\/266D3362-8481-4DFC-B1C3-0BBFF64F32AD.jpeg",640,360,false],"2048x2048":["https:\/\/quehacerpolitico.mx\/wp-content\/uploads\/2021\/07\/266D3362-8481-4DFC-B1C3-0BBFF64F32AD.jpeg",640,360,false],"covernews-featured":["https:\/\/quehacerpolitico.mx\/wp-content\/uploads\/2021\/07\/266D3362-8481-4DFC-B1C3-0BBFF64F32AD.jpeg",640,360,false],"covernews-medium":["https:\/\/quehacerpolitico.mx\/wp-content\/uploads\/2021\/07\/266D3362-8481-4DFC-B1C3-0BBFF64F32AD.jpeg",540,304,false]},"author_info":{"display_name":"Redacci\u00f3n QP","author_link":"https:\/\/quehacerpolitico.mx\/?author=2"},"category_info":"<a href=\"https:\/\/quehacerpolitico.mx\/?cat=54\" rel=\"category\">Deportes<\/a>","tag_info":"Deportes","comment_count":"0","_links":{"self":[{"href":"https:\/\/quehacerpolitico.mx\/index.php?rest_route=\/wp\/v2\/posts\/83149","targetHints":{"allow":["GET"]}}],"collection":[{"href":"https:\/\/quehacerpolitico.mx\/index.php?rest_route=\/wp\/v2\/posts"}],"about":[{"href":"https:\/\/quehacerpolitico.mx\/index.php?rest_route=\/wp\/v2\/types\/post"}],"author":[{"embeddable":true,"href":"https:\/\/quehacerpolitico.mx\/index.php?rest_route=\/wp\/v2\/users\/2"}],"replies":[{"embeddable":true,"href":"https:\/\/quehacerpolitico.mx\/index.php?rest_route=%2Fwp%2Fv2%2Fcomments&post=83149"}],"version-history":[{"count":0,"href":"https:\/\/quehacerpolitico.mx\/index.php?rest_route=\/wp\/v2\/posts\/83149\/revisions"}],"wp:featuredmedia":[{"embeddable":true,"href":"https:\/\/quehacerpolitico.mx\/index.php?rest_route=\/wp\/v2\/media\/83150"}],"wp:attachment":[{"href":"https:\/\/quehacerpolitico.mx\/index.php?rest_route=%2Fwp%2Fv2%2Fmedia&parent=83149"}],"wp:term":[{"taxonomy":"category","embeddable":true,"href":"https:\/\/quehacerpolitico.mx\/index.php?rest_route=%2Fwp%2Fv2%2Fcategories&post=83149"},{"taxonomy":"post_tag","embeddable":true,"href":"https:\/\/quehacerpolitico.mx\/index.php?rest_route=%2Fwp%2Fv2%2Ftags&post=83149"}],"curies":[{"name":"wp","href":"https:\/\/api.w.org\/{rel}","templated":true}]}}