{"id":83141,"date":"2021-07-23T15:40:34","date_gmt":"2021-07-23T15:40:34","guid":{"rendered":"https:\/\/quehacerpolitico.mx\/?p=83141"},"modified":"2021-07-23T15:40:34","modified_gmt":"2021-07-23T15:40:34","slug":"tokio-2020-gaby-lopez-y-rommel-pacheco-lideraron-a-la-delegacion-mexicana","status":"publish","type":"post","link":"https:\/\/quehacerpolitico.mx\/?p=83141","title":{"rendered":"Tokio 2020: Gaby L\u00f3pez y Rommel Pacheco lideraron a la delegaci\u00f3n mexicana"},"content":{"rendered":"\n<p>Por Redacci\u00f3n QP<\/p>\n\n\n\n<p>La delegaci\u00f3n mexicana desfil\u00f3 en la recta final de la inauguraci\u00f3n<\/p>\n\n\n\n<figure class=\"wp-block-embed is-type-rich is-provider-twitter wp-block-embed-twitter\"><div class=\"wp-block-embed__wrapper\">\n<blockquote class=\"twitter-tweet\" data-width=\"550\" data-dnt=\"true\"><p lang=\"qme\" dir=\"ltr\">\ud83c\uddf2\ud83c\uddfd\ud83c\uddf2\ud83c\uddfd\ud83c\uddf2\ud83c\uddfd\ud83c\udfc5\ud83c\udfc5\ud83c\udfc5\ud83c\uddf2\ud83c\uddfd\ud83c\uddf2\ud83c\uddfd\ud83c\uddf2\ud83c\uddfd <a href=\"https:\/\/t.co\/DGcdqSWTKP\">pic.twitter.com\/DGcdqSWTKP<\/a><\/p>&mdash; \u30e1\u30ad\u30b7\u30b3\u5927\u4f7f\u9928 \ud83c\uddf2\ud83c\uddfd (@EmbamexJP) <a href=\"https:\/\/twitter.com\/EmbamexJP\/status\/1418563571642900486?ref_src=twsrc%5Etfw\">July 23, 2021<\/a><\/blockquote><script async src=\"https:\/\/platform.twitter.com\/widgets.js\" charset=\"utf-8\"><\/script>\n<\/div><\/figure>\n\n\n\n<figure class=\"wp-block-embed is-type-rich is-provider-twitter wp-block-embed-twitter\"><div class=\"wp-block-embed__wrapper\">\n<blockquote class=\"twitter-tweet\" data-width=\"550\" data-dnt=\"true\"><p lang=\"es\" dir=\"ltr\">\u00a1M\u00c9XICO, PRESENTE \ud83c\uddf2\ud83c\uddfd! \ud83d\ude4c\ud83d\ude4c<a href=\"https:\/\/twitter.com\/Rommel_Pacheco?ref_src=twsrc%5Etfw\">@Rommel_Pacheco<\/a> de <a href=\"https:\/\/twitter.com\/hashtag\/Clavados?src=hash&amp;ref_src=twsrc%5Etfw\">#Clavados<\/a> y la golfista <a href=\"https:\/\/twitter.com\/GabyLopezGOLF?ref_src=twsrc%5Etfw\">@GabyLopezGOLF<\/a>, son los abanderados, y encabezan la delegaci\u00f3n que ingresa al Estadio Ol\u00edmpico de Tokio \ud83c\udfdf\ufe0f en la Ceremonia de Inauguraci\u00f3n de los XXXII Juegos Ol\u00edmpicos <a href=\"https:\/\/twitter.com\/hashtag\/Tokyo2020?src=hash&amp;ref_src=twsrc%5Etfw\">#Tokyo2020<\/a>.<a href=\"https:\/\/twitter.com\/hashtag\/ADejarHuellaEnTokio?src=hash&amp;ref_src=twsrc%5Etfw\">#ADejarHuellaEnTokio<\/a> \ud83c\uddef\ud83c\uddf5\u26e9\ufe0f <a href=\"https:\/\/t.co\/UWFX1OY0CM\">pic.twitter.com\/UWFX1OY0CM<\/a><\/p>&mdash; CONADE (@CONADE) <a href=\"https:\/\/twitter.com\/CONADE\/status\/1418562617187225608?ref_src=twsrc%5Etfw\">July 23, 2021<\/a><\/blockquote><script async src=\"https:\/\/platform.twitter.com\/widgets.js\" charset=\"utf-8\"><\/script>\n<\/div><\/figure>\n\n\n\n<p><strong>La delegaci\u00f3n mexicana desfil\u00f3 en la recta final de la inauguraci\u00f3n,&nbsp;<\/strong>los atletas que acudieron a la ceremonia&nbsp;<strong>fueron liderados por la golfista Gaby L\u00f3pez y el clavadista Rommel Pacheco, quienes fueron los encargados de portar la Bandera de M\u00e9xico.<\/strong><\/p>\n\n\n\n<figure class=\"wp-block-embed is-type-rich is-provider-twitter wp-block-embed-twitter\"><div class=\"wp-block-embed__wrapper\">\n<blockquote class=\"twitter-tweet\" data-width=\"550\" data-dnt=\"true\"><p lang=\"es\" dir=\"ltr\">Par\u00e9ntesis, la delegaci\u00f3n mexicana sali\u00f3 cantando el &quot;Cielito lindo&quot;, gracias <a href=\"https:\/\/twitter.com\/Rommel_Pacheco?ref_src=twsrc%5Etfw\">@Rommel_Pacheco<\/a> por ser nuestro ojos en <a href=\"https:\/\/twitter.com\/hashtag\/Tokyo2020?src=hash&amp;ref_src=twsrc%5Etfw\">#Tokyo2020<\/a> <a href=\"https:\/\/t.co\/2CP5Zy85Mn\">pic.twitter.com\/2CP5Zy85Mn<\/a><\/p>&mdash; Sopitas (@sopitas) <a href=\"https:\/\/twitter.com\/sopitas\/status\/1418583079338262531?ref_src=twsrc%5Etfw\">July 23, 2021<\/a><\/blockquote><script async src=\"https:\/\/platform.twitter.com\/widgets.js\" charset=\"utf-8\"><\/script>\n<\/div><\/figure>\n\n\n\n<figure class=\"wp-block-embed is-type-rich is-provider-twitter wp-block-embed-twitter\"><div class=\"wp-block-embed__wrapper\">\n<blockquote class=\"twitter-tweet\" data-width=\"550\" data-dnt=\"true\"><p lang=\"es\" dir=\"ltr\">No existe un orgullo m\u00e1s grande que el de ser mexicano\u2026 Hoy he tenido uno de los m\u00e1s grandes honores de mi vida, portar la bandera de M\u00e9xico en la inauguraci\u00f3n de los JO; la piel se me hac\u00eda chinita de la emoci\u00f3n y pude sentir la buena vibra de todo M\u00e9xico. <a href=\"https:\/\/twitter.com\/hashtag\/tokyo2020?src=hash&amp;ref_src=twsrc%5Etfw\">#tokyo2020<\/a> <a href=\"https:\/\/t.co\/CLg0tUdeog\">pic.twitter.com\/CLg0tUdeog<\/a><\/p>&mdash; Rommel Pacheco (@Rommel_Pacheco) <a href=\"https:\/\/twitter.com\/Rommel_Pacheco\/status\/1418589758738010118?ref_src=twsrc%5Etfw\">July 23, 2021<\/a><\/blockquote><script async src=\"https:\/\/platform.twitter.com\/widgets.js\" charset=\"utf-8\"><\/script>\n<\/div><\/figure>\n\n\n\n<p><strong>Los atletas mexicanos desfilaron con el traje de gala, denominado Tehuana Oaxaque\u00f1a, hecho por artesanas mexicanas. Adem\u00e1s, todos portaban cubrebocas blanco con la bandera mexicana.<\/strong><\/p>\n\n\n\n<figure class=\"wp-block-embed is-type-rich is-provider-twitter wp-block-embed-twitter\"><div class=\"wp-block-embed__wrapper\">\n<blockquote class=\"twitter-tweet\" data-width=\"550\" data-dnt=\"true\"><p lang=\"es\" dir=\"ltr\">\ud83d\ude0d \u00a1VIVA M\u00c9XICO, SE\u00d1ORES!<br><br>\ud83c\uddf2\ud83c\uddfd El clavadista <a href=\"https:\/\/twitter.com\/Rommel_Pacheco?ref_src=twsrc%5Etfw\">@Rommel_Pacheco<\/a> y la golfista <a href=\"https:\/\/twitter.com\/GabyLopezGOLF?ref_src=twsrc%5Etfw\">@GabyLopezGOLF<\/a> \ud83c\udfcc\ufe0f\u200d\u2640\ufe0ffueron los abanderados de la delegaci\u00f3n mexicana que desfil\u00f3 en la inauguraci\u00f3n de los <a href=\"https:\/\/twitter.com\/hashtag\/JuegosOlimpicos?src=hash&amp;ref_src=twsrc%5Etfw\">#JuegosOlimpicos<\/a> de <a href=\"https:\/\/twitter.com\/hashtag\/Tokyo2020?src=hash&amp;ref_src=twsrc%5Etfw\">#Tokyo2020<\/a> <a href=\"https:\/\/twitter.com\/hashtag\/OlimpicosTelemundo?src=hash&amp;ref_src=twsrc%5Etfw\">#OlimpicosTelemundo<\/a> \ud83e\udd47 <a href=\"https:\/\/t.co\/9mC6HGcR60\">pic.twitter.com\/9mC6HGcR60<\/a><\/p>&mdash; Telemundo Deportes (@TelemundoSports) <a href=\"https:\/\/twitter.com\/TelemundoSports\/status\/1418589177474691074?ref_src=twsrc%5Etfw\">July 23, 2021<\/a><\/blockquote><script async src=\"https:\/\/platform.twitter.com\/widgets.js\" charset=\"utf-8\"><\/script>\n<\/div><\/figure>\n\n\n\n<p>En las im\u00e1genes se observ\u00f3 a los atletas de&nbsp;Mexico ir grabando con su celular, otros gritaban, saludaban y brincaban conforme iban avanzando en el desfile. Algunos tra\u00edan una peque\u00f1a bandera del pa\u00eds.<\/p>\n","protected":false},"excerpt":{"rendered":"<p>Por Redacci\u00f3n QP La delegaci\u00f3n mexicana desfil\u00f3 en la recta final de la inauguraci\u00f3n La&#8230;<\/p>\n","protected":false},"author":2,"featured_media":83142,"comment_status":"open","ping_status":"open","sticky":false,"template":"","format":"standard","meta":{"_monsterinsights_skip_tracking":false,"_monsterinsights_sitenote_active":false,"_monsterinsights_sitenote_note":"","_monsterinsights_sitenote_category":0,"footnotes":""},"categories":[54],"tags":[],"class_list":["post-83141","post","type-post","status-publish","format-standard","has-post-thumbnail","hentry","category-deportes"],"yoast_head":"<!-- This site is optimized with the Yoast SEO plugin v27.3 - https:\/\/yoast.com\/product\/yoast-seo-wordpress\/ -->\n<title>Tokio 2020: Gaby L\u00f3pez y Rommel Pacheco lideraron a la delegaci\u00f3n mexicana -<\/title>\n<meta name=\"robots\" content=\"index, follow, max-snippet:-1, max-image-preview:large, max-video-preview:-1\" \/>\n<link rel=\"canonical\" href=\"https:\/\/quehacerpolitico.mx\/?p=83141\" \/>\n<meta property=\"og:locale\" content=\"es_MX\" \/>\n<meta property=\"og:type\" content=\"article\" \/>\n<meta property=\"og:title\" content=\"Tokio 2020: Gaby L\u00f3pez y Rommel Pacheco lideraron a la delegaci\u00f3n mexicana -\" \/>\n<meta property=\"og:description\" content=\"Por Redacci\u00f3n QP La delegaci\u00f3n mexicana desfil\u00f3 en la recta final de la inauguraci\u00f3n La...\" \/>\n<meta property=\"og:url\" content=\"https:\/\/quehacerpolitico.mx\/?p=83141\" \/>\n<meta property=\"article:published_time\" content=\"2021-07-23T15:40:34+00:00\" \/>\n<meta property=\"og:image\" content=\"https:\/\/quehacerpolitico.mx\/wp-content\/uploads\/2021\/07\/ABDD7B76-B3A4-4334-8EE9-E82C795E5854.jpeg\" \/>\n\t<meta property=\"og:image:width\" content=\"1030\" \/>\n\t<meta property=\"og:image:height\" content=\"986\" \/>\n\t<meta property=\"og:image:type\" content=\"image\/jpeg\" \/>\n<meta name=\"author\" content=\"Redacci\u00f3n QP\" \/>\n<meta name=\"twitter:card\" content=\"summary_large_image\" \/>\n<meta name=\"twitter:label1\" content=\"Escrito por\" \/>\n\t<meta name=\"twitter:data1\" content=\"Redacci\u00f3n QP\" \/>\n\t<meta name=\"twitter:label2\" content=\"Tiempo de lectura\" \/>\n\t<meta name=\"twitter:data2\" content=\"1 minuto\" \/>\n<script type=\"application\/ld+json\" class=\"yoast-schema-graph\">{\"@context\":\"https:\\\/\\\/schema.org\",\"@graph\":[{\"@type\":\"Article\",\"@id\":\"https:\\\/\\\/quehacerpolitico.mx\\\/?p=83141#article\",\"isPartOf\":{\"@id\":\"https:\\\/\\\/quehacerpolitico.mx\\\/?p=83141\"},\"author\":{\"name\":\"Redacci\u00f3n QP\",\"@id\":\"https:\\\/\\\/quehacerpolitico.mx\\\/#\\\/schema\\\/person\\\/496d8ad2d1d3f8036101dca7ee39e585\"},\"headline\":\"Tokio 2020: Gaby L\u00f3pez y Rommel Pacheco lideraron a la delegaci\u00f3n mexicana\",\"datePublished\":\"2021-07-23T15:40:34+00:00\",\"mainEntityOfPage\":{\"@id\":\"https:\\\/\\\/quehacerpolitico.mx\\\/?p=83141\"},\"wordCount\":172,\"commentCount\":0,\"image\":{\"@id\":\"https:\\\/\\\/quehacerpolitico.mx\\\/?p=83141#primaryimage\"},\"thumbnailUrl\":\"https:\\\/\\\/quehacerpolitico.mx\\\/wp-content\\\/uploads\\\/2021\\\/07\\\/ABDD7B76-B3A4-4334-8EE9-E82C795E5854.jpeg\",\"articleSection\":[\"Deportes\"],\"inLanguage\":\"es\",\"potentialAction\":[{\"@type\":\"CommentAction\",\"name\":\"Comment\",\"target\":[\"https:\\\/\\\/quehacerpolitico.mx\\\/?p=83141#respond\"]}]},{\"@type\":\"WebPage\",\"@id\":\"https:\\\/\\\/quehacerpolitico.mx\\\/?p=83141\",\"url\":\"https:\\\/\\\/quehacerpolitico.mx\\\/?p=83141\",\"name\":\"Tokio 2020: Gaby L\u00f3pez y Rommel Pacheco lideraron a la delegaci\u00f3n mexicana -\",\"isPartOf\":{\"@id\":\"https:\\\/\\\/quehacerpolitico.mx\\\/#website\"},\"primaryImageOfPage\":{\"@id\":\"https:\\\/\\\/quehacerpolitico.mx\\\/?p=83141#primaryimage\"},\"image\":{\"@id\":\"https:\\\/\\\/quehacerpolitico.mx\\\/?p=83141#primaryimage\"},\"thumbnailUrl\":\"https:\\\/\\\/quehacerpolitico.mx\\\/wp-content\\\/uploads\\\/2021\\\/07\\\/ABDD7B76-B3A4-4334-8EE9-E82C795E5854.jpeg\",\"datePublished\":\"2021-07-23T15:40:34+00:00\",\"author\":{\"@id\":\"https:\\\/\\\/quehacerpolitico.mx\\\/#\\\/schema\\\/person\\\/496d8ad2d1d3f8036101dca7ee39e585\"},\"breadcrumb\":{\"@id\":\"https:\\\/\\\/quehacerpolitico.mx\\\/?p=83141#breadcrumb\"},\"inLanguage\":\"es\",\"potentialAction\":[{\"@type\":\"ReadAction\",\"target\":[\"https:\\\/\\\/quehacerpolitico.mx\\\/?p=83141\"]}]},{\"@type\":\"ImageObject\",\"inLanguage\":\"es\",\"@id\":\"https:\\\/\\\/quehacerpolitico.mx\\\/?p=83141#primaryimage\",\"url\":\"https:\\\/\\\/quehacerpolitico.mx\\\/wp-content\\\/uploads\\\/2021\\\/07\\\/ABDD7B76-B3A4-4334-8EE9-E82C795E5854.jpeg\",\"contentUrl\":\"https:\\\/\\\/quehacerpolitico.mx\\\/wp-content\\\/uploads\\\/2021\\\/07\\\/ABDD7B76-B3A4-4334-8EE9-E82C795E5854.jpeg\",\"width\":1030,\"height\":986},{\"@type\":\"BreadcrumbList\",\"@id\":\"https:\\\/\\\/quehacerpolitico.mx\\\/?p=83141#breadcrumb\",\"itemListElement\":[{\"@type\":\"ListItem\",\"position\":1,\"name\":\"Inicio\",\"item\":\"https:\\\/\\\/quehacerpolitico.mx\\\/\"},{\"@type\":\"ListItem\",\"position\":2,\"name\":\"Tokio 2020: Gaby L\u00f3pez y Rommel Pacheco lideraron a la delegaci\u00f3n mexicana\"}]},{\"@type\":\"WebSite\",\"@id\":\"https:\\\/\\\/quehacerpolitico.mx\\\/#website\",\"url\":\"https:\\\/\\\/quehacerpolitico.mx\\\/\",\"name\":\"\",\"description\":\"\",\"potentialAction\":[{\"@type\":\"SearchAction\",\"target\":{\"@type\":\"EntryPoint\",\"urlTemplate\":\"https:\\\/\\\/quehacerpolitico.mx\\\/?s={search_term_string}\"},\"query-input\":{\"@type\":\"PropertyValueSpecification\",\"valueRequired\":true,\"valueName\":\"search_term_string\"}}],\"inLanguage\":\"es\"},{\"@type\":\"Person\",\"@id\":\"https:\\\/\\\/quehacerpolitico.mx\\\/#\\\/schema\\\/person\\\/496d8ad2d1d3f8036101dca7ee39e585\",\"name\":\"Redacci\u00f3n QP\",\"image\":{\"@type\":\"ImageObject\",\"inLanguage\":\"es\",\"@id\":\"https:\\\/\\\/secure.gravatar.com\\\/avatar\\\/c7164ed6fdec453195284ad24a5ae5b6e1eed2b848477fa2a4787ba9adf39a41?s=96&d=mm&r=g\",\"url\":\"https:\\\/\\\/secure.gravatar.com\\\/avatar\\\/c7164ed6fdec453195284ad24a5ae5b6e1eed2b848477fa2a4787ba9adf39a41?s=96&d=mm&r=g\",\"contentUrl\":\"https:\\\/\\\/secure.gravatar.com\\\/avatar\\\/c7164ed6fdec453195284ad24a5ae5b6e1eed2b848477fa2a4787ba9adf39a41?s=96&d=mm&r=g\",\"caption\":\"Redacci\u00f3n QP\"},\"url\":\"https:\\\/\\\/quehacerpolitico.mx\\\/?author=2\"}]}<\/script>\n<!-- \/ Yoast SEO plugin. -->","yoast_head_json":{"title":"Tokio 2020: Gaby L\u00f3pez y Rommel Pacheco lideraron a la delegaci\u00f3n mexicana -","robots":{"index":"index","follow":"follow","max-snippet":"max-snippet:-1","max-image-preview":"max-image-preview:large","max-video-preview":"max-video-preview:-1"},"canonical":"https:\/\/quehacerpolitico.mx\/?p=83141","og_locale":"es_MX","og_type":"article","og_title":"Tokio 2020: Gaby L\u00f3pez y Rommel Pacheco lideraron a la delegaci\u00f3n mexicana -","og_description":"Por Redacci\u00f3n QP La delegaci\u00f3n mexicana desfil\u00f3 en la recta final de la inauguraci\u00f3n La...","og_url":"https:\/\/quehacerpolitico.mx\/?p=83141","article_published_time":"2021-07-23T15:40:34+00:00","og_image":[{"width":1030,"height":986,"url":"https:\/\/quehacerpolitico.mx\/wp-content\/uploads\/2021\/07\/ABDD7B76-B3A4-4334-8EE9-E82C795E5854.jpeg","type":"image\/jpeg"}],"author":"Redacci\u00f3n QP","twitter_card":"summary_large_image","twitter_misc":{"Escrito por":"Redacci\u00f3n QP","Tiempo de lectura":"1 minuto"},"schema":{"@context":"https:\/\/schema.org","@graph":[{"@type":"Article","@id":"https:\/\/quehacerpolitico.mx\/?p=83141#article","isPartOf":{"@id":"https:\/\/quehacerpolitico.mx\/?p=83141"},"author":{"name":"Redacci\u00f3n QP","@id":"https:\/\/quehacerpolitico.mx\/#\/schema\/person\/496d8ad2d1d3f8036101dca7ee39e585"},"headline":"Tokio 2020: Gaby L\u00f3pez y Rommel Pacheco lideraron a la delegaci\u00f3n mexicana","datePublished":"2021-07-23T15:40:34+00:00","mainEntityOfPage":{"@id":"https:\/\/quehacerpolitico.mx\/?p=83141"},"wordCount":172,"commentCount":0,"image":{"@id":"https:\/\/quehacerpolitico.mx\/?p=83141#primaryimage"},"thumbnailUrl":"https:\/\/quehacerpolitico.mx\/wp-content\/uploads\/2021\/07\/ABDD7B76-B3A4-4334-8EE9-E82C795E5854.jpeg","articleSection":["Deportes"],"inLanguage":"es","potentialAction":[{"@type":"CommentAction","name":"Comment","target":["https:\/\/quehacerpolitico.mx\/?p=83141#respond"]}]},{"@type":"WebPage","@id":"https:\/\/quehacerpolitico.mx\/?p=83141","url":"https:\/\/quehacerpolitico.mx\/?p=83141","name":"Tokio 2020: Gaby L\u00f3pez y Rommel Pacheco lideraron a la delegaci\u00f3n mexicana -","isPartOf":{"@id":"https:\/\/quehacerpolitico.mx\/#website"},"primaryImageOfPage":{"@id":"https:\/\/quehacerpolitico.mx\/?p=83141#primaryimage"},"image":{"@id":"https:\/\/quehacerpolitico.mx\/?p=83141#primaryimage"},"thumbnailUrl":"https:\/\/quehacerpolitico.mx\/wp-content\/uploads\/2021\/07\/ABDD7B76-B3A4-4334-8EE9-E82C795E5854.jpeg","datePublished":"2021-07-23T15:40:34+00:00","author":{"@id":"https:\/\/quehacerpolitico.mx\/#\/schema\/person\/496d8ad2d1d3f8036101dca7ee39e585"},"breadcrumb":{"@id":"https:\/\/quehacerpolitico.mx\/?p=83141#breadcrumb"},"inLanguage":"es","potentialAction":[{"@type":"ReadAction","target":["https:\/\/quehacerpolitico.mx\/?p=83141"]}]},{"@type":"ImageObject","inLanguage":"es","@id":"https:\/\/quehacerpolitico.mx\/?p=83141#primaryimage","url":"https:\/\/quehacerpolitico.mx\/wp-content\/uploads\/2021\/07\/ABDD7B76-B3A4-4334-8EE9-E82C795E5854.jpeg","contentUrl":"https:\/\/quehacerpolitico.mx\/wp-content\/uploads\/2021\/07\/ABDD7B76-B3A4-4334-8EE9-E82C795E5854.jpeg","width":1030,"height":986},{"@type":"BreadcrumbList","@id":"https:\/\/quehacerpolitico.mx\/?p=83141#breadcrumb","itemListElement":[{"@type":"ListItem","position":1,"name":"Inicio","item":"https:\/\/quehacerpolitico.mx\/"},{"@type":"ListItem","position":2,"name":"Tokio 2020: Gaby L\u00f3pez y Rommel Pacheco lideraron a la delegaci\u00f3n mexicana"}]},{"@type":"WebSite","@id":"https:\/\/quehacerpolitico.mx\/#website","url":"https:\/\/quehacerpolitico.mx\/","name":"","description":"","potentialAction":[{"@type":"SearchAction","target":{"@type":"EntryPoint","urlTemplate":"https:\/\/quehacerpolitico.mx\/?s={search_term_string}"},"query-input":{"@type":"PropertyValueSpecification","valueRequired":true,"valueName":"search_term_string"}}],"inLanguage":"es"},{"@type":"Person","@id":"https:\/\/quehacerpolitico.mx\/#\/schema\/person\/496d8ad2d1d3f8036101dca7ee39e585","name":"Redacci\u00f3n QP","image":{"@type":"ImageObject","inLanguage":"es","@id":"https:\/\/secure.gravatar.com\/avatar\/c7164ed6fdec453195284ad24a5ae5b6e1eed2b848477fa2a4787ba9adf39a41?s=96&d=mm&r=g","url":"https:\/\/secure.gravatar.com\/avatar\/c7164ed6fdec453195284ad24a5ae5b6e1eed2b848477fa2a4787ba9adf39a41?s=96&d=mm&r=g","contentUrl":"https:\/\/secure.gravatar.com\/avatar\/c7164ed6fdec453195284ad24a5ae5b6e1eed2b848477fa2a4787ba9adf39a41?s=96&d=mm&r=g","caption":"Redacci\u00f3n QP"},"url":"https:\/\/quehacerpolitico.mx\/?author=2"}]}},"featured_image_urls":{"full":["https:\/\/quehacerpolitico.mx\/wp-content\/uploads\/2021\/07\/ABDD7B76-B3A4-4334-8EE9-E82C795E5854.jpeg",1030,986,false],"thumbnail":["https:\/\/quehacerpolitico.mx\/wp-content\/uploads\/2021\/07\/ABDD7B76-B3A4-4334-8EE9-E82C795E5854-150x150.jpeg",150,150,true],"medium":["https:\/\/quehacerpolitico.mx\/wp-content\/uploads\/2021\/07\/ABDD7B76-B3A4-4334-8EE9-E82C795E5854-300x287.jpeg",300,287,true],"medium_large":["https:\/\/quehacerpolitico.mx\/wp-content\/uploads\/2021\/07\/ABDD7B76-B3A4-4334-8EE9-E82C795E5854-768x735.jpeg",640,613,true],"large":["https:\/\/quehacerpolitico.mx\/wp-content\/uploads\/2021\/07\/ABDD7B76-B3A4-4334-8EE9-E82C795E5854-1024x980.jpeg",640,613,true],"1536x1536":["https:\/\/quehacerpolitico.mx\/wp-content\/uploads\/2021\/07\/ABDD7B76-B3A4-4334-8EE9-E82C795E5854.jpeg",1030,986,false],"2048x2048":["https:\/\/quehacerpolitico.mx\/wp-content\/uploads\/2021\/07\/ABDD7B76-B3A4-4334-8EE9-E82C795E5854.jpeg",1030,986,false],"covernews-featured":["https:\/\/quehacerpolitico.mx\/wp-content\/uploads\/2021\/07\/ABDD7B76-B3A4-4334-8EE9-E82C795E5854.jpeg",1024,980,false],"covernews-medium":["https:\/\/quehacerpolitico.mx\/wp-content\/uploads\/2021\/07\/ABDD7B76-B3A4-4334-8EE9-E82C795E5854.jpeg",355,340,false]},"author_info":{"display_name":"Redacci\u00f3n QP","author_link":"https:\/\/quehacerpolitico.mx\/?author=2"},"category_info":"<a href=\"https:\/\/quehacerpolitico.mx\/?cat=54\" rel=\"category\">Deportes<\/a>","tag_info":"Deportes","comment_count":"0","_links":{"self":[{"href":"https:\/\/quehacerpolitico.mx\/index.php?rest_route=\/wp\/v2\/posts\/83141","targetHints":{"allow":["GET"]}}],"collection":[{"href":"https:\/\/quehacerpolitico.mx\/index.php?rest_route=\/wp\/v2\/posts"}],"about":[{"href":"https:\/\/quehacerpolitico.mx\/index.php?rest_route=\/wp\/v2\/types\/post"}],"author":[{"embeddable":true,"href":"https:\/\/quehacerpolitico.mx\/index.php?rest_route=\/wp\/v2\/users\/2"}],"replies":[{"embeddable":true,"href":"https:\/\/quehacerpolitico.mx\/index.php?rest_route=%2Fwp%2Fv2%2Fcomments&post=83141"}],"version-history":[{"count":0,"href":"https:\/\/quehacerpolitico.mx\/index.php?rest_route=\/wp\/v2\/posts\/83141\/revisions"}],"wp:featuredmedia":[{"embeddable":true,"href":"https:\/\/quehacerpolitico.mx\/index.php?rest_route=\/wp\/v2\/media\/83142"}],"wp:attachment":[{"href":"https:\/\/quehacerpolitico.mx\/index.php?rest_route=%2Fwp%2Fv2%2Fmedia&parent=83141"}],"wp:term":[{"taxonomy":"category","embeddable":true,"href":"https:\/\/quehacerpolitico.mx\/index.php?rest_route=%2Fwp%2Fv2%2Fcategories&post=83141"},{"taxonomy":"post_tag","embeddable":true,"href":"https:\/\/quehacerpolitico.mx\/index.php?rest_route=%2Fwp%2Fv2%2Ftags&post=83141"}],"curies":[{"name":"wp","href":"https:\/\/api.w.org\/{rel}","templated":true}]}}