{"id":82537,"date":"2021-07-02T22:28:32","date_gmt":"2021-07-02T22:28:32","guid":{"rendered":"https:\/\/quehacerpolitico.mx\/?p=82537"},"modified":"2021-07-02T22:28:32","modified_gmt":"2021-07-02T22:28:32","slug":"recorta-hacienda-estimulo-a-gasolinas-y-diesel","status":"publish","type":"post","link":"https:\/\/quehacerpolitico.mx\/?p=82537","title":{"rendered":"Recorta Hacienda est\u00edmulo a gasolinas y di\u00e9sel"},"content":{"rendered":"\n<p>Por Redacci\u00f3n QP<\/p>\n\n\n\n<p>La Secretar\u00eda de Hacienda aplicar\u00e1 esta medida tanto a las gasolinas Magna, Premium, as\u00ed como al di\u00e9sel del 3 al 9 de julio de este a\u00f1o.<\/p>\n\n\n\n<p>La&nbsp;<strong>Secretar\u00eda de Hacienda y Cr\u00e9dito P\u00fablico<\/strong>(SHCP) baj\u00f3 el est\u00edmulo fiscal al&nbsp;<strong>Impuesto Especial sobre Producci\u00f3n y Servicios&nbsp;<\/strong>(IEPS) a las<strong>&nbsp;gasolinas Magna y Premium<\/strong>, as\u00ed como para el&nbsp;<strong>di\u00e9sel,<\/strong>&nbsp;luego del alza de la semana previa, por lo que a partir de este s\u00e1bado los<strong>conductores pagar\u00e1n un poco m\u00e1s de impuestos&nbsp;<\/strong>para estos combustibles.&nbsp;<\/p>\n\n\n\n<p><strong>\u00bfQu\u00e9 es el IEPS?&nbsp;<\/strong><\/p>\n\n\n\n<p>Es el gravamen que se paga por la producci\u00f3n y venta o importaci\u00f3n de gasolinas, alcoholes, cerveza y tabacos, entre otros bienes, principalmente.&nbsp;<\/p>\n\n\n\n<p>Igual que el IVA es un impuesto indirecto, debido a que los contribuyentes no lo pagan directamente sino que lo trasladan o cobran a sus clientes (excepto en importaci\u00f3n) y el contribuyente s\u00f3lo lo reporta al SAT.&nbsp;<\/p>\n\n\n\n<p>De acuerdo con lo publicado en el&nbsp;<strong>Diario Oficial de la Federaci\u00f3n<\/strong>&nbsp;(DOF), esta medida se aplicar\u00e1 a partir del s\u00e1bado 3 al 9 de julio de 2021. Gasolina menor a 91 octanos (Magna): se pagar\u00e1 un impuesto de 2.57 pesos por litro, debido a que el est\u00edmulo baj\u00f3 a 49.6 por ciento, desde 53.26 por ciento que se le asign\u00f3 la semana pasada.&nbsp;<\/p>\n\n\n\n<p>Gasolina mayor o igual a 91 octanos (Premium): se pagar\u00e1 una cuota de 3.23 pesos al aplicarse un est\u00edmulo de 25 por ciento, respecto al 29.71 por ciento de la semana previa.&nbsp;<\/p>\n\n\n\n<p>Para el di\u00e9sel: se pagar\u00e1 un impuesto de 4.17 pesos por litro al contar con un est\u00edmulo de 25.7 por ciento, contra 31.9 por ciento que recibi\u00f3 la semana pasada.&nbsp;<\/p>\n\n\n\n<p>En M\u00e9xico se paga IEPS por cada litro de gasolina que se adquiere; no obstante, para evitar la volatilidad, la dependencia establece cada semana un est\u00edmulo fiscal con base en el tipo de cambio, precios de referencia internacionales y costos log\u00edsticos.<\/p>\n","protected":false},"excerpt":{"rendered":"<p>Por Redacci\u00f3n QP La Secretar\u00eda de Hacienda aplicar\u00e1 esta medida tanto a las gasolinas Magna,&#8230;<\/p>\n","protected":false},"author":2,"featured_media":82538,"comment_status":"open","ping_status":"open","sticky":false,"template":"","format":"standard","meta":{"_monsterinsights_skip_tracking":false,"_monsterinsights_sitenote_active":false,"_monsterinsights_sitenote_note":"","_monsterinsights_sitenote_category":0,"footnotes":""},"categories":[56],"tags":[],"class_list":["post-82537","post","type-post","status-publish","format-standard","has-post-thumbnail","hentry","category-economia"],"yoast_head":"<!-- This site is optimized with the Yoast SEO plugin v27.3 - https:\/\/yoast.com\/product\/yoast-seo-wordpress\/ -->\n<title>Recorta Hacienda est\u00edmulo a gasolinas y di\u00e9sel -<\/title>\n<meta name=\"robots\" content=\"index, follow, max-snippet:-1, max-image-preview:large, max-video-preview:-1\" \/>\n<link rel=\"canonical\" href=\"https:\/\/quehacerpolitico.mx\/?p=82537\" \/>\n<meta property=\"og:locale\" content=\"es_MX\" \/>\n<meta property=\"og:type\" content=\"article\" \/>\n<meta property=\"og:title\" content=\"Recorta Hacienda est\u00edmulo a gasolinas y di\u00e9sel -\" \/>\n<meta property=\"og:description\" content=\"Por Redacci\u00f3n QP La Secretar\u00eda de Hacienda aplicar\u00e1 esta medida tanto a las gasolinas Magna,...\" \/>\n<meta property=\"og:url\" content=\"https:\/\/quehacerpolitico.mx\/?p=82537\" \/>\n<meta property=\"article:published_time\" content=\"2021-07-02T22:28:32+00:00\" \/>\n<meta property=\"og:image\" content=\"https:\/\/quehacerpolitico.mx\/wp-content\/uploads\/2021\/07\/845E249E-13DF-4DAA-9F69-5E47011B16F8.jpeg\" \/>\n\t<meta property=\"og:image:width\" content=\"669\" \/>\n\t<meta property=\"og:image:height\" content=\"459\" \/>\n\t<meta property=\"og:image:type\" content=\"image\/jpeg\" \/>\n<meta name=\"author\" content=\"Redacci\u00f3n QP\" \/>\n<meta name=\"twitter:card\" content=\"summary_large_image\" \/>\n<meta name=\"twitter:label1\" content=\"Escrito por\" \/>\n\t<meta name=\"twitter:data1\" content=\"Redacci\u00f3n QP\" \/>\n\t<meta name=\"twitter:label2\" content=\"Tiempo de lectura\" \/>\n\t<meta name=\"twitter:data2\" content=\"2 minutos\" \/>\n<script type=\"application\/ld+json\" class=\"yoast-schema-graph\">{\"@context\":\"https:\\\/\\\/schema.org\",\"@graph\":[{\"@type\":\"Article\",\"@id\":\"https:\\\/\\\/quehacerpolitico.mx\\\/?p=82537#article\",\"isPartOf\":{\"@id\":\"https:\\\/\\\/quehacerpolitico.mx\\\/?p=82537\"},\"author\":{\"name\":\"Redacci\u00f3n QP\",\"@id\":\"https:\\\/\\\/quehacerpolitico.mx\\\/#\\\/schema\\\/person\\\/496d8ad2d1d3f8036101dca7ee39e585\"},\"headline\":\"Recorta Hacienda est\u00edmulo a gasolinas y di\u00e9sel\",\"datePublished\":\"2021-07-02T22:28:32+00:00\",\"mainEntityOfPage\":{\"@id\":\"https:\\\/\\\/quehacerpolitico.mx\\\/?p=82537\"},\"wordCount\":351,\"commentCount\":0,\"image\":{\"@id\":\"https:\\\/\\\/quehacerpolitico.mx\\\/?p=82537#primaryimage\"},\"thumbnailUrl\":\"https:\\\/\\\/quehacerpolitico.mx\\\/wp-content\\\/uploads\\\/2021\\\/07\\\/845E249E-13DF-4DAA-9F69-5E47011B16F8.jpeg\",\"articleSection\":[\"Econom\u00eda\"],\"inLanguage\":\"es\",\"potentialAction\":[{\"@type\":\"CommentAction\",\"name\":\"Comment\",\"target\":[\"https:\\\/\\\/quehacerpolitico.mx\\\/?p=82537#respond\"]}]},{\"@type\":\"WebPage\",\"@id\":\"https:\\\/\\\/quehacerpolitico.mx\\\/?p=82537\",\"url\":\"https:\\\/\\\/quehacerpolitico.mx\\\/?p=82537\",\"name\":\"Recorta Hacienda est\u00edmulo a gasolinas y di\u00e9sel -\",\"isPartOf\":{\"@id\":\"https:\\\/\\\/quehacerpolitico.mx\\\/#website\"},\"primaryImageOfPage\":{\"@id\":\"https:\\\/\\\/quehacerpolitico.mx\\\/?p=82537#primaryimage\"},\"image\":{\"@id\":\"https:\\\/\\\/quehacerpolitico.mx\\\/?p=82537#primaryimage\"},\"thumbnailUrl\":\"https:\\\/\\\/quehacerpolitico.mx\\\/wp-content\\\/uploads\\\/2021\\\/07\\\/845E249E-13DF-4DAA-9F69-5E47011B16F8.jpeg\",\"datePublished\":\"2021-07-02T22:28:32+00:00\",\"author\":{\"@id\":\"https:\\\/\\\/quehacerpolitico.mx\\\/#\\\/schema\\\/person\\\/496d8ad2d1d3f8036101dca7ee39e585\"},\"breadcrumb\":{\"@id\":\"https:\\\/\\\/quehacerpolitico.mx\\\/?p=82537#breadcrumb\"},\"inLanguage\":\"es\",\"potentialAction\":[{\"@type\":\"ReadAction\",\"target\":[\"https:\\\/\\\/quehacerpolitico.mx\\\/?p=82537\"]}]},{\"@type\":\"ImageObject\",\"inLanguage\":\"es\",\"@id\":\"https:\\\/\\\/quehacerpolitico.mx\\\/?p=82537#primaryimage\",\"url\":\"https:\\\/\\\/quehacerpolitico.mx\\\/wp-content\\\/uploads\\\/2021\\\/07\\\/845E249E-13DF-4DAA-9F69-5E47011B16F8.jpeg\",\"contentUrl\":\"https:\\\/\\\/quehacerpolitico.mx\\\/wp-content\\\/uploads\\\/2021\\\/07\\\/845E249E-13DF-4DAA-9F69-5E47011B16F8.jpeg\",\"width\":669,\"height\":459},{\"@type\":\"BreadcrumbList\",\"@id\":\"https:\\\/\\\/quehacerpolitico.mx\\\/?p=82537#breadcrumb\",\"itemListElement\":[{\"@type\":\"ListItem\",\"position\":1,\"name\":\"Inicio\",\"item\":\"https:\\\/\\\/quehacerpolitico.mx\\\/\"},{\"@type\":\"ListItem\",\"position\":2,\"name\":\"Recorta Hacienda est\u00edmulo a gasolinas y di\u00e9sel\"}]},{\"@type\":\"WebSite\",\"@id\":\"https:\\\/\\\/quehacerpolitico.mx\\\/#website\",\"url\":\"https:\\\/\\\/quehacerpolitico.mx\\\/\",\"name\":\"\",\"description\":\"\",\"potentialAction\":[{\"@type\":\"SearchAction\",\"target\":{\"@type\":\"EntryPoint\",\"urlTemplate\":\"https:\\\/\\\/quehacerpolitico.mx\\\/?s={search_term_string}\"},\"query-input\":{\"@type\":\"PropertyValueSpecification\",\"valueRequired\":true,\"valueName\":\"search_term_string\"}}],\"inLanguage\":\"es\"},{\"@type\":\"Person\",\"@id\":\"https:\\\/\\\/quehacerpolitico.mx\\\/#\\\/schema\\\/person\\\/496d8ad2d1d3f8036101dca7ee39e585\",\"name\":\"Redacci\u00f3n QP\",\"image\":{\"@type\":\"ImageObject\",\"inLanguage\":\"es\",\"@id\":\"https:\\\/\\\/secure.gravatar.com\\\/avatar\\\/c7164ed6fdec453195284ad24a5ae5b6e1eed2b848477fa2a4787ba9adf39a41?s=96&d=mm&r=g\",\"url\":\"https:\\\/\\\/secure.gravatar.com\\\/avatar\\\/c7164ed6fdec453195284ad24a5ae5b6e1eed2b848477fa2a4787ba9adf39a41?s=96&d=mm&r=g\",\"contentUrl\":\"https:\\\/\\\/secure.gravatar.com\\\/avatar\\\/c7164ed6fdec453195284ad24a5ae5b6e1eed2b848477fa2a4787ba9adf39a41?s=96&d=mm&r=g\",\"caption\":\"Redacci\u00f3n QP\"},\"url\":\"https:\\\/\\\/quehacerpolitico.mx\\\/?author=2\"}]}<\/script>\n<!-- \/ Yoast SEO plugin. -->","yoast_head_json":{"title":"Recorta Hacienda est\u00edmulo a gasolinas y di\u00e9sel -","robots":{"index":"index","follow":"follow","max-snippet":"max-snippet:-1","max-image-preview":"max-image-preview:large","max-video-preview":"max-video-preview:-1"},"canonical":"https:\/\/quehacerpolitico.mx\/?p=82537","og_locale":"es_MX","og_type":"article","og_title":"Recorta Hacienda est\u00edmulo a gasolinas y di\u00e9sel -","og_description":"Por Redacci\u00f3n QP La Secretar\u00eda de Hacienda aplicar\u00e1 esta medida tanto a las gasolinas Magna,...","og_url":"https:\/\/quehacerpolitico.mx\/?p=82537","article_published_time":"2021-07-02T22:28:32+00:00","og_image":[{"width":669,"height":459,"url":"https:\/\/quehacerpolitico.mx\/wp-content\/uploads\/2021\/07\/845E249E-13DF-4DAA-9F69-5E47011B16F8.jpeg","type":"image\/jpeg"}],"author":"Redacci\u00f3n QP","twitter_card":"summary_large_image","twitter_misc":{"Escrito por":"Redacci\u00f3n QP","Tiempo de lectura":"2 minutos"},"schema":{"@context":"https:\/\/schema.org","@graph":[{"@type":"Article","@id":"https:\/\/quehacerpolitico.mx\/?p=82537#article","isPartOf":{"@id":"https:\/\/quehacerpolitico.mx\/?p=82537"},"author":{"name":"Redacci\u00f3n QP","@id":"https:\/\/quehacerpolitico.mx\/#\/schema\/person\/496d8ad2d1d3f8036101dca7ee39e585"},"headline":"Recorta Hacienda est\u00edmulo a gasolinas y di\u00e9sel","datePublished":"2021-07-02T22:28:32+00:00","mainEntityOfPage":{"@id":"https:\/\/quehacerpolitico.mx\/?p=82537"},"wordCount":351,"commentCount":0,"image":{"@id":"https:\/\/quehacerpolitico.mx\/?p=82537#primaryimage"},"thumbnailUrl":"https:\/\/quehacerpolitico.mx\/wp-content\/uploads\/2021\/07\/845E249E-13DF-4DAA-9F69-5E47011B16F8.jpeg","articleSection":["Econom\u00eda"],"inLanguage":"es","potentialAction":[{"@type":"CommentAction","name":"Comment","target":["https:\/\/quehacerpolitico.mx\/?p=82537#respond"]}]},{"@type":"WebPage","@id":"https:\/\/quehacerpolitico.mx\/?p=82537","url":"https:\/\/quehacerpolitico.mx\/?p=82537","name":"Recorta Hacienda est\u00edmulo a gasolinas y di\u00e9sel -","isPartOf":{"@id":"https:\/\/quehacerpolitico.mx\/#website"},"primaryImageOfPage":{"@id":"https:\/\/quehacerpolitico.mx\/?p=82537#primaryimage"},"image":{"@id":"https:\/\/quehacerpolitico.mx\/?p=82537#primaryimage"},"thumbnailUrl":"https:\/\/quehacerpolitico.mx\/wp-content\/uploads\/2021\/07\/845E249E-13DF-4DAA-9F69-5E47011B16F8.jpeg","datePublished":"2021-07-02T22:28:32+00:00","author":{"@id":"https:\/\/quehacerpolitico.mx\/#\/schema\/person\/496d8ad2d1d3f8036101dca7ee39e585"},"breadcrumb":{"@id":"https:\/\/quehacerpolitico.mx\/?p=82537#breadcrumb"},"inLanguage":"es","potentialAction":[{"@type":"ReadAction","target":["https:\/\/quehacerpolitico.mx\/?p=82537"]}]},{"@type":"ImageObject","inLanguage":"es","@id":"https:\/\/quehacerpolitico.mx\/?p=82537#primaryimage","url":"https:\/\/quehacerpolitico.mx\/wp-content\/uploads\/2021\/07\/845E249E-13DF-4DAA-9F69-5E47011B16F8.jpeg","contentUrl":"https:\/\/quehacerpolitico.mx\/wp-content\/uploads\/2021\/07\/845E249E-13DF-4DAA-9F69-5E47011B16F8.jpeg","width":669,"height":459},{"@type":"BreadcrumbList","@id":"https:\/\/quehacerpolitico.mx\/?p=82537#breadcrumb","itemListElement":[{"@type":"ListItem","position":1,"name":"Inicio","item":"https:\/\/quehacerpolitico.mx\/"},{"@type":"ListItem","position":2,"name":"Recorta Hacienda est\u00edmulo a gasolinas y di\u00e9sel"}]},{"@type":"WebSite","@id":"https:\/\/quehacerpolitico.mx\/#website","url":"https:\/\/quehacerpolitico.mx\/","name":"","description":"","potentialAction":[{"@type":"SearchAction","target":{"@type":"EntryPoint","urlTemplate":"https:\/\/quehacerpolitico.mx\/?s={search_term_string}"},"query-input":{"@type":"PropertyValueSpecification","valueRequired":true,"valueName":"search_term_string"}}],"inLanguage":"es"},{"@type":"Person","@id":"https:\/\/quehacerpolitico.mx\/#\/schema\/person\/496d8ad2d1d3f8036101dca7ee39e585","name":"Redacci\u00f3n QP","image":{"@type":"ImageObject","inLanguage":"es","@id":"https:\/\/secure.gravatar.com\/avatar\/c7164ed6fdec453195284ad24a5ae5b6e1eed2b848477fa2a4787ba9adf39a41?s=96&d=mm&r=g","url":"https:\/\/secure.gravatar.com\/avatar\/c7164ed6fdec453195284ad24a5ae5b6e1eed2b848477fa2a4787ba9adf39a41?s=96&d=mm&r=g","contentUrl":"https:\/\/secure.gravatar.com\/avatar\/c7164ed6fdec453195284ad24a5ae5b6e1eed2b848477fa2a4787ba9adf39a41?s=96&d=mm&r=g","caption":"Redacci\u00f3n QP"},"url":"https:\/\/quehacerpolitico.mx\/?author=2"}]}},"featured_image_urls":{"full":["https:\/\/quehacerpolitico.mx\/wp-content\/uploads\/2021\/07\/845E249E-13DF-4DAA-9F69-5E47011B16F8.jpeg",669,459,false],"thumbnail":["https:\/\/quehacerpolitico.mx\/wp-content\/uploads\/2021\/07\/845E249E-13DF-4DAA-9F69-5E47011B16F8-150x150.jpeg",150,150,true],"medium":["https:\/\/quehacerpolitico.mx\/wp-content\/uploads\/2021\/07\/845E249E-13DF-4DAA-9F69-5E47011B16F8-300x206.jpeg",300,206,true],"medium_large":["https:\/\/quehacerpolitico.mx\/wp-content\/uploads\/2021\/07\/845E249E-13DF-4DAA-9F69-5E47011B16F8.jpeg",640,439,false],"large":["https:\/\/quehacerpolitico.mx\/wp-content\/uploads\/2021\/07\/845E249E-13DF-4DAA-9F69-5E47011B16F8.jpeg",640,439,false],"1536x1536":["https:\/\/quehacerpolitico.mx\/wp-content\/uploads\/2021\/07\/845E249E-13DF-4DAA-9F69-5E47011B16F8.jpeg",669,459,false],"2048x2048":["https:\/\/quehacerpolitico.mx\/wp-content\/uploads\/2021\/07\/845E249E-13DF-4DAA-9F69-5E47011B16F8.jpeg",669,459,false],"covernews-featured":["https:\/\/quehacerpolitico.mx\/wp-content\/uploads\/2021\/07\/845E249E-13DF-4DAA-9F69-5E47011B16F8.jpeg",669,459,false],"covernews-medium":["https:\/\/quehacerpolitico.mx\/wp-content\/uploads\/2021\/07\/845E249E-13DF-4DAA-9F69-5E47011B16F8.jpeg",496,340,false]},"author_info":{"display_name":"Redacci\u00f3n QP","author_link":"https:\/\/quehacerpolitico.mx\/?author=2"},"category_info":"<a href=\"https:\/\/quehacerpolitico.mx\/?cat=56\" rel=\"category\">Econom\u00eda<\/a>","tag_info":"Econom\u00eda","comment_count":"0","_links":{"self":[{"href":"https:\/\/quehacerpolitico.mx\/index.php?rest_route=\/wp\/v2\/posts\/82537","targetHints":{"allow":["GET"]}}],"collection":[{"href":"https:\/\/quehacerpolitico.mx\/index.php?rest_route=\/wp\/v2\/posts"}],"about":[{"href":"https:\/\/quehacerpolitico.mx\/index.php?rest_route=\/wp\/v2\/types\/post"}],"author":[{"embeddable":true,"href":"https:\/\/quehacerpolitico.mx\/index.php?rest_route=\/wp\/v2\/users\/2"}],"replies":[{"embeddable":true,"href":"https:\/\/quehacerpolitico.mx\/index.php?rest_route=%2Fwp%2Fv2%2Fcomments&post=82537"}],"version-history":[{"count":0,"href":"https:\/\/quehacerpolitico.mx\/index.php?rest_route=\/wp\/v2\/posts\/82537\/revisions"}],"wp:featuredmedia":[{"embeddable":true,"href":"https:\/\/quehacerpolitico.mx\/index.php?rest_route=\/wp\/v2\/media\/82538"}],"wp:attachment":[{"href":"https:\/\/quehacerpolitico.mx\/index.php?rest_route=%2Fwp%2Fv2%2Fmedia&parent=82537"}],"wp:term":[{"taxonomy":"category","embeddable":true,"href":"https:\/\/quehacerpolitico.mx\/index.php?rest_route=%2Fwp%2Fv2%2Fcategories&post=82537"},{"taxonomy":"post_tag","embeddable":true,"href":"https:\/\/quehacerpolitico.mx\/index.php?rest_route=%2Fwp%2Fv2%2Ftags&post=82537"}],"curies":[{"name":"wp","href":"https:\/\/api.w.org\/{rel}","templated":true}]}}