{"id":82534,"date":"2021-07-02T20:41:57","date_gmt":"2021-07-02T20:41:57","guid":{"rendered":"https:\/\/quehacerpolitico.mx\/?p=82534"},"modified":"2021-07-02T20:41:57","modified_gmt":"2021-07-02T20:41:57","slug":"se-registra-fuerte-incendio-en-ducto-submarino-de-pemex","status":"publish","type":"post","link":"https:\/\/quehacerpolitico.mx\/?p=82534","title":{"rendered":"Se registra fuerte incendio en ducto submarino de Pemex"},"content":{"rendered":"\n<p>Por Redacci\u00f3n QP<\/p>\n\n\n\n<p>Durante la madrugada del d\u00eda de hoy, se registr\u00f3 un fuerte\u00a0incendio en uno de los ductos submarinos del complejo Ku-Maloob-Zaap de\u00a0Pemex, localizado en el Golfo de M\u00e9xico.<\/p>\n\n\n\n<p>Fuentes revelaron que de acuerdo a los primeros reportes el siniestro se origin\u00f3 debido a un presunto derrame de hidrocarburo de una v\u00e1lvula de control de un\u00a0gasoducto que lo transporta entre plataformas.<\/p>\n\n\n\n<figure class=\"wp-block-embed is-type-rich is-provider-twitter wp-block-embed-twitter\"><div class=\"wp-block-embed__wrapper\">\n<blockquote class=\"twitter-tweet\" data-width=\"550\" data-dnt=\"true\"><p lang=\"es\" dir=\"ltr\">\ud83d\udea8 Incendio registrado en aguas del Golfo de M\u00e9xico <br><br>A 400 metros de la plataforma Ku-Charly (dentro del Activo Integral de Producci\u00f3n Ku Maloob Zaap)<br><br>Una v\u00e1lvula de una l\u00ednea submarina habr\u00eda reventado y provocado el incendio<br><br>Esta fuera de control hace 8 horas <a href=\"https:\/\/t.co\/KceOTDU1kX\">pic.twitter.com\/KceOTDU1kX<\/a><\/p>&mdash; Manuel Lopez San Martin (@MLopezSanMartin) <a href=\"https:\/\/twitter.com\/MLopezSanMartin\/status\/1411045300781948931?ref_src=twsrc%5Etfw\">July 2, 2021<\/a><\/blockquote><script async src=\"https:\/\/platform.twitter.com\/widgets.js\" charset=\"utf-8\"><\/script>\n<\/div><\/figure>\n\n\n\n<p>A pesar de que no se han reportado v\u00edctimas ni lesionados, ha trascendido que el siniestro se encuentra fuera de control desde hace ocho horas, a pesar de que tres barcos intentan apagarlo.<\/p>\n\n\n\n<p>Un video por medio de redes sociales ha empezado a circular, en el que se puede observar la ferocidad del fuego que se desarrolla en medio del mar frente a las costas de Ciudad del Carmen, Campeche.<\/p>\n\n\n\n<p>El Centro Regional de Atenci\u00f3n a Emergencias de Pemex activ\u00f3 su plan de contingencia por lo que las embarcaciones Isla Arboledas y \u00c1rbol Grande, entre otras, realizan trabajos de sofocaci\u00f3n mediante cortinas de agua.<\/p>\n\n\n\n<figure class=\"wp-block-embed is-type-rich is-provider-twitter wp-block-embed-twitter\"><div class=\"wp-block-embed__wrapper\">\n<blockquote class=\"twitter-tweet\" data-width=\"550\" data-dnt=\"true\"><p lang=\"es\" dir=\"ltr\">Oigan, <a href=\"https:\/\/twitter.com\/Pemex?ref_src=twsrc%5Etfw\">@Pemex<\/a>, \u00bfqu\u00e9 sucede en la plataforma Ku Sierra? Hay versiones de que revent\u00f3 una l\u00ednea submarina. Informen <a href=\"https:\/\/t.co\/6HrVkqw0s7\">https:\/\/t.co\/6HrVkqw0s7<\/a><\/p>&mdash; Pascal (@beltrandelrio) <a href=\"https:\/\/twitter.com\/beltrandelrio\/status\/1411019616915185669?ref_src=twsrc%5Etfw\">July 2, 2021<\/a><\/blockquote><script async src=\"https:\/\/platform.twitter.com\/widgets.js\" charset=\"utf-8\"><\/script>\n<\/div><\/figure>\n\n\n\n<p>En cuanto el incendio est\u00e9 controlado, buzos de Pemex podr\u00e1n descender y cerrar la v\u00e1lvula, que se encuentra a 78 metros de profundidad.<\/p>\n\n\n\n<p>Cabe destacar que, hasta el momento, Pemex no se ha posicionado al respecto, ni ha publicado informaci\u00f3n relacionada al siniestro o la cantidad de hidrocarburo fugado.<\/p>\n","protected":false},"excerpt":{"rendered":"<p>Por Redacci\u00f3n QP Durante la madrugada del d\u00eda de hoy, se registr\u00f3 un fuerte\u00a0incendio en&#8230;<\/p>\n","protected":false},"author":2,"featured_media":82535,"comment_status":"open","ping_status":"open","sticky":false,"template":"","format":"standard","meta":{"_monsterinsights_skip_tracking":false,"_monsterinsights_sitenote_active":false,"_monsterinsights_sitenote_note":"","_monsterinsights_sitenote_category":0,"footnotes":""},"categories":[2],"tags":[],"class_list":["post-82534","post","type-post","status-publish","format-standard","has-post-thumbnail","hentry","category-noticias"],"yoast_head":"<!-- This site is optimized with the Yoast SEO plugin v27.3 - https:\/\/yoast.com\/product\/yoast-seo-wordpress\/ -->\n<title>Se registra fuerte incendio en ducto submarino de Pemex -<\/title>\n<meta name=\"robots\" content=\"index, follow, max-snippet:-1, max-image-preview:large, max-video-preview:-1\" \/>\n<link rel=\"canonical\" href=\"https:\/\/quehacerpolitico.mx\/?p=82534\" \/>\n<meta property=\"og:locale\" content=\"es_MX\" \/>\n<meta property=\"og:type\" content=\"article\" \/>\n<meta property=\"og:title\" content=\"Se registra fuerte incendio en ducto submarino de Pemex -\" \/>\n<meta property=\"og:description\" content=\"Por Redacci\u00f3n QP Durante la madrugada del d\u00eda de hoy, se registr\u00f3 un fuerte\u00a0incendio en...\" \/>\n<meta property=\"og:url\" content=\"https:\/\/quehacerpolitico.mx\/?p=82534\" \/>\n<meta property=\"article:published_time\" content=\"2021-07-02T20:41:57+00:00\" \/>\n<meta property=\"og:image\" content=\"https:\/\/quehacerpolitico.mx\/wp-content\/uploads\/2021\/07\/50376554-9CA0-44D6-A816-DE94E0ADDE0F.jpeg\" \/>\n\t<meta property=\"og:image:width\" content=\"1284\" \/>\n\t<meta property=\"og:image:height\" content=\"711\" \/>\n\t<meta property=\"og:image:type\" content=\"image\/jpeg\" \/>\n<meta name=\"author\" content=\"Redacci\u00f3n QP\" \/>\n<meta name=\"twitter:card\" content=\"summary_large_image\" \/>\n<meta name=\"twitter:label1\" content=\"Escrito por\" \/>\n\t<meta name=\"twitter:data1\" content=\"Redacci\u00f3n QP\" \/>\n\t<meta name=\"twitter:label2\" content=\"Tiempo de lectura\" \/>\n\t<meta name=\"twitter:data2\" content=\"1 minuto\" \/>\n<script type=\"application\/ld+json\" class=\"yoast-schema-graph\">{\"@context\":\"https:\\\/\\\/schema.org\",\"@graph\":[{\"@type\":\"Article\",\"@id\":\"https:\\\/\\\/quehacerpolitico.mx\\\/?p=82534#article\",\"isPartOf\":{\"@id\":\"https:\\\/\\\/quehacerpolitico.mx\\\/?p=82534\"},\"author\":{\"name\":\"Redacci\u00f3n QP\",\"@id\":\"https:\\\/\\\/quehacerpolitico.mx\\\/#\\\/schema\\\/person\\\/496d8ad2d1d3f8036101dca7ee39e585\"},\"headline\":\"Se registra fuerte incendio en ducto submarino de Pemex\",\"datePublished\":\"2021-07-02T20:41:57+00:00\",\"mainEntityOfPage\":{\"@id\":\"https:\\\/\\\/quehacerpolitico.mx\\\/?p=82534\"},\"wordCount\":248,\"commentCount\":0,\"image\":{\"@id\":\"https:\\\/\\\/quehacerpolitico.mx\\\/?p=82534#primaryimage\"},\"thumbnailUrl\":\"https:\\\/\\\/quehacerpolitico.mx\\\/wp-content\\\/uploads\\\/2021\\\/07\\\/50376554-9CA0-44D6-A816-DE94E0ADDE0F.jpeg\",\"articleSection\":[\"Noticias\"],\"inLanguage\":\"es\",\"potentialAction\":[{\"@type\":\"CommentAction\",\"name\":\"Comment\",\"target\":[\"https:\\\/\\\/quehacerpolitico.mx\\\/?p=82534#respond\"]}]},{\"@type\":\"WebPage\",\"@id\":\"https:\\\/\\\/quehacerpolitico.mx\\\/?p=82534\",\"url\":\"https:\\\/\\\/quehacerpolitico.mx\\\/?p=82534\",\"name\":\"Se registra fuerte incendio en ducto submarino de Pemex -\",\"isPartOf\":{\"@id\":\"https:\\\/\\\/quehacerpolitico.mx\\\/#website\"},\"primaryImageOfPage\":{\"@id\":\"https:\\\/\\\/quehacerpolitico.mx\\\/?p=82534#primaryimage\"},\"image\":{\"@id\":\"https:\\\/\\\/quehacerpolitico.mx\\\/?p=82534#primaryimage\"},\"thumbnailUrl\":\"https:\\\/\\\/quehacerpolitico.mx\\\/wp-content\\\/uploads\\\/2021\\\/07\\\/50376554-9CA0-44D6-A816-DE94E0ADDE0F.jpeg\",\"datePublished\":\"2021-07-02T20:41:57+00:00\",\"author\":{\"@id\":\"https:\\\/\\\/quehacerpolitico.mx\\\/#\\\/schema\\\/person\\\/496d8ad2d1d3f8036101dca7ee39e585\"},\"breadcrumb\":{\"@id\":\"https:\\\/\\\/quehacerpolitico.mx\\\/?p=82534#breadcrumb\"},\"inLanguage\":\"es\",\"potentialAction\":[{\"@type\":\"ReadAction\",\"target\":[\"https:\\\/\\\/quehacerpolitico.mx\\\/?p=82534\"]}]},{\"@type\":\"ImageObject\",\"inLanguage\":\"es\",\"@id\":\"https:\\\/\\\/quehacerpolitico.mx\\\/?p=82534#primaryimage\",\"url\":\"https:\\\/\\\/quehacerpolitico.mx\\\/wp-content\\\/uploads\\\/2021\\\/07\\\/50376554-9CA0-44D6-A816-DE94E0ADDE0F.jpeg\",\"contentUrl\":\"https:\\\/\\\/quehacerpolitico.mx\\\/wp-content\\\/uploads\\\/2021\\\/07\\\/50376554-9CA0-44D6-A816-DE94E0ADDE0F.jpeg\",\"width\":1284,\"height\":711},{\"@type\":\"BreadcrumbList\",\"@id\":\"https:\\\/\\\/quehacerpolitico.mx\\\/?p=82534#breadcrumb\",\"itemListElement\":[{\"@type\":\"ListItem\",\"position\":1,\"name\":\"Inicio\",\"item\":\"https:\\\/\\\/quehacerpolitico.mx\\\/\"},{\"@type\":\"ListItem\",\"position\":2,\"name\":\"Se registra fuerte incendio en ducto submarino de Pemex\"}]},{\"@type\":\"WebSite\",\"@id\":\"https:\\\/\\\/quehacerpolitico.mx\\\/#website\",\"url\":\"https:\\\/\\\/quehacerpolitico.mx\\\/\",\"name\":\"\",\"description\":\"\",\"potentialAction\":[{\"@type\":\"SearchAction\",\"target\":{\"@type\":\"EntryPoint\",\"urlTemplate\":\"https:\\\/\\\/quehacerpolitico.mx\\\/?s={search_term_string}\"},\"query-input\":{\"@type\":\"PropertyValueSpecification\",\"valueRequired\":true,\"valueName\":\"search_term_string\"}}],\"inLanguage\":\"es\"},{\"@type\":\"Person\",\"@id\":\"https:\\\/\\\/quehacerpolitico.mx\\\/#\\\/schema\\\/person\\\/496d8ad2d1d3f8036101dca7ee39e585\",\"name\":\"Redacci\u00f3n QP\",\"image\":{\"@type\":\"ImageObject\",\"inLanguage\":\"es\",\"@id\":\"https:\\\/\\\/secure.gravatar.com\\\/avatar\\\/c7164ed6fdec453195284ad24a5ae5b6e1eed2b848477fa2a4787ba9adf39a41?s=96&d=mm&r=g\",\"url\":\"https:\\\/\\\/secure.gravatar.com\\\/avatar\\\/c7164ed6fdec453195284ad24a5ae5b6e1eed2b848477fa2a4787ba9adf39a41?s=96&d=mm&r=g\",\"contentUrl\":\"https:\\\/\\\/secure.gravatar.com\\\/avatar\\\/c7164ed6fdec453195284ad24a5ae5b6e1eed2b848477fa2a4787ba9adf39a41?s=96&d=mm&r=g\",\"caption\":\"Redacci\u00f3n QP\"},\"url\":\"https:\\\/\\\/quehacerpolitico.mx\\\/?author=2\"}]}<\/script>\n<!-- \/ Yoast SEO plugin. -->","yoast_head_json":{"title":"Se registra fuerte incendio en ducto submarino de Pemex -","robots":{"index":"index","follow":"follow","max-snippet":"max-snippet:-1","max-image-preview":"max-image-preview:large","max-video-preview":"max-video-preview:-1"},"canonical":"https:\/\/quehacerpolitico.mx\/?p=82534","og_locale":"es_MX","og_type":"article","og_title":"Se registra fuerte incendio en ducto submarino de Pemex -","og_description":"Por Redacci\u00f3n QP Durante la madrugada del d\u00eda de hoy, se registr\u00f3 un fuerte\u00a0incendio en...","og_url":"https:\/\/quehacerpolitico.mx\/?p=82534","article_published_time":"2021-07-02T20:41:57+00:00","og_image":[{"width":1284,"height":711,"url":"https:\/\/quehacerpolitico.mx\/wp-content\/uploads\/2021\/07\/50376554-9CA0-44D6-A816-DE94E0ADDE0F.jpeg","type":"image\/jpeg"}],"author":"Redacci\u00f3n QP","twitter_card":"summary_large_image","twitter_misc":{"Escrito por":"Redacci\u00f3n QP","Tiempo de lectura":"1 minuto"},"schema":{"@context":"https:\/\/schema.org","@graph":[{"@type":"Article","@id":"https:\/\/quehacerpolitico.mx\/?p=82534#article","isPartOf":{"@id":"https:\/\/quehacerpolitico.mx\/?p=82534"},"author":{"name":"Redacci\u00f3n QP","@id":"https:\/\/quehacerpolitico.mx\/#\/schema\/person\/496d8ad2d1d3f8036101dca7ee39e585"},"headline":"Se registra fuerte incendio en ducto submarino de Pemex","datePublished":"2021-07-02T20:41:57+00:00","mainEntityOfPage":{"@id":"https:\/\/quehacerpolitico.mx\/?p=82534"},"wordCount":248,"commentCount":0,"image":{"@id":"https:\/\/quehacerpolitico.mx\/?p=82534#primaryimage"},"thumbnailUrl":"https:\/\/quehacerpolitico.mx\/wp-content\/uploads\/2021\/07\/50376554-9CA0-44D6-A816-DE94E0ADDE0F.jpeg","articleSection":["Noticias"],"inLanguage":"es","potentialAction":[{"@type":"CommentAction","name":"Comment","target":["https:\/\/quehacerpolitico.mx\/?p=82534#respond"]}]},{"@type":"WebPage","@id":"https:\/\/quehacerpolitico.mx\/?p=82534","url":"https:\/\/quehacerpolitico.mx\/?p=82534","name":"Se registra fuerte incendio en ducto submarino de Pemex -","isPartOf":{"@id":"https:\/\/quehacerpolitico.mx\/#website"},"primaryImageOfPage":{"@id":"https:\/\/quehacerpolitico.mx\/?p=82534#primaryimage"},"image":{"@id":"https:\/\/quehacerpolitico.mx\/?p=82534#primaryimage"},"thumbnailUrl":"https:\/\/quehacerpolitico.mx\/wp-content\/uploads\/2021\/07\/50376554-9CA0-44D6-A816-DE94E0ADDE0F.jpeg","datePublished":"2021-07-02T20:41:57+00:00","author":{"@id":"https:\/\/quehacerpolitico.mx\/#\/schema\/person\/496d8ad2d1d3f8036101dca7ee39e585"},"breadcrumb":{"@id":"https:\/\/quehacerpolitico.mx\/?p=82534#breadcrumb"},"inLanguage":"es","potentialAction":[{"@type":"ReadAction","target":["https:\/\/quehacerpolitico.mx\/?p=82534"]}]},{"@type":"ImageObject","inLanguage":"es","@id":"https:\/\/quehacerpolitico.mx\/?p=82534#primaryimage","url":"https:\/\/quehacerpolitico.mx\/wp-content\/uploads\/2021\/07\/50376554-9CA0-44D6-A816-DE94E0ADDE0F.jpeg","contentUrl":"https:\/\/quehacerpolitico.mx\/wp-content\/uploads\/2021\/07\/50376554-9CA0-44D6-A816-DE94E0ADDE0F.jpeg","width":1284,"height":711},{"@type":"BreadcrumbList","@id":"https:\/\/quehacerpolitico.mx\/?p=82534#breadcrumb","itemListElement":[{"@type":"ListItem","position":1,"name":"Inicio","item":"https:\/\/quehacerpolitico.mx\/"},{"@type":"ListItem","position":2,"name":"Se registra fuerte incendio en ducto submarino de Pemex"}]},{"@type":"WebSite","@id":"https:\/\/quehacerpolitico.mx\/#website","url":"https:\/\/quehacerpolitico.mx\/","name":"","description":"","potentialAction":[{"@type":"SearchAction","target":{"@type":"EntryPoint","urlTemplate":"https:\/\/quehacerpolitico.mx\/?s={search_term_string}"},"query-input":{"@type":"PropertyValueSpecification","valueRequired":true,"valueName":"search_term_string"}}],"inLanguage":"es"},{"@type":"Person","@id":"https:\/\/quehacerpolitico.mx\/#\/schema\/person\/496d8ad2d1d3f8036101dca7ee39e585","name":"Redacci\u00f3n QP","image":{"@type":"ImageObject","inLanguage":"es","@id":"https:\/\/secure.gravatar.com\/avatar\/c7164ed6fdec453195284ad24a5ae5b6e1eed2b848477fa2a4787ba9adf39a41?s=96&d=mm&r=g","url":"https:\/\/secure.gravatar.com\/avatar\/c7164ed6fdec453195284ad24a5ae5b6e1eed2b848477fa2a4787ba9adf39a41?s=96&d=mm&r=g","contentUrl":"https:\/\/secure.gravatar.com\/avatar\/c7164ed6fdec453195284ad24a5ae5b6e1eed2b848477fa2a4787ba9adf39a41?s=96&d=mm&r=g","caption":"Redacci\u00f3n QP"},"url":"https:\/\/quehacerpolitico.mx\/?author=2"}]}},"featured_image_urls":{"full":["https:\/\/quehacerpolitico.mx\/wp-content\/uploads\/2021\/07\/50376554-9CA0-44D6-A816-DE94E0ADDE0F.jpeg",1284,711,false],"thumbnail":["https:\/\/quehacerpolitico.mx\/wp-content\/uploads\/2021\/07\/50376554-9CA0-44D6-A816-DE94E0ADDE0F-150x150.jpeg",150,150,true],"medium":["https:\/\/quehacerpolitico.mx\/wp-content\/uploads\/2021\/07\/50376554-9CA0-44D6-A816-DE94E0ADDE0F-300x166.jpeg",300,166,true],"medium_large":["https:\/\/quehacerpolitico.mx\/wp-content\/uploads\/2021\/07\/50376554-9CA0-44D6-A816-DE94E0ADDE0F-768x425.jpeg",640,354,true],"large":["https:\/\/quehacerpolitico.mx\/wp-content\/uploads\/2021\/07\/50376554-9CA0-44D6-A816-DE94E0ADDE0F-1024x567.jpeg",640,354,true],"1536x1536":["https:\/\/quehacerpolitico.mx\/wp-content\/uploads\/2021\/07\/50376554-9CA0-44D6-A816-DE94E0ADDE0F.jpeg",1284,711,false],"2048x2048":["https:\/\/quehacerpolitico.mx\/wp-content\/uploads\/2021\/07\/50376554-9CA0-44D6-A816-DE94E0ADDE0F.jpeg",1284,711,false],"covernews-featured":["https:\/\/quehacerpolitico.mx\/wp-content\/uploads\/2021\/07\/50376554-9CA0-44D6-A816-DE94E0ADDE0F.jpeg",1024,567,false],"covernews-medium":["https:\/\/quehacerpolitico.mx\/wp-content\/uploads\/2021\/07\/50376554-9CA0-44D6-A816-DE94E0ADDE0F.jpeg",540,299,false]},"author_info":{"display_name":"Redacci\u00f3n QP","author_link":"https:\/\/quehacerpolitico.mx\/?author=2"},"category_info":"<a href=\"https:\/\/quehacerpolitico.mx\/?cat=2\" rel=\"category\">Noticias<\/a>","tag_info":"Noticias","comment_count":"0","_links":{"self":[{"href":"https:\/\/quehacerpolitico.mx\/index.php?rest_route=\/wp\/v2\/posts\/82534","targetHints":{"allow":["GET"]}}],"collection":[{"href":"https:\/\/quehacerpolitico.mx\/index.php?rest_route=\/wp\/v2\/posts"}],"about":[{"href":"https:\/\/quehacerpolitico.mx\/index.php?rest_route=\/wp\/v2\/types\/post"}],"author":[{"embeddable":true,"href":"https:\/\/quehacerpolitico.mx\/index.php?rest_route=\/wp\/v2\/users\/2"}],"replies":[{"embeddable":true,"href":"https:\/\/quehacerpolitico.mx\/index.php?rest_route=%2Fwp%2Fv2%2Fcomments&post=82534"}],"version-history":[{"count":0,"href":"https:\/\/quehacerpolitico.mx\/index.php?rest_route=\/wp\/v2\/posts\/82534\/revisions"}],"wp:featuredmedia":[{"embeddable":true,"href":"https:\/\/quehacerpolitico.mx\/index.php?rest_route=\/wp\/v2\/media\/82535"}],"wp:attachment":[{"href":"https:\/\/quehacerpolitico.mx\/index.php?rest_route=%2Fwp%2Fv2%2Fmedia&parent=82534"}],"wp:term":[{"taxonomy":"category","embeddable":true,"href":"https:\/\/quehacerpolitico.mx\/index.php?rest_route=%2Fwp%2Fv2%2Fcategories&post=82534"},{"taxonomy":"post_tag","embeddable":true,"href":"https:\/\/quehacerpolitico.mx\/index.php?rest_route=%2Fwp%2Fv2%2Ftags&post=82534"}],"curies":[{"name":"wp","href":"https:\/\/api.w.org\/{rel}","templated":true}]}}