{"id":82531,"date":"2021-07-02T20:17:23","date_gmt":"2021-07-02T20:17:23","guid":{"rendered":"https:\/\/quehacerpolitico.mx\/?p=82531"},"modified":"2021-07-02T20:17:23","modified_gmt":"2021-07-02T20:17:23","slug":"asi-ocurrio-la-olvidada-masacre-de-allende-retratada-en-somos-de-netflix","status":"publish","type":"post","link":"https:\/\/quehacerpolitico.mx\/?p=82531","title":{"rendered":"As\u00ed ocurri\u00f3 la olvidada masacre de Allende retratada en &#8220;Somos&#8221; de Netflix"},"content":{"rendered":"\n<p>Por Redacci\u00f3n QP<\/p>\n\n\n\n<p>En 2011, cuando el cartel de Los Zetas dominaba el noreste de M\u00e9xico, ocurri\u00f3 una masacre en la localidad de Allende, Coahuila, de la que poco se conoci\u00f3. Una nueva serie de Netflix intenta mostrar qu\u00e9 le ocurri\u00f3 a las v\u00edctimas<\/p>\n\n\n\n<figure class=\"wp-block-image\"><img decoding=\"async\" src=\"https:\/\/www.informador.mx\/__export\/1625234869277\/sites\/elinformador\/img\/2021\/07\/02\/_119176917_somos_20200312_000922_1_crop1625234861778.jpg_788543494.jpg\" alt=\"La serie \"\/><figcaption>La serie &#8220;Somos.&#8221; ofrece una perspectiva de la masacre ocurrida en octubre de 2011 en Allende, Coahuila. RICARDO JARDON \/ NETFLIX<\/figcaption><\/figure>\n\n\n\n<figure class=\"wp-block-image\"><a href=\"https:\/\/www.bbc.com\/mundo\"><img decoding=\"async\" src=\"https:\/\/www.informador.mx\/export\/sites\/elinformador\/arte\/logo_bbc_news_mundo_770.jpg_220211806.jpg\" alt=\"Logo de BBC News\"\/><\/a><\/figure>\n\n\n\n<p><strong>Tarde del viernes 18 de marzo de 2011.<\/strong><\/p>\n\n\n\n<p>Allende, a 60 kil\u00f3metros de la frontera de M\u00e9xico con Estados Unidos. Comienza una masacre que a\u00fan no se olvida.<\/p>\n\n\n\n<p>Entre las 18:30 y 19:00, al menos 60 sicarios del\u00a0<strong>cartel de Los Zetas<\/strong>\u00a0derribaron con una camioneta el port\u00f3n principal del rancho de &#8220;Los Garza&#8221;.<\/p>\n\n\n\n<p>En las siguientes 48 horas desaparecer\u00edan 42 personas, o pudieron haber sido 300.<\/p>\n\n\n\n<p>Lo ocurrido en este municipio del norte de M\u00e9xico fue motivo de una investigaci\u00f3n liderada por el reconocido acad\u00e9mico Sergio Aguayo y realizada tras un acuerdo con la oficina gubernamental Comisi\u00f3n Ejecutiva de Atenci\u00f3n a V\u00edctimas (CEAV). El trabajo fue publicado en 2016 por El Colegio de M\u00e9xico.<\/p>\n\n\n\n<p>El estudio busc\u00f3 determinar el trato y las reparaciones del Estado a las v\u00edctimas de<strong>\u00a0la masacre de 72 migrantes en San Fernando<\/strong>, Tamaulipas, en agosto de 2010, y de la desaparici\u00f3n de un n\u00famero indeterminado de personas en Allende, Coahuila, en marzo de 2011.<\/p>\n\n\n\n<p>Ambas a cargo de Los Zetas,&nbsp;<strong>la de Allende es una historia mucho menos conocida.<\/strong><\/p>\n\n\n\n<figure class=\"wp-block-image\"><img decoding=\"async\" src=\"https:\/\/www.informador.mx\/export\/sites\/elinformador\/img\/2021\/07\/02\/_119175783_gettyimages-613638352.jpg_1151807935.jpg\" alt=\"\" title=\"\"\/><figcaption>Las masacres de San Fernando y Allende ocurrieron durante un periodo de recrudecimiento de la violencia en M\u00e9xico entre 2010 y 2011. GETTY IMAGES&nbsp;<\/figcaption><\/figure>\n\n\n\n<p>Este 30 de junio, Netflix estren\u00f3 su serie ficcional &#8220;Somos.&#8221; basada en el reportaje de la periodista estadounidense Ginger Thompson sobre la masacre de Allende.<\/p>\n\n\n\n<p>&#8220;Es la primera serie que aborda la violencia del narcotr\u00e1fico desde la perspectiva de las v\u00edctimas&#8221;, destacan sus creadores.<\/p>\n\n\n\n<h2 class=\"wp-block-heading\">Historia de una matanza olvidada<\/h2>\n\n\n\n<p>La masacre fue tan brutal que ni siquiera hay claridad sobre el n\u00famero de v\u00edctimas.<\/p>\n\n\n\n<p>Una versi\u00f3n muy extendida, apunta el estudio &#8220;En el desamparo&#8221;, es que en Allende&nbsp;<strong>desaparecieron 300 personas y &#8220;es posible que as\u00ed sea&#8221;<\/strong>, pero el expediente de&nbsp;<strong>la&nbsp;Fiscal\u00eda s\u00f3lo tiene informaci\u00f3n sobre 42 desaparecidos<\/strong>&nbsp;entre enero de 2011 y agosto de 2012.<\/p>\n\n\n\n<p>La investigaci\u00f3n se centra en la desaparici\u00f3n de 26 personas entre las 19:00 del viernes 18 de marzo y las 20:00 del domingo 20.<\/p>\n\n\n\n<p>La ciudad de&nbsp;<strong>Piedras Negras<\/strong>, en la frontera con Texas, se hab\u00eda convertido en&nbsp;<strong>un enclave esencial para el narcotr\u00e1fico<\/strong>&nbsp;y desde all\u00ed Los Zetas controlaban lo que ocurr\u00eda en Allende, 60 kil\u00f3metros al sur.<\/p>\n\n\n\n<figure class=\"wp-block-image\"><img decoding=\"async\" src=\"https:\/\/www.informador.mx\/export\/sites\/elinformador\/img\/2021\/07\/02\/816.png_1151807935.png\" alt=\"\" title=\"\"\/><\/figure>\n\n\n\n<p>Los hermanos<strong>&nbsp;Miguel \u00c1ngel Trevi\u00f1o Morales (el Z40) y Omar Trevi\u00f1o Morales (el Z42)<\/strong>, exl\u00edderes de Los Zetas ahora detenidos, pensaban que hab\u00eda tres traidores a su organizaci\u00f3n que estaban colaborando con las autoridades en Estados Unidos y se hab\u00edan llevado hasta US$10 millones en ganancias por la venta de drogas.<\/p>\n\n\n\n<p>El principal era Alfonso Poncho Cu\u00e9llar, quien ten\u00eda como empleados a H\u00e9ctor &#8220;El Negro&#8221; Moreno y Luis &#8220;La G\u00fciche&#8221; Garza.<\/p>\n\n\n\n<p>Este \u00faltimo era residente de Allende, y&nbsp;&#8220;<strong>para castigar su deslealtad&#8221;<\/strong>, explican los investigadores, &#8220;Los Zetas ocuparon el poblado&#8221; ese fin de semana del horror.<\/p>\n\n\n\n<p>El resultado: desaparecieron a 26 personas, 20 familiares y allegados de Garza, tres amigos de Cu\u00e9llar y dos trabajadores de H\u00e9ctor, y destruyeron 32 casas y dos ranchos, &#8220;Los Garza&#8221; y &#8220;Los Tres hermanos&#8221;.<\/p>\n\n\n\n<p>El ataque de Los Zetas&nbsp;<strong>evidencia la colusi\u00f3n con las autoridades locales<\/strong>,&nbsp;pues 20 agentes de la polic\u00eda municipal fueron instruidos para &#8220;no salir a patrullar, ni responder a los llamados de auxilio que se presentaran&#8221; y &#8220;levantar a cualquiera de apellido Garza&#8221; para entregarlo al grupo criminal.<\/p>\n\n\n\n<figure class=\"wp-block-image\"><img decoding=\"async\" src=\"https:\/\/www.informador.mx\/export\/sites\/elinformador\/img\/2021\/07\/02\/_119177012_gettyimages-465241720.jpg_1151807935.jpg\" alt=\"\" title=\"\"\/><figcaption>Omar Trevi\u00f1o Morales, el Z42, un exl\u00edder de Los Zetas, fue uno de los responsables de ordenar la matanza. GETTY IMAGES&nbsp;<\/figcaption><\/figure>\n\n\n\n<p>El d\u00eda que empez\u00f3 todo entraron a balazos y agarrando a quien se encontraba en el lugar, incluyendo cuatro mujeres de edad avanzada y dos ni\u00f1os. Y el domingo llegaron a la casa de un Garza, donde capturaron a un hombre, su esposa y un hijo menor de edad.<\/p>\n\n\n\n<p>Los Zetas los metieron a una patrulla policial para trasladarlos a uno de los ranchos donde fueron trasladando a m\u00e1s personas durante el fin de semana. El domingo por la noche lleg\u00f3 el final.&nbsp;<strong>Los sacaron de all\u00ed para ejecutarlos.<\/strong><\/p>\n\n\n\n<p>Pero antes hab\u00edan saqueado y vandalizado sus viviendas e incitado a los vecinos a robar todo lo que hab\u00eda en las casas antes de incendiarlas.<\/p>\n\n\n\n<p>Despu\u00e9s se deshicieron de los cad\u00e1veres con m\u00e9todos diferentes. En el rancho &#8220;Los Garza&#8221; echaron gasolina en la vivienda y en la bodega, donde amontonaron los cuerpos, y &#8220;luego prendieron el fuego que se prolong\u00f3 toda la noche &#8216;hasta que se cocinaron&#8217; los cuerpos&#8221;.<\/p>\n\n\n\n<p>En el rancho &#8220;Los Tres Hermanos&#8221; rociaron los cuerpos con gasolina y los metieron de a uno en toneles de metal para prenderles fuego: &#8220;Despu\u00e9s de cinco o seis horas se cocinaron los cuerpos (\u2026) quedaba pura mantequilla (echaron los restos en una acequia y en un pozo para que no se viera nada)&#8221;, explica el estudio basado en el expediente.<\/p>\n\n\n\n<figure class=\"wp-block-image\"><img decoding=\"async\" src=\"https:\/\/www.informador.mx\/export\/sites\/elinformador\/img\/2021\/07\/02\/_119176913_somos_20200311_000142.jpg_1151807935.jpg\" alt=\"\" title=\"\"\/><figcaption>&#8220;Somos.&#8221; se grab\u00f3 en 2020 con la participaci\u00f3n de actores amateur y profesionales. RICARDO JARDON \/ NETFLIX&nbsp;<\/figcaption><\/figure>\n\n\n\n<p>La operaci\u00f3n de venganza contra los Garza no qued\u00f3 all\u00ed. Un a\u00f1o despu\u00e9s, un grupo de sicarios y polic\u00edas desaparecieron a una pareja, un hijo de 6 a\u00f1os y un beb\u00e9 de meses.<\/p>\n\n\n\n<p>Los investigadores se\u00f1alan que de la masacre de Allende\u00a0<strong>quedaron dos\u00a0sobrevivientes:<\/strong>\u00a0una ni\u00f1a de 5 a\u00f1os y un ni\u00f1o de 3.<\/p>\n\n\n\n<p>Una polic\u00eda &#8220;integrada a Los Zetas&#8221; los entreg\u00f3 en una casa hogar de Piedras Negras y &#8220;de ah\u00ed fueron recogidos por sus parientes, con quienes viven desde entonces&#8221;.<\/p>\n\n\n\n<h2 class=\"wp-block-heading\">Una &#8220;antinarcoserie&#8221;<\/h2>\n\n\n\n<p>A una d\u00e9cada de la masacre, los productores de &#8220;Somos.&#8221; presentan una serie ficcional basada en el reportaje &#8220;C\u00f3mo Estados Unidos desencaden\u00f3 una masacre en M\u00e9xico&#8221;, de la periodista estadounidense Ginger Thompson.<\/p>\n\n\n\n<p>Sus escritores, James Schamus y Monika Revilla, aseguran que&nbsp;<strong>buscaron&nbsp;centrar&nbsp;la historia en las v\u00edctimas<\/strong>, contrario a los &#8220;g\u00e9neros usuales&#8221; en los que se llega a glorificar a los narcotraficantes.<\/p>\n\n\n\n<figure class=\"wp-block-image\"><img decoding=\"async\" src=\"https:\/\/www.informador.mx\/export\/sites\/elinformador\/img\/2021\/07\/02\/_119176911_somos_2_00_23_19_05.jpg_1151807935.jpg\" alt=\"\" title=\"\"\/><figcaption>NETFLIX&nbsp;<\/figcaption><\/figure>\n\n\n\n<p>Por ello Revilla la describe como&nbsp;<strong>una &#8220;antinarcoserie&#8221;.<\/strong><\/p>\n\n\n\n<p>&#8220;A diferencia de otras que tratan la violencia de los c\u00e1rteles, &#8216;Somos.&#8217; no glamuriza al narco, en vez, le da la voz a las v\u00edctimas. Le pone rostro a los que vivimos en un estado de violencia, recuperando as\u00ed la perspectiva humana&#8221;, dice Revilla en una presentaci\u00f3n de la serie.<\/p>\n\n\n\n<p>&#8220;&#8216;Somos.&#8217; habla de lo que durante mucho tiempo no se pudo decir. Cuenta la historia de una masacre de la que, en su momento,&nbsp;<strong>nadie se enter\u00f3.<\/strong>&nbsp;A diez a\u00f1os de los eventos, &#8216;Somos.&#8217; es un recordatorio. Nunca hubo un di\u00e1logo nacional sobre Allende. Quiz\u00e1 esta sea la excusa para platicar sobre lo que sucedi\u00f3&#8221;.<\/p>\n\n\n\n<p><em>*Basado en el art\u00edculo &#8220;As\u00ed ocurri\u00f3 la brutal y olvidada masacre de Allende, una de las m\u00e1s sangrientas de Los Zetas&#8221; del periodista Juan Paullier, publicado en BBC Mundo el 10 de octubre de 2016.<\/em><\/p>\n\n\n\n<p>Con Informaci\u00f3n de BBC News Mundo<\/p>\n","protected":false},"excerpt":{"rendered":"<p>Por Redacci\u00f3n QP En 2011, cuando el cartel de Los Zetas dominaba el noreste de&#8230;<\/p>\n","protected":false},"author":2,"featured_media":82532,"comment_status":"open","ping_status":"open","sticky":false,"template":"","format":"standard","meta":{"_monsterinsights_skip_tracking":false,"_monsterinsights_sitenote_active":false,"_monsterinsights_sitenote_note":"","_monsterinsights_sitenote_category":0,"footnotes":""},"categories":[58],"tags":[],"class_list":["post-82531","post","type-post","status-publish","format-standard","has-post-thumbnail","hentry","category-cultura"],"yoast_head":"<!-- This site is optimized with the Yoast SEO plugin v27.3 - https:\/\/yoast.com\/product\/yoast-seo-wordpress\/ -->\n<title>As\u00ed ocurri\u00f3 la olvidada masacre de Allende retratada en &quot;Somos&quot; de Netflix -<\/title>\n<meta name=\"robots\" content=\"index, follow, max-snippet:-1, max-image-preview:large, max-video-preview:-1\" \/>\n<link rel=\"canonical\" href=\"https:\/\/quehacerpolitico.mx\/?p=82531\" \/>\n<meta property=\"og:locale\" content=\"es_MX\" \/>\n<meta property=\"og:type\" content=\"article\" \/>\n<meta property=\"og:title\" content=\"As\u00ed ocurri\u00f3 la olvidada masacre de Allende retratada en &quot;Somos&quot; de Netflix -\" \/>\n<meta property=\"og:description\" content=\"Por Redacci\u00f3n QP En 2011, cuando el cartel de Los Zetas dominaba el noreste de...\" \/>\n<meta property=\"og:url\" content=\"https:\/\/quehacerpolitico.mx\/?p=82531\" \/>\n<meta property=\"article:published_time\" content=\"2021-07-02T20:17:23+00:00\" \/>\n<meta property=\"og:image\" content=\"https:\/\/quehacerpolitico.mx\/wp-content\/uploads\/2021\/07\/7A6074AD-A2A6-4EFD-9534-C452EBACB65F.jpeg\" \/>\n\t<meta property=\"og:image:width\" content=\"394\" \/>\n\t<meta property=\"og:image:height\" content=\"218\" \/>\n\t<meta property=\"og:image:type\" content=\"image\/jpeg\" \/>\n<meta name=\"author\" content=\"Redacci\u00f3n QP\" \/>\n<meta name=\"twitter:card\" content=\"summary_large_image\" \/>\n<meta name=\"twitter:label1\" content=\"Escrito por\" \/>\n\t<meta name=\"twitter:data1\" content=\"Redacci\u00f3n QP\" \/>\n\t<meta name=\"twitter:label2\" content=\"Tiempo de lectura\" \/>\n\t<meta name=\"twitter:data2\" content=\"6 minutos\" \/>\n<script type=\"application\/ld+json\" class=\"yoast-schema-graph\">{\"@context\":\"https:\\\/\\\/schema.org\",\"@graph\":[{\"@type\":\"Article\",\"@id\":\"https:\\\/\\\/quehacerpolitico.mx\\\/?p=82531#article\",\"isPartOf\":{\"@id\":\"https:\\\/\\\/quehacerpolitico.mx\\\/?p=82531\"},\"author\":{\"name\":\"Redacci\u00f3n QP\",\"@id\":\"https:\\\/\\\/quehacerpolitico.mx\\\/#\\\/schema\\\/person\\\/496d8ad2d1d3f8036101dca7ee39e585\"},\"headline\":\"As\u00ed ocurri\u00f3 la olvidada masacre de Allende retratada en &#8220;Somos&#8221; de Netflix\",\"datePublished\":\"2021-07-02T20:17:23+00:00\",\"mainEntityOfPage\":{\"@id\":\"https:\\\/\\\/quehacerpolitico.mx\\\/?p=82531\"},\"wordCount\":1244,\"commentCount\":0,\"image\":{\"@id\":\"https:\\\/\\\/quehacerpolitico.mx\\\/?p=82531#primaryimage\"},\"thumbnailUrl\":\"https:\\\/\\\/quehacerpolitico.mx\\\/wp-content\\\/uploads\\\/2021\\\/07\\\/7A6074AD-A2A6-4EFD-9534-C452EBACB65F.jpeg\",\"articleSection\":[\"Cultura y Entretenimiento\"],\"inLanguage\":\"es\",\"potentialAction\":[{\"@type\":\"CommentAction\",\"name\":\"Comment\",\"target\":[\"https:\\\/\\\/quehacerpolitico.mx\\\/?p=82531#respond\"]}]},{\"@type\":\"WebPage\",\"@id\":\"https:\\\/\\\/quehacerpolitico.mx\\\/?p=82531\",\"url\":\"https:\\\/\\\/quehacerpolitico.mx\\\/?p=82531\",\"name\":\"As\u00ed ocurri\u00f3 la olvidada masacre de Allende retratada en \\\"Somos\\\" de Netflix -\",\"isPartOf\":{\"@id\":\"https:\\\/\\\/quehacerpolitico.mx\\\/#website\"},\"primaryImageOfPage\":{\"@id\":\"https:\\\/\\\/quehacerpolitico.mx\\\/?p=82531#primaryimage\"},\"image\":{\"@id\":\"https:\\\/\\\/quehacerpolitico.mx\\\/?p=82531#primaryimage\"},\"thumbnailUrl\":\"https:\\\/\\\/quehacerpolitico.mx\\\/wp-content\\\/uploads\\\/2021\\\/07\\\/7A6074AD-A2A6-4EFD-9534-C452EBACB65F.jpeg\",\"datePublished\":\"2021-07-02T20:17:23+00:00\",\"author\":{\"@id\":\"https:\\\/\\\/quehacerpolitico.mx\\\/#\\\/schema\\\/person\\\/496d8ad2d1d3f8036101dca7ee39e585\"},\"breadcrumb\":{\"@id\":\"https:\\\/\\\/quehacerpolitico.mx\\\/?p=82531#breadcrumb\"},\"inLanguage\":\"es\",\"potentialAction\":[{\"@type\":\"ReadAction\",\"target\":[\"https:\\\/\\\/quehacerpolitico.mx\\\/?p=82531\"]}]},{\"@type\":\"ImageObject\",\"inLanguage\":\"es\",\"@id\":\"https:\\\/\\\/quehacerpolitico.mx\\\/?p=82531#primaryimage\",\"url\":\"https:\\\/\\\/quehacerpolitico.mx\\\/wp-content\\\/uploads\\\/2021\\\/07\\\/7A6074AD-A2A6-4EFD-9534-C452EBACB65F.jpeg\",\"contentUrl\":\"https:\\\/\\\/quehacerpolitico.mx\\\/wp-content\\\/uploads\\\/2021\\\/07\\\/7A6074AD-A2A6-4EFD-9534-C452EBACB65F.jpeg\",\"width\":394,\"height\":218},{\"@type\":\"BreadcrumbList\",\"@id\":\"https:\\\/\\\/quehacerpolitico.mx\\\/?p=82531#breadcrumb\",\"itemListElement\":[{\"@type\":\"ListItem\",\"position\":1,\"name\":\"Inicio\",\"item\":\"https:\\\/\\\/quehacerpolitico.mx\\\/\"},{\"@type\":\"ListItem\",\"position\":2,\"name\":\"As\u00ed ocurri\u00f3 la olvidada masacre de Allende retratada en &#8220;Somos&#8221; de Netflix\"}]},{\"@type\":\"WebSite\",\"@id\":\"https:\\\/\\\/quehacerpolitico.mx\\\/#website\",\"url\":\"https:\\\/\\\/quehacerpolitico.mx\\\/\",\"name\":\"\",\"description\":\"\",\"potentialAction\":[{\"@type\":\"SearchAction\",\"target\":{\"@type\":\"EntryPoint\",\"urlTemplate\":\"https:\\\/\\\/quehacerpolitico.mx\\\/?s={search_term_string}\"},\"query-input\":{\"@type\":\"PropertyValueSpecification\",\"valueRequired\":true,\"valueName\":\"search_term_string\"}}],\"inLanguage\":\"es\"},{\"@type\":\"Person\",\"@id\":\"https:\\\/\\\/quehacerpolitico.mx\\\/#\\\/schema\\\/person\\\/496d8ad2d1d3f8036101dca7ee39e585\",\"name\":\"Redacci\u00f3n QP\",\"image\":{\"@type\":\"ImageObject\",\"inLanguage\":\"es\",\"@id\":\"https:\\\/\\\/secure.gravatar.com\\\/avatar\\\/c7164ed6fdec453195284ad24a5ae5b6e1eed2b848477fa2a4787ba9adf39a41?s=96&d=mm&r=g\",\"url\":\"https:\\\/\\\/secure.gravatar.com\\\/avatar\\\/c7164ed6fdec453195284ad24a5ae5b6e1eed2b848477fa2a4787ba9adf39a41?s=96&d=mm&r=g\",\"contentUrl\":\"https:\\\/\\\/secure.gravatar.com\\\/avatar\\\/c7164ed6fdec453195284ad24a5ae5b6e1eed2b848477fa2a4787ba9adf39a41?s=96&d=mm&r=g\",\"caption\":\"Redacci\u00f3n QP\"},\"url\":\"https:\\\/\\\/quehacerpolitico.mx\\\/?author=2\"}]}<\/script>\n<!-- \/ Yoast SEO plugin. -->","yoast_head_json":{"title":"As\u00ed ocurri\u00f3 la olvidada masacre de Allende retratada en \"Somos\" de Netflix -","robots":{"index":"index","follow":"follow","max-snippet":"max-snippet:-1","max-image-preview":"max-image-preview:large","max-video-preview":"max-video-preview:-1"},"canonical":"https:\/\/quehacerpolitico.mx\/?p=82531","og_locale":"es_MX","og_type":"article","og_title":"As\u00ed ocurri\u00f3 la olvidada masacre de Allende retratada en \"Somos\" de Netflix -","og_description":"Por Redacci\u00f3n QP En 2011, cuando el cartel de Los Zetas dominaba el noreste de...","og_url":"https:\/\/quehacerpolitico.mx\/?p=82531","article_published_time":"2021-07-02T20:17:23+00:00","og_image":[{"width":394,"height":218,"url":"https:\/\/quehacerpolitico.mx\/wp-content\/uploads\/2021\/07\/7A6074AD-A2A6-4EFD-9534-C452EBACB65F.jpeg","type":"image\/jpeg"}],"author":"Redacci\u00f3n QP","twitter_card":"summary_large_image","twitter_misc":{"Escrito por":"Redacci\u00f3n QP","Tiempo de lectura":"6 minutos"},"schema":{"@context":"https:\/\/schema.org","@graph":[{"@type":"Article","@id":"https:\/\/quehacerpolitico.mx\/?p=82531#article","isPartOf":{"@id":"https:\/\/quehacerpolitico.mx\/?p=82531"},"author":{"name":"Redacci\u00f3n QP","@id":"https:\/\/quehacerpolitico.mx\/#\/schema\/person\/496d8ad2d1d3f8036101dca7ee39e585"},"headline":"As\u00ed ocurri\u00f3 la olvidada masacre de Allende retratada en &#8220;Somos&#8221; de Netflix","datePublished":"2021-07-02T20:17:23+00:00","mainEntityOfPage":{"@id":"https:\/\/quehacerpolitico.mx\/?p=82531"},"wordCount":1244,"commentCount":0,"image":{"@id":"https:\/\/quehacerpolitico.mx\/?p=82531#primaryimage"},"thumbnailUrl":"https:\/\/quehacerpolitico.mx\/wp-content\/uploads\/2021\/07\/7A6074AD-A2A6-4EFD-9534-C452EBACB65F.jpeg","articleSection":["Cultura y Entretenimiento"],"inLanguage":"es","potentialAction":[{"@type":"CommentAction","name":"Comment","target":["https:\/\/quehacerpolitico.mx\/?p=82531#respond"]}]},{"@type":"WebPage","@id":"https:\/\/quehacerpolitico.mx\/?p=82531","url":"https:\/\/quehacerpolitico.mx\/?p=82531","name":"As\u00ed ocurri\u00f3 la olvidada masacre de Allende retratada en \"Somos\" de Netflix -","isPartOf":{"@id":"https:\/\/quehacerpolitico.mx\/#website"},"primaryImageOfPage":{"@id":"https:\/\/quehacerpolitico.mx\/?p=82531#primaryimage"},"image":{"@id":"https:\/\/quehacerpolitico.mx\/?p=82531#primaryimage"},"thumbnailUrl":"https:\/\/quehacerpolitico.mx\/wp-content\/uploads\/2021\/07\/7A6074AD-A2A6-4EFD-9534-C452EBACB65F.jpeg","datePublished":"2021-07-02T20:17:23+00:00","author":{"@id":"https:\/\/quehacerpolitico.mx\/#\/schema\/person\/496d8ad2d1d3f8036101dca7ee39e585"},"breadcrumb":{"@id":"https:\/\/quehacerpolitico.mx\/?p=82531#breadcrumb"},"inLanguage":"es","potentialAction":[{"@type":"ReadAction","target":["https:\/\/quehacerpolitico.mx\/?p=82531"]}]},{"@type":"ImageObject","inLanguage":"es","@id":"https:\/\/quehacerpolitico.mx\/?p=82531#primaryimage","url":"https:\/\/quehacerpolitico.mx\/wp-content\/uploads\/2021\/07\/7A6074AD-A2A6-4EFD-9534-C452EBACB65F.jpeg","contentUrl":"https:\/\/quehacerpolitico.mx\/wp-content\/uploads\/2021\/07\/7A6074AD-A2A6-4EFD-9534-C452EBACB65F.jpeg","width":394,"height":218},{"@type":"BreadcrumbList","@id":"https:\/\/quehacerpolitico.mx\/?p=82531#breadcrumb","itemListElement":[{"@type":"ListItem","position":1,"name":"Inicio","item":"https:\/\/quehacerpolitico.mx\/"},{"@type":"ListItem","position":2,"name":"As\u00ed ocurri\u00f3 la olvidada masacre de Allende retratada en &#8220;Somos&#8221; de Netflix"}]},{"@type":"WebSite","@id":"https:\/\/quehacerpolitico.mx\/#website","url":"https:\/\/quehacerpolitico.mx\/","name":"","description":"","potentialAction":[{"@type":"SearchAction","target":{"@type":"EntryPoint","urlTemplate":"https:\/\/quehacerpolitico.mx\/?s={search_term_string}"},"query-input":{"@type":"PropertyValueSpecification","valueRequired":true,"valueName":"search_term_string"}}],"inLanguage":"es"},{"@type":"Person","@id":"https:\/\/quehacerpolitico.mx\/#\/schema\/person\/496d8ad2d1d3f8036101dca7ee39e585","name":"Redacci\u00f3n QP","image":{"@type":"ImageObject","inLanguage":"es","@id":"https:\/\/secure.gravatar.com\/avatar\/c7164ed6fdec453195284ad24a5ae5b6e1eed2b848477fa2a4787ba9adf39a41?s=96&d=mm&r=g","url":"https:\/\/secure.gravatar.com\/avatar\/c7164ed6fdec453195284ad24a5ae5b6e1eed2b848477fa2a4787ba9adf39a41?s=96&d=mm&r=g","contentUrl":"https:\/\/secure.gravatar.com\/avatar\/c7164ed6fdec453195284ad24a5ae5b6e1eed2b848477fa2a4787ba9adf39a41?s=96&d=mm&r=g","caption":"Redacci\u00f3n QP"},"url":"https:\/\/quehacerpolitico.mx\/?author=2"}]}},"featured_image_urls":{"full":["https:\/\/quehacerpolitico.mx\/wp-content\/uploads\/2021\/07\/7A6074AD-A2A6-4EFD-9534-C452EBACB65F.jpeg",394,218,false],"thumbnail":["https:\/\/quehacerpolitico.mx\/wp-content\/uploads\/2021\/07\/7A6074AD-A2A6-4EFD-9534-C452EBACB65F-150x150.jpeg",150,150,true],"medium":["https:\/\/quehacerpolitico.mx\/wp-content\/uploads\/2021\/07\/7A6074AD-A2A6-4EFD-9534-C452EBACB65F-300x166.jpeg",300,166,true],"medium_large":["https:\/\/quehacerpolitico.mx\/wp-content\/uploads\/2021\/07\/7A6074AD-A2A6-4EFD-9534-C452EBACB65F.jpeg",394,218,false],"large":["https:\/\/quehacerpolitico.mx\/wp-content\/uploads\/2021\/07\/7A6074AD-A2A6-4EFD-9534-C452EBACB65F.jpeg",394,218,false],"1536x1536":["https:\/\/quehacerpolitico.mx\/wp-content\/uploads\/2021\/07\/7A6074AD-A2A6-4EFD-9534-C452EBACB65F.jpeg",394,218,false],"2048x2048":["https:\/\/quehacerpolitico.mx\/wp-content\/uploads\/2021\/07\/7A6074AD-A2A6-4EFD-9534-C452EBACB65F.jpeg",394,218,false],"covernews-featured":["https:\/\/quehacerpolitico.mx\/wp-content\/uploads\/2021\/07\/7A6074AD-A2A6-4EFD-9534-C452EBACB65F.jpeg",394,218,false],"covernews-medium":["https:\/\/quehacerpolitico.mx\/wp-content\/uploads\/2021\/07\/7A6074AD-A2A6-4EFD-9534-C452EBACB65F.jpeg",394,218,false]},"author_info":{"display_name":"Redacci\u00f3n QP","author_link":"https:\/\/quehacerpolitico.mx\/?author=2"},"category_info":"<a href=\"https:\/\/quehacerpolitico.mx\/?cat=58\" rel=\"category\">Cultura y Entretenimiento<\/a>","tag_info":"Cultura y Entretenimiento","comment_count":"0","_links":{"self":[{"href":"https:\/\/quehacerpolitico.mx\/index.php?rest_route=\/wp\/v2\/posts\/82531","targetHints":{"allow":["GET"]}}],"collection":[{"href":"https:\/\/quehacerpolitico.mx\/index.php?rest_route=\/wp\/v2\/posts"}],"about":[{"href":"https:\/\/quehacerpolitico.mx\/index.php?rest_route=\/wp\/v2\/types\/post"}],"author":[{"embeddable":true,"href":"https:\/\/quehacerpolitico.mx\/index.php?rest_route=\/wp\/v2\/users\/2"}],"replies":[{"embeddable":true,"href":"https:\/\/quehacerpolitico.mx\/index.php?rest_route=%2Fwp%2Fv2%2Fcomments&post=82531"}],"version-history":[{"count":0,"href":"https:\/\/quehacerpolitico.mx\/index.php?rest_route=\/wp\/v2\/posts\/82531\/revisions"}],"wp:featuredmedia":[{"embeddable":true,"href":"https:\/\/quehacerpolitico.mx\/index.php?rest_route=\/wp\/v2\/media\/82532"}],"wp:attachment":[{"href":"https:\/\/quehacerpolitico.mx\/index.php?rest_route=%2Fwp%2Fv2%2Fmedia&parent=82531"}],"wp:term":[{"taxonomy":"category","embeddable":true,"href":"https:\/\/quehacerpolitico.mx\/index.php?rest_route=%2Fwp%2Fv2%2Fcategories&post=82531"},{"taxonomy":"post_tag","embeddable":true,"href":"https:\/\/quehacerpolitico.mx\/index.php?rest_route=%2Fwp%2Fv2%2Ftags&post=82531"}],"curies":[{"name":"wp","href":"https:\/\/api.w.org\/{rel}","templated":true}]}}