{"id":82525,"date":"2021-07-02T19:29:56","date_gmt":"2021-07-02T19:29:56","guid":{"rendered":"https:\/\/quehacerpolitico.mx\/?p=82525"},"modified":"2021-07-02T19:29:56","modified_gmt":"2021-07-02T19:29:56","slug":"ana-torroja-y-alaska-reviven-a-la-movida-madrilena","status":"publish","type":"post","link":"https:\/\/quehacerpolitico.mx\/?p=82525","title":{"rendered":"Ana Torroja y Alaska reviven a la \u201cMovida Madrile\u00f1a\u201d"},"content":{"rendered":"\n<p>Por Redacci\u00f3n QP<\/p>\n\n\n\n<p>Las cantantes espa\u00f1olas unieron sus voces para lanzar el tema \u201cHora y cuarto\u201d, una canci\u00f3n con aire retro ochentero sin dejar de sonar actual<\/p>\n\n\n\n<p>La cantautora Ana Torroja ha decidido deleitar a sus fans con un dueto que parec\u00eda imposible: unir su voz junto a Olvido Gara, mejor conocida como Alaska, l\u00edder creativa y voz de Fangoria, con quien estren\u00f3 \u201cHora y cuarto\u201d, canci\u00f3n que ha cimbrado a las fibras m\u00e1s profundas de toda una generaci\u00f3n que las vio dar forma a la llamada \u201cMovida Madrile\u00f1a\u201d de los a\u00f1os ochenta.<\/p>\n\n\n\n<figure class=\"wp-block-embed is-type-video is-provider-youtube wp-block-embed-youtube wp-embed-aspect-16-9 wp-has-aspect-ratio\"><div class=\"wp-block-embed__wrapper\">\n<iframe loading=\"lazy\" title=\"Ana Torroja, Alaska - Hora y Cuarto\" width=\"640\" height=\"360\" src=\"https:\/\/www.youtube.com\/embed\/HNqqF3Ilo4Q?feature=oembed\" frameborder=\"0\" allow=\"accelerometer; autoplay; clipboard-write; encrypted-media; gyroscope; picture-in-picture; web-share\" referrerpolicy=\"strict-origin-when-cross-origin\" allowfullscreen><\/iframe>\n<\/div><\/figure>\n\n\n\n<p>Con la emoci\u00f3n de poder retomar su gira y confiar que en un futuro cercano pueda regresar a M\u00e9xico con un espect\u00e1culo completo, Ana Torroja comparte en entrevista la experiencia de fusionarse con Alaska en una canci\u00f3n que se ha convertido en un parteaguas no solo para ambas artistas, que adem\u00e1s de acabar por completo con los rumores de una supuesta rivalidad,<strong>\u00a0tambi\u00e9n brindan un mensaje especial al p\u00fablico en donde los prejuicios en contra de las distintas expresiones de amor y amistad no tienen lugar alguno.<\/strong><\/p>\n\n\n\n<p>\u201cYo digo que ha sido un regalo de la pandemia, porque el disco \u2018Mil razones\u2019 lo hab\u00edamos dejado en espera del mejor momento para poder sacarlo a la luz, pero en el inter me lleg\u00f3 \u2018Hora y cuarto\u2019 y cuando la escuch\u00e9 con ese aire retro ochentero, pero actualizado con ritmo, el juego de la letra y la melod\u00eda, sent\u00ed que ten\u00eda todos los ingredientes para que esta canci\u00f3n fuera la que hici\u00e9ramos juntas\u201d.<\/p>\n\n\n\n<p><strong>Ana\u00a0Torroja\u00a0recuerda que sin pensarlo dos veces decidi\u00f3 llamar directamente a\u00a0Alaska\u00a0para realizarle esta propuesta y aunque por los compromisos de cada una y los contextos de la pandemia tuvieron que grabar a la distancia, destaca que compartir voz con Olvido\u00a0Gara\u00a0ha sido una de las experiencias m\u00e1s emotivas de su trayectoria<\/strong><\/p>\n\n\n\n<p>\u201cLe dije que me hac\u00eda much\u00edsima ilusi\u00f3n cantar juntas este tema y le encant\u00f3, lo grabamos\u201d, detalla Torroja al considerar que la \u201ccereza del pastel\u201d en este dueto fue la posibilidad de que ella y Alaska pudieran reencontrarse f\u00edsicamente para filmar el video en \u201cLa V\u00eda L\u00e1ctea\u201d, bar madrile\u00f1o que fue ic\u00f3nico y fundamental para el desarrollo art\u00edstico de la \u201cMovida Madrile\u00f1a\u201d.<\/p>\n\n\n\n<p>\u201cEl video fue un disfrute, para m\u00ed cada vez tiene m\u00e1s valor porque Alaska comentaba que es la primera vez que hace un video fuera de Fangoria, eso es todav\u00eda m\u00e1s m\u00edtico. Quer\u00edamos jugar un poco con el espacio y tiempo, rodar el video en un lugar emblem\u00e1tico, que sigue teniendo toda su esencia y esa est\u00e9tica tan curiosa. Jugamos con los personajes, con ese coqueteo en distintos momentos, vamos a desmentir esos rumores que siempre fueron en papel, de esa supuesta rivalidad, vamos a callar rumores con ese beso final\u201d, comenta.<\/p>\n\n\n\n<figure class=\"wp-block-image\"><img decoding=\"async\" src=\"https:\/\/www.informador.mx\/export\/sites\/elinformador\/img\/2021\/07\/02\/whatsapp_image_2021-07-02_at_2_49_57_am.jpeg_347421144.jpeg\" alt=\"\" title=\"\"\/><figcaption>ANA TORROJA Y ALASKA. Las cantantes han decidido deleitar a sus fans con un dueto que parec\u00eda imposible. CORTES\u00cdA&nbsp;<\/figcaption><\/figure>\n\n\n\n<h2 class=\"wp-block-heading\">Con su propia esencia<\/h2>\n\n\n\n<p>Ana Torroja celebra que las plataformas digitales hayan evolucionado a la industria musical para que todos puedan explorar y compartir su talento sin limitantes, aunque reconoce que la competitividad entre los nuevos talentos y los artistas consagrados es feroz y con el reto que siempre es innovar en cada canci\u00f3n para llamar la atenci\u00f3n del p\u00fablico.<\/p>\n\n\n\n<p>\u201cHe ido aprendiendo durante todos estos a\u00f1os para actualizarme y entender las distintas f\u00f3rmulas que han ido evolucionando hasta hoy. Los discos f\u00edsicos cada vez pierden m\u00e1s valor y todos los estrenos se hacen en las plataformas digitales, aunque mi disco \u2018Mil razones\u2019 saldr\u00e1 en vinilo, porque puede ser un elemento de culto en estos momentos, pero es verdad que hay una competencia brutal y mucha m\u00fasica, ahora tienes que pensar en que la canci\u00f3n tiene que enganchar al p\u00fablico en los primeros segundos, es como una carrera de fondos y obst\u00e1culos\u201d.<\/p>\n\n\n\n<p><strong>Ante la llamada \u201ccultura de la cancelaci\u00f3n\u201d y la persecuci\u00f3n y cr\u00edticas que diversas canciones tienen en redes sociales al ser consideradas con contenido incorrecto para la actualidad, Ana&nbsp;Torroja&nbsp;enfatiza en la importancia de comprender los contextos y tiempos en que las canciones fueron escritas.<\/strong><\/p>\n\n\n\n<p>\u201cA veces es buscarle tres pies al gato, es sacar las cosas de contexto, son otros momentos, otras \u00e9pocas y hoy en d\u00eda se admiten en las canciones cosas que hace a\u00f1os no se ocurrir\u00eda decir, a lo mejor, dentro de unos a\u00f1os lo que hoy se da por bueno, tambi\u00e9n se le buscar\u00e1 tres pies, se censura por decirlo de alguna forma. Creo que hay que ser un poco m\u00e1s abiertos de mente, entender los momentos y contextos, no buscarle tres pies al gato\u201d, finaliza.<\/p>\n","protected":false},"excerpt":{"rendered":"<p>Por Redacci\u00f3n QP Las cantantes espa\u00f1olas unieron sus voces para lanzar el tema \u201cHora y&#8230;<\/p>\n","protected":false},"author":2,"featured_media":82526,"comment_status":"open","ping_status":"open","sticky":false,"template":"","format":"standard","meta":{"_monsterinsights_skip_tracking":false,"_monsterinsights_sitenote_active":false,"_monsterinsights_sitenote_note":"","_monsterinsights_sitenote_category":0,"footnotes":""},"categories":[58],"tags":[],"class_list":["post-82525","post","type-post","status-publish","format-standard","has-post-thumbnail","hentry","category-cultura"],"yoast_head":"<!-- This site is optimized with the Yoast SEO plugin v27.3 - https:\/\/yoast.com\/product\/yoast-seo-wordpress\/ -->\n<title>Ana Torroja y Alaska reviven a la \u201cMovida Madrile\u00f1a\u201d -<\/title>\n<meta name=\"robots\" content=\"index, follow, max-snippet:-1, max-image-preview:large, max-video-preview:-1\" \/>\n<link rel=\"canonical\" href=\"https:\/\/quehacerpolitico.mx\/?p=82525\" \/>\n<meta property=\"og:locale\" content=\"es_MX\" \/>\n<meta property=\"og:type\" content=\"article\" \/>\n<meta property=\"og:title\" content=\"Ana Torroja y Alaska reviven a la \u201cMovida Madrile\u00f1a\u201d -\" \/>\n<meta property=\"og:description\" content=\"Por Redacci\u00f3n QP Las cantantes espa\u00f1olas unieron sus voces para lanzar el tema \u201cHora y...\" \/>\n<meta property=\"og:url\" content=\"https:\/\/quehacerpolitico.mx\/?p=82525\" \/>\n<meta property=\"article:published_time\" content=\"2021-07-02T19:29:56+00:00\" \/>\n<meta property=\"og:image\" content=\"https:\/\/quehacerpolitico.mx\/wp-content\/uploads\/2021\/07\/0FF6D6E5-CE43-463A-AE6B-D3089C5E194B.jpeg\" \/>\n\t<meta property=\"og:image:width\" content=\"355\" \/>\n\t<meta property=\"og:image:height\" content=\"223\" \/>\n\t<meta property=\"og:image:type\" content=\"image\/jpeg\" \/>\n<meta name=\"author\" content=\"Redacci\u00f3n QP\" \/>\n<meta name=\"twitter:card\" content=\"summary_large_image\" \/>\n<meta name=\"twitter:label1\" content=\"Escrito por\" \/>\n\t<meta name=\"twitter:data1\" content=\"Redacci\u00f3n QP\" \/>\n\t<meta name=\"twitter:label2\" content=\"Tiempo de lectura\" \/>\n\t<meta name=\"twitter:data2\" content=\"4 minutos\" \/>\n<script type=\"application\/ld+json\" class=\"yoast-schema-graph\">{\"@context\":\"https:\\\/\\\/schema.org\",\"@graph\":[{\"@type\":\"Article\",\"@id\":\"https:\\\/\\\/quehacerpolitico.mx\\\/?p=82525#article\",\"isPartOf\":{\"@id\":\"https:\\\/\\\/quehacerpolitico.mx\\\/?p=82525\"},\"author\":{\"name\":\"Redacci\u00f3n QP\",\"@id\":\"https:\\\/\\\/quehacerpolitico.mx\\\/#\\\/schema\\\/person\\\/496d8ad2d1d3f8036101dca7ee39e585\"},\"headline\":\"Ana Torroja y Alaska reviven a la \u201cMovida Madrile\u00f1a\u201d\",\"datePublished\":\"2021-07-02T19:29:56+00:00\",\"mainEntityOfPage\":{\"@id\":\"https:\\\/\\\/quehacerpolitico.mx\\\/?p=82525\"},\"wordCount\":847,\"commentCount\":0,\"image\":{\"@id\":\"https:\\\/\\\/quehacerpolitico.mx\\\/?p=82525#primaryimage\"},\"thumbnailUrl\":\"https:\\\/\\\/quehacerpolitico.mx\\\/wp-content\\\/uploads\\\/2021\\\/07\\\/0FF6D6E5-CE43-463A-AE6B-D3089C5E194B.jpeg\",\"articleSection\":[\"Cultura y Entretenimiento\"],\"inLanguage\":\"es\",\"potentialAction\":[{\"@type\":\"CommentAction\",\"name\":\"Comment\",\"target\":[\"https:\\\/\\\/quehacerpolitico.mx\\\/?p=82525#respond\"]}]},{\"@type\":\"WebPage\",\"@id\":\"https:\\\/\\\/quehacerpolitico.mx\\\/?p=82525\",\"url\":\"https:\\\/\\\/quehacerpolitico.mx\\\/?p=82525\",\"name\":\"Ana Torroja y Alaska reviven a la \u201cMovida Madrile\u00f1a\u201d -\",\"isPartOf\":{\"@id\":\"https:\\\/\\\/quehacerpolitico.mx\\\/#website\"},\"primaryImageOfPage\":{\"@id\":\"https:\\\/\\\/quehacerpolitico.mx\\\/?p=82525#primaryimage\"},\"image\":{\"@id\":\"https:\\\/\\\/quehacerpolitico.mx\\\/?p=82525#primaryimage\"},\"thumbnailUrl\":\"https:\\\/\\\/quehacerpolitico.mx\\\/wp-content\\\/uploads\\\/2021\\\/07\\\/0FF6D6E5-CE43-463A-AE6B-D3089C5E194B.jpeg\",\"datePublished\":\"2021-07-02T19:29:56+00:00\",\"author\":{\"@id\":\"https:\\\/\\\/quehacerpolitico.mx\\\/#\\\/schema\\\/person\\\/496d8ad2d1d3f8036101dca7ee39e585\"},\"breadcrumb\":{\"@id\":\"https:\\\/\\\/quehacerpolitico.mx\\\/?p=82525#breadcrumb\"},\"inLanguage\":\"es\",\"potentialAction\":[{\"@type\":\"ReadAction\",\"target\":[\"https:\\\/\\\/quehacerpolitico.mx\\\/?p=82525\"]}]},{\"@type\":\"ImageObject\",\"inLanguage\":\"es\",\"@id\":\"https:\\\/\\\/quehacerpolitico.mx\\\/?p=82525#primaryimage\",\"url\":\"https:\\\/\\\/quehacerpolitico.mx\\\/wp-content\\\/uploads\\\/2021\\\/07\\\/0FF6D6E5-CE43-463A-AE6B-D3089C5E194B.jpeg\",\"contentUrl\":\"https:\\\/\\\/quehacerpolitico.mx\\\/wp-content\\\/uploads\\\/2021\\\/07\\\/0FF6D6E5-CE43-463A-AE6B-D3089C5E194B.jpeg\",\"width\":355,\"height\":223},{\"@type\":\"BreadcrumbList\",\"@id\":\"https:\\\/\\\/quehacerpolitico.mx\\\/?p=82525#breadcrumb\",\"itemListElement\":[{\"@type\":\"ListItem\",\"position\":1,\"name\":\"Inicio\",\"item\":\"https:\\\/\\\/quehacerpolitico.mx\\\/\"},{\"@type\":\"ListItem\",\"position\":2,\"name\":\"Ana Torroja y Alaska reviven a la \u201cMovida Madrile\u00f1a\u201d\"}]},{\"@type\":\"WebSite\",\"@id\":\"https:\\\/\\\/quehacerpolitico.mx\\\/#website\",\"url\":\"https:\\\/\\\/quehacerpolitico.mx\\\/\",\"name\":\"\",\"description\":\"\",\"potentialAction\":[{\"@type\":\"SearchAction\",\"target\":{\"@type\":\"EntryPoint\",\"urlTemplate\":\"https:\\\/\\\/quehacerpolitico.mx\\\/?s={search_term_string}\"},\"query-input\":{\"@type\":\"PropertyValueSpecification\",\"valueRequired\":true,\"valueName\":\"search_term_string\"}}],\"inLanguage\":\"es\"},{\"@type\":\"Person\",\"@id\":\"https:\\\/\\\/quehacerpolitico.mx\\\/#\\\/schema\\\/person\\\/496d8ad2d1d3f8036101dca7ee39e585\",\"name\":\"Redacci\u00f3n QP\",\"image\":{\"@type\":\"ImageObject\",\"inLanguage\":\"es\",\"@id\":\"https:\\\/\\\/secure.gravatar.com\\\/avatar\\\/c7164ed6fdec453195284ad24a5ae5b6e1eed2b848477fa2a4787ba9adf39a41?s=96&d=mm&r=g\",\"url\":\"https:\\\/\\\/secure.gravatar.com\\\/avatar\\\/c7164ed6fdec453195284ad24a5ae5b6e1eed2b848477fa2a4787ba9adf39a41?s=96&d=mm&r=g\",\"contentUrl\":\"https:\\\/\\\/secure.gravatar.com\\\/avatar\\\/c7164ed6fdec453195284ad24a5ae5b6e1eed2b848477fa2a4787ba9adf39a41?s=96&d=mm&r=g\",\"caption\":\"Redacci\u00f3n QP\"},\"url\":\"https:\\\/\\\/quehacerpolitico.mx\\\/?author=2\"}]}<\/script>\n<!-- \/ Yoast SEO plugin. -->","yoast_head_json":{"title":"Ana Torroja y Alaska reviven a la \u201cMovida Madrile\u00f1a\u201d -","robots":{"index":"index","follow":"follow","max-snippet":"max-snippet:-1","max-image-preview":"max-image-preview:large","max-video-preview":"max-video-preview:-1"},"canonical":"https:\/\/quehacerpolitico.mx\/?p=82525","og_locale":"es_MX","og_type":"article","og_title":"Ana Torroja y Alaska reviven a la \u201cMovida Madrile\u00f1a\u201d -","og_description":"Por Redacci\u00f3n QP Las cantantes espa\u00f1olas unieron sus voces para lanzar el tema \u201cHora y...","og_url":"https:\/\/quehacerpolitico.mx\/?p=82525","article_published_time":"2021-07-02T19:29:56+00:00","og_image":[{"width":355,"height":223,"url":"https:\/\/quehacerpolitico.mx\/wp-content\/uploads\/2021\/07\/0FF6D6E5-CE43-463A-AE6B-D3089C5E194B.jpeg","type":"image\/jpeg"}],"author":"Redacci\u00f3n QP","twitter_card":"summary_large_image","twitter_misc":{"Escrito por":"Redacci\u00f3n QP","Tiempo de lectura":"4 minutos"},"schema":{"@context":"https:\/\/schema.org","@graph":[{"@type":"Article","@id":"https:\/\/quehacerpolitico.mx\/?p=82525#article","isPartOf":{"@id":"https:\/\/quehacerpolitico.mx\/?p=82525"},"author":{"name":"Redacci\u00f3n QP","@id":"https:\/\/quehacerpolitico.mx\/#\/schema\/person\/496d8ad2d1d3f8036101dca7ee39e585"},"headline":"Ana Torroja y Alaska reviven a la \u201cMovida Madrile\u00f1a\u201d","datePublished":"2021-07-02T19:29:56+00:00","mainEntityOfPage":{"@id":"https:\/\/quehacerpolitico.mx\/?p=82525"},"wordCount":847,"commentCount":0,"image":{"@id":"https:\/\/quehacerpolitico.mx\/?p=82525#primaryimage"},"thumbnailUrl":"https:\/\/quehacerpolitico.mx\/wp-content\/uploads\/2021\/07\/0FF6D6E5-CE43-463A-AE6B-D3089C5E194B.jpeg","articleSection":["Cultura y Entretenimiento"],"inLanguage":"es","potentialAction":[{"@type":"CommentAction","name":"Comment","target":["https:\/\/quehacerpolitico.mx\/?p=82525#respond"]}]},{"@type":"WebPage","@id":"https:\/\/quehacerpolitico.mx\/?p=82525","url":"https:\/\/quehacerpolitico.mx\/?p=82525","name":"Ana Torroja y Alaska reviven a la \u201cMovida Madrile\u00f1a\u201d -","isPartOf":{"@id":"https:\/\/quehacerpolitico.mx\/#website"},"primaryImageOfPage":{"@id":"https:\/\/quehacerpolitico.mx\/?p=82525#primaryimage"},"image":{"@id":"https:\/\/quehacerpolitico.mx\/?p=82525#primaryimage"},"thumbnailUrl":"https:\/\/quehacerpolitico.mx\/wp-content\/uploads\/2021\/07\/0FF6D6E5-CE43-463A-AE6B-D3089C5E194B.jpeg","datePublished":"2021-07-02T19:29:56+00:00","author":{"@id":"https:\/\/quehacerpolitico.mx\/#\/schema\/person\/496d8ad2d1d3f8036101dca7ee39e585"},"breadcrumb":{"@id":"https:\/\/quehacerpolitico.mx\/?p=82525#breadcrumb"},"inLanguage":"es","potentialAction":[{"@type":"ReadAction","target":["https:\/\/quehacerpolitico.mx\/?p=82525"]}]},{"@type":"ImageObject","inLanguage":"es","@id":"https:\/\/quehacerpolitico.mx\/?p=82525#primaryimage","url":"https:\/\/quehacerpolitico.mx\/wp-content\/uploads\/2021\/07\/0FF6D6E5-CE43-463A-AE6B-D3089C5E194B.jpeg","contentUrl":"https:\/\/quehacerpolitico.mx\/wp-content\/uploads\/2021\/07\/0FF6D6E5-CE43-463A-AE6B-D3089C5E194B.jpeg","width":355,"height":223},{"@type":"BreadcrumbList","@id":"https:\/\/quehacerpolitico.mx\/?p=82525#breadcrumb","itemListElement":[{"@type":"ListItem","position":1,"name":"Inicio","item":"https:\/\/quehacerpolitico.mx\/"},{"@type":"ListItem","position":2,"name":"Ana Torroja y Alaska reviven a la \u201cMovida Madrile\u00f1a\u201d"}]},{"@type":"WebSite","@id":"https:\/\/quehacerpolitico.mx\/#website","url":"https:\/\/quehacerpolitico.mx\/","name":"","description":"","potentialAction":[{"@type":"SearchAction","target":{"@type":"EntryPoint","urlTemplate":"https:\/\/quehacerpolitico.mx\/?s={search_term_string}"},"query-input":{"@type":"PropertyValueSpecification","valueRequired":true,"valueName":"search_term_string"}}],"inLanguage":"es"},{"@type":"Person","@id":"https:\/\/quehacerpolitico.mx\/#\/schema\/person\/496d8ad2d1d3f8036101dca7ee39e585","name":"Redacci\u00f3n QP","image":{"@type":"ImageObject","inLanguage":"es","@id":"https:\/\/secure.gravatar.com\/avatar\/c7164ed6fdec453195284ad24a5ae5b6e1eed2b848477fa2a4787ba9adf39a41?s=96&d=mm&r=g","url":"https:\/\/secure.gravatar.com\/avatar\/c7164ed6fdec453195284ad24a5ae5b6e1eed2b848477fa2a4787ba9adf39a41?s=96&d=mm&r=g","contentUrl":"https:\/\/secure.gravatar.com\/avatar\/c7164ed6fdec453195284ad24a5ae5b6e1eed2b848477fa2a4787ba9adf39a41?s=96&d=mm&r=g","caption":"Redacci\u00f3n QP"},"url":"https:\/\/quehacerpolitico.mx\/?author=2"}]}},"featured_image_urls":{"full":["https:\/\/quehacerpolitico.mx\/wp-content\/uploads\/2021\/07\/0FF6D6E5-CE43-463A-AE6B-D3089C5E194B.jpeg",355,223,false],"thumbnail":["https:\/\/quehacerpolitico.mx\/wp-content\/uploads\/2021\/07\/0FF6D6E5-CE43-463A-AE6B-D3089C5E194B-150x150.jpeg",150,150,true],"medium":["https:\/\/quehacerpolitico.mx\/wp-content\/uploads\/2021\/07\/0FF6D6E5-CE43-463A-AE6B-D3089C5E194B-300x188.jpeg",300,188,true],"medium_large":["https:\/\/quehacerpolitico.mx\/wp-content\/uploads\/2021\/07\/0FF6D6E5-CE43-463A-AE6B-D3089C5E194B.jpeg",355,223,false],"large":["https:\/\/quehacerpolitico.mx\/wp-content\/uploads\/2021\/07\/0FF6D6E5-CE43-463A-AE6B-D3089C5E194B.jpeg",355,223,false],"1536x1536":["https:\/\/quehacerpolitico.mx\/wp-content\/uploads\/2021\/07\/0FF6D6E5-CE43-463A-AE6B-D3089C5E194B.jpeg",355,223,false],"2048x2048":["https:\/\/quehacerpolitico.mx\/wp-content\/uploads\/2021\/07\/0FF6D6E5-CE43-463A-AE6B-D3089C5E194B.jpeg",355,223,false],"covernews-featured":["https:\/\/quehacerpolitico.mx\/wp-content\/uploads\/2021\/07\/0FF6D6E5-CE43-463A-AE6B-D3089C5E194B.jpeg",355,223,false],"covernews-medium":["https:\/\/quehacerpolitico.mx\/wp-content\/uploads\/2021\/07\/0FF6D6E5-CE43-463A-AE6B-D3089C5E194B.jpeg",355,223,false]},"author_info":{"display_name":"Redacci\u00f3n QP","author_link":"https:\/\/quehacerpolitico.mx\/?author=2"},"category_info":"<a href=\"https:\/\/quehacerpolitico.mx\/?cat=58\" rel=\"category\">Cultura y Entretenimiento<\/a>","tag_info":"Cultura y Entretenimiento","comment_count":"0","_links":{"self":[{"href":"https:\/\/quehacerpolitico.mx\/index.php?rest_route=\/wp\/v2\/posts\/82525","targetHints":{"allow":["GET"]}}],"collection":[{"href":"https:\/\/quehacerpolitico.mx\/index.php?rest_route=\/wp\/v2\/posts"}],"about":[{"href":"https:\/\/quehacerpolitico.mx\/index.php?rest_route=\/wp\/v2\/types\/post"}],"author":[{"embeddable":true,"href":"https:\/\/quehacerpolitico.mx\/index.php?rest_route=\/wp\/v2\/users\/2"}],"replies":[{"embeddable":true,"href":"https:\/\/quehacerpolitico.mx\/index.php?rest_route=%2Fwp%2Fv2%2Fcomments&post=82525"}],"version-history":[{"count":0,"href":"https:\/\/quehacerpolitico.mx\/index.php?rest_route=\/wp\/v2\/posts\/82525\/revisions"}],"wp:featuredmedia":[{"embeddable":true,"href":"https:\/\/quehacerpolitico.mx\/index.php?rest_route=\/wp\/v2\/media\/82526"}],"wp:attachment":[{"href":"https:\/\/quehacerpolitico.mx\/index.php?rest_route=%2Fwp%2Fv2%2Fmedia&parent=82525"}],"wp:term":[{"taxonomy":"category","embeddable":true,"href":"https:\/\/quehacerpolitico.mx\/index.php?rest_route=%2Fwp%2Fv2%2Fcategories&post=82525"},{"taxonomy":"post_tag","embeddable":true,"href":"https:\/\/quehacerpolitico.mx\/index.php?rest_route=%2Fwp%2Fv2%2Ftags&post=82525"}],"curies":[{"name":"wp","href":"https:\/\/api.w.org\/{rel}","templated":true}]}}