{"id":82522,"date":"2021-07-02T19:03:57","date_gmt":"2021-07-02T19:03:57","guid":{"rendered":"https:\/\/quehacerpolitico.mx\/?p=82522"},"modified":"2021-07-02T19:03:57","modified_gmt":"2021-07-02T19:03:57","slug":"seleccion-femenil-podra-pagar-veto-por-grito-homofobico-de-juegos-de-la-varonil","status":"publish","type":"post","link":"https:\/\/quehacerpolitico.mx\/?p=82522","title":{"rendered":"Selecci\u00f3n Femenil podr\u00e1 pagar veto por grito homof\u00f3bico de juegos de la varonil"},"content":{"rendered":"\n<p>Por Redacci\u00f3n QP<\/p>\n\n\n\n<p>Yon de Luisa confirm\u00f3 el posible castigo que recibir\u00eda el Tricolor de mujeres, aunque todo est\u00e1 en manos de la FIFA.<\/p>\n\n\n\n<p>El pago del castigo por el&nbsp;<strong>grito homof\u00f3bico<\/strong>&nbsp;que la<strong>&nbsp;FIFA<\/strong>&nbsp;le impuso a la&nbsp;<strong>Federaci\u00f3n Mexicana de Futbol<\/strong>(dos partidos de veto como local por los gritos en los partidos del&nbsp;<strong>preol\u00edmpico de Concacaf<\/strong>&nbsp;en&nbsp;<strong>Guadalajara<\/strong>&nbsp;el pasado mes de marzo) podr\u00eda ser dividido entre las categor\u00edas del varonil y de la femenil. Es decir, la&nbsp;<strong>Selecci\u00f3n Mexicana<\/strong>&nbsp;de&nbsp;<strong>Gerardo Martino&nbsp;<\/strong>pagar\u00eda un juego y el segundo lo har\u00eda el cuadro de<strong>&nbsp;M\u00f3nica Vergara.<\/strong><\/p>\n\n\n\n<p>Esto es debido a la calendarizaci\u00f3n que hay entre septiembre y octubre, pues los dos partidos inmediatos que tiene\u00a0el Tri del Tata como local son vs\u00a0<strong>Jamaica\u00a0<\/strong>el 2 de septiembre y el 7 de octubre contra\u00a0<strong>Canad\u00e1<\/strong>, ambos correspondientes a las\u00a0<strong>eliminatorias mundialistas<\/strong>\u00a0de la\u00a0<strong>Concacaf.<\/strong><\/p>\n\n\n\n<p>Sin embargo, entre esos dos cotejos, la\u00a0<strong>Femenil\u00a0<\/strong>tendr\u00eda un par de duelos para cumplir con la\u00a0<strong>Fecha FIFA<\/strong>\u00a0de septiembre que va del 13 al 21, ah\u00ed, la\u00a0<strong>Femexfut\u00a0<\/strong>podr\u00eda agendarles un rival que venga al pa\u00eds y as\u00ed tener la local\u00eda para hacer el pago del segundo partido.Te recomendamos:\u00a0Jorge Campos habl\u00f3 de \u2018refuerzos impuestos\u2019 en Selecci\u00f3n Mexicana Ol\u00edmpica<\/p>\n\n\n\n<h3 class=\"wp-block-heading\">LA ACTIVIDAD DEL TRI FEMENIL<\/h3>\n\n\n\n<p>Cabe destacar que las aztecas han tenido en este&nbsp;<strong>2020<\/strong>&nbsp;una constante actividad con apenas dos partidos en territorio mexicano que fueron contra Costa Rica en marzo pasado, uno de ellos en el Azteca y el otro en el Centro de Alto Rendimiento de la Federaci\u00f3n.<\/p>\n\n\n\n<p>De ah\u00ed, el\u00a0<strong>Tri<\/strong>\u00a0de\u00a0<strong>Vergara<\/strong>\u00a0ha salido a\u00a0<strong>Espa\u00f1a<\/strong>\u00a0en donde enfrent\u00f3 a\u00a0<strong>Eslovaquia\u00a0<\/strong>y al cuadro espa\u00f1ol, despu\u00e9s viaj\u00f3 a Jap\u00f3n para medirse ante las anfitrionas de los\u00a0Juegos Ol\u00edmpicos de Tokio 2020\u00a0y este fin de semana se encuentra en\u00a0<strong>Estados Unidos<\/strong>\u00a0en donde lleva uno de dos amistosos contra las bicampeonas del mundo, pues el otro ser\u00e1 este pr\u00f3ximo lunes\u00a0<strong>5 de julio.<\/strong><\/p>\n\n\n\n<p><strong>PARTIDOS PR\u00d3XIMOS DEL TRI VARONIL<\/strong><\/p>\n\n\n\n<ul class=\"wp-block-list\"><li>2 de septiembre vs Jamaica LOCAL<\/li><li>5 de septiembre vs Costa Rica VISITA<\/li><li>8 de septiembre vs Panam\u00e1 VISITA<\/li><li>7 de octubre M\u00e9xico vs Canad\u00e1 LOCAL<\/li><\/ul>\n\n\n\n<p><strong>Fecha FIFA Femenil<\/strong><\/p>\n\n\n\n<ul class=\"wp-block-list\"><li>Septiembre 13-21 de septiembre<\/li><\/ul>\n\n\n\n<h3 class=\"wp-block-heading\">YON DE LUISA LO CONFIRMA<\/h3>\n\n\n\n<p>En entrevista con\u00a0<strong>Telediario Ciudad de M\u00e9xico<\/strong>,\u00a0<strong>Yon de Luisa<\/strong>, presidente de la\u00a0Federaci\u00f3n Mexicana de F\u00fatbol, se\u00f1al\u00f3 que<strong>\u00a0FIFA<\/strong>\u00a0determin\u00f3 la sanci\u00f3n de una manera abierta y no depender\u00eda de ellos qu\u00e9 categor\u00eda paga el castigo de dos partidos de vetos.<\/p>\n\n\n\n<p>&#8220;La sanci\u00f3n es para los siguientes partidos oficiales, no nos indican si es una selecci\u00f3n<strong>\u00a0Mayor, Menor o Femenil<\/strong>. Quienes lo decidan ser\u00e1 la FIFA. Lo digo categ\u00f3ricamente, nunca acomodaremos una sanci\u00f3n para una\u00a0<strong>selecci\u00f3n femenil&#8221;<\/strong>, dijo.<\/p>\n\n\n\n<p>Y es que el directivo dej\u00f3 claro que el pago podr\u00eda ser con un partido del Tri Mayor (vs Jamaica) y otro de Femenil (uno de la Fecha FIFA de septiembre).<\/p>\n\n\n\n<p>&#8220;En septiembre hay una Fecha FIFA para una Selecci\u00f3n Varonil y otra para la Femenil. Lo que s\u00ed puede pasar es que la sanci\u00f3n la paguen las dos selecciones. No nos est\u00e1n sancionado por comportamiento de una selecci\u00f3n. Yo no estoy de acuerdo con la sanci\u00f3n, pero si la FIFA no est\u00e1 obligando a cumplir. Est\u00e1n sancionando a la afici\u00f3n. Esa es la parte importante, que no les permitan entrar a los estadios. La parte injusta del castigo es estar afectado a las selecciones, nosotros como afici\u00f3n tenemos que pensar que esta parte del grito no nos conviene a nosotros&#8221;.<\/p>\n\n\n\n<p>Con Informaci\u00f3n de Medio Tiempo<\/p>\n","protected":false},"excerpt":{"rendered":"<p>Por Redacci\u00f3n QP Yon de Luisa confirm\u00f3 el posible castigo que recibir\u00eda el Tricolor de&#8230;<\/p>\n","protected":false},"author":2,"featured_media":82523,"comment_status":"open","ping_status":"open","sticky":false,"template":"","format":"standard","meta":{"_monsterinsights_skip_tracking":false,"_monsterinsights_sitenote_active":false,"_monsterinsights_sitenote_note":"","_monsterinsights_sitenote_category":0,"footnotes":""},"categories":[54],"tags":[],"class_list":["post-82522","post","type-post","status-publish","format-standard","has-post-thumbnail","hentry","category-deportes"],"yoast_head":"<!-- This site is optimized with the Yoast SEO plugin v27.3 - https:\/\/yoast.com\/product\/yoast-seo-wordpress\/ -->\n<title>Selecci\u00f3n Femenil podr\u00e1 pagar veto por grito homof\u00f3bico de juegos de la varonil -<\/title>\n<meta name=\"robots\" content=\"index, follow, max-snippet:-1, max-image-preview:large, max-video-preview:-1\" \/>\n<link rel=\"canonical\" href=\"https:\/\/quehacerpolitico.mx\/?p=82522\" \/>\n<meta property=\"og:locale\" content=\"es_MX\" \/>\n<meta property=\"og:type\" content=\"article\" \/>\n<meta property=\"og:title\" content=\"Selecci\u00f3n Femenil podr\u00e1 pagar veto por grito homof\u00f3bico de juegos de la varonil -\" \/>\n<meta property=\"og:description\" content=\"Por Redacci\u00f3n QP Yon de Luisa confirm\u00f3 el posible castigo que recibir\u00eda el Tricolor de...\" \/>\n<meta property=\"og:url\" content=\"https:\/\/quehacerpolitico.mx\/?p=82522\" \/>\n<meta property=\"article:published_time\" content=\"2021-07-02T19:03:57+00:00\" \/>\n<meta property=\"og:image\" content=\"https:\/\/quehacerpolitico.mx\/wp-content\/uploads\/2021\/07\/EE22CE92-A598-4A52-BEE4-67B74E3DC00A.jpeg\" \/>\n\t<meta property=\"og:image:width\" content=\"630\" \/>\n\t<meta property=\"og:image:height\" content=\"449\" \/>\n\t<meta property=\"og:image:type\" content=\"image\/jpeg\" \/>\n<meta name=\"author\" content=\"Redacci\u00f3n QP\" \/>\n<meta name=\"twitter:card\" content=\"summary_large_image\" \/>\n<meta name=\"twitter:label1\" content=\"Escrito por\" \/>\n\t<meta name=\"twitter:data1\" content=\"Redacci\u00f3n QP\" \/>\n\t<meta name=\"twitter:label2\" content=\"Tiempo de lectura\" \/>\n\t<meta name=\"twitter:data2\" content=\"3 minutos\" \/>\n<script type=\"application\/ld+json\" class=\"yoast-schema-graph\">{\"@context\":\"https:\\\/\\\/schema.org\",\"@graph\":[{\"@type\":\"Article\",\"@id\":\"https:\\\/\\\/quehacerpolitico.mx\\\/?p=82522#article\",\"isPartOf\":{\"@id\":\"https:\\\/\\\/quehacerpolitico.mx\\\/?p=82522\"},\"author\":{\"name\":\"Redacci\u00f3n QP\",\"@id\":\"https:\\\/\\\/quehacerpolitico.mx\\\/#\\\/schema\\\/person\\\/496d8ad2d1d3f8036101dca7ee39e585\"},\"headline\":\"Selecci\u00f3n Femenil podr\u00e1 pagar veto por grito homof\u00f3bico de juegos de la varonil\",\"datePublished\":\"2021-07-02T19:03:57+00:00\",\"mainEntityOfPage\":{\"@id\":\"https:\\\/\\\/quehacerpolitico.mx\\\/?p=82522\"},\"wordCount\":654,\"commentCount\":0,\"image\":{\"@id\":\"https:\\\/\\\/quehacerpolitico.mx\\\/?p=82522#primaryimage\"},\"thumbnailUrl\":\"https:\\\/\\\/quehacerpolitico.mx\\\/wp-content\\\/uploads\\\/2021\\\/07\\\/EE22CE92-A598-4A52-BEE4-67B74E3DC00A.jpeg\",\"articleSection\":[\"Deportes\"],\"inLanguage\":\"es\",\"potentialAction\":[{\"@type\":\"CommentAction\",\"name\":\"Comment\",\"target\":[\"https:\\\/\\\/quehacerpolitico.mx\\\/?p=82522#respond\"]}]},{\"@type\":\"WebPage\",\"@id\":\"https:\\\/\\\/quehacerpolitico.mx\\\/?p=82522\",\"url\":\"https:\\\/\\\/quehacerpolitico.mx\\\/?p=82522\",\"name\":\"Selecci\u00f3n Femenil podr\u00e1 pagar veto por grito homof\u00f3bico de juegos de la varonil -\",\"isPartOf\":{\"@id\":\"https:\\\/\\\/quehacerpolitico.mx\\\/#website\"},\"primaryImageOfPage\":{\"@id\":\"https:\\\/\\\/quehacerpolitico.mx\\\/?p=82522#primaryimage\"},\"image\":{\"@id\":\"https:\\\/\\\/quehacerpolitico.mx\\\/?p=82522#primaryimage\"},\"thumbnailUrl\":\"https:\\\/\\\/quehacerpolitico.mx\\\/wp-content\\\/uploads\\\/2021\\\/07\\\/EE22CE92-A598-4A52-BEE4-67B74E3DC00A.jpeg\",\"datePublished\":\"2021-07-02T19:03:57+00:00\",\"author\":{\"@id\":\"https:\\\/\\\/quehacerpolitico.mx\\\/#\\\/schema\\\/person\\\/496d8ad2d1d3f8036101dca7ee39e585\"},\"breadcrumb\":{\"@id\":\"https:\\\/\\\/quehacerpolitico.mx\\\/?p=82522#breadcrumb\"},\"inLanguage\":\"es\",\"potentialAction\":[{\"@type\":\"ReadAction\",\"target\":[\"https:\\\/\\\/quehacerpolitico.mx\\\/?p=82522\"]}]},{\"@type\":\"ImageObject\",\"inLanguage\":\"es\",\"@id\":\"https:\\\/\\\/quehacerpolitico.mx\\\/?p=82522#primaryimage\",\"url\":\"https:\\\/\\\/quehacerpolitico.mx\\\/wp-content\\\/uploads\\\/2021\\\/07\\\/EE22CE92-A598-4A52-BEE4-67B74E3DC00A.jpeg\",\"contentUrl\":\"https:\\\/\\\/quehacerpolitico.mx\\\/wp-content\\\/uploads\\\/2021\\\/07\\\/EE22CE92-A598-4A52-BEE4-67B74E3DC00A.jpeg\",\"width\":630,\"height\":449},{\"@type\":\"BreadcrumbList\",\"@id\":\"https:\\\/\\\/quehacerpolitico.mx\\\/?p=82522#breadcrumb\",\"itemListElement\":[{\"@type\":\"ListItem\",\"position\":1,\"name\":\"Inicio\",\"item\":\"https:\\\/\\\/quehacerpolitico.mx\\\/\"},{\"@type\":\"ListItem\",\"position\":2,\"name\":\"Selecci\u00f3n Femenil podr\u00e1 pagar veto por grito homof\u00f3bico de juegos de la varonil\"}]},{\"@type\":\"WebSite\",\"@id\":\"https:\\\/\\\/quehacerpolitico.mx\\\/#website\",\"url\":\"https:\\\/\\\/quehacerpolitico.mx\\\/\",\"name\":\"\",\"description\":\"\",\"potentialAction\":[{\"@type\":\"SearchAction\",\"target\":{\"@type\":\"EntryPoint\",\"urlTemplate\":\"https:\\\/\\\/quehacerpolitico.mx\\\/?s={search_term_string}\"},\"query-input\":{\"@type\":\"PropertyValueSpecification\",\"valueRequired\":true,\"valueName\":\"search_term_string\"}}],\"inLanguage\":\"es\"},{\"@type\":\"Person\",\"@id\":\"https:\\\/\\\/quehacerpolitico.mx\\\/#\\\/schema\\\/person\\\/496d8ad2d1d3f8036101dca7ee39e585\",\"name\":\"Redacci\u00f3n QP\",\"image\":{\"@type\":\"ImageObject\",\"inLanguage\":\"es\",\"@id\":\"https:\\\/\\\/secure.gravatar.com\\\/avatar\\\/c7164ed6fdec453195284ad24a5ae5b6e1eed2b848477fa2a4787ba9adf39a41?s=96&d=mm&r=g\",\"url\":\"https:\\\/\\\/secure.gravatar.com\\\/avatar\\\/c7164ed6fdec453195284ad24a5ae5b6e1eed2b848477fa2a4787ba9adf39a41?s=96&d=mm&r=g\",\"contentUrl\":\"https:\\\/\\\/secure.gravatar.com\\\/avatar\\\/c7164ed6fdec453195284ad24a5ae5b6e1eed2b848477fa2a4787ba9adf39a41?s=96&d=mm&r=g\",\"caption\":\"Redacci\u00f3n QP\"},\"url\":\"https:\\\/\\\/quehacerpolitico.mx\\\/?author=2\"}]}<\/script>\n<!-- \/ Yoast SEO plugin. -->","yoast_head_json":{"title":"Selecci\u00f3n Femenil podr\u00e1 pagar veto por grito homof\u00f3bico de juegos de la varonil -","robots":{"index":"index","follow":"follow","max-snippet":"max-snippet:-1","max-image-preview":"max-image-preview:large","max-video-preview":"max-video-preview:-1"},"canonical":"https:\/\/quehacerpolitico.mx\/?p=82522","og_locale":"es_MX","og_type":"article","og_title":"Selecci\u00f3n Femenil podr\u00e1 pagar veto por grito homof\u00f3bico de juegos de la varonil -","og_description":"Por Redacci\u00f3n QP Yon de Luisa confirm\u00f3 el posible castigo que recibir\u00eda el Tricolor de...","og_url":"https:\/\/quehacerpolitico.mx\/?p=82522","article_published_time":"2021-07-02T19:03:57+00:00","og_image":[{"width":630,"height":449,"url":"https:\/\/quehacerpolitico.mx\/wp-content\/uploads\/2021\/07\/EE22CE92-A598-4A52-BEE4-67B74E3DC00A.jpeg","type":"image\/jpeg"}],"author":"Redacci\u00f3n QP","twitter_card":"summary_large_image","twitter_misc":{"Escrito por":"Redacci\u00f3n QP","Tiempo de lectura":"3 minutos"},"schema":{"@context":"https:\/\/schema.org","@graph":[{"@type":"Article","@id":"https:\/\/quehacerpolitico.mx\/?p=82522#article","isPartOf":{"@id":"https:\/\/quehacerpolitico.mx\/?p=82522"},"author":{"name":"Redacci\u00f3n QP","@id":"https:\/\/quehacerpolitico.mx\/#\/schema\/person\/496d8ad2d1d3f8036101dca7ee39e585"},"headline":"Selecci\u00f3n Femenil podr\u00e1 pagar veto por grito homof\u00f3bico de juegos de la varonil","datePublished":"2021-07-02T19:03:57+00:00","mainEntityOfPage":{"@id":"https:\/\/quehacerpolitico.mx\/?p=82522"},"wordCount":654,"commentCount":0,"image":{"@id":"https:\/\/quehacerpolitico.mx\/?p=82522#primaryimage"},"thumbnailUrl":"https:\/\/quehacerpolitico.mx\/wp-content\/uploads\/2021\/07\/EE22CE92-A598-4A52-BEE4-67B74E3DC00A.jpeg","articleSection":["Deportes"],"inLanguage":"es","potentialAction":[{"@type":"CommentAction","name":"Comment","target":["https:\/\/quehacerpolitico.mx\/?p=82522#respond"]}]},{"@type":"WebPage","@id":"https:\/\/quehacerpolitico.mx\/?p=82522","url":"https:\/\/quehacerpolitico.mx\/?p=82522","name":"Selecci\u00f3n Femenil podr\u00e1 pagar veto por grito homof\u00f3bico de juegos de la varonil -","isPartOf":{"@id":"https:\/\/quehacerpolitico.mx\/#website"},"primaryImageOfPage":{"@id":"https:\/\/quehacerpolitico.mx\/?p=82522#primaryimage"},"image":{"@id":"https:\/\/quehacerpolitico.mx\/?p=82522#primaryimage"},"thumbnailUrl":"https:\/\/quehacerpolitico.mx\/wp-content\/uploads\/2021\/07\/EE22CE92-A598-4A52-BEE4-67B74E3DC00A.jpeg","datePublished":"2021-07-02T19:03:57+00:00","author":{"@id":"https:\/\/quehacerpolitico.mx\/#\/schema\/person\/496d8ad2d1d3f8036101dca7ee39e585"},"breadcrumb":{"@id":"https:\/\/quehacerpolitico.mx\/?p=82522#breadcrumb"},"inLanguage":"es","potentialAction":[{"@type":"ReadAction","target":["https:\/\/quehacerpolitico.mx\/?p=82522"]}]},{"@type":"ImageObject","inLanguage":"es","@id":"https:\/\/quehacerpolitico.mx\/?p=82522#primaryimage","url":"https:\/\/quehacerpolitico.mx\/wp-content\/uploads\/2021\/07\/EE22CE92-A598-4A52-BEE4-67B74E3DC00A.jpeg","contentUrl":"https:\/\/quehacerpolitico.mx\/wp-content\/uploads\/2021\/07\/EE22CE92-A598-4A52-BEE4-67B74E3DC00A.jpeg","width":630,"height":449},{"@type":"BreadcrumbList","@id":"https:\/\/quehacerpolitico.mx\/?p=82522#breadcrumb","itemListElement":[{"@type":"ListItem","position":1,"name":"Inicio","item":"https:\/\/quehacerpolitico.mx\/"},{"@type":"ListItem","position":2,"name":"Selecci\u00f3n Femenil podr\u00e1 pagar veto por grito homof\u00f3bico de juegos de la varonil"}]},{"@type":"WebSite","@id":"https:\/\/quehacerpolitico.mx\/#website","url":"https:\/\/quehacerpolitico.mx\/","name":"","description":"","potentialAction":[{"@type":"SearchAction","target":{"@type":"EntryPoint","urlTemplate":"https:\/\/quehacerpolitico.mx\/?s={search_term_string}"},"query-input":{"@type":"PropertyValueSpecification","valueRequired":true,"valueName":"search_term_string"}}],"inLanguage":"es"},{"@type":"Person","@id":"https:\/\/quehacerpolitico.mx\/#\/schema\/person\/496d8ad2d1d3f8036101dca7ee39e585","name":"Redacci\u00f3n QP","image":{"@type":"ImageObject","inLanguage":"es","@id":"https:\/\/secure.gravatar.com\/avatar\/c7164ed6fdec453195284ad24a5ae5b6e1eed2b848477fa2a4787ba9adf39a41?s=96&d=mm&r=g","url":"https:\/\/secure.gravatar.com\/avatar\/c7164ed6fdec453195284ad24a5ae5b6e1eed2b848477fa2a4787ba9adf39a41?s=96&d=mm&r=g","contentUrl":"https:\/\/secure.gravatar.com\/avatar\/c7164ed6fdec453195284ad24a5ae5b6e1eed2b848477fa2a4787ba9adf39a41?s=96&d=mm&r=g","caption":"Redacci\u00f3n QP"},"url":"https:\/\/quehacerpolitico.mx\/?author=2"}]}},"featured_image_urls":{"full":["https:\/\/quehacerpolitico.mx\/wp-content\/uploads\/2021\/07\/EE22CE92-A598-4A52-BEE4-67B74E3DC00A.jpeg",630,449,false],"thumbnail":["https:\/\/quehacerpolitico.mx\/wp-content\/uploads\/2021\/07\/EE22CE92-A598-4A52-BEE4-67B74E3DC00A-150x150.jpeg",150,150,true],"medium":["https:\/\/quehacerpolitico.mx\/wp-content\/uploads\/2021\/07\/EE22CE92-A598-4A52-BEE4-67B74E3DC00A-300x214.jpeg",300,214,true],"medium_large":["https:\/\/quehacerpolitico.mx\/wp-content\/uploads\/2021\/07\/EE22CE92-A598-4A52-BEE4-67B74E3DC00A.jpeg",630,449,false],"large":["https:\/\/quehacerpolitico.mx\/wp-content\/uploads\/2021\/07\/EE22CE92-A598-4A52-BEE4-67B74E3DC00A.jpeg",630,449,false],"1536x1536":["https:\/\/quehacerpolitico.mx\/wp-content\/uploads\/2021\/07\/EE22CE92-A598-4A52-BEE4-67B74E3DC00A.jpeg",630,449,false],"2048x2048":["https:\/\/quehacerpolitico.mx\/wp-content\/uploads\/2021\/07\/EE22CE92-A598-4A52-BEE4-67B74E3DC00A.jpeg",630,449,false],"covernews-featured":["https:\/\/quehacerpolitico.mx\/wp-content\/uploads\/2021\/07\/EE22CE92-A598-4A52-BEE4-67B74E3DC00A.jpeg",630,449,false],"covernews-medium":["https:\/\/quehacerpolitico.mx\/wp-content\/uploads\/2021\/07\/EE22CE92-A598-4A52-BEE4-67B74E3DC00A.jpeg",477,340,false]},"author_info":{"display_name":"Redacci\u00f3n QP","author_link":"https:\/\/quehacerpolitico.mx\/?author=2"},"category_info":"<a href=\"https:\/\/quehacerpolitico.mx\/?cat=54\" rel=\"category\">Deportes<\/a>","tag_info":"Deportes","comment_count":"0","_links":{"self":[{"href":"https:\/\/quehacerpolitico.mx\/index.php?rest_route=\/wp\/v2\/posts\/82522","targetHints":{"allow":["GET"]}}],"collection":[{"href":"https:\/\/quehacerpolitico.mx\/index.php?rest_route=\/wp\/v2\/posts"}],"about":[{"href":"https:\/\/quehacerpolitico.mx\/index.php?rest_route=\/wp\/v2\/types\/post"}],"author":[{"embeddable":true,"href":"https:\/\/quehacerpolitico.mx\/index.php?rest_route=\/wp\/v2\/users\/2"}],"replies":[{"embeddable":true,"href":"https:\/\/quehacerpolitico.mx\/index.php?rest_route=%2Fwp%2Fv2%2Fcomments&post=82522"}],"version-history":[{"count":0,"href":"https:\/\/quehacerpolitico.mx\/index.php?rest_route=\/wp\/v2\/posts\/82522\/revisions"}],"wp:featuredmedia":[{"embeddable":true,"href":"https:\/\/quehacerpolitico.mx\/index.php?rest_route=\/wp\/v2\/media\/82523"}],"wp:attachment":[{"href":"https:\/\/quehacerpolitico.mx\/index.php?rest_route=%2Fwp%2Fv2%2Fmedia&parent=82522"}],"wp:term":[{"taxonomy":"category","embeddable":true,"href":"https:\/\/quehacerpolitico.mx\/index.php?rest_route=%2Fwp%2Fv2%2Fcategories&post=82522"},{"taxonomy":"post_tag","embeddable":true,"href":"https:\/\/quehacerpolitico.mx\/index.php?rest_route=%2Fwp%2Fv2%2Ftags&post=82522"}],"curies":[{"name":"wp","href":"https:\/\/api.w.org\/{rel}","templated":true}]}}