{"id":81955,"date":"2021-06-10T14:59:32","date_gmt":"2021-06-10T14:59:32","guid":{"rendered":"https:\/\/quehacerpolitico.mx\/?p=81955"},"modified":"2021-06-10T14:59:32","modified_gmt":"2021-06-10T14:59:32","slug":"adultos-mayores-recibiran-pension-correspondiente-julio-y-agosto-ya-con-aumento-amlo","status":"publish","type":"post","link":"https:\/\/quehacerpolitico.mx\/?p=81955","title":{"rendered":"Adultos mayores recibir\u00e1n pensi\u00f3n correspondiente a julio y agosto ya con aumento: AMLO"},"content":{"rendered":"<h1 class=\"article_title\">Adultos mayores recibir\u00e1n pensi\u00f3n correspondiente a julio y agosto ya con aumento: AMLO<br \/>\nPor Redacci\u00f3n QP<\/h1>\n<p>Para 2024, las pensiones de los adultos mayores aumentar\u00e1n al 100%, afirma el presidente AMLO<\/p>\n<p class=\"p1\">El presidente, Andr\u00e9s Manuel L\u00f3pez Obrador <strong>(AMLO),<\/strong> inform\u00f3 que a partir de este mes de junio se reiniciar\u00e1 el pago de las <strong>pensiones<\/strong>de los <strong>adultos mayores,<\/strong> correspondiente al bimestre <strong>julio<\/strong> y <strong>agosto <\/strong>de 2021<strong>;<\/strong> adem\u00e1s dijo que el pag\u00f3 ya incluir\u00e1 un <strong>aumento.<\/strong><\/p>\n<div class=\"ad-break\">\n<blockquote>\n<p class=\"p1\">\u201cAprovecho para decirle a los adultos mayores que ya vamos a empezar a dispersar los fondos del bimestre de julio-agosto y ya ese bimestre va a contemplar un incremento en la pensi\u00f3n\u201d, afirm\u00f3 el presidente en la conferencia de hoy 09 de junio<\/p>\n<\/blockquote>\n<blockquote>\n<p class=\"p1\">\u201cTambi\u00e9n, va iniciar en el bimestre julio.agosto la incorporaci\u00f3n de personas de 65 a\u00f1os hacia adelante\u201d, apunt\u00f3.<\/p>\n<\/blockquote>\n<p>El presidente detall\u00f3 que \u201cen este mes empieza la dispersi\u00f3n del bimestre <strong>julio-agosto,<\/strong> luego <strong>septiembre-octubre,<\/strong> luego <strong>noviembre-diciembre,<\/strong> son los tres bimestres que nos faltan para el a\u00f1o y ya van a incluir los incrementos\u201d.<\/p>\n<p class=\"p1\">L\u00f3pez Obrador agreg\u00f3 que desde julio de <strong>2021<\/strong> y hasta enero de 2024 la pensi\u00f3n de los adultos mayores tendr\u00e1 un incremento \u00a0\u201cen t\u00e9rminos reales, porque se va incluir tambi\u00e9n inflaci\u00f3n, del 100%\u201d.<\/p>\n<blockquote>\n<p class=\"p1\">\u201cVan a recibir, en enero del 24, los adultos mayores de 65 a\u00f1os, todo, el doble de lo que se est\u00e1 recibiendo ahora. Esto se va significar ampliar el presupuesto de 126 mil millones a 320 mil millones de pesos para el 2024\u201d, destac\u00f3.<span class=\"Apple-converted-space\">\u00a0<\/span><\/p>\n<\/blockquote>\n<\/div>\n","protected":false},"excerpt":{"rendered":"<p>Adultos mayores recibir\u00e1n pensi\u00f3n correspondiente a julio y agosto ya con aumento: AMLO Por Redacci\u00f3n&#8230;<\/p>\n","protected":false},"author":2,"featured_media":81959,"comment_status":"open","ping_status":"open","sticky":false,"template":"","format":"standard","meta":{"_monsterinsights_skip_tracking":false,"_monsterinsights_sitenote_active":false,"_monsterinsights_sitenote_note":"","_monsterinsights_sitenote_category":0,"footnotes":""},"categories":[56],"tags":[],"class_list":["post-81955","post","type-post","status-publish","format-standard","has-post-thumbnail","hentry","category-economia"],"yoast_head":"<!-- This site is optimized with the Yoast SEO plugin v27.3 - https:\/\/yoast.com\/product\/yoast-seo-wordpress\/ -->\n<title>Adultos mayores recibir\u00e1n pensi\u00f3n correspondiente a julio y agosto ya con aumento: AMLO -<\/title>\n<meta name=\"robots\" content=\"index, follow, max-snippet:-1, max-image-preview:large, max-video-preview:-1\" \/>\n<link rel=\"canonical\" href=\"https:\/\/quehacerpolitico.mx\/?p=81955\" \/>\n<meta property=\"og:locale\" content=\"es_MX\" \/>\n<meta property=\"og:type\" content=\"article\" \/>\n<meta property=\"og:title\" content=\"Adultos mayores recibir\u00e1n pensi\u00f3n correspondiente a julio y agosto ya con aumento: AMLO -\" \/>\n<meta property=\"og:description\" content=\"Adultos mayores recibir\u00e1n pensi\u00f3n correspondiente a julio y agosto ya con aumento: AMLO Por Redacci\u00f3n...\" \/>\n<meta property=\"og:url\" content=\"https:\/\/quehacerpolitico.mx\/?p=81955\" \/>\n<meta property=\"article:published_time\" content=\"2021-06-10T14:59:32+00:00\" \/>\n<meta property=\"og:image\" content=\"https:\/\/quehacerpolitico.mx\/wp-content\/uploads\/2021\/06\/9AC84915-483D-4F90-AD99-FEAF83473E6D.jpeg\" \/>\n\t<meta property=\"og:image:width\" content=\"1242\" \/>\n\t<meta property=\"og:image:height\" content=\"684\" \/>\n\t<meta property=\"og:image:type\" content=\"image\/jpeg\" \/>\n<meta name=\"author\" content=\"Redacci\u00f3n QP\" \/>\n<meta name=\"twitter:card\" content=\"summary_large_image\" \/>\n<meta name=\"twitter:label1\" content=\"Escrito por\" \/>\n\t<meta name=\"twitter:data1\" content=\"Redacci\u00f3n QP\" \/>\n\t<meta name=\"twitter:label2\" content=\"Tiempo de lectura\" \/>\n\t<meta name=\"twitter:data2\" content=\"1 minuto\" \/>\n<script type=\"application\/ld+json\" class=\"yoast-schema-graph\">{\"@context\":\"https:\\\/\\\/schema.org\",\"@graph\":[{\"@type\":\"Article\",\"@id\":\"https:\\\/\\\/quehacerpolitico.mx\\\/?p=81955#article\",\"isPartOf\":{\"@id\":\"https:\\\/\\\/quehacerpolitico.mx\\\/?p=81955\"},\"author\":{\"name\":\"Redacci\u00f3n QP\",\"@id\":\"https:\\\/\\\/quehacerpolitico.mx\\\/#\\\/schema\\\/person\\\/496d8ad2d1d3f8036101dca7ee39e585\"},\"headline\":\"Adultos mayores recibir\u00e1n pensi\u00f3n correspondiente a julio y agosto ya con aumento: AMLO\",\"datePublished\":\"2021-06-10T14:59:32+00:00\",\"mainEntityOfPage\":{\"@id\":\"https:\\\/\\\/quehacerpolitico.mx\\\/?p=81955\"},\"wordCount\":267,\"commentCount\":0,\"image\":{\"@id\":\"https:\\\/\\\/quehacerpolitico.mx\\\/?p=81955#primaryimage\"},\"thumbnailUrl\":\"https:\\\/\\\/quehacerpolitico.mx\\\/wp-content\\\/uploads\\\/2021\\\/06\\\/9AC84915-483D-4F90-AD99-FEAF83473E6D.jpeg\",\"articleSection\":[\"Econom\u00eda\"],\"inLanguage\":\"es\",\"potentialAction\":[{\"@type\":\"CommentAction\",\"name\":\"Comment\",\"target\":[\"https:\\\/\\\/quehacerpolitico.mx\\\/?p=81955#respond\"]}]},{\"@type\":\"WebPage\",\"@id\":\"https:\\\/\\\/quehacerpolitico.mx\\\/?p=81955\",\"url\":\"https:\\\/\\\/quehacerpolitico.mx\\\/?p=81955\",\"name\":\"Adultos mayores recibir\u00e1n pensi\u00f3n correspondiente a julio y agosto ya con aumento: AMLO -\",\"isPartOf\":{\"@id\":\"https:\\\/\\\/quehacerpolitico.mx\\\/#website\"},\"primaryImageOfPage\":{\"@id\":\"https:\\\/\\\/quehacerpolitico.mx\\\/?p=81955#primaryimage\"},\"image\":{\"@id\":\"https:\\\/\\\/quehacerpolitico.mx\\\/?p=81955#primaryimage\"},\"thumbnailUrl\":\"https:\\\/\\\/quehacerpolitico.mx\\\/wp-content\\\/uploads\\\/2021\\\/06\\\/9AC84915-483D-4F90-AD99-FEAF83473E6D.jpeg\",\"datePublished\":\"2021-06-10T14:59:32+00:00\",\"author\":{\"@id\":\"https:\\\/\\\/quehacerpolitico.mx\\\/#\\\/schema\\\/person\\\/496d8ad2d1d3f8036101dca7ee39e585\"},\"breadcrumb\":{\"@id\":\"https:\\\/\\\/quehacerpolitico.mx\\\/?p=81955#breadcrumb\"},\"inLanguage\":\"es\",\"potentialAction\":[{\"@type\":\"ReadAction\",\"target\":[\"https:\\\/\\\/quehacerpolitico.mx\\\/?p=81955\"]}]},{\"@type\":\"ImageObject\",\"inLanguage\":\"es\",\"@id\":\"https:\\\/\\\/quehacerpolitico.mx\\\/?p=81955#primaryimage\",\"url\":\"https:\\\/\\\/quehacerpolitico.mx\\\/wp-content\\\/uploads\\\/2021\\\/06\\\/9AC84915-483D-4F90-AD99-FEAF83473E6D.jpeg\",\"contentUrl\":\"https:\\\/\\\/quehacerpolitico.mx\\\/wp-content\\\/uploads\\\/2021\\\/06\\\/9AC84915-483D-4F90-AD99-FEAF83473E6D.jpeg\",\"width\":1242,\"height\":684},{\"@type\":\"BreadcrumbList\",\"@id\":\"https:\\\/\\\/quehacerpolitico.mx\\\/?p=81955#breadcrumb\",\"itemListElement\":[{\"@type\":\"ListItem\",\"position\":1,\"name\":\"Inicio\",\"item\":\"https:\\\/\\\/quehacerpolitico.mx\\\/\"},{\"@type\":\"ListItem\",\"position\":2,\"name\":\"Adultos mayores recibir\u00e1n pensi\u00f3n correspondiente a julio y agosto ya con aumento: AMLO\"}]},{\"@type\":\"WebSite\",\"@id\":\"https:\\\/\\\/quehacerpolitico.mx\\\/#website\",\"url\":\"https:\\\/\\\/quehacerpolitico.mx\\\/\",\"name\":\"\",\"description\":\"\",\"potentialAction\":[{\"@type\":\"SearchAction\",\"target\":{\"@type\":\"EntryPoint\",\"urlTemplate\":\"https:\\\/\\\/quehacerpolitico.mx\\\/?s={search_term_string}\"},\"query-input\":{\"@type\":\"PropertyValueSpecification\",\"valueRequired\":true,\"valueName\":\"search_term_string\"}}],\"inLanguage\":\"es\"},{\"@type\":\"Person\",\"@id\":\"https:\\\/\\\/quehacerpolitico.mx\\\/#\\\/schema\\\/person\\\/496d8ad2d1d3f8036101dca7ee39e585\",\"name\":\"Redacci\u00f3n QP\",\"image\":{\"@type\":\"ImageObject\",\"inLanguage\":\"es\",\"@id\":\"https:\\\/\\\/secure.gravatar.com\\\/avatar\\\/c7164ed6fdec453195284ad24a5ae5b6e1eed2b848477fa2a4787ba9adf39a41?s=96&d=mm&r=g\",\"url\":\"https:\\\/\\\/secure.gravatar.com\\\/avatar\\\/c7164ed6fdec453195284ad24a5ae5b6e1eed2b848477fa2a4787ba9adf39a41?s=96&d=mm&r=g\",\"contentUrl\":\"https:\\\/\\\/secure.gravatar.com\\\/avatar\\\/c7164ed6fdec453195284ad24a5ae5b6e1eed2b848477fa2a4787ba9adf39a41?s=96&d=mm&r=g\",\"caption\":\"Redacci\u00f3n QP\"},\"url\":\"https:\\\/\\\/quehacerpolitico.mx\\\/?author=2\"}]}<\/script>\n<!-- \/ Yoast SEO plugin. -->","yoast_head_json":{"title":"Adultos mayores recibir\u00e1n pensi\u00f3n correspondiente a julio y agosto ya con aumento: AMLO -","robots":{"index":"index","follow":"follow","max-snippet":"max-snippet:-1","max-image-preview":"max-image-preview:large","max-video-preview":"max-video-preview:-1"},"canonical":"https:\/\/quehacerpolitico.mx\/?p=81955","og_locale":"es_MX","og_type":"article","og_title":"Adultos mayores recibir\u00e1n pensi\u00f3n correspondiente a julio y agosto ya con aumento: AMLO -","og_description":"Adultos mayores recibir\u00e1n pensi\u00f3n correspondiente a julio y agosto ya con aumento: AMLO Por Redacci\u00f3n...","og_url":"https:\/\/quehacerpolitico.mx\/?p=81955","article_published_time":"2021-06-10T14:59:32+00:00","og_image":[{"width":1242,"height":684,"url":"https:\/\/quehacerpolitico.mx\/wp-content\/uploads\/2021\/06\/9AC84915-483D-4F90-AD99-FEAF83473E6D.jpeg","type":"image\/jpeg"}],"author":"Redacci\u00f3n QP","twitter_card":"summary_large_image","twitter_misc":{"Escrito por":"Redacci\u00f3n QP","Tiempo de lectura":"1 minuto"},"schema":{"@context":"https:\/\/schema.org","@graph":[{"@type":"Article","@id":"https:\/\/quehacerpolitico.mx\/?p=81955#article","isPartOf":{"@id":"https:\/\/quehacerpolitico.mx\/?p=81955"},"author":{"name":"Redacci\u00f3n QP","@id":"https:\/\/quehacerpolitico.mx\/#\/schema\/person\/496d8ad2d1d3f8036101dca7ee39e585"},"headline":"Adultos mayores recibir\u00e1n pensi\u00f3n correspondiente a julio y agosto ya con aumento: AMLO","datePublished":"2021-06-10T14:59:32+00:00","mainEntityOfPage":{"@id":"https:\/\/quehacerpolitico.mx\/?p=81955"},"wordCount":267,"commentCount":0,"image":{"@id":"https:\/\/quehacerpolitico.mx\/?p=81955#primaryimage"},"thumbnailUrl":"https:\/\/quehacerpolitico.mx\/wp-content\/uploads\/2021\/06\/9AC84915-483D-4F90-AD99-FEAF83473E6D.jpeg","articleSection":["Econom\u00eda"],"inLanguage":"es","potentialAction":[{"@type":"CommentAction","name":"Comment","target":["https:\/\/quehacerpolitico.mx\/?p=81955#respond"]}]},{"@type":"WebPage","@id":"https:\/\/quehacerpolitico.mx\/?p=81955","url":"https:\/\/quehacerpolitico.mx\/?p=81955","name":"Adultos mayores recibir\u00e1n pensi\u00f3n correspondiente a julio y agosto ya con aumento: AMLO -","isPartOf":{"@id":"https:\/\/quehacerpolitico.mx\/#website"},"primaryImageOfPage":{"@id":"https:\/\/quehacerpolitico.mx\/?p=81955#primaryimage"},"image":{"@id":"https:\/\/quehacerpolitico.mx\/?p=81955#primaryimage"},"thumbnailUrl":"https:\/\/quehacerpolitico.mx\/wp-content\/uploads\/2021\/06\/9AC84915-483D-4F90-AD99-FEAF83473E6D.jpeg","datePublished":"2021-06-10T14:59:32+00:00","author":{"@id":"https:\/\/quehacerpolitico.mx\/#\/schema\/person\/496d8ad2d1d3f8036101dca7ee39e585"},"breadcrumb":{"@id":"https:\/\/quehacerpolitico.mx\/?p=81955#breadcrumb"},"inLanguage":"es","potentialAction":[{"@type":"ReadAction","target":["https:\/\/quehacerpolitico.mx\/?p=81955"]}]},{"@type":"ImageObject","inLanguage":"es","@id":"https:\/\/quehacerpolitico.mx\/?p=81955#primaryimage","url":"https:\/\/quehacerpolitico.mx\/wp-content\/uploads\/2021\/06\/9AC84915-483D-4F90-AD99-FEAF83473E6D.jpeg","contentUrl":"https:\/\/quehacerpolitico.mx\/wp-content\/uploads\/2021\/06\/9AC84915-483D-4F90-AD99-FEAF83473E6D.jpeg","width":1242,"height":684},{"@type":"BreadcrumbList","@id":"https:\/\/quehacerpolitico.mx\/?p=81955#breadcrumb","itemListElement":[{"@type":"ListItem","position":1,"name":"Inicio","item":"https:\/\/quehacerpolitico.mx\/"},{"@type":"ListItem","position":2,"name":"Adultos mayores recibir\u00e1n pensi\u00f3n correspondiente a julio y agosto ya con aumento: AMLO"}]},{"@type":"WebSite","@id":"https:\/\/quehacerpolitico.mx\/#website","url":"https:\/\/quehacerpolitico.mx\/","name":"","description":"","potentialAction":[{"@type":"SearchAction","target":{"@type":"EntryPoint","urlTemplate":"https:\/\/quehacerpolitico.mx\/?s={search_term_string}"},"query-input":{"@type":"PropertyValueSpecification","valueRequired":true,"valueName":"search_term_string"}}],"inLanguage":"es"},{"@type":"Person","@id":"https:\/\/quehacerpolitico.mx\/#\/schema\/person\/496d8ad2d1d3f8036101dca7ee39e585","name":"Redacci\u00f3n QP","image":{"@type":"ImageObject","inLanguage":"es","@id":"https:\/\/secure.gravatar.com\/avatar\/c7164ed6fdec453195284ad24a5ae5b6e1eed2b848477fa2a4787ba9adf39a41?s=96&d=mm&r=g","url":"https:\/\/secure.gravatar.com\/avatar\/c7164ed6fdec453195284ad24a5ae5b6e1eed2b848477fa2a4787ba9adf39a41?s=96&d=mm&r=g","contentUrl":"https:\/\/secure.gravatar.com\/avatar\/c7164ed6fdec453195284ad24a5ae5b6e1eed2b848477fa2a4787ba9adf39a41?s=96&d=mm&r=g","caption":"Redacci\u00f3n QP"},"url":"https:\/\/quehacerpolitico.mx\/?author=2"}]}},"featured_image_urls":{"full":["https:\/\/quehacerpolitico.mx\/wp-content\/uploads\/2021\/06\/9AC84915-483D-4F90-AD99-FEAF83473E6D.jpeg",1242,684,false],"thumbnail":["https:\/\/quehacerpolitico.mx\/wp-content\/uploads\/2021\/06\/9AC84915-483D-4F90-AD99-FEAF83473E6D-150x150.jpeg",150,150,true],"medium":["https:\/\/quehacerpolitico.mx\/wp-content\/uploads\/2021\/06\/9AC84915-483D-4F90-AD99-FEAF83473E6D-300x165.jpeg",300,165,true],"medium_large":["https:\/\/quehacerpolitico.mx\/wp-content\/uploads\/2021\/06\/9AC84915-483D-4F90-AD99-FEAF83473E6D-768x423.jpeg",640,353,true],"large":["https:\/\/quehacerpolitico.mx\/wp-content\/uploads\/2021\/06\/9AC84915-483D-4F90-AD99-FEAF83473E6D-1024x564.jpeg",640,353,true],"1536x1536":["https:\/\/quehacerpolitico.mx\/wp-content\/uploads\/2021\/06\/9AC84915-483D-4F90-AD99-FEAF83473E6D.jpeg",1242,684,false],"2048x2048":["https:\/\/quehacerpolitico.mx\/wp-content\/uploads\/2021\/06\/9AC84915-483D-4F90-AD99-FEAF83473E6D.jpeg",1242,684,false],"covernews-featured":["https:\/\/quehacerpolitico.mx\/wp-content\/uploads\/2021\/06\/9AC84915-483D-4F90-AD99-FEAF83473E6D.jpeg",1024,564,false],"covernews-medium":["https:\/\/quehacerpolitico.mx\/wp-content\/uploads\/2021\/06\/9AC84915-483D-4F90-AD99-FEAF83473E6D.jpeg",540,297,false]},"author_info":{"display_name":"Redacci\u00f3n QP","author_link":"https:\/\/quehacerpolitico.mx\/?author=2"},"category_info":"<a href=\"https:\/\/quehacerpolitico.mx\/?cat=56\" rel=\"category\">Econom\u00eda<\/a>","tag_info":"Econom\u00eda","comment_count":"0","_links":{"self":[{"href":"https:\/\/quehacerpolitico.mx\/index.php?rest_route=\/wp\/v2\/posts\/81955","targetHints":{"allow":["GET"]}}],"collection":[{"href":"https:\/\/quehacerpolitico.mx\/index.php?rest_route=\/wp\/v2\/posts"}],"about":[{"href":"https:\/\/quehacerpolitico.mx\/index.php?rest_route=\/wp\/v2\/types\/post"}],"author":[{"embeddable":true,"href":"https:\/\/quehacerpolitico.mx\/index.php?rest_route=\/wp\/v2\/users\/2"}],"replies":[{"embeddable":true,"href":"https:\/\/quehacerpolitico.mx\/index.php?rest_route=%2Fwp%2Fv2%2Fcomments&post=81955"}],"version-history":[{"count":0,"href":"https:\/\/quehacerpolitico.mx\/index.php?rest_route=\/wp\/v2\/posts\/81955\/revisions"}],"wp:featuredmedia":[{"embeddable":true,"href":"https:\/\/quehacerpolitico.mx\/index.php?rest_route=\/wp\/v2\/media\/81959"}],"wp:attachment":[{"href":"https:\/\/quehacerpolitico.mx\/index.php?rest_route=%2Fwp%2Fv2%2Fmedia&parent=81955"}],"wp:term":[{"taxonomy":"category","embeddable":true,"href":"https:\/\/quehacerpolitico.mx\/index.php?rest_route=%2Fwp%2Fv2%2Fcategories&post=81955"},{"taxonomy":"post_tag","embeddable":true,"href":"https:\/\/quehacerpolitico.mx\/index.php?rest_route=%2Fwp%2Fv2%2Ftags&post=81955"}],"curies":[{"name":"wp","href":"https:\/\/api.w.org\/{rel}","templated":true}]}}