{"id":81929,"date":"2021-06-10T01:50:36","date_gmt":"2021-06-10T01:50:36","guid":{"rendered":"https:\/\/quehacerpolitico.mx\/?p=81929"},"modified":"2021-06-10T01:50:36","modified_gmt":"2021-06-10T01:50:36","slug":"sheinbaum-justifica-derrota-de-morena-en-cdmx-por-falta-de-difusion-de-programas-sociales","status":"publish","type":"post","link":"https:\/\/quehacerpolitico.mx\/?p=81929","title":{"rendered":"Sheinbaum justifica derrota de Morena en CDMX por falta de difusi\u00f3n de programas sociales"},"content":{"rendered":"<h1 class=\"article_title\">Sheinbaum justifica derrota de Morena en CDMX por falta de difusi\u00f3n de programas sociales<br \/>\nPor Redacci\u00f3n QP<\/h1>\n<p>Claudia Sheinbaum expuso que, al d\u00eda siguiente de las elecciones del domingo, los partidos de oposici\u00f3n que ganaron en CDMX desataron una guerra sucia de memes clasistas en redes sociales<\/p>\n<p>La jefa de Gobierno de la Ciudad de M\u00e9xico, <strong>Claudia Sheinbaum,<\/strong> dijo que debido a que se concentr\u00f3 m\u00e1s en atender la pandemia, le falt\u00f3 difundir las acciones de su administraci\u00f3n en favor de los habitantes de la capital y de ah\u00ed que se registrara un rev\u00e9s electoral para su partido, <strong>Morena, <\/strong>en las elecciones 2021\u00a0del pasado 6 de junio<strong>.<\/strong><\/p>\n<blockquote><p>\u201cQuiz\u00e1s por el tema de la pandemia, la vacunaci\u00f3n, reforzamos mucho la informaci\u00f3n relacionada con ello y dejamos de difundir este trabajo tan fundamental que hace el gobierno de M\u00e9xico, el presidente L\u00f3pez Obrador, en la Ciudad de M\u00e9xico\u201d, indic\u00f3 Claudia Sheinbaum, jefa de Gobierno de la Ciudad de M\u00e9xico.<\/p><\/blockquote>\n<p>En un tono energ\u00e9tico expuso que, al d\u00eda siguiente de las elecciones del domingo, los partidos de oposici\u00f3n que ganaron en la Ciudad de M\u00e9xico desataron una guerra sucia de memes clasistas en redes sociales y WhatsApp que no va a permitir.<\/p>\n<blockquote class=\"twitter-tweet\" data-width=\"550\" data-dnt=\"true\">\n<p lang=\"es\" dir=\"ltr\">\u00bfPor qu\u00e9 Morena perdi\u00f3 alcald\u00edas en <a href=\"https:\/\/twitter.com\/hashtag\/CDMX?src=hash&amp;ref_src=twsrc%5Etfw\">#CDMX<\/a>?, \u00bfqu\u00e9 fue lo que le falt\u00f3 a la jefa de Gobierno <a href=\"https:\/\/twitter.com\/Claudiashein?ref_src=twsrc%5Etfw\">@Claudiashein<\/a>? <\/p>\n<p>Difundir sus logros, opina.<\/p>\n<p>Tambi\u00e9n afect\u00f3&#8230; la guerra sucia en su contra. <a href=\"https:\/\/t.co\/eDO5cbL9uM\">pic.twitter.com\/eDO5cbL9uM<\/a><\/p>\n<p>&mdash; Ruido en la Red (@RuidoEnLaRed) <a href=\"https:\/\/twitter.com\/RuidoEnLaRed\/status\/1402717636136521736?ref_src=twsrc%5Etfw\">June 9, 2021<\/a><\/p><\/blockquote>\n<p><script async src=\"https:\/\/platform.twitter.com\/widgets.js\" charset=\"utf-8\"><\/script><\/p>\n<blockquote><p>\u201cAl d\u00eda siguiente de la elecci\u00f3n se quitaron la m\u00e1scara. \u00c9ste: \u2018Sheinbaum pierde Tlalpan por su ahijada inc\u00f3moda\u2019. \u00bfCu\u00e1l ahijada? y siguen paut\u00e1ndolo, no vamos a permitir ni la discriminaci\u00f3n ni este clasicismo que se est\u00e1 promoviendo, una vez que ganaron la elecci\u00f3n se quitaron la m\u00e1scara, esos son mujeres que defienden derechos de las mujeres votando por el PAN que llama \u2018viejer\u00edo\u2019 a las mujeres\u201d, se\u00f1al\u00f3 Claudia Sheinbaum, jefa de Gobierno de la Ciudad de M\u00e9xico.<\/p><\/blockquote>\n<p>Expuso lo anterior en conferencia de prensa, donde adelant\u00f3 que la pr\u00f3xima semana iniciar\u00e1 la aplicaci\u00f3n de la segunda dosis de vacuna contra el COVID-19 a personas de 50 a 59 a\u00f1os en algunas alcald\u00edas como Cuauht\u00e9moc.<\/p>\n<p>Y a partir de este mi\u00e9rcoles y hasta el 13 de junio es la aplicaci\u00f3n de dosis a personas de 40 a 49 a\u00f1os en \u00c1lvaro Obreg\u00f3n, Miguel Hidalgo, Tlalpan y Tl\u00e1huac.<\/p>\n","protected":false},"excerpt":{"rendered":"<p>Sheinbaum justifica derrota de Morena en CDMX por falta de difusi\u00f3n de programas sociales Por&#8230;<\/p>\n","protected":false},"author":2,"featured_media":81932,"comment_status":"open","ping_status":"open","sticky":false,"template":"","format":"standard","meta":{"_monsterinsights_skip_tracking":false,"_monsterinsights_sitenote_active":false,"_monsterinsights_sitenote_note":"","_monsterinsights_sitenote_category":0,"footnotes":""},"categories":[55],"tags":[],"class_list":["post-81929","post","type-post","status-publish","format-standard","has-post-thumbnail","hentry","category-cdmx"],"yoast_head":"<!-- This site is optimized with the Yoast SEO plugin v27.3 - https:\/\/yoast.com\/product\/yoast-seo-wordpress\/ -->\n<title>Sheinbaum justifica derrota de Morena en CDMX por falta de difusi\u00f3n de programas sociales -<\/title>\n<meta name=\"robots\" content=\"index, follow, max-snippet:-1, max-image-preview:large, max-video-preview:-1\" \/>\n<link rel=\"canonical\" href=\"https:\/\/quehacerpolitico.mx\/?p=81929\" \/>\n<meta property=\"og:locale\" content=\"es_MX\" \/>\n<meta property=\"og:type\" content=\"article\" \/>\n<meta property=\"og:title\" content=\"Sheinbaum justifica derrota de Morena en CDMX por falta de difusi\u00f3n de programas sociales -\" \/>\n<meta property=\"og:description\" content=\"Sheinbaum justifica derrota de Morena en CDMX por falta de difusi\u00f3n de programas sociales Por...\" \/>\n<meta property=\"og:url\" content=\"https:\/\/quehacerpolitico.mx\/?p=81929\" \/>\n<meta property=\"article:published_time\" content=\"2021-06-10T01:50:36+00:00\" \/>\n<meta property=\"og:image\" content=\"https:\/\/quehacerpolitico.mx\/wp-content\/uploads\/2021\/06\/2649F38A-2040-4B01-95A5-3FF2A5759A61.jpeg\" \/>\n\t<meta property=\"og:image:width\" content=\"1242\" \/>\n\t<meta property=\"og:image:height\" content=\"672\" \/>\n\t<meta property=\"og:image:type\" content=\"image\/jpeg\" \/>\n<meta name=\"author\" content=\"Redacci\u00f3n QP\" \/>\n<meta name=\"twitter:card\" content=\"summary_large_image\" \/>\n<meta name=\"twitter:label1\" content=\"Escrito por\" \/>\n\t<meta name=\"twitter:data1\" content=\"Redacci\u00f3n QP\" \/>\n\t<meta name=\"twitter:label2\" content=\"Tiempo de lectura\" \/>\n\t<meta name=\"twitter:data2\" content=\"2 minutos\" \/>\n<script type=\"application\/ld+json\" class=\"yoast-schema-graph\">{\"@context\":\"https:\\\/\\\/schema.org\",\"@graph\":[{\"@type\":\"Article\",\"@id\":\"https:\\\/\\\/quehacerpolitico.mx\\\/?p=81929#article\",\"isPartOf\":{\"@id\":\"https:\\\/\\\/quehacerpolitico.mx\\\/?p=81929\"},\"author\":{\"name\":\"Redacci\u00f3n QP\",\"@id\":\"https:\\\/\\\/quehacerpolitico.mx\\\/#\\\/schema\\\/person\\\/496d8ad2d1d3f8036101dca7ee39e585\"},\"headline\":\"Sheinbaum justifica derrota de Morena en CDMX por falta de difusi\u00f3n de programas sociales\",\"datePublished\":\"2021-06-10T01:50:36+00:00\",\"mainEntityOfPage\":{\"@id\":\"https:\\\/\\\/quehacerpolitico.mx\\\/?p=81929\"},\"wordCount\":401,\"commentCount\":0,\"image\":{\"@id\":\"https:\\\/\\\/quehacerpolitico.mx\\\/?p=81929#primaryimage\"},\"thumbnailUrl\":\"https:\\\/\\\/quehacerpolitico.mx\\\/wp-content\\\/uploads\\\/2021\\\/06\\\/2649F38A-2040-4B01-95A5-3FF2A5759A61.jpeg\",\"articleSection\":[\"CDMX\"],\"inLanguage\":\"es\",\"potentialAction\":[{\"@type\":\"CommentAction\",\"name\":\"Comment\",\"target\":[\"https:\\\/\\\/quehacerpolitico.mx\\\/?p=81929#respond\"]}]},{\"@type\":\"WebPage\",\"@id\":\"https:\\\/\\\/quehacerpolitico.mx\\\/?p=81929\",\"url\":\"https:\\\/\\\/quehacerpolitico.mx\\\/?p=81929\",\"name\":\"Sheinbaum justifica derrota de Morena en CDMX por falta de difusi\u00f3n de programas sociales -\",\"isPartOf\":{\"@id\":\"https:\\\/\\\/quehacerpolitico.mx\\\/#website\"},\"primaryImageOfPage\":{\"@id\":\"https:\\\/\\\/quehacerpolitico.mx\\\/?p=81929#primaryimage\"},\"image\":{\"@id\":\"https:\\\/\\\/quehacerpolitico.mx\\\/?p=81929#primaryimage\"},\"thumbnailUrl\":\"https:\\\/\\\/quehacerpolitico.mx\\\/wp-content\\\/uploads\\\/2021\\\/06\\\/2649F38A-2040-4B01-95A5-3FF2A5759A61.jpeg\",\"datePublished\":\"2021-06-10T01:50:36+00:00\",\"author\":{\"@id\":\"https:\\\/\\\/quehacerpolitico.mx\\\/#\\\/schema\\\/person\\\/496d8ad2d1d3f8036101dca7ee39e585\"},\"breadcrumb\":{\"@id\":\"https:\\\/\\\/quehacerpolitico.mx\\\/?p=81929#breadcrumb\"},\"inLanguage\":\"es\",\"potentialAction\":[{\"@type\":\"ReadAction\",\"target\":[\"https:\\\/\\\/quehacerpolitico.mx\\\/?p=81929\"]}]},{\"@type\":\"ImageObject\",\"inLanguage\":\"es\",\"@id\":\"https:\\\/\\\/quehacerpolitico.mx\\\/?p=81929#primaryimage\",\"url\":\"https:\\\/\\\/quehacerpolitico.mx\\\/wp-content\\\/uploads\\\/2021\\\/06\\\/2649F38A-2040-4B01-95A5-3FF2A5759A61.jpeg\",\"contentUrl\":\"https:\\\/\\\/quehacerpolitico.mx\\\/wp-content\\\/uploads\\\/2021\\\/06\\\/2649F38A-2040-4B01-95A5-3FF2A5759A61.jpeg\",\"width\":1242,\"height\":672},{\"@type\":\"BreadcrumbList\",\"@id\":\"https:\\\/\\\/quehacerpolitico.mx\\\/?p=81929#breadcrumb\",\"itemListElement\":[{\"@type\":\"ListItem\",\"position\":1,\"name\":\"Inicio\",\"item\":\"https:\\\/\\\/quehacerpolitico.mx\\\/\"},{\"@type\":\"ListItem\",\"position\":2,\"name\":\"Sheinbaum justifica derrota de Morena en CDMX por falta de difusi\u00f3n de programas sociales\"}]},{\"@type\":\"WebSite\",\"@id\":\"https:\\\/\\\/quehacerpolitico.mx\\\/#website\",\"url\":\"https:\\\/\\\/quehacerpolitico.mx\\\/\",\"name\":\"\",\"description\":\"\",\"potentialAction\":[{\"@type\":\"SearchAction\",\"target\":{\"@type\":\"EntryPoint\",\"urlTemplate\":\"https:\\\/\\\/quehacerpolitico.mx\\\/?s={search_term_string}\"},\"query-input\":{\"@type\":\"PropertyValueSpecification\",\"valueRequired\":true,\"valueName\":\"search_term_string\"}}],\"inLanguage\":\"es\"},{\"@type\":\"Person\",\"@id\":\"https:\\\/\\\/quehacerpolitico.mx\\\/#\\\/schema\\\/person\\\/496d8ad2d1d3f8036101dca7ee39e585\",\"name\":\"Redacci\u00f3n QP\",\"image\":{\"@type\":\"ImageObject\",\"inLanguage\":\"es\",\"@id\":\"https:\\\/\\\/secure.gravatar.com\\\/avatar\\\/c7164ed6fdec453195284ad24a5ae5b6e1eed2b848477fa2a4787ba9adf39a41?s=96&d=mm&r=g\",\"url\":\"https:\\\/\\\/secure.gravatar.com\\\/avatar\\\/c7164ed6fdec453195284ad24a5ae5b6e1eed2b848477fa2a4787ba9adf39a41?s=96&d=mm&r=g\",\"contentUrl\":\"https:\\\/\\\/secure.gravatar.com\\\/avatar\\\/c7164ed6fdec453195284ad24a5ae5b6e1eed2b848477fa2a4787ba9adf39a41?s=96&d=mm&r=g\",\"caption\":\"Redacci\u00f3n QP\"},\"url\":\"https:\\\/\\\/quehacerpolitico.mx\\\/?author=2\"}]}<\/script>\n<!-- \/ Yoast SEO plugin. -->","yoast_head_json":{"title":"Sheinbaum justifica derrota de Morena en CDMX por falta de difusi\u00f3n de programas sociales -","robots":{"index":"index","follow":"follow","max-snippet":"max-snippet:-1","max-image-preview":"max-image-preview:large","max-video-preview":"max-video-preview:-1"},"canonical":"https:\/\/quehacerpolitico.mx\/?p=81929","og_locale":"es_MX","og_type":"article","og_title":"Sheinbaum justifica derrota de Morena en CDMX por falta de difusi\u00f3n de programas sociales -","og_description":"Sheinbaum justifica derrota de Morena en CDMX por falta de difusi\u00f3n de programas sociales Por...","og_url":"https:\/\/quehacerpolitico.mx\/?p=81929","article_published_time":"2021-06-10T01:50:36+00:00","og_image":[{"width":1242,"height":672,"url":"https:\/\/quehacerpolitico.mx\/wp-content\/uploads\/2021\/06\/2649F38A-2040-4B01-95A5-3FF2A5759A61.jpeg","type":"image\/jpeg"}],"author":"Redacci\u00f3n QP","twitter_card":"summary_large_image","twitter_misc":{"Escrito por":"Redacci\u00f3n QP","Tiempo de lectura":"2 minutos"},"schema":{"@context":"https:\/\/schema.org","@graph":[{"@type":"Article","@id":"https:\/\/quehacerpolitico.mx\/?p=81929#article","isPartOf":{"@id":"https:\/\/quehacerpolitico.mx\/?p=81929"},"author":{"name":"Redacci\u00f3n QP","@id":"https:\/\/quehacerpolitico.mx\/#\/schema\/person\/496d8ad2d1d3f8036101dca7ee39e585"},"headline":"Sheinbaum justifica derrota de Morena en CDMX por falta de difusi\u00f3n de programas sociales","datePublished":"2021-06-10T01:50:36+00:00","mainEntityOfPage":{"@id":"https:\/\/quehacerpolitico.mx\/?p=81929"},"wordCount":401,"commentCount":0,"image":{"@id":"https:\/\/quehacerpolitico.mx\/?p=81929#primaryimage"},"thumbnailUrl":"https:\/\/quehacerpolitico.mx\/wp-content\/uploads\/2021\/06\/2649F38A-2040-4B01-95A5-3FF2A5759A61.jpeg","articleSection":["CDMX"],"inLanguage":"es","potentialAction":[{"@type":"CommentAction","name":"Comment","target":["https:\/\/quehacerpolitico.mx\/?p=81929#respond"]}]},{"@type":"WebPage","@id":"https:\/\/quehacerpolitico.mx\/?p=81929","url":"https:\/\/quehacerpolitico.mx\/?p=81929","name":"Sheinbaum justifica derrota de Morena en CDMX por falta de difusi\u00f3n de programas sociales -","isPartOf":{"@id":"https:\/\/quehacerpolitico.mx\/#website"},"primaryImageOfPage":{"@id":"https:\/\/quehacerpolitico.mx\/?p=81929#primaryimage"},"image":{"@id":"https:\/\/quehacerpolitico.mx\/?p=81929#primaryimage"},"thumbnailUrl":"https:\/\/quehacerpolitico.mx\/wp-content\/uploads\/2021\/06\/2649F38A-2040-4B01-95A5-3FF2A5759A61.jpeg","datePublished":"2021-06-10T01:50:36+00:00","author":{"@id":"https:\/\/quehacerpolitico.mx\/#\/schema\/person\/496d8ad2d1d3f8036101dca7ee39e585"},"breadcrumb":{"@id":"https:\/\/quehacerpolitico.mx\/?p=81929#breadcrumb"},"inLanguage":"es","potentialAction":[{"@type":"ReadAction","target":["https:\/\/quehacerpolitico.mx\/?p=81929"]}]},{"@type":"ImageObject","inLanguage":"es","@id":"https:\/\/quehacerpolitico.mx\/?p=81929#primaryimage","url":"https:\/\/quehacerpolitico.mx\/wp-content\/uploads\/2021\/06\/2649F38A-2040-4B01-95A5-3FF2A5759A61.jpeg","contentUrl":"https:\/\/quehacerpolitico.mx\/wp-content\/uploads\/2021\/06\/2649F38A-2040-4B01-95A5-3FF2A5759A61.jpeg","width":1242,"height":672},{"@type":"BreadcrumbList","@id":"https:\/\/quehacerpolitico.mx\/?p=81929#breadcrumb","itemListElement":[{"@type":"ListItem","position":1,"name":"Inicio","item":"https:\/\/quehacerpolitico.mx\/"},{"@type":"ListItem","position":2,"name":"Sheinbaum justifica derrota de Morena en CDMX por falta de difusi\u00f3n de programas sociales"}]},{"@type":"WebSite","@id":"https:\/\/quehacerpolitico.mx\/#website","url":"https:\/\/quehacerpolitico.mx\/","name":"","description":"","potentialAction":[{"@type":"SearchAction","target":{"@type":"EntryPoint","urlTemplate":"https:\/\/quehacerpolitico.mx\/?s={search_term_string}"},"query-input":{"@type":"PropertyValueSpecification","valueRequired":true,"valueName":"search_term_string"}}],"inLanguage":"es"},{"@type":"Person","@id":"https:\/\/quehacerpolitico.mx\/#\/schema\/person\/496d8ad2d1d3f8036101dca7ee39e585","name":"Redacci\u00f3n QP","image":{"@type":"ImageObject","inLanguage":"es","@id":"https:\/\/secure.gravatar.com\/avatar\/c7164ed6fdec453195284ad24a5ae5b6e1eed2b848477fa2a4787ba9adf39a41?s=96&d=mm&r=g","url":"https:\/\/secure.gravatar.com\/avatar\/c7164ed6fdec453195284ad24a5ae5b6e1eed2b848477fa2a4787ba9adf39a41?s=96&d=mm&r=g","contentUrl":"https:\/\/secure.gravatar.com\/avatar\/c7164ed6fdec453195284ad24a5ae5b6e1eed2b848477fa2a4787ba9adf39a41?s=96&d=mm&r=g","caption":"Redacci\u00f3n QP"},"url":"https:\/\/quehacerpolitico.mx\/?author=2"}]}},"featured_image_urls":{"full":["https:\/\/quehacerpolitico.mx\/wp-content\/uploads\/2021\/06\/2649F38A-2040-4B01-95A5-3FF2A5759A61.jpeg",1242,672,false],"thumbnail":["https:\/\/quehacerpolitico.mx\/wp-content\/uploads\/2021\/06\/2649F38A-2040-4B01-95A5-3FF2A5759A61-150x150.jpeg",150,150,true],"medium":["https:\/\/quehacerpolitico.mx\/wp-content\/uploads\/2021\/06\/2649F38A-2040-4B01-95A5-3FF2A5759A61-300x162.jpeg",300,162,true],"medium_large":["https:\/\/quehacerpolitico.mx\/wp-content\/uploads\/2021\/06\/2649F38A-2040-4B01-95A5-3FF2A5759A61-768x416.jpeg",640,347,true],"large":["https:\/\/quehacerpolitico.mx\/wp-content\/uploads\/2021\/06\/2649F38A-2040-4B01-95A5-3FF2A5759A61-1024x554.jpeg",640,346,true],"1536x1536":["https:\/\/quehacerpolitico.mx\/wp-content\/uploads\/2021\/06\/2649F38A-2040-4B01-95A5-3FF2A5759A61.jpeg",1242,672,false],"2048x2048":["https:\/\/quehacerpolitico.mx\/wp-content\/uploads\/2021\/06\/2649F38A-2040-4B01-95A5-3FF2A5759A61.jpeg",1242,672,false],"covernews-featured":["https:\/\/quehacerpolitico.mx\/wp-content\/uploads\/2021\/06\/2649F38A-2040-4B01-95A5-3FF2A5759A61.jpeg",1024,554,false],"covernews-medium":["https:\/\/quehacerpolitico.mx\/wp-content\/uploads\/2021\/06\/2649F38A-2040-4B01-95A5-3FF2A5759A61.jpeg",540,292,false]},"author_info":{"display_name":"Redacci\u00f3n QP","author_link":"https:\/\/quehacerpolitico.mx\/?author=2"},"category_info":"<a href=\"https:\/\/quehacerpolitico.mx\/?cat=55\" rel=\"category\">CDMX<\/a>","tag_info":"CDMX","comment_count":"0","_links":{"self":[{"href":"https:\/\/quehacerpolitico.mx\/index.php?rest_route=\/wp\/v2\/posts\/81929","targetHints":{"allow":["GET"]}}],"collection":[{"href":"https:\/\/quehacerpolitico.mx\/index.php?rest_route=\/wp\/v2\/posts"}],"about":[{"href":"https:\/\/quehacerpolitico.mx\/index.php?rest_route=\/wp\/v2\/types\/post"}],"author":[{"embeddable":true,"href":"https:\/\/quehacerpolitico.mx\/index.php?rest_route=\/wp\/v2\/users\/2"}],"replies":[{"embeddable":true,"href":"https:\/\/quehacerpolitico.mx\/index.php?rest_route=%2Fwp%2Fv2%2Fcomments&post=81929"}],"version-history":[{"count":0,"href":"https:\/\/quehacerpolitico.mx\/index.php?rest_route=\/wp\/v2\/posts\/81929\/revisions"}],"wp:featuredmedia":[{"embeddable":true,"href":"https:\/\/quehacerpolitico.mx\/index.php?rest_route=\/wp\/v2\/media\/81932"}],"wp:attachment":[{"href":"https:\/\/quehacerpolitico.mx\/index.php?rest_route=%2Fwp%2Fv2%2Fmedia&parent=81929"}],"wp:term":[{"taxonomy":"category","embeddable":true,"href":"https:\/\/quehacerpolitico.mx\/index.php?rest_route=%2Fwp%2Fv2%2Fcategories&post=81929"},{"taxonomy":"post_tag","embeddable":true,"href":"https:\/\/quehacerpolitico.mx\/index.php?rest_route=%2Fwp%2Fv2%2Ftags&post=81929"}],"curies":[{"name":"wp","href":"https:\/\/api.w.org\/{rel}","templated":true}]}}