{"id":81925,"date":"2021-06-10T00:55:56","date_gmt":"2021-06-10T00:55:56","guid":{"rendered":"https:\/\/quehacerpolitico.mx\/?p=81925"},"modified":"2021-06-10T00:55:56","modified_gmt":"2021-06-10T00:55:56","slug":"internacionales-carolina-alonso-romei-emma-coronel-se-declarara-culpable-de-ayudar-el-chapo-dirigir-el-cartel-de-sinaloa-nyt","status":"publish","type":"post","link":"https:\/\/quehacerpolitico.mx\/?p=81925","title":{"rendered":"Internacionales\/\/\/Carolina Alonso Romei\/\/\/Emma Coronel se declarar\u00e1 culpable de ayudar a \u2018El Chapo\u2019 a dirigir el C\u00e1rtel de Sinaloa: NYT"},"content":{"rendered":"<h1 class=\"article_title\">Emma Coronel se declarar\u00e1 culpable de ayudar a \u2018El Chapo\u2019 a dirigir el C\u00e1rtel de Sinaloa: NYT<br \/>\nPor Carolina Alonso Romei<\/h1>\n<p>Internacionalista<\/p>\n<div class=\"article_heading\">\n<p>Los fiscales acusaron a Coronel de trabajar con su esposo para ayudar a dirigir el C\u00e1rtel de Sinaloa<\/p>\n<p>Emma Coronel Aispuro esposa de Joaqu\u00edn \u201c<strong>El Chapo\u201d Guzm\u00e1n<\/strong>, se declarar\u00eda <strong>culpable<\/strong>esta semana de cargos federales al ayudar a su esposo a dirigir su c\u00e1rtel, inform\u00f3 el martes, 9 de junio de 2021, el New York Times.<\/p>\n<p>Reuters no pudo confirmar inmediatamente el reporte. Un portavoz del <strong>Departamento de Justicia<\/strong> de <strong>Estados Unidos<\/strong> no quiso hacer comentarios.<\/p>\n<p><strong>Coronel<\/strong>, una exreina de belleza de 31 a\u00f1os, fue arrestada en el Aeropuerto Internacional Dulles en febrero. Los fiscales la acusaron de trabajar con su esposo para ayudar a dirigir el <strong>C\u00e1rtel de Sinaloa.<\/strong><\/p>\n<p>Los fiscales dicen que <strong>Coronel<\/strong> tambi\u00e9n habr\u00eda ayudado a su esposo en su espectacular fuga de la c\u00e1rcel de m\u00e1xima seguridad del Altiplano en 2015, a trav\u00e9s de un t\u00fanel desde su celda, y habr\u00eda ayudado a planear una segunda huida luego de su recaptura en enero de 2016.<\/p>\n<p><iframe loading=\"lazy\" title=\"Emma Coronel se declarar\u00e1 culpable de ayudar a &#039;El Chapo&#039; | Noticias Telemundo\" width=\"640\" height=\"360\" src=\"https:\/\/www.youtube.com\/embed\/XUieyr3qDNo?feature=oembed\" frameborder=\"0\" allow=\"accelerometer; autoplay; clipboard-write; encrypted-media; gyroscope; picture-in-picture; web-share\" referrerpolicy=\"strict-origin-when-cross-origin\" allowfullscreen><\/iframe><\/p>\n<p><strong>Guzm\u00e1n<\/strong>, de 63 a\u00f1os, fue condenado en febrero de 2019 en un juicio de alto perfil en Brooklyn por traficar toneladas de coca\u00edna, hero\u00edna y marihuana y de liderar operativos de asesinatos m\u00faltiples como el jefe del <strong>Cartel de Sinaloa,<\/strong> una de las organizaciones criminales m\u00e1s violentas de M\u00e9xico.<\/p>\n<p>Fue sentenciado a una pena de prisi\u00f3n de por vida m\u00e1s 30 a\u00f1os. Se encuentra en la prisi\u00f3n federal Supermax en Florence, Colorado, Estados Unidos.<\/p>\n<p><em>Con informaci\u00f3n de Reuters\u00a0<\/em><\/p>\n<\/div>\n","protected":false},"excerpt":{"rendered":"<p>Emma Coronel se declarar\u00e1 culpable de ayudar a \u2018El Chapo\u2019 a dirigir el C\u00e1rtel de&#8230;<\/p>\n","protected":false},"author":2,"featured_media":81927,"comment_status":"open","ping_status":"open","sticky":false,"template":"","format":"standard","meta":{"_monsterinsights_skip_tracking":false,"_monsterinsights_sitenote_active":false,"_monsterinsights_sitenote_note":"","_monsterinsights_sitenote_category":0,"footnotes":""},"categories":[1],"tags":[],"class_list":["post-81925","post","type-post","status-publish","format-standard","has-post-thumbnail","hentry","category-sin-categoria"],"yoast_head":"<!-- This site is optimized with the Yoast SEO plugin v27.3 - https:\/\/yoast.com\/product\/yoast-seo-wordpress\/ -->\n<title>Internacionales\/\/\/Carolina Alonso Romei\/\/\/Emma Coronel se declarar\u00e1 culpable de ayudar a \u2018El Chapo\u2019 a dirigir el C\u00e1rtel de Sinaloa: NYT -<\/title>\n<meta name=\"robots\" content=\"index, follow, max-snippet:-1, max-image-preview:large, max-video-preview:-1\" \/>\n<link rel=\"canonical\" href=\"https:\/\/quehacerpolitico.mx\/?p=81925\" \/>\n<meta property=\"og:locale\" content=\"es_MX\" \/>\n<meta property=\"og:type\" content=\"article\" \/>\n<meta property=\"og:title\" content=\"Internacionales\/\/\/Carolina Alonso Romei\/\/\/Emma Coronel se declarar\u00e1 culpable de ayudar a \u2018El Chapo\u2019 a dirigir el C\u00e1rtel de Sinaloa: NYT -\" \/>\n<meta property=\"og:description\" content=\"Emma Coronel se declarar\u00e1 culpable de ayudar a \u2018El Chapo\u2019 a dirigir el C\u00e1rtel de...\" \/>\n<meta property=\"og:url\" content=\"https:\/\/quehacerpolitico.mx\/?p=81925\" \/>\n<meta property=\"article:published_time\" content=\"2021-06-10T00:55:56+00:00\" \/>\n<meta property=\"og:image\" content=\"https:\/\/quehacerpolitico.mx\/wp-content\/uploads\/2021\/06\/62B0CD5D-7BCA-4B9F-8AF8-AC72B47467FB.jpeg\" \/>\n\t<meta property=\"og:image:width\" content=\"415\" \/>\n\t<meta property=\"og:image:height\" content=\"523\" \/>\n\t<meta property=\"og:image:type\" content=\"image\/jpeg\" \/>\n<meta name=\"author\" content=\"Redacci\u00f3n QP\" \/>\n<meta name=\"twitter:card\" content=\"summary_large_image\" \/>\n<meta name=\"twitter:label1\" content=\"Escrito por\" \/>\n\t<meta name=\"twitter:data1\" content=\"Redacci\u00f3n QP\" \/>\n\t<meta name=\"twitter:label2\" content=\"Tiempo de lectura\" \/>\n\t<meta name=\"twitter:data2\" content=\"1 minuto\" \/>\n<script type=\"application\/ld+json\" class=\"yoast-schema-graph\">{\"@context\":\"https:\\\/\\\/schema.org\",\"@graph\":[{\"@type\":\"Article\",\"@id\":\"https:\\\/\\\/quehacerpolitico.mx\\\/?p=81925#article\",\"isPartOf\":{\"@id\":\"https:\\\/\\\/quehacerpolitico.mx\\\/?p=81925\"},\"author\":{\"name\":\"Redacci\u00f3n QP\",\"@id\":\"https:\\\/\\\/quehacerpolitico.mx\\\/#\\\/schema\\\/person\\\/496d8ad2d1d3f8036101dca7ee39e585\"},\"headline\":\"Internacionales\\\/\\\/\\\/Carolina Alonso Romei\\\/\\\/\\\/Emma Coronel se declarar\u00e1 culpable de ayudar a \u2018El Chapo\u2019 a dirigir el C\u00e1rtel de Sinaloa: NYT\",\"datePublished\":\"2021-06-10T00:55:56+00:00\",\"mainEntityOfPage\":{\"@id\":\"https:\\\/\\\/quehacerpolitico.mx\\\/?p=81925\"},\"wordCount\":304,\"commentCount\":0,\"image\":{\"@id\":\"https:\\\/\\\/quehacerpolitico.mx\\\/?p=81925#primaryimage\"},\"thumbnailUrl\":\"https:\\\/\\\/quehacerpolitico.mx\\\/wp-content\\\/uploads\\\/2021\\\/06\\\/62B0CD5D-7BCA-4B9F-8AF8-AC72B47467FB.jpeg\",\"articleSection\":[\"Internacionales\"],\"inLanguage\":\"es\",\"potentialAction\":[{\"@type\":\"CommentAction\",\"name\":\"Comment\",\"target\":[\"https:\\\/\\\/quehacerpolitico.mx\\\/?p=81925#respond\"]}]},{\"@type\":\"WebPage\",\"@id\":\"https:\\\/\\\/quehacerpolitico.mx\\\/?p=81925\",\"url\":\"https:\\\/\\\/quehacerpolitico.mx\\\/?p=81925\",\"name\":\"Internacionales\\\/\\\/\\\/Carolina Alonso Romei\\\/\\\/\\\/Emma Coronel se declarar\u00e1 culpable de ayudar a \u2018El Chapo\u2019 a dirigir el C\u00e1rtel de Sinaloa: NYT -\",\"isPartOf\":{\"@id\":\"https:\\\/\\\/quehacerpolitico.mx\\\/#website\"},\"primaryImageOfPage\":{\"@id\":\"https:\\\/\\\/quehacerpolitico.mx\\\/?p=81925#primaryimage\"},\"image\":{\"@id\":\"https:\\\/\\\/quehacerpolitico.mx\\\/?p=81925#primaryimage\"},\"thumbnailUrl\":\"https:\\\/\\\/quehacerpolitico.mx\\\/wp-content\\\/uploads\\\/2021\\\/06\\\/62B0CD5D-7BCA-4B9F-8AF8-AC72B47467FB.jpeg\",\"datePublished\":\"2021-06-10T00:55:56+00:00\",\"author\":{\"@id\":\"https:\\\/\\\/quehacerpolitico.mx\\\/#\\\/schema\\\/person\\\/496d8ad2d1d3f8036101dca7ee39e585\"},\"breadcrumb\":{\"@id\":\"https:\\\/\\\/quehacerpolitico.mx\\\/?p=81925#breadcrumb\"},\"inLanguage\":\"es\",\"potentialAction\":[{\"@type\":\"ReadAction\",\"target\":[\"https:\\\/\\\/quehacerpolitico.mx\\\/?p=81925\"]}]},{\"@type\":\"ImageObject\",\"inLanguage\":\"es\",\"@id\":\"https:\\\/\\\/quehacerpolitico.mx\\\/?p=81925#primaryimage\",\"url\":\"https:\\\/\\\/quehacerpolitico.mx\\\/wp-content\\\/uploads\\\/2021\\\/06\\\/62B0CD5D-7BCA-4B9F-8AF8-AC72B47467FB.jpeg\",\"contentUrl\":\"https:\\\/\\\/quehacerpolitico.mx\\\/wp-content\\\/uploads\\\/2021\\\/06\\\/62B0CD5D-7BCA-4B9F-8AF8-AC72B47467FB.jpeg\",\"width\":415,\"height\":523},{\"@type\":\"BreadcrumbList\",\"@id\":\"https:\\\/\\\/quehacerpolitico.mx\\\/?p=81925#breadcrumb\",\"itemListElement\":[{\"@type\":\"ListItem\",\"position\":1,\"name\":\"Inicio\",\"item\":\"https:\\\/\\\/quehacerpolitico.mx\\\/\"},{\"@type\":\"ListItem\",\"position\":2,\"name\":\"Internacionales\\\/\\\/\\\/Carolina Alonso Romei\\\/\\\/\\\/Emma Coronel se declarar\u00e1 culpable de ayudar a \u2018El Chapo\u2019 a dirigir el C\u00e1rtel de Sinaloa: NYT\"}]},{\"@type\":\"WebSite\",\"@id\":\"https:\\\/\\\/quehacerpolitico.mx\\\/#website\",\"url\":\"https:\\\/\\\/quehacerpolitico.mx\\\/\",\"name\":\"\",\"description\":\"\",\"potentialAction\":[{\"@type\":\"SearchAction\",\"target\":{\"@type\":\"EntryPoint\",\"urlTemplate\":\"https:\\\/\\\/quehacerpolitico.mx\\\/?s={search_term_string}\"},\"query-input\":{\"@type\":\"PropertyValueSpecification\",\"valueRequired\":true,\"valueName\":\"search_term_string\"}}],\"inLanguage\":\"es\"},{\"@type\":\"Person\",\"@id\":\"https:\\\/\\\/quehacerpolitico.mx\\\/#\\\/schema\\\/person\\\/496d8ad2d1d3f8036101dca7ee39e585\",\"name\":\"Redacci\u00f3n QP\",\"image\":{\"@type\":\"ImageObject\",\"inLanguage\":\"es\",\"@id\":\"https:\\\/\\\/secure.gravatar.com\\\/avatar\\\/c7164ed6fdec453195284ad24a5ae5b6e1eed2b848477fa2a4787ba9adf39a41?s=96&d=mm&r=g\",\"url\":\"https:\\\/\\\/secure.gravatar.com\\\/avatar\\\/c7164ed6fdec453195284ad24a5ae5b6e1eed2b848477fa2a4787ba9adf39a41?s=96&d=mm&r=g\",\"contentUrl\":\"https:\\\/\\\/secure.gravatar.com\\\/avatar\\\/c7164ed6fdec453195284ad24a5ae5b6e1eed2b848477fa2a4787ba9adf39a41?s=96&d=mm&r=g\",\"caption\":\"Redacci\u00f3n QP\"},\"url\":\"https:\\\/\\\/quehacerpolitico.mx\\\/?author=2\"}]}<\/script>\n<!-- \/ Yoast SEO plugin. -->","yoast_head_json":{"title":"Internacionales\/\/\/Carolina Alonso Romei\/\/\/Emma Coronel se declarar\u00e1 culpable de ayudar a \u2018El Chapo\u2019 a dirigir el C\u00e1rtel de Sinaloa: NYT -","robots":{"index":"index","follow":"follow","max-snippet":"max-snippet:-1","max-image-preview":"max-image-preview:large","max-video-preview":"max-video-preview:-1"},"canonical":"https:\/\/quehacerpolitico.mx\/?p=81925","og_locale":"es_MX","og_type":"article","og_title":"Internacionales\/\/\/Carolina Alonso Romei\/\/\/Emma Coronel se declarar\u00e1 culpable de ayudar a \u2018El Chapo\u2019 a dirigir el C\u00e1rtel de Sinaloa: NYT -","og_description":"Emma Coronel se declarar\u00e1 culpable de ayudar a \u2018El Chapo\u2019 a dirigir el C\u00e1rtel de...","og_url":"https:\/\/quehacerpolitico.mx\/?p=81925","article_published_time":"2021-06-10T00:55:56+00:00","og_image":[{"width":415,"height":523,"url":"https:\/\/quehacerpolitico.mx\/wp-content\/uploads\/2021\/06\/62B0CD5D-7BCA-4B9F-8AF8-AC72B47467FB.jpeg","type":"image\/jpeg"}],"author":"Redacci\u00f3n QP","twitter_card":"summary_large_image","twitter_misc":{"Escrito por":"Redacci\u00f3n QP","Tiempo de lectura":"1 minuto"},"schema":{"@context":"https:\/\/schema.org","@graph":[{"@type":"Article","@id":"https:\/\/quehacerpolitico.mx\/?p=81925#article","isPartOf":{"@id":"https:\/\/quehacerpolitico.mx\/?p=81925"},"author":{"name":"Redacci\u00f3n QP","@id":"https:\/\/quehacerpolitico.mx\/#\/schema\/person\/496d8ad2d1d3f8036101dca7ee39e585"},"headline":"Internacionales\/\/\/Carolina Alonso Romei\/\/\/Emma Coronel se declarar\u00e1 culpable de ayudar a \u2018El Chapo\u2019 a dirigir el C\u00e1rtel de Sinaloa: NYT","datePublished":"2021-06-10T00:55:56+00:00","mainEntityOfPage":{"@id":"https:\/\/quehacerpolitico.mx\/?p=81925"},"wordCount":304,"commentCount":0,"image":{"@id":"https:\/\/quehacerpolitico.mx\/?p=81925#primaryimage"},"thumbnailUrl":"https:\/\/quehacerpolitico.mx\/wp-content\/uploads\/2021\/06\/62B0CD5D-7BCA-4B9F-8AF8-AC72B47467FB.jpeg","articleSection":["Internacionales"],"inLanguage":"es","potentialAction":[{"@type":"CommentAction","name":"Comment","target":["https:\/\/quehacerpolitico.mx\/?p=81925#respond"]}]},{"@type":"WebPage","@id":"https:\/\/quehacerpolitico.mx\/?p=81925","url":"https:\/\/quehacerpolitico.mx\/?p=81925","name":"Internacionales\/\/\/Carolina Alonso Romei\/\/\/Emma Coronel se declarar\u00e1 culpable de ayudar a \u2018El Chapo\u2019 a dirigir el C\u00e1rtel de Sinaloa: NYT -","isPartOf":{"@id":"https:\/\/quehacerpolitico.mx\/#website"},"primaryImageOfPage":{"@id":"https:\/\/quehacerpolitico.mx\/?p=81925#primaryimage"},"image":{"@id":"https:\/\/quehacerpolitico.mx\/?p=81925#primaryimage"},"thumbnailUrl":"https:\/\/quehacerpolitico.mx\/wp-content\/uploads\/2021\/06\/62B0CD5D-7BCA-4B9F-8AF8-AC72B47467FB.jpeg","datePublished":"2021-06-10T00:55:56+00:00","author":{"@id":"https:\/\/quehacerpolitico.mx\/#\/schema\/person\/496d8ad2d1d3f8036101dca7ee39e585"},"breadcrumb":{"@id":"https:\/\/quehacerpolitico.mx\/?p=81925#breadcrumb"},"inLanguage":"es","potentialAction":[{"@type":"ReadAction","target":["https:\/\/quehacerpolitico.mx\/?p=81925"]}]},{"@type":"ImageObject","inLanguage":"es","@id":"https:\/\/quehacerpolitico.mx\/?p=81925#primaryimage","url":"https:\/\/quehacerpolitico.mx\/wp-content\/uploads\/2021\/06\/62B0CD5D-7BCA-4B9F-8AF8-AC72B47467FB.jpeg","contentUrl":"https:\/\/quehacerpolitico.mx\/wp-content\/uploads\/2021\/06\/62B0CD5D-7BCA-4B9F-8AF8-AC72B47467FB.jpeg","width":415,"height":523},{"@type":"BreadcrumbList","@id":"https:\/\/quehacerpolitico.mx\/?p=81925#breadcrumb","itemListElement":[{"@type":"ListItem","position":1,"name":"Inicio","item":"https:\/\/quehacerpolitico.mx\/"},{"@type":"ListItem","position":2,"name":"Internacionales\/\/\/Carolina Alonso Romei\/\/\/Emma Coronel se declarar\u00e1 culpable de ayudar a \u2018El Chapo\u2019 a dirigir el C\u00e1rtel de Sinaloa: NYT"}]},{"@type":"WebSite","@id":"https:\/\/quehacerpolitico.mx\/#website","url":"https:\/\/quehacerpolitico.mx\/","name":"","description":"","potentialAction":[{"@type":"SearchAction","target":{"@type":"EntryPoint","urlTemplate":"https:\/\/quehacerpolitico.mx\/?s={search_term_string}"},"query-input":{"@type":"PropertyValueSpecification","valueRequired":true,"valueName":"search_term_string"}}],"inLanguage":"es"},{"@type":"Person","@id":"https:\/\/quehacerpolitico.mx\/#\/schema\/person\/496d8ad2d1d3f8036101dca7ee39e585","name":"Redacci\u00f3n QP","image":{"@type":"ImageObject","inLanguage":"es","@id":"https:\/\/secure.gravatar.com\/avatar\/c7164ed6fdec453195284ad24a5ae5b6e1eed2b848477fa2a4787ba9adf39a41?s=96&d=mm&r=g","url":"https:\/\/secure.gravatar.com\/avatar\/c7164ed6fdec453195284ad24a5ae5b6e1eed2b848477fa2a4787ba9adf39a41?s=96&d=mm&r=g","contentUrl":"https:\/\/secure.gravatar.com\/avatar\/c7164ed6fdec453195284ad24a5ae5b6e1eed2b848477fa2a4787ba9adf39a41?s=96&d=mm&r=g","caption":"Redacci\u00f3n QP"},"url":"https:\/\/quehacerpolitico.mx\/?author=2"}]}},"featured_image_urls":{"full":["https:\/\/quehacerpolitico.mx\/wp-content\/uploads\/2021\/06\/62B0CD5D-7BCA-4B9F-8AF8-AC72B47467FB.jpeg",415,523,false],"thumbnail":["https:\/\/quehacerpolitico.mx\/wp-content\/uploads\/2021\/06\/62B0CD5D-7BCA-4B9F-8AF8-AC72B47467FB-150x150.jpeg",150,150,true],"medium":["https:\/\/quehacerpolitico.mx\/wp-content\/uploads\/2021\/06\/62B0CD5D-7BCA-4B9F-8AF8-AC72B47467FB-238x300.jpeg",238,300,true],"medium_large":["https:\/\/quehacerpolitico.mx\/wp-content\/uploads\/2021\/06\/62B0CD5D-7BCA-4B9F-8AF8-AC72B47467FB.jpeg",415,523,false],"large":["https:\/\/quehacerpolitico.mx\/wp-content\/uploads\/2021\/06\/62B0CD5D-7BCA-4B9F-8AF8-AC72B47467FB.jpeg",415,523,false],"1536x1536":["https:\/\/quehacerpolitico.mx\/wp-content\/uploads\/2021\/06\/62B0CD5D-7BCA-4B9F-8AF8-AC72B47467FB.jpeg",415,523,false],"2048x2048":["https:\/\/quehacerpolitico.mx\/wp-content\/uploads\/2021\/06\/62B0CD5D-7BCA-4B9F-8AF8-AC72B47467FB.jpeg",415,523,false],"covernews-featured":["https:\/\/quehacerpolitico.mx\/wp-content\/uploads\/2021\/06\/62B0CD5D-7BCA-4B9F-8AF8-AC72B47467FB.jpeg",415,523,false],"covernews-medium":["https:\/\/quehacerpolitico.mx\/wp-content\/uploads\/2021\/06\/62B0CD5D-7BCA-4B9F-8AF8-AC72B47467FB.jpeg",270,340,false]},"author_info":{"display_name":"Redacci\u00f3n QP","author_link":"https:\/\/quehacerpolitico.mx\/?author=2"},"category_info":"<a href=\"https:\/\/quehacerpolitico.mx\/?cat=1\" rel=\"category\">Internacionales<\/a>","tag_info":"Internacionales","comment_count":"0","_links":{"self":[{"href":"https:\/\/quehacerpolitico.mx\/index.php?rest_route=\/wp\/v2\/posts\/81925","targetHints":{"allow":["GET"]}}],"collection":[{"href":"https:\/\/quehacerpolitico.mx\/index.php?rest_route=\/wp\/v2\/posts"}],"about":[{"href":"https:\/\/quehacerpolitico.mx\/index.php?rest_route=\/wp\/v2\/types\/post"}],"author":[{"embeddable":true,"href":"https:\/\/quehacerpolitico.mx\/index.php?rest_route=\/wp\/v2\/users\/2"}],"replies":[{"embeddable":true,"href":"https:\/\/quehacerpolitico.mx\/index.php?rest_route=%2Fwp%2Fv2%2Fcomments&post=81925"}],"version-history":[{"count":0,"href":"https:\/\/quehacerpolitico.mx\/index.php?rest_route=\/wp\/v2\/posts\/81925\/revisions"}],"wp:featuredmedia":[{"embeddable":true,"href":"https:\/\/quehacerpolitico.mx\/index.php?rest_route=\/wp\/v2\/media\/81927"}],"wp:attachment":[{"href":"https:\/\/quehacerpolitico.mx\/index.php?rest_route=%2Fwp%2Fv2%2Fmedia&parent=81925"}],"wp:term":[{"taxonomy":"category","embeddable":true,"href":"https:\/\/quehacerpolitico.mx\/index.php?rest_route=%2Fwp%2Fv2%2Fcategories&post=81925"},{"taxonomy":"post_tag","embeddable":true,"href":"https:\/\/quehacerpolitico.mx\/index.php?rest_route=%2Fwp%2Fv2%2Ftags&post=81925"}],"curies":[{"name":"wp","href":"https:\/\/api.w.org\/{rel}","templated":true}]}}