{"id":81919,"date":"2021-06-10T00:36:27","date_gmt":"2021-06-10T00:36:27","guid":{"rendered":"https:\/\/quehacerpolitico.mx\/?p=81919"},"modified":"2021-06-10T00:36:27","modified_gmt":"2021-06-10T00:36:27","slug":"internacionales-carolina-alonso-romei-mexicanos-salieron-de-los-indios-argentinos-llegamos-de-europa-alberto-fernandez","status":"publish","type":"post","link":"https:\/\/quehacerpolitico.mx\/?p=81919","title":{"rendered":"Internacionales\/\/\/Carolina Alonso Romei\/\/\/Mexicanos salieron de los indios, argentinos llegamos de Europa: Alberto Fern\u00e1ndez"},"content":{"rendered":"<h1 class=\"article_title\">Mexicanos salieron de los indios, argentinos llegamos de Europa: Alberto Fern\u00e1ndez<br \/>\nPor Carolina Alonso Romei<\/h1>\n<p>Internacionalista<\/p>\n<div class=\"article_heading\">\n<p>Hasta el momento no ha habido ning\u00fan reclamo oficial por las declaraciones del mandatario argentino, aunque s\u00ed una gran pol\u00e9mica en las redes sociales<\/p>\n<p>El <strong>presidente argentino Alberto Fern\u00e1ndez intent\u00f3\u00a0<\/strong>el mi\u00e9rcoles explicar los v\u00ednculos hist\u00f3ricos que unen al pa\u00eds con Europa durante una visita oficial de su par espa\u00f1ol, <strong>Pedro S\u00e1nchez<\/strong>, pero tal vez fue demasiado lejos.<\/p>\n<blockquote class=\"twitter-tweet\" data-width=\"550\" data-dnt=\"true\">\n<p lang=\"es\" dir=\"ltr\">Alberto Fern\u00e1ndez, junto a Pedro S\u00e1nchez: &quot;Yo tambi\u00e9n soy europe\u00edsta. Lo escribi\u00f3 Octavio Paz alguna vez, que los mexicanos salieron de los indios; los brasileiros, de la selva, y nosotros, los argentinos, de los barcos. De los barcos de Europa&quot; <\/p>\n<p>\ud83d\udd17<a href=\"https:\/\/t.co\/lMlTqq2qMD\">https:\/\/t.co\/lMlTqq2qMD<\/a> <a href=\"https:\/\/t.co\/rDDOjZDksz\">pic.twitter.com\/rDDOjZDksz<\/a><\/p>\n<p>&mdash; EL PA\u00cdS Am\u00e9rica (@elpais_america) <a href=\"https:\/\/twitter.com\/elpais_america\/status\/1402698028771942403?ref_src=twsrc%5Etfw\">June 9, 2021<\/a><\/p><\/blockquote>\n<p><script async src=\"https:\/\/platform.twitter.com\/widgets.js\" charset=\"utf-8\"><\/script><\/p>\n<blockquote><p>\u201cLos mexicanos salieron de los indios, los brasileros salieron de la selva, pero nosotros los argentinos llegamos de los barcos. Y eran barcos que ven\u00edan de Europa\u201d, se\u00f1al\u00f3 Fern\u00e1ndez en alusi\u00f3n a los muchos migrantes europeos que llegaron a Argentina.<\/p><\/blockquote>\n<p>Las declaraciones las hizo un acto en Buenos Aires junto a S\u00e1nchez, que segu\u00eda con atenci\u00f3n las palabras de <strong>Fern\u00e1ndez.<\/strong><\/p>\n<p><strong>Fern\u00e1ndez<\/strong> parece haber tomado la frase de una canci\u00f3n del m\u00fasico local Lito Nebbia, de quien el mandatario se declar\u00f3 admirador en m\u00e1s de una oportunidad.<\/p>\n<p>Medios de Brasil reproduc\u00edan el mi\u00e9rcoles las declaraciones del mandatario argentino, pero por el momento no hubo ning\u00fan reclamo oficial, aunque s\u00ed una gran pol\u00e9mica en las redes sociales.<\/p>\n<blockquote class=\"twitter-tweet\" data-width=\"550\" data-dnt=\"true\">\n<p lang=\"es\" dir=\"ltr\">Alberto Fern\u00e1ndez: &quot;Los argentinos llegamos de los barcos&quot; (9\/6\/2021)<\/p>\n<p>Mauricio Macri: &quot;En Sudam\u00e9rica todos somos descendientes de europeos&quot; (enero 2018)<\/p>\n<p>Cristina Fern\u00e1ndez de Kirchner: \u201cSomos hijos, nietos y bisnietos de inmigrantes. Esto es la Argentina\u201d (abril 2015) <a href=\"https:\/\/t.co\/fkDzbHgvK3\">pic.twitter.com\/fkDzbHgvK3<\/a><\/p>\n<p>&mdash; Dario Aranda (@ArandaDario) <a href=\"https:\/\/twitter.com\/ArandaDario\/status\/1402710832132276224?ref_src=twsrc%5Etfw\">June 9, 2021<\/a><\/p><\/blockquote>\n<p><script async src=\"https:\/\/platform.twitter.com\/widgets.js\" charset=\"utf-8\"><\/script><\/p>\n<p>En el encuentro presidencial, S\u00e1nchez expres\u00f3 el apoyo de Espa\u00f1a a las negociaciones que actualmente tiene Argentina con el Fondo Monetario Internacional (FMI) y el Club de Par\u00eds para renegociar una multimillonaria deuda.<\/p>\n<p>Con informaci\u00f3n de Reuters<\/p>\n<\/div>\n","protected":false},"excerpt":{"rendered":"<p>Mexicanos salieron de los indios, argentinos llegamos de Europa: Alberto Fern\u00e1ndez Por Carolina Alonso Romei&#8230;<\/p>\n","protected":false},"author":2,"featured_media":81923,"comment_status":"open","ping_status":"open","sticky":false,"template":"","format":"standard","meta":{"_monsterinsights_skip_tracking":false,"_monsterinsights_sitenote_active":false,"_monsterinsights_sitenote_note":"","_monsterinsights_sitenote_category":0,"footnotes":""},"categories":[1],"tags":[],"class_list":["post-81919","post","type-post","status-publish","format-standard","has-post-thumbnail","hentry","category-sin-categoria"],"yoast_head":"<!-- This site is optimized with the Yoast SEO plugin v27.3 - https:\/\/yoast.com\/product\/yoast-seo-wordpress\/ -->\n<title>Internacionales\/\/\/Carolina Alonso Romei\/\/\/Mexicanos salieron de los indios, argentinos llegamos de Europa: Alberto Fern\u00e1ndez -<\/title>\n<meta name=\"robots\" content=\"index, follow, max-snippet:-1, max-image-preview:large, max-video-preview:-1\" \/>\n<link rel=\"canonical\" href=\"https:\/\/quehacerpolitico.mx\/?p=81919\" \/>\n<meta property=\"og:locale\" content=\"es_MX\" \/>\n<meta property=\"og:type\" content=\"article\" \/>\n<meta property=\"og:title\" content=\"Internacionales\/\/\/Carolina Alonso Romei\/\/\/Mexicanos salieron de los indios, argentinos llegamos de Europa: Alberto Fern\u00e1ndez -\" \/>\n<meta property=\"og:description\" content=\"Mexicanos salieron de los indios, argentinos llegamos de Europa: Alberto Fern\u00e1ndez Por Carolina Alonso Romei...\" \/>\n<meta property=\"og:url\" content=\"https:\/\/quehacerpolitico.mx\/?p=81919\" \/>\n<meta property=\"article:published_time\" content=\"2021-06-10T00:36:27+00:00\" \/>\n<meta property=\"og:image\" content=\"https:\/\/quehacerpolitico.mx\/wp-content\/uploads\/2021\/06\/152F3604-B188-483C-A8B1-A989B4E0C895.jpeg\" \/>\n\t<meta property=\"og:image:width\" content=\"1242\" \/>\n\t<meta property=\"og:image:height\" content=\"589\" \/>\n\t<meta property=\"og:image:type\" content=\"image\/jpeg\" \/>\n<meta name=\"author\" content=\"Redacci\u00f3n QP\" \/>\n<meta name=\"twitter:card\" content=\"summary_large_image\" \/>\n<meta name=\"twitter:label1\" content=\"Escrito por\" \/>\n\t<meta name=\"twitter:data1\" content=\"Redacci\u00f3n QP\" \/>\n\t<meta name=\"twitter:label2\" content=\"Tiempo de lectura\" \/>\n\t<meta name=\"twitter:data2\" content=\"1 minuto\" \/>\n<script type=\"application\/ld+json\" class=\"yoast-schema-graph\">{\"@context\":\"https:\\\/\\\/schema.org\",\"@graph\":[{\"@type\":\"Article\",\"@id\":\"https:\\\/\\\/quehacerpolitico.mx\\\/?p=81919#article\",\"isPartOf\":{\"@id\":\"https:\\\/\\\/quehacerpolitico.mx\\\/?p=81919\"},\"author\":{\"name\":\"Redacci\u00f3n QP\",\"@id\":\"https:\\\/\\\/quehacerpolitico.mx\\\/#\\\/schema\\\/person\\\/496d8ad2d1d3f8036101dca7ee39e585\"},\"headline\":\"Internacionales\\\/\\\/\\\/Carolina Alonso Romei\\\/\\\/\\\/Mexicanos salieron de los indios, argentinos llegamos de Europa: Alberto Fern\u00e1ndez\",\"datePublished\":\"2021-06-10T00:36:27+00:00\",\"mainEntityOfPage\":{\"@id\":\"https:\\\/\\\/quehacerpolitico.mx\\\/?p=81919\"},\"wordCount\":285,\"commentCount\":0,\"image\":{\"@id\":\"https:\\\/\\\/quehacerpolitico.mx\\\/?p=81919#primaryimage\"},\"thumbnailUrl\":\"https:\\\/\\\/quehacerpolitico.mx\\\/wp-content\\\/uploads\\\/2021\\\/06\\\/152F3604-B188-483C-A8B1-A989B4E0C895.jpeg\",\"articleSection\":[\"Internacionales\"],\"inLanguage\":\"es\",\"potentialAction\":[{\"@type\":\"CommentAction\",\"name\":\"Comment\",\"target\":[\"https:\\\/\\\/quehacerpolitico.mx\\\/?p=81919#respond\"]}]},{\"@type\":\"WebPage\",\"@id\":\"https:\\\/\\\/quehacerpolitico.mx\\\/?p=81919\",\"url\":\"https:\\\/\\\/quehacerpolitico.mx\\\/?p=81919\",\"name\":\"Internacionales\\\/\\\/\\\/Carolina Alonso Romei\\\/\\\/\\\/Mexicanos salieron de los indios, argentinos llegamos de Europa: Alberto Fern\u00e1ndez -\",\"isPartOf\":{\"@id\":\"https:\\\/\\\/quehacerpolitico.mx\\\/#website\"},\"primaryImageOfPage\":{\"@id\":\"https:\\\/\\\/quehacerpolitico.mx\\\/?p=81919#primaryimage\"},\"image\":{\"@id\":\"https:\\\/\\\/quehacerpolitico.mx\\\/?p=81919#primaryimage\"},\"thumbnailUrl\":\"https:\\\/\\\/quehacerpolitico.mx\\\/wp-content\\\/uploads\\\/2021\\\/06\\\/152F3604-B188-483C-A8B1-A989B4E0C895.jpeg\",\"datePublished\":\"2021-06-10T00:36:27+00:00\",\"author\":{\"@id\":\"https:\\\/\\\/quehacerpolitico.mx\\\/#\\\/schema\\\/person\\\/496d8ad2d1d3f8036101dca7ee39e585\"},\"breadcrumb\":{\"@id\":\"https:\\\/\\\/quehacerpolitico.mx\\\/?p=81919#breadcrumb\"},\"inLanguage\":\"es\",\"potentialAction\":[{\"@type\":\"ReadAction\",\"target\":[\"https:\\\/\\\/quehacerpolitico.mx\\\/?p=81919\"]}]},{\"@type\":\"ImageObject\",\"inLanguage\":\"es\",\"@id\":\"https:\\\/\\\/quehacerpolitico.mx\\\/?p=81919#primaryimage\",\"url\":\"https:\\\/\\\/quehacerpolitico.mx\\\/wp-content\\\/uploads\\\/2021\\\/06\\\/152F3604-B188-483C-A8B1-A989B4E0C895.jpeg\",\"contentUrl\":\"https:\\\/\\\/quehacerpolitico.mx\\\/wp-content\\\/uploads\\\/2021\\\/06\\\/152F3604-B188-483C-A8B1-A989B4E0C895.jpeg\",\"width\":1242,\"height\":589},{\"@type\":\"BreadcrumbList\",\"@id\":\"https:\\\/\\\/quehacerpolitico.mx\\\/?p=81919#breadcrumb\",\"itemListElement\":[{\"@type\":\"ListItem\",\"position\":1,\"name\":\"Inicio\",\"item\":\"https:\\\/\\\/quehacerpolitico.mx\\\/\"},{\"@type\":\"ListItem\",\"position\":2,\"name\":\"Internacionales\\\/\\\/\\\/Carolina Alonso Romei\\\/\\\/\\\/Mexicanos salieron de los indios, argentinos llegamos de Europa: Alberto Fern\u00e1ndez\"}]},{\"@type\":\"WebSite\",\"@id\":\"https:\\\/\\\/quehacerpolitico.mx\\\/#website\",\"url\":\"https:\\\/\\\/quehacerpolitico.mx\\\/\",\"name\":\"\",\"description\":\"\",\"potentialAction\":[{\"@type\":\"SearchAction\",\"target\":{\"@type\":\"EntryPoint\",\"urlTemplate\":\"https:\\\/\\\/quehacerpolitico.mx\\\/?s={search_term_string}\"},\"query-input\":{\"@type\":\"PropertyValueSpecification\",\"valueRequired\":true,\"valueName\":\"search_term_string\"}}],\"inLanguage\":\"es\"},{\"@type\":\"Person\",\"@id\":\"https:\\\/\\\/quehacerpolitico.mx\\\/#\\\/schema\\\/person\\\/496d8ad2d1d3f8036101dca7ee39e585\",\"name\":\"Redacci\u00f3n QP\",\"image\":{\"@type\":\"ImageObject\",\"inLanguage\":\"es\",\"@id\":\"https:\\\/\\\/secure.gravatar.com\\\/avatar\\\/c7164ed6fdec453195284ad24a5ae5b6e1eed2b848477fa2a4787ba9adf39a41?s=96&d=mm&r=g\",\"url\":\"https:\\\/\\\/secure.gravatar.com\\\/avatar\\\/c7164ed6fdec453195284ad24a5ae5b6e1eed2b848477fa2a4787ba9adf39a41?s=96&d=mm&r=g\",\"contentUrl\":\"https:\\\/\\\/secure.gravatar.com\\\/avatar\\\/c7164ed6fdec453195284ad24a5ae5b6e1eed2b848477fa2a4787ba9adf39a41?s=96&d=mm&r=g\",\"caption\":\"Redacci\u00f3n QP\"},\"url\":\"https:\\\/\\\/quehacerpolitico.mx\\\/?author=2\"}]}<\/script>\n<!-- \/ Yoast SEO plugin. -->","yoast_head_json":{"title":"Internacionales\/\/\/Carolina Alonso Romei\/\/\/Mexicanos salieron de los indios, argentinos llegamos de Europa: Alberto Fern\u00e1ndez -","robots":{"index":"index","follow":"follow","max-snippet":"max-snippet:-1","max-image-preview":"max-image-preview:large","max-video-preview":"max-video-preview:-1"},"canonical":"https:\/\/quehacerpolitico.mx\/?p=81919","og_locale":"es_MX","og_type":"article","og_title":"Internacionales\/\/\/Carolina Alonso Romei\/\/\/Mexicanos salieron de los indios, argentinos llegamos de Europa: Alberto Fern\u00e1ndez -","og_description":"Mexicanos salieron de los indios, argentinos llegamos de Europa: Alberto Fern\u00e1ndez Por Carolina Alonso Romei...","og_url":"https:\/\/quehacerpolitico.mx\/?p=81919","article_published_time":"2021-06-10T00:36:27+00:00","og_image":[{"width":1242,"height":589,"url":"https:\/\/quehacerpolitico.mx\/wp-content\/uploads\/2021\/06\/152F3604-B188-483C-A8B1-A989B4E0C895.jpeg","type":"image\/jpeg"}],"author":"Redacci\u00f3n QP","twitter_card":"summary_large_image","twitter_misc":{"Escrito por":"Redacci\u00f3n QP","Tiempo de lectura":"1 minuto"},"schema":{"@context":"https:\/\/schema.org","@graph":[{"@type":"Article","@id":"https:\/\/quehacerpolitico.mx\/?p=81919#article","isPartOf":{"@id":"https:\/\/quehacerpolitico.mx\/?p=81919"},"author":{"name":"Redacci\u00f3n QP","@id":"https:\/\/quehacerpolitico.mx\/#\/schema\/person\/496d8ad2d1d3f8036101dca7ee39e585"},"headline":"Internacionales\/\/\/Carolina Alonso Romei\/\/\/Mexicanos salieron de los indios, argentinos llegamos de Europa: Alberto Fern\u00e1ndez","datePublished":"2021-06-10T00:36:27+00:00","mainEntityOfPage":{"@id":"https:\/\/quehacerpolitico.mx\/?p=81919"},"wordCount":285,"commentCount":0,"image":{"@id":"https:\/\/quehacerpolitico.mx\/?p=81919#primaryimage"},"thumbnailUrl":"https:\/\/quehacerpolitico.mx\/wp-content\/uploads\/2021\/06\/152F3604-B188-483C-A8B1-A989B4E0C895.jpeg","articleSection":["Internacionales"],"inLanguage":"es","potentialAction":[{"@type":"CommentAction","name":"Comment","target":["https:\/\/quehacerpolitico.mx\/?p=81919#respond"]}]},{"@type":"WebPage","@id":"https:\/\/quehacerpolitico.mx\/?p=81919","url":"https:\/\/quehacerpolitico.mx\/?p=81919","name":"Internacionales\/\/\/Carolina Alonso Romei\/\/\/Mexicanos salieron de los indios, argentinos llegamos de Europa: Alberto Fern\u00e1ndez -","isPartOf":{"@id":"https:\/\/quehacerpolitico.mx\/#website"},"primaryImageOfPage":{"@id":"https:\/\/quehacerpolitico.mx\/?p=81919#primaryimage"},"image":{"@id":"https:\/\/quehacerpolitico.mx\/?p=81919#primaryimage"},"thumbnailUrl":"https:\/\/quehacerpolitico.mx\/wp-content\/uploads\/2021\/06\/152F3604-B188-483C-A8B1-A989B4E0C895.jpeg","datePublished":"2021-06-10T00:36:27+00:00","author":{"@id":"https:\/\/quehacerpolitico.mx\/#\/schema\/person\/496d8ad2d1d3f8036101dca7ee39e585"},"breadcrumb":{"@id":"https:\/\/quehacerpolitico.mx\/?p=81919#breadcrumb"},"inLanguage":"es","potentialAction":[{"@type":"ReadAction","target":["https:\/\/quehacerpolitico.mx\/?p=81919"]}]},{"@type":"ImageObject","inLanguage":"es","@id":"https:\/\/quehacerpolitico.mx\/?p=81919#primaryimage","url":"https:\/\/quehacerpolitico.mx\/wp-content\/uploads\/2021\/06\/152F3604-B188-483C-A8B1-A989B4E0C895.jpeg","contentUrl":"https:\/\/quehacerpolitico.mx\/wp-content\/uploads\/2021\/06\/152F3604-B188-483C-A8B1-A989B4E0C895.jpeg","width":1242,"height":589},{"@type":"BreadcrumbList","@id":"https:\/\/quehacerpolitico.mx\/?p=81919#breadcrumb","itemListElement":[{"@type":"ListItem","position":1,"name":"Inicio","item":"https:\/\/quehacerpolitico.mx\/"},{"@type":"ListItem","position":2,"name":"Internacionales\/\/\/Carolina Alonso Romei\/\/\/Mexicanos salieron de los indios, argentinos llegamos de Europa: Alberto Fern\u00e1ndez"}]},{"@type":"WebSite","@id":"https:\/\/quehacerpolitico.mx\/#website","url":"https:\/\/quehacerpolitico.mx\/","name":"","description":"","potentialAction":[{"@type":"SearchAction","target":{"@type":"EntryPoint","urlTemplate":"https:\/\/quehacerpolitico.mx\/?s={search_term_string}"},"query-input":{"@type":"PropertyValueSpecification","valueRequired":true,"valueName":"search_term_string"}}],"inLanguage":"es"},{"@type":"Person","@id":"https:\/\/quehacerpolitico.mx\/#\/schema\/person\/496d8ad2d1d3f8036101dca7ee39e585","name":"Redacci\u00f3n QP","image":{"@type":"ImageObject","inLanguage":"es","@id":"https:\/\/secure.gravatar.com\/avatar\/c7164ed6fdec453195284ad24a5ae5b6e1eed2b848477fa2a4787ba9adf39a41?s=96&d=mm&r=g","url":"https:\/\/secure.gravatar.com\/avatar\/c7164ed6fdec453195284ad24a5ae5b6e1eed2b848477fa2a4787ba9adf39a41?s=96&d=mm&r=g","contentUrl":"https:\/\/secure.gravatar.com\/avatar\/c7164ed6fdec453195284ad24a5ae5b6e1eed2b848477fa2a4787ba9adf39a41?s=96&d=mm&r=g","caption":"Redacci\u00f3n QP"},"url":"https:\/\/quehacerpolitico.mx\/?author=2"}]}},"featured_image_urls":{"full":["https:\/\/quehacerpolitico.mx\/wp-content\/uploads\/2021\/06\/152F3604-B188-483C-A8B1-A989B4E0C895.jpeg",1242,589,false],"thumbnail":["https:\/\/quehacerpolitico.mx\/wp-content\/uploads\/2021\/06\/152F3604-B188-483C-A8B1-A989B4E0C895-150x150.jpeg",150,150,true],"medium":["https:\/\/quehacerpolitico.mx\/wp-content\/uploads\/2021\/06\/152F3604-B188-483C-A8B1-A989B4E0C895-300x142.jpeg",300,142,true],"medium_large":["https:\/\/quehacerpolitico.mx\/wp-content\/uploads\/2021\/06\/152F3604-B188-483C-A8B1-A989B4E0C895-768x364.jpeg",640,303,true],"large":["https:\/\/quehacerpolitico.mx\/wp-content\/uploads\/2021\/06\/152F3604-B188-483C-A8B1-A989B4E0C895-1024x486.jpeg",640,304,true],"1536x1536":["https:\/\/quehacerpolitico.mx\/wp-content\/uploads\/2021\/06\/152F3604-B188-483C-A8B1-A989B4E0C895.jpeg",1242,589,false],"2048x2048":["https:\/\/quehacerpolitico.mx\/wp-content\/uploads\/2021\/06\/152F3604-B188-483C-A8B1-A989B4E0C895.jpeg",1242,589,false],"covernews-featured":["https:\/\/quehacerpolitico.mx\/wp-content\/uploads\/2021\/06\/152F3604-B188-483C-A8B1-A989B4E0C895.jpeg",1024,486,false],"covernews-medium":["https:\/\/quehacerpolitico.mx\/wp-content\/uploads\/2021\/06\/152F3604-B188-483C-A8B1-A989B4E0C895.jpeg",540,256,false]},"author_info":{"display_name":"Redacci\u00f3n QP","author_link":"https:\/\/quehacerpolitico.mx\/?author=2"},"category_info":"<a href=\"https:\/\/quehacerpolitico.mx\/?cat=1\" rel=\"category\">Internacionales<\/a>","tag_info":"Internacionales","comment_count":"0","_links":{"self":[{"href":"https:\/\/quehacerpolitico.mx\/index.php?rest_route=\/wp\/v2\/posts\/81919","targetHints":{"allow":["GET"]}}],"collection":[{"href":"https:\/\/quehacerpolitico.mx\/index.php?rest_route=\/wp\/v2\/posts"}],"about":[{"href":"https:\/\/quehacerpolitico.mx\/index.php?rest_route=\/wp\/v2\/types\/post"}],"author":[{"embeddable":true,"href":"https:\/\/quehacerpolitico.mx\/index.php?rest_route=\/wp\/v2\/users\/2"}],"replies":[{"embeddable":true,"href":"https:\/\/quehacerpolitico.mx\/index.php?rest_route=%2Fwp%2Fv2%2Fcomments&post=81919"}],"version-history":[{"count":0,"href":"https:\/\/quehacerpolitico.mx\/index.php?rest_route=\/wp\/v2\/posts\/81919\/revisions"}],"wp:featuredmedia":[{"embeddable":true,"href":"https:\/\/quehacerpolitico.mx\/index.php?rest_route=\/wp\/v2\/media\/81923"}],"wp:attachment":[{"href":"https:\/\/quehacerpolitico.mx\/index.php?rest_route=%2Fwp%2Fv2%2Fmedia&parent=81919"}],"wp:term":[{"taxonomy":"category","embeddable":true,"href":"https:\/\/quehacerpolitico.mx\/index.php?rest_route=%2Fwp%2Fv2%2Fcategories&post=81919"},{"taxonomy":"post_tag","embeddable":true,"href":"https:\/\/quehacerpolitico.mx\/index.php?rest_route=%2Fwp%2Fv2%2Ftags&post=81919"}],"curies":[{"name":"wp","href":"https:\/\/api.w.org\/{rel}","templated":true}]}}