{"id":81906,"date":"2021-06-09T23:27:28","date_gmt":"2021-06-09T23:27:28","guid":{"rendered":"https:\/\/quehacerpolitico.mx\/?p=81906"},"modified":"2021-06-09T23:27:28","modified_gmt":"2021-06-09T23:27:28","slug":"internacionales-carolina-alonso-romei-joe-biden-llega-al-reino-unido-para-acudir-la-cumbre-del-g7","status":"publish","type":"post","link":"https:\/\/quehacerpolitico.mx\/?p=81906","title":{"rendered":"Internacionales\/\/\/Carolina Alonso Romei\/\/\/Joe Biden llega al Reino Unido para acudir a la cumbre del G7"},"content":{"rendered":"<h1 class=\"article_title\">Joe Biden llega al Reino Unido para acudir a la cumbre del G7<br \/>\nPor Carolina Alonso Romei<\/h1>\n<p>Internacionalista<\/p>\n<p>El avi\u00f3n presidencial Air Force One aterriz\u00f3 en la base a\u00e9rea brit\u00e1nica de Mildenhall<\/p>\n<p>El <strong>presidente estadounidense, Joe Biden<\/strong>, lleg\u00f3 este mi\u00e9rcoles 9 de junio al <strong>Reino Unido<\/strong>para comenzar su primera gira europea que lo llevar\u00e1 a la <strong>cumbre del G7<\/strong> en el suroeste de Inglaterra y continuar\u00e1 despu\u00e9s en Bruselas y Ginebra, donde<strong> se reunir\u00e1 con Vladimir Putin.<\/strong><\/p>\n<p>El avi\u00f3n presidencial <strong>Air Force One<\/strong> aterriz\u00f3 en la <strong>base a\u00e9rea brit\u00e1nica de Mildenhall<\/strong>, en el este del pa\u00eds, poco despu\u00e9s de las 19:40 (hora local). El presidente descendi\u00f3 de \u00e9l de la mano de la primera dama, Jill Biden.<\/p>\n<p>Aqu\u00ed tiene previsto pronunciar un discurso a las <strong>fuerzas estadounidenses<\/strong> destacadas en este lugar antes de dirigirse a Cornualles, donde participar\u00e1 a partir del jueves 9 de junio en la cumbre del G7, que durar\u00e1 tres d\u00edas.<\/p>\n<p><iframe loading=\"lazy\" title=\"Biden llega a Europa en su primer viaje al extranjero como presidente de EEUU | AFP\" width=\"640\" height=\"360\" src=\"https:\/\/www.youtube.com\/embed\/akNXyksmkYA?feature=oembed\" frameborder=\"0\" allow=\"accelerometer; autoplay; clipboard-write; encrypted-media; gyroscope; picture-in-picture; web-share\" referrerpolicy=\"strict-origin-when-cross-origin\" allowfullscreen><\/iframe><\/p>\n<p>El domingo, visitar\u00e1 a la <strong>reina Isabel II<\/strong> en el castillo de Windsor.<\/p>\n<p>\u201cMi viaje a Europa es una oportunidad para que Estados Unidos movilice a las democracias del mundo\u201d, asegur\u00f3 Biden, quien repite desde su llegada al poder que Estados Unidos ha vuelto (\u201cAmerica is back\u201d) y pretende implicarse plenamente en los <strong>asuntos mundiales<\/strong>.<\/p>\n<div class=\"ad-break\">\n<p>Sin embargo, tras el <strong>mandato de Donald Trump<\/strong>, los aliados \u201crecibir\u00e1n estas palabras tranquilizadoras con un poco de escepticismo\u201d, se\u00f1ala Suzanne Maloney, del centro de reflexi\u00f3n Brookings, con sede en Washington.<\/p>\n<blockquote><p>\u201cLa voluntad de Biden de volver a conectar con ellos tendr\u00e1 que superar no s\u00f3lo las cicatrices de los \u00faltimos cuatro a\u00f1os, sino tambi\u00e9n las preguntas persistentes sobre la salud de la <strong>democracia estadounidense<\/strong>\u201c, escribi\u00f3.<\/p><\/blockquote>\n<p>El inquilino de la Casa Blanca ir\u00e1 tambi\u00e9n a Bruselas y mantendr\u00e1 numerosos <strong>encuentros bilaterales<\/strong> en un exigente viaje de ocho d\u00edas.<\/p>\n<p>\u201cLleva 50 a\u00f1os prepar\u00e1ndose para ello\u201d, dijo su portavoz, Jen Psaki, en alusi\u00f3n a la larga <strong>carrera pol\u00edtica<\/strong> del presidente de 78 a\u00f1os, que entr\u00f3 al Senado por primera vez en 1972.<\/p>\n<blockquote><p>\u201cConoce a algunos de esos dirigentes, entre ellos el <strong>presidente Putin<\/strong>, desde hace d\u00e9cadas\u201d, a\u00f1adi\u00f3.<\/p><\/blockquote>\n<p>Muy criticada por su retraso en compartir sus <strong>vacunas contra el COVID-19<\/strong> con el resto del mundo, la Casa Blanca intenta ahora tomar la delantera en este asunto.<\/p>\n<blockquote><p>\u201cEstados Unidos se ha comprometido a trabajar en la <strong>inmunizaci\u00f3n internacional<\/strong> con el mismo sentido de urgencia que hemos mostrado en casa\u201d, dijo Biden.<\/p><\/blockquote>\n<p>Washington acaba de anunciar que el 75% de los 80 millones de dosis de vacunas prometidas a los pa\u00edses extranjeros para finales de junio, se distribuir\u00e1n a trav\u00e9s del <strong>sistema de reparto Covax<\/strong>. Este \u00faltimo se cre\u00f3 para garantizar una distribuci\u00f3n equitativa de las vacunas, sobre todo en los pa\u00edses de bajos ingresos.<\/p>\n<p>La <strong>cumbre con Putin<\/strong>, prevista para el 16 de junio en Ginebra, ser\u00e1 el punto culminante de este primer viaje, que se produce en un momento en el que Biden tiene problemas en casa, con tensiones entre sus propias filas dem\u00f3cratas.<\/p>\n<p>Con asuntos como Ucrania, Bielorrusia, el destino del opositor ruso encarcelado, Alex\u00e9i Navalni y los ciberataques, los debates se prev\u00e9n duros y dif\u00edciles.<\/p>\n<p>La<strong> ciberseguridad<\/strong> ser\u00e1 \u201cun asunto de nuestra discusi\u00f3n\u201d, asegur\u00f3 Biden.<\/p>\n<p>La Casa Blanca, que alterna mensajes conciliadores y advertencias, insiste en que sus expectativas son modestas. El \u00fanico objetivo avanzado es hacer que las relaciones entre ambos pa\u00edses sean m\u00e1s \u201cestables y predecibles\u201d.<\/p>\n<p>\u201cEl problema es que Putin no quiere necesariamente una relaci\u00f3n m\u00e1s estable y predecible\u201d, afirma Alexander Vershbow, exdiplom\u00e1tico estadounidense y antiguo n\u00famero dos de la OTAN.<\/p>\n<p>La presidencia estadounidense dio pocos detalles sobre el desarrollo del cara a cara con el mandatario ruso. S\u00f3lo dej\u00f3 entrever que, a diferencia de lo que ocurri\u00f3 con Trump en Helsinki en 2018, no estaba en la agenda una rueda de prensa conjunta de ambos.<\/p>\n<p>En un tema m\u00e1s ligero, antes de embarcar Biden llam\u00f3 a los periodistas presentes a \u201cprestar atenci\u00f3n a las cigarras\u201d, los<strong> insectos que actualmente invaden Estados Unidos<\/strong>, luego de que uno de ellos se posara justamente sobre su codo segundos antes.<\/p>\n<p>La v\u00edspera, otro avi\u00f3n que debi\u00f3 transportar a <strong>reporteros de la Casa Blanca<\/strong> que cubren la gira retras\u00f3 su despegue, debido a que una nube de cigarras hab\u00eda invadido sus motores.<\/p>\n<p><em>Con informaci\u00f3n de AFP y EFE<\/em><\/p>\n<\/div>\n","protected":false},"excerpt":{"rendered":"<p>Joe Biden llega al Reino Unido para acudir a la cumbre del G7 Por Carolina&#8230;<\/p>\n","protected":false},"author":2,"featured_media":81909,"comment_status":"open","ping_status":"open","sticky":false,"template":"","format":"standard","meta":{"_monsterinsights_skip_tracking":false,"_monsterinsights_sitenote_active":false,"_monsterinsights_sitenote_note":"","_monsterinsights_sitenote_category":0,"footnotes":""},"categories":[1],"tags":[],"class_list":["post-81906","post","type-post","status-publish","format-standard","has-post-thumbnail","hentry","category-sin-categoria"],"yoast_head":"<!-- This site is optimized with the Yoast SEO plugin v27.3 - https:\/\/yoast.com\/product\/yoast-seo-wordpress\/ -->\n<title>Internacionales\/\/\/Carolina Alonso Romei\/\/\/Joe Biden llega al Reino Unido para acudir a la cumbre del G7 -<\/title>\n<meta name=\"robots\" content=\"index, follow, max-snippet:-1, max-image-preview:large, max-video-preview:-1\" \/>\n<link rel=\"canonical\" href=\"https:\/\/quehacerpolitico.mx\/?p=81906\" \/>\n<meta property=\"og:locale\" content=\"es_MX\" \/>\n<meta property=\"og:type\" content=\"article\" \/>\n<meta property=\"og:title\" content=\"Internacionales\/\/\/Carolina Alonso Romei\/\/\/Joe Biden llega al Reino Unido para acudir a la cumbre del G7 -\" \/>\n<meta property=\"og:description\" content=\"Joe Biden llega al Reino Unido para acudir a la cumbre del G7 Por Carolina...\" \/>\n<meta property=\"og:url\" content=\"https:\/\/quehacerpolitico.mx\/?p=81906\" \/>\n<meta property=\"article:published_time\" content=\"2021-06-09T23:27:28+00:00\" \/>\n<meta property=\"og:image\" content=\"https:\/\/quehacerpolitico.mx\/wp-content\/uploads\/2021\/06\/EF157172-764F-4522-B3DE-28B1606169BE.jpeg\" \/>\n\t<meta property=\"og:image:width\" content=\"1242\" \/>\n\t<meta property=\"og:image:height\" content=\"679\" \/>\n\t<meta property=\"og:image:type\" content=\"image\/jpeg\" \/>\n<meta name=\"author\" content=\"Redacci\u00f3n QP\" \/>\n<meta name=\"twitter:card\" content=\"summary_large_image\" \/>\n<meta name=\"twitter:label1\" content=\"Escrito por\" \/>\n\t<meta name=\"twitter:data1\" content=\"Redacci\u00f3n QP\" \/>\n\t<meta name=\"twitter:label2\" content=\"Tiempo de lectura\" \/>\n\t<meta name=\"twitter:data2\" content=\"4 minutos\" \/>\n<script type=\"application\/ld+json\" class=\"yoast-schema-graph\">{\"@context\":\"https:\\\/\\\/schema.org\",\"@graph\":[{\"@type\":\"Article\",\"@id\":\"https:\\\/\\\/quehacerpolitico.mx\\\/?p=81906#article\",\"isPartOf\":{\"@id\":\"https:\\\/\\\/quehacerpolitico.mx\\\/?p=81906\"},\"author\":{\"name\":\"Redacci\u00f3n QP\",\"@id\":\"https:\\\/\\\/quehacerpolitico.mx\\\/#\\\/schema\\\/person\\\/496d8ad2d1d3f8036101dca7ee39e585\"},\"headline\":\"Internacionales\\\/\\\/\\\/Carolina Alonso Romei\\\/\\\/\\\/Joe Biden llega al Reino Unido para acudir a la cumbre del G7\",\"datePublished\":\"2021-06-09T23:27:28+00:00\",\"mainEntityOfPage\":{\"@id\":\"https:\\\/\\\/quehacerpolitico.mx\\\/?p=81906\"},\"wordCount\":766,\"commentCount\":0,\"image\":{\"@id\":\"https:\\\/\\\/quehacerpolitico.mx\\\/?p=81906#primaryimage\"},\"thumbnailUrl\":\"https:\\\/\\\/quehacerpolitico.mx\\\/wp-content\\\/uploads\\\/2021\\\/06\\\/EF157172-764F-4522-B3DE-28B1606169BE.jpeg\",\"articleSection\":[\"Internacionales\"],\"inLanguage\":\"es\",\"potentialAction\":[{\"@type\":\"CommentAction\",\"name\":\"Comment\",\"target\":[\"https:\\\/\\\/quehacerpolitico.mx\\\/?p=81906#respond\"]}]},{\"@type\":\"WebPage\",\"@id\":\"https:\\\/\\\/quehacerpolitico.mx\\\/?p=81906\",\"url\":\"https:\\\/\\\/quehacerpolitico.mx\\\/?p=81906\",\"name\":\"Internacionales\\\/\\\/\\\/Carolina Alonso Romei\\\/\\\/\\\/Joe Biden llega al Reino Unido para acudir a la cumbre del G7 -\",\"isPartOf\":{\"@id\":\"https:\\\/\\\/quehacerpolitico.mx\\\/#website\"},\"primaryImageOfPage\":{\"@id\":\"https:\\\/\\\/quehacerpolitico.mx\\\/?p=81906#primaryimage\"},\"image\":{\"@id\":\"https:\\\/\\\/quehacerpolitico.mx\\\/?p=81906#primaryimage\"},\"thumbnailUrl\":\"https:\\\/\\\/quehacerpolitico.mx\\\/wp-content\\\/uploads\\\/2021\\\/06\\\/EF157172-764F-4522-B3DE-28B1606169BE.jpeg\",\"datePublished\":\"2021-06-09T23:27:28+00:00\",\"author\":{\"@id\":\"https:\\\/\\\/quehacerpolitico.mx\\\/#\\\/schema\\\/person\\\/496d8ad2d1d3f8036101dca7ee39e585\"},\"breadcrumb\":{\"@id\":\"https:\\\/\\\/quehacerpolitico.mx\\\/?p=81906#breadcrumb\"},\"inLanguage\":\"es\",\"potentialAction\":[{\"@type\":\"ReadAction\",\"target\":[\"https:\\\/\\\/quehacerpolitico.mx\\\/?p=81906\"]}]},{\"@type\":\"ImageObject\",\"inLanguage\":\"es\",\"@id\":\"https:\\\/\\\/quehacerpolitico.mx\\\/?p=81906#primaryimage\",\"url\":\"https:\\\/\\\/quehacerpolitico.mx\\\/wp-content\\\/uploads\\\/2021\\\/06\\\/EF157172-764F-4522-B3DE-28B1606169BE.jpeg\",\"contentUrl\":\"https:\\\/\\\/quehacerpolitico.mx\\\/wp-content\\\/uploads\\\/2021\\\/06\\\/EF157172-764F-4522-B3DE-28B1606169BE.jpeg\",\"width\":1242,\"height\":679},{\"@type\":\"BreadcrumbList\",\"@id\":\"https:\\\/\\\/quehacerpolitico.mx\\\/?p=81906#breadcrumb\",\"itemListElement\":[{\"@type\":\"ListItem\",\"position\":1,\"name\":\"Inicio\",\"item\":\"https:\\\/\\\/quehacerpolitico.mx\\\/\"},{\"@type\":\"ListItem\",\"position\":2,\"name\":\"Internacionales\\\/\\\/\\\/Carolina Alonso Romei\\\/\\\/\\\/Joe Biden llega al Reino Unido para acudir a la cumbre del G7\"}]},{\"@type\":\"WebSite\",\"@id\":\"https:\\\/\\\/quehacerpolitico.mx\\\/#website\",\"url\":\"https:\\\/\\\/quehacerpolitico.mx\\\/\",\"name\":\"\",\"description\":\"\",\"potentialAction\":[{\"@type\":\"SearchAction\",\"target\":{\"@type\":\"EntryPoint\",\"urlTemplate\":\"https:\\\/\\\/quehacerpolitico.mx\\\/?s={search_term_string}\"},\"query-input\":{\"@type\":\"PropertyValueSpecification\",\"valueRequired\":true,\"valueName\":\"search_term_string\"}}],\"inLanguage\":\"es\"},{\"@type\":\"Person\",\"@id\":\"https:\\\/\\\/quehacerpolitico.mx\\\/#\\\/schema\\\/person\\\/496d8ad2d1d3f8036101dca7ee39e585\",\"name\":\"Redacci\u00f3n QP\",\"image\":{\"@type\":\"ImageObject\",\"inLanguage\":\"es\",\"@id\":\"https:\\\/\\\/secure.gravatar.com\\\/avatar\\\/c7164ed6fdec453195284ad24a5ae5b6e1eed2b848477fa2a4787ba9adf39a41?s=96&d=mm&r=g\",\"url\":\"https:\\\/\\\/secure.gravatar.com\\\/avatar\\\/c7164ed6fdec453195284ad24a5ae5b6e1eed2b848477fa2a4787ba9adf39a41?s=96&d=mm&r=g\",\"contentUrl\":\"https:\\\/\\\/secure.gravatar.com\\\/avatar\\\/c7164ed6fdec453195284ad24a5ae5b6e1eed2b848477fa2a4787ba9adf39a41?s=96&d=mm&r=g\",\"caption\":\"Redacci\u00f3n QP\"},\"url\":\"https:\\\/\\\/quehacerpolitico.mx\\\/?author=2\"}]}<\/script>\n<!-- \/ Yoast SEO plugin. -->","yoast_head_json":{"title":"Internacionales\/\/\/Carolina Alonso Romei\/\/\/Joe Biden llega al Reino Unido para acudir a la cumbre del G7 -","robots":{"index":"index","follow":"follow","max-snippet":"max-snippet:-1","max-image-preview":"max-image-preview:large","max-video-preview":"max-video-preview:-1"},"canonical":"https:\/\/quehacerpolitico.mx\/?p=81906","og_locale":"es_MX","og_type":"article","og_title":"Internacionales\/\/\/Carolina Alonso Romei\/\/\/Joe Biden llega al Reino Unido para acudir a la cumbre del G7 -","og_description":"Joe Biden llega al Reino Unido para acudir a la cumbre del G7 Por Carolina...","og_url":"https:\/\/quehacerpolitico.mx\/?p=81906","article_published_time":"2021-06-09T23:27:28+00:00","og_image":[{"width":1242,"height":679,"url":"https:\/\/quehacerpolitico.mx\/wp-content\/uploads\/2021\/06\/EF157172-764F-4522-B3DE-28B1606169BE.jpeg","type":"image\/jpeg"}],"author":"Redacci\u00f3n QP","twitter_card":"summary_large_image","twitter_misc":{"Escrito por":"Redacci\u00f3n QP","Tiempo de lectura":"4 minutos"},"schema":{"@context":"https:\/\/schema.org","@graph":[{"@type":"Article","@id":"https:\/\/quehacerpolitico.mx\/?p=81906#article","isPartOf":{"@id":"https:\/\/quehacerpolitico.mx\/?p=81906"},"author":{"name":"Redacci\u00f3n QP","@id":"https:\/\/quehacerpolitico.mx\/#\/schema\/person\/496d8ad2d1d3f8036101dca7ee39e585"},"headline":"Internacionales\/\/\/Carolina Alonso Romei\/\/\/Joe Biden llega al Reino Unido para acudir a la cumbre del G7","datePublished":"2021-06-09T23:27:28+00:00","mainEntityOfPage":{"@id":"https:\/\/quehacerpolitico.mx\/?p=81906"},"wordCount":766,"commentCount":0,"image":{"@id":"https:\/\/quehacerpolitico.mx\/?p=81906#primaryimage"},"thumbnailUrl":"https:\/\/quehacerpolitico.mx\/wp-content\/uploads\/2021\/06\/EF157172-764F-4522-B3DE-28B1606169BE.jpeg","articleSection":["Internacionales"],"inLanguage":"es","potentialAction":[{"@type":"CommentAction","name":"Comment","target":["https:\/\/quehacerpolitico.mx\/?p=81906#respond"]}]},{"@type":"WebPage","@id":"https:\/\/quehacerpolitico.mx\/?p=81906","url":"https:\/\/quehacerpolitico.mx\/?p=81906","name":"Internacionales\/\/\/Carolina Alonso Romei\/\/\/Joe Biden llega al Reino Unido para acudir a la cumbre del G7 -","isPartOf":{"@id":"https:\/\/quehacerpolitico.mx\/#website"},"primaryImageOfPage":{"@id":"https:\/\/quehacerpolitico.mx\/?p=81906#primaryimage"},"image":{"@id":"https:\/\/quehacerpolitico.mx\/?p=81906#primaryimage"},"thumbnailUrl":"https:\/\/quehacerpolitico.mx\/wp-content\/uploads\/2021\/06\/EF157172-764F-4522-B3DE-28B1606169BE.jpeg","datePublished":"2021-06-09T23:27:28+00:00","author":{"@id":"https:\/\/quehacerpolitico.mx\/#\/schema\/person\/496d8ad2d1d3f8036101dca7ee39e585"},"breadcrumb":{"@id":"https:\/\/quehacerpolitico.mx\/?p=81906#breadcrumb"},"inLanguage":"es","potentialAction":[{"@type":"ReadAction","target":["https:\/\/quehacerpolitico.mx\/?p=81906"]}]},{"@type":"ImageObject","inLanguage":"es","@id":"https:\/\/quehacerpolitico.mx\/?p=81906#primaryimage","url":"https:\/\/quehacerpolitico.mx\/wp-content\/uploads\/2021\/06\/EF157172-764F-4522-B3DE-28B1606169BE.jpeg","contentUrl":"https:\/\/quehacerpolitico.mx\/wp-content\/uploads\/2021\/06\/EF157172-764F-4522-B3DE-28B1606169BE.jpeg","width":1242,"height":679},{"@type":"BreadcrumbList","@id":"https:\/\/quehacerpolitico.mx\/?p=81906#breadcrumb","itemListElement":[{"@type":"ListItem","position":1,"name":"Inicio","item":"https:\/\/quehacerpolitico.mx\/"},{"@type":"ListItem","position":2,"name":"Internacionales\/\/\/Carolina Alonso Romei\/\/\/Joe Biden llega al Reino Unido para acudir a la cumbre del G7"}]},{"@type":"WebSite","@id":"https:\/\/quehacerpolitico.mx\/#website","url":"https:\/\/quehacerpolitico.mx\/","name":"","description":"","potentialAction":[{"@type":"SearchAction","target":{"@type":"EntryPoint","urlTemplate":"https:\/\/quehacerpolitico.mx\/?s={search_term_string}"},"query-input":{"@type":"PropertyValueSpecification","valueRequired":true,"valueName":"search_term_string"}}],"inLanguage":"es"},{"@type":"Person","@id":"https:\/\/quehacerpolitico.mx\/#\/schema\/person\/496d8ad2d1d3f8036101dca7ee39e585","name":"Redacci\u00f3n QP","image":{"@type":"ImageObject","inLanguage":"es","@id":"https:\/\/secure.gravatar.com\/avatar\/c7164ed6fdec453195284ad24a5ae5b6e1eed2b848477fa2a4787ba9adf39a41?s=96&d=mm&r=g","url":"https:\/\/secure.gravatar.com\/avatar\/c7164ed6fdec453195284ad24a5ae5b6e1eed2b848477fa2a4787ba9adf39a41?s=96&d=mm&r=g","contentUrl":"https:\/\/secure.gravatar.com\/avatar\/c7164ed6fdec453195284ad24a5ae5b6e1eed2b848477fa2a4787ba9adf39a41?s=96&d=mm&r=g","caption":"Redacci\u00f3n QP"},"url":"https:\/\/quehacerpolitico.mx\/?author=2"}]}},"featured_image_urls":{"full":["https:\/\/quehacerpolitico.mx\/wp-content\/uploads\/2021\/06\/EF157172-764F-4522-B3DE-28B1606169BE.jpeg",1242,679,false],"thumbnail":["https:\/\/quehacerpolitico.mx\/wp-content\/uploads\/2021\/06\/EF157172-764F-4522-B3DE-28B1606169BE-150x150.jpeg",150,150,true],"medium":["https:\/\/quehacerpolitico.mx\/wp-content\/uploads\/2021\/06\/EF157172-764F-4522-B3DE-28B1606169BE-300x164.jpeg",300,164,true],"medium_large":["https:\/\/quehacerpolitico.mx\/wp-content\/uploads\/2021\/06\/EF157172-764F-4522-B3DE-28B1606169BE-768x420.jpeg",640,350,true],"large":["https:\/\/quehacerpolitico.mx\/wp-content\/uploads\/2021\/06\/EF157172-764F-4522-B3DE-28B1606169BE-1024x560.jpeg",640,350,true],"1536x1536":["https:\/\/quehacerpolitico.mx\/wp-content\/uploads\/2021\/06\/EF157172-764F-4522-B3DE-28B1606169BE.jpeg",1242,679,false],"2048x2048":["https:\/\/quehacerpolitico.mx\/wp-content\/uploads\/2021\/06\/EF157172-764F-4522-B3DE-28B1606169BE.jpeg",1242,679,false],"covernews-featured":["https:\/\/quehacerpolitico.mx\/wp-content\/uploads\/2021\/06\/EF157172-764F-4522-B3DE-28B1606169BE.jpeg",1024,560,false],"covernews-medium":["https:\/\/quehacerpolitico.mx\/wp-content\/uploads\/2021\/06\/EF157172-764F-4522-B3DE-28B1606169BE.jpeg",540,295,false]},"author_info":{"display_name":"Redacci\u00f3n QP","author_link":"https:\/\/quehacerpolitico.mx\/?author=2"},"category_info":"<a href=\"https:\/\/quehacerpolitico.mx\/?cat=1\" rel=\"category\">Internacionales<\/a>","tag_info":"Internacionales","comment_count":"0","_links":{"self":[{"href":"https:\/\/quehacerpolitico.mx\/index.php?rest_route=\/wp\/v2\/posts\/81906","targetHints":{"allow":["GET"]}}],"collection":[{"href":"https:\/\/quehacerpolitico.mx\/index.php?rest_route=\/wp\/v2\/posts"}],"about":[{"href":"https:\/\/quehacerpolitico.mx\/index.php?rest_route=\/wp\/v2\/types\/post"}],"author":[{"embeddable":true,"href":"https:\/\/quehacerpolitico.mx\/index.php?rest_route=\/wp\/v2\/users\/2"}],"replies":[{"embeddable":true,"href":"https:\/\/quehacerpolitico.mx\/index.php?rest_route=%2Fwp%2Fv2%2Fcomments&post=81906"}],"version-history":[{"count":0,"href":"https:\/\/quehacerpolitico.mx\/index.php?rest_route=\/wp\/v2\/posts\/81906\/revisions"}],"wp:featuredmedia":[{"embeddable":true,"href":"https:\/\/quehacerpolitico.mx\/index.php?rest_route=\/wp\/v2\/media\/81909"}],"wp:attachment":[{"href":"https:\/\/quehacerpolitico.mx\/index.php?rest_route=%2Fwp%2Fv2%2Fmedia&parent=81906"}],"wp:term":[{"taxonomy":"category","embeddable":true,"href":"https:\/\/quehacerpolitico.mx\/index.php?rest_route=%2Fwp%2Fv2%2Fcategories&post=81906"},{"taxonomy":"post_tag","embeddable":true,"href":"https:\/\/quehacerpolitico.mx\/index.php?rest_route=%2Fwp%2Fv2%2Ftags&post=81906"}],"curies":[{"name":"wp","href":"https:\/\/api.w.org\/{rel}","templated":true}]}}