{"id":81901,"date":"2021-06-09T23:06:39","date_gmt":"2021-06-09T23:06:39","guid":{"rendered":"https:\/\/quehacerpolitico.mx\/?p=81901"},"modified":"2021-06-09T23:06:39","modified_gmt":"2021-06-09T23:06:39","slug":"licencia-de-marty-mcfly-se-viraliza-en-redes-y-fans-celebran-su-cumpleanos","status":"publish","type":"post","link":"https:\/\/quehacerpolitico.mx\/?p=81901","title":{"rendered":"Licencia de Marty McFly se viraliza en redes y fans celebran su cumplea\u00f1os"},"content":{"rendered":"<h1 class=\"article_title\">Licencia de Marty McFly se viraliza en redes y fans celebran su cumplea\u00f1os<br \/>\nPor Redacci\u00f3n QP<\/h1>\n<p>El personaje y su int\u00e9rprete, Michael J. Fox, cumplen a\u00f1os el mismo d\u00eda<\/p>\n<p>Uno de los personajes ic\u00f3nicos del cine de la d\u00e9cada de los a\u00f1os 80 es, sin duda, <strong>Marty McFly,<\/strong> el gran protagonista de la trilog\u00eda<strong><em> Back to the Future<\/em><\/strong> y quien este 9 de junio ha sido recordado por una sencilla raz\u00f3n: <strong>\u00a1es su cumplea\u00f1os!<\/strong><\/p>\n<p>A trav\u00e9s de sus redes sociales, el actor Joseph Gordon-Levitt logr\u00f3 vitalizarse, aunque no precisamente por alguna noticia o rodaje suyo. En esta ocasi\u00f3n, Joseph atrajo la atenci\u00f3n de la gente al publicar una imagen de la <strong>licencia de conducir<\/strong> del personaje <strong>Marty McFly,<\/strong> el cual su nombre completo es <strong>Martin Seamus McFly.<\/strong><\/p>\n<p>En la identificaci\u00f3n de <strong>McFly<\/strong>\u00a0es posible ver sus datos personales en las que destaca su fecha de nacimiento: <strong>9 de junio de 1968,<\/strong> es decir, est\u00e1 cumpliendo <strong>53 a\u00f1os.<\/strong> En la licencia tambi\u00e9n se observan datos como el color su cabello, ojos, estatura y peso.<\/p>\n<blockquote><p>\u201cFeliz cumplea\u00f1os a Marty McFly (nacido un d\u00eda como hoy en el viejo 1968)\u201d, escribi\u00f3 Gordon-Levitt en su Facebook, en una publicaci\u00f3n que ya ha sido compartida m\u00e1s de mil 500 veces y suma cerca de 16 mil reacciones al momento que se escribe esta nota.<\/p><\/blockquote>\n<p>El personaje de McFly fue interpretado por el actor <strong>Michael<\/strong> <strong>J. Fox,<\/strong> quien este 9 de junio, curiosamente, tambi\u00e9n est\u00e1 de celebraci\u00f3n por su <strong>cumplea\u00f1os,<\/strong> pero a diferencia de su personaje, el histri\u00f3n cumple <strong>60 primaveras.<\/strong><\/p>\n<p>Ya sea por <strong>Marty McFly<\/strong> o por su propio cumplea\u00f1os, pero sin duda Michael J. Fox siempre tendr\u00e1 en el 9 de junio una fecha muy especial.<\/p>\n","protected":false},"excerpt":{"rendered":"<p>Licencia de Marty McFly se viraliza en redes y fans celebran su cumplea\u00f1os Por Redacci\u00f3n&#8230;<\/p>\n","protected":false},"author":2,"featured_media":81904,"comment_status":"open","ping_status":"open","sticky":false,"template":"","format":"standard","meta":{"_monsterinsights_skip_tracking":false,"_monsterinsights_sitenote_active":false,"_monsterinsights_sitenote_note":"","_monsterinsights_sitenote_category":0,"footnotes":""},"categories":[58],"tags":[],"class_list":["post-81901","post","type-post","status-publish","format-standard","has-post-thumbnail","hentry","category-cultura"],"yoast_head":"<!-- This site is optimized with the Yoast SEO plugin v27.3 - https:\/\/yoast.com\/product\/yoast-seo-wordpress\/ -->\n<title>Licencia de Marty McFly se viraliza en redes y fans celebran su cumplea\u00f1os -<\/title>\n<meta name=\"robots\" content=\"index, follow, max-snippet:-1, max-image-preview:large, max-video-preview:-1\" \/>\n<link rel=\"canonical\" href=\"https:\/\/quehacerpolitico.mx\/?p=81901\" \/>\n<meta property=\"og:locale\" content=\"es_MX\" \/>\n<meta property=\"og:type\" content=\"article\" \/>\n<meta property=\"og:title\" content=\"Licencia de Marty McFly se viraliza en redes y fans celebran su cumplea\u00f1os -\" \/>\n<meta property=\"og:description\" content=\"Licencia de Marty McFly se viraliza en redes y fans celebran su cumplea\u00f1os Por Redacci\u00f3n...\" \/>\n<meta property=\"og:url\" content=\"https:\/\/quehacerpolitico.mx\/?p=81901\" \/>\n<meta property=\"article:published_time\" content=\"2021-06-09T23:06:39+00:00\" \/>\n<meta property=\"og:image\" content=\"https:\/\/quehacerpolitico.mx\/wp-content\/uploads\/2021\/06\/866F20B3-7314-4484-A5FA-3C30F967E348.jpeg\" \/>\n\t<meta property=\"og:image:width\" content=\"1280\" \/>\n\t<meta property=\"og:image:height\" content=\"728\" \/>\n\t<meta property=\"og:image:type\" content=\"image\/jpeg\" \/>\n<meta name=\"author\" content=\"Redacci\u00f3n QP\" \/>\n<meta name=\"twitter:card\" content=\"summary_large_image\" \/>\n<meta name=\"twitter:label1\" content=\"Escrito por\" \/>\n\t<meta name=\"twitter:data1\" content=\"Redacci\u00f3n QP\" \/>\n\t<meta name=\"twitter:label2\" content=\"Tiempo de lectura\" \/>\n\t<meta name=\"twitter:data2\" content=\"1 minuto\" \/>\n<script type=\"application\/ld+json\" class=\"yoast-schema-graph\">{\"@context\":\"https:\\\/\\\/schema.org\",\"@graph\":[{\"@type\":\"Article\",\"@id\":\"https:\\\/\\\/quehacerpolitico.mx\\\/?p=81901#article\",\"isPartOf\":{\"@id\":\"https:\\\/\\\/quehacerpolitico.mx\\\/?p=81901\"},\"author\":{\"name\":\"Redacci\u00f3n QP\",\"@id\":\"https:\\\/\\\/quehacerpolitico.mx\\\/#\\\/schema\\\/person\\\/496d8ad2d1d3f8036101dca7ee39e585\"},\"headline\":\"Licencia de Marty McFly se viraliza en redes y fans celebran su cumplea\u00f1os\",\"datePublished\":\"2021-06-09T23:06:39+00:00\",\"mainEntityOfPage\":{\"@id\":\"https:\\\/\\\/quehacerpolitico.mx\\\/?p=81901\"},\"wordCount\":311,\"commentCount\":0,\"image\":{\"@id\":\"https:\\\/\\\/quehacerpolitico.mx\\\/?p=81901#primaryimage\"},\"thumbnailUrl\":\"https:\\\/\\\/quehacerpolitico.mx\\\/wp-content\\\/uploads\\\/2021\\\/06\\\/866F20B3-7314-4484-A5FA-3C30F967E348.jpeg\",\"articleSection\":[\"Cultura y Entretenimiento\"],\"inLanguage\":\"es\",\"potentialAction\":[{\"@type\":\"CommentAction\",\"name\":\"Comment\",\"target\":[\"https:\\\/\\\/quehacerpolitico.mx\\\/?p=81901#respond\"]}]},{\"@type\":\"WebPage\",\"@id\":\"https:\\\/\\\/quehacerpolitico.mx\\\/?p=81901\",\"url\":\"https:\\\/\\\/quehacerpolitico.mx\\\/?p=81901\",\"name\":\"Licencia de Marty McFly se viraliza en redes y fans celebran su cumplea\u00f1os -\",\"isPartOf\":{\"@id\":\"https:\\\/\\\/quehacerpolitico.mx\\\/#website\"},\"primaryImageOfPage\":{\"@id\":\"https:\\\/\\\/quehacerpolitico.mx\\\/?p=81901#primaryimage\"},\"image\":{\"@id\":\"https:\\\/\\\/quehacerpolitico.mx\\\/?p=81901#primaryimage\"},\"thumbnailUrl\":\"https:\\\/\\\/quehacerpolitico.mx\\\/wp-content\\\/uploads\\\/2021\\\/06\\\/866F20B3-7314-4484-A5FA-3C30F967E348.jpeg\",\"datePublished\":\"2021-06-09T23:06:39+00:00\",\"author\":{\"@id\":\"https:\\\/\\\/quehacerpolitico.mx\\\/#\\\/schema\\\/person\\\/496d8ad2d1d3f8036101dca7ee39e585\"},\"breadcrumb\":{\"@id\":\"https:\\\/\\\/quehacerpolitico.mx\\\/?p=81901#breadcrumb\"},\"inLanguage\":\"es\",\"potentialAction\":[{\"@type\":\"ReadAction\",\"target\":[\"https:\\\/\\\/quehacerpolitico.mx\\\/?p=81901\"]}]},{\"@type\":\"ImageObject\",\"inLanguage\":\"es\",\"@id\":\"https:\\\/\\\/quehacerpolitico.mx\\\/?p=81901#primaryimage\",\"url\":\"https:\\\/\\\/quehacerpolitico.mx\\\/wp-content\\\/uploads\\\/2021\\\/06\\\/866F20B3-7314-4484-A5FA-3C30F967E348.jpeg\",\"contentUrl\":\"https:\\\/\\\/quehacerpolitico.mx\\\/wp-content\\\/uploads\\\/2021\\\/06\\\/866F20B3-7314-4484-A5FA-3C30F967E348.jpeg\",\"width\":1280,\"height\":728},{\"@type\":\"BreadcrumbList\",\"@id\":\"https:\\\/\\\/quehacerpolitico.mx\\\/?p=81901#breadcrumb\",\"itemListElement\":[{\"@type\":\"ListItem\",\"position\":1,\"name\":\"Inicio\",\"item\":\"https:\\\/\\\/quehacerpolitico.mx\\\/\"},{\"@type\":\"ListItem\",\"position\":2,\"name\":\"Licencia de Marty McFly se viraliza en redes y fans celebran su cumplea\u00f1os\"}]},{\"@type\":\"WebSite\",\"@id\":\"https:\\\/\\\/quehacerpolitico.mx\\\/#website\",\"url\":\"https:\\\/\\\/quehacerpolitico.mx\\\/\",\"name\":\"\",\"description\":\"\",\"potentialAction\":[{\"@type\":\"SearchAction\",\"target\":{\"@type\":\"EntryPoint\",\"urlTemplate\":\"https:\\\/\\\/quehacerpolitico.mx\\\/?s={search_term_string}\"},\"query-input\":{\"@type\":\"PropertyValueSpecification\",\"valueRequired\":true,\"valueName\":\"search_term_string\"}}],\"inLanguage\":\"es\"},{\"@type\":\"Person\",\"@id\":\"https:\\\/\\\/quehacerpolitico.mx\\\/#\\\/schema\\\/person\\\/496d8ad2d1d3f8036101dca7ee39e585\",\"name\":\"Redacci\u00f3n QP\",\"image\":{\"@type\":\"ImageObject\",\"inLanguage\":\"es\",\"@id\":\"https:\\\/\\\/secure.gravatar.com\\\/avatar\\\/c7164ed6fdec453195284ad24a5ae5b6e1eed2b848477fa2a4787ba9adf39a41?s=96&d=mm&r=g\",\"url\":\"https:\\\/\\\/secure.gravatar.com\\\/avatar\\\/c7164ed6fdec453195284ad24a5ae5b6e1eed2b848477fa2a4787ba9adf39a41?s=96&d=mm&r=g\",\"contentUrl\":\"https:\\\/\\\/secure.gravatar.com\\\/avatar\\\/c7164ed6fdec453195284ad24a5ae5b6e1eed2b848477fa2a4787ba9adf39a41?s=96&d=mm&r=g\",\"caption\":\"Redacci\u00f3n QP\"},\"url\":\"https:\\\/\\\/quehacerpolitico.mx\\\/?author=2\"}]}<\/script>\n<!-- \/ Yoast SEO plugin. -->","yoast_head_json":{"title":"Licencia de Marty McFly se viraliza en redes y fans celebran su cumplea\u00f1os -","robots":{"index":"index","follow":"follow","max-snippet":"max-snippet:-1","max-image-preview":"max-image-preview:large","max-video-preview":"max-video-preview:-1"},"canonical":"https:\/\/quehacerpolitico.mx\/?p=81901","og_locale":"es_MX","og_type":"article","og_title":"Licencia de Marty McFly se viraliza en redes y fans celebran su cumplea\u00f1os -","og_description":"Licencia de Marty McFly se viraliza en redes y fans celebran su cumplea\u00f1os Por Redacci\u00f3n...","og_url":"https:\/\/quehacerpolitico.mx\/?p=81901","article_published_time":"2021-06-09T23:06:39+00:00","og_image":[{"width":1280,"height":728,"url":"https:\/\/quehacerpolitico.mx\/wp-content\/uploads\/2021\/06\/866F20B3-7314-4484-A5FA-3C30F967E348.jpeg","type":"image\/jpeg"}],"author":"Redacci\u00f3n QP","twitter_card":"summary_large_image","twitter_misc":{"Escrito por":"Redacci\u00f3n QP","Tiempo de lectura":"1 minuto"},"schema":{"@context":"https:\/\/schema.org","@graph":[{"@type":"Article","@id":"https:\/\/quehacerpolitico.mx\/?p=81901#article","isPartOf":{"@id":"https:\/\/quehacerpolitico.mx\/?p=81901"},"author":{"name":"Redacci\u00f3n QP","@id":"https:\/\/quehacerpolitico.mx\/#\/schema\/person\/496d8ad2d1d3f8036101dca7ee39e585"},"headline":"Licencia de Marty McFly se viraliza en redes y fans celebran su cumplea\u00f1os","datePublished":"2021-06-09T23:06:39+00:00","mainEntityOfPage":{"@id":"https:\/\/quehacerpolitico.mx\/?p=81901"},"wordCount":311,"commentCount":0,"image":{"@id":"https:\/\/quehacerpolitico.mx\/?p=81901#primaryimage"},"thumbnailUrl":"https:\/\/quehacerpolitico.mx\/wp-content\/uploads\/2021\/06\/866F20B3-7314-4484-A5FA-3C30F967E348.jpeg","articleSection":["Cultura y Entretenimiento"],"inLanguage":"es","potentialAction":[{"@type":"CommentAction","name":"Comment","target":["https:\/\/quehacerpolitico.mx\/?p=81901#respond"]}]},{"@type":"WebPage","@id":"https:\/\/quehacerpolitico.mx\/?p=81901","url":"https:\/\/quehacerpolitico.mx\/?p=81901","name":"Licencia de Marty McFly se viraliza en redes y fans celebran su cumplea\u00f1os -","isPartOf":{"@id":"https:\/\/quehacerpolitico.mx\/#website"},"primaryImageOfPage":{"@id":"https:\/\/quehacerpolitico.mx\/?p=81901#primaryimage"},"image":{"@id":"https:\/\/quehacerpolitico.mx\/?p=81901#primaryimage"},"thumbnailUrl":"https:\/\/quehacerpolitico.mx\/wp-content\/uploads\/2021\/06\/866F20B3-7314-4484-A5FA-3C30F967E348.jpeg","datePublished":"2021-06-09T23:06:39+00:00","author":{"@id":"https:\/\/quehacerpolitico.mx\/#\/schema\/person\/496d8ad2d1d3f8036101dca7ee39e585"},"breadcrumb":{"@id":"https:\/\/quehacerpolitico.mx\/?p=81901#breadcrumb"},"inLanguage":"es","potentialAction":[{"@type":"ReadAction","target":["https:\/\/quehacerpolitico.mx\/?p=81901"]}]},{"@type":"ImageObject","inLanguage":"es","@id":"https:\/\/quehacerpolitico.mx\/?p=81901#primaryimage","url":"https:\/\/quehacerpolitico.mx\/wp-content\/uploads\/2021\/06\/866F20B3-7314-4484-A5FA-3C30F967E348.jpeg","contentUrl":"https:\/\/quehacerpolitico.mx\/wp-content\/uploads\/2021\/06\/866F20B3-7314-4484-A5FA-3C30F967E348.jpeg","width":1280,"height":728},{"@type":"BreadcrumbList","@id":"https:\/\/quehacerpolitico.mx\/?p=81901#breadcrumb","itemListElement":[{"@type":"ListItem","position":1,"name":"Inicio","item":"https:\/\/quehacerpolitico.mx\/"},{"@type":"ListItem","position":2,"name":"Licencia de Marty McFly se viraliza en redes y fans celebran su cumplea\u00f1os"}]},{"@type":"WebSite","@id":"https:\/\/quehacerpolitico.mx\/#website","url":"https:\/\/quehacerpolitico.mx\/","name":"","description":"","potentialAction":[{"@type":"SearchAction","target":{"@type":"EntryPoint","urlTemplate":"https:\/\/quehacerpolitico.mx\/?s={search_term_string}"},"query-input":{"@type":"PropertyValueSpecification","valueRequired":true,"valueName":"search_term_string"}}],"inLanguage":"es"},{"@type":"Person","@id":"https:\/\/quehacerpolitico.mx\/#\/schema\/person\/496d8ad2d1d3f8036101dca7ee39e585","name":"Redacci\u00f3n QP","image":{"@type":"ImageObject","inLanguage":"es","@id":"https:\/\/secure.gravatar.com\/avatar\/c7164ed6fdec453195284ad24a5ae5b6e1eed2b848477fa2a4787ba9adf39a41?s=96&d=mm&r=g","url":"https:\/\/secure.gravatar.com\/avatar\/c7164ed6fdec453195284ad24a5ae5b6e1eed2b848477fa2a4787ba9adf39a41?s=96&d=mm&r=g","contentUrl":"https:\/\/secure.gravatar.com\/avatar\/c7164ed6fdec453195284ad24a5ae5b6e1eed2b848477fa2a4787ba9adf39a41?s=96&d=mm&r=g","caption":"Redacci\u00f3n QP"},"url":"https:\/\/quehacerpolitico.mx\/?author=2"}]}},"featured_image_urls":{"full":["https:\/\/quehacerpolitico.mx\/wp-content\/uploads\/2021\/06\/866F20B3-7314-4484-A5FA-3C30F967E348.jpeg",1280,728,false],"thumbnail":["https:\/\/quehacerpolitico.mx\/wp-content\/uploads\/2021\/06\/866F20B3-7314-4484-A5FA-3C30F967E348-150x150.jpeg",150,150,true],"medium":["https:\/\/quehacerpolitico.mx\/wp-content\/uploads\/2021\/06\/866F20B3-7314-4484-A5FA-3C30F967E348-300x171.jpeg",300,171,true],"medium_large":["https:\/\/quehacerpolitico.mx\/wp-content\/uploads\/2021\/06\/866F20B3-7314-4484-A5FA-3C30F967E348-768x437.jpeg",640,364,true],"large":["https:\/\/quehacerpolitico.mx\/wp-content\/uploads\/2021\/06\/866F20B3-7314-4484-A5FA-3C30F967E348-1024x582.jpeg",640,364,true],"1536x1536":["https:\/\/quehacerpolitico.mx\/wp-content\/uploads\/2021\/06\/866F20B3-7314-4484-A5FA-3C30F967E348.jpeg",1280,728,false],"2048x2048":["https:\/\/quehacerpolitico.mx\/wp-content\/uploads\/2021\/06\/866F20B3-7314-4484-A5FA-3C30F967E348.jpeg",1280,728,false],"covernews-featured":["https:\/\/quehacerpolitico.mx\/wp-content\/uploads\/2021\/06\/866F20B3-7314-4484-A5FA-3C30F967E348.jpeg",1024,582,false],"covernews-medium":["https:\/\/quehacerpolitico.mx\/wp-content\/uploads\/2021\/06\/866F20B3-7314-4484-A5FA-3C30F967E348.jpeg",540,307,false]},"author_info":{"display_name":"Redacci\u00f3n QP","author_link":"https:\/\/quehacerpolitico.mx\/?author=2"},"category_info":"<a href=\"https:\/\/quehacerpolitico.mx\/?cat=58\" rel=\"category\">Cultura y Entretenimiento<\/a>","tag_info":"Cultura y Entretenimiento","comment_count":"0","_links":{"self":[{"href":"https:\/\/quehacerpolitico.mx\/index.php?rest_route=\/wp\/v2\/posts\/81901","targetHints":{"allow":["GET"]}}],"collection":[{"href":"https:\/\/quehacerpolitico.mx\/index.php?rest_route=\/wp\/v2\/posts"}],"about":[{"href":"https:\/\/quehacerpolitico.mx\/index.php?rest_route=\/wp\/v2\/types\/post"}],"author":[{"embeddable":true,"href":"https:\/\/quehacerpolitico.mx\/index.php?rest_route=\/wp\/v2\/users\/2"}],"replies":[{"embeddable":true,"href":"https:\/\/quehacerpolitico.mx\/index.php?rest_route=%2Fwp%2Fv2%2Fcomments&post=81901"}],"version-history":[{"count":0,"href":"https:\/\/quehacerpolitico.mx\/index.php?rest_route=\/wp\/v2\/posts\/81901\/revisions"}],"wp:featuredmedia":[{"embeddable":true,"href":"https:\/\/quehacerpolitico.mx\/index.php?rest_route=\/wp\/v2\/media\/81904"}],"wp:attachment":[{"href":"https:\/\/quehacerpolitico.mx\/index.php?rest_route=%2Fwp%2Fv2%2Fmedia&parent=81901"}],"wp:term":[{"taxonomy":"category","embeddable":true,"href":"https:\/\/quehacerpolitico.mx\/index.php?rest_route=%2Fwp%2Fv2%2Fcategories&post=81901"},{"taxonomy":"post_tag","embeddable":true,"href":"https:\/\/quehacerpolitico.mx\/index.php?rest_route=%2Fwp%2Fv2%2Ftags&post=81901"}],"curies":[{"name":"wp","href":"https:\/\/api.w.org\/{rel}","templated":true}]}}