{"id":81897,"date":"2021-06-09T22:42:06","date_gmt":"2021-06-09T22:42:06","guid":{"rendered":"https:\/\/quehacerpolitico.mx\/?p=81897"},"modified":"2021-06-09T22:42:06","modified_gmt":"2021-06-09T22:42:06","slug":"la-primera-sala-reafirma-la-constitucionalidad-del-codigo-nacional-de-procedimientos-penales-y-del-codigo-penal-del-estado-de-mexico-en-materia-de-reparacion-del-dano-las-victimas-de-delitos","status":"publish","type":"post","link":"https:\/\/quehacerpolitico.mx\/?p=81897","title":{"rendered":"LA PRIMERA SALA REAFIRMA LA CONSTITUCIONALIDAD DEL C\u00d3DIGO NACIONAL DE PROCEDIMIENTOS PENALES Y DEL C\u00d3DIGO PENAL DEL ESTADO DE M\u00c9XICO, EN MATERIA DE REPARACI\u00d3N DEL DA\u00d1O A LAS V\u00cdCTIMAS DE DELITOS"},"content":{"rendered":"<p><strong><span data-originalfontsize=\"12pt\" data-originalcomputedfontsize=\"16\">LA PRIMERA SALA REAFIRMA LA CONSTITUCIONALIDAD DEL C\u00d3DIGO NACIONAL DE PROCEDIMIENTOS PENALES Y DEL C\u00d3DIGO PENAL DEL ESTADO DE M\u00c9XICO, EN MATERIA DE REPARACI\u00d3N DEL DA\u00d1O A LAS V\u00cdCTIMAS DE DELITOS<\/span><\/strong><\/p>\n<p>Por Redacci\u00f3n QP<\/p>\n<p><span data-originalfontsize=\"12pt\" data-originalcomputedfontsize=\"16\">La Primera Sala de la Suprema Corte de Justicia de la Naci\u00f3n, en sesi\u00f3n remota, reconoci\u00f3 la constitucionalidad de los art\u00edculos 30, p\u00e1rrafo primero, del C\u00f3digo Penal del Estado de M\u00e9xico, as\u00ed como 204 y 476, del C\u00f3digo Nacional de Procedimientos Penales, al considerar que son compatibles con el derecho a la reparaci\u00f3n integral del da\u00f1o, los principios de seguridad y certeza jur\u00eddica, as\u00ed como la caracter\u00edstica de oralidad y los principios de inmediaci\u00f3n, publicidad y contradicci\u00f3n del proceso penal acusatorio.<\/span><\/p>\n<p><span data-originalfontsize=\"12pt\" data-originalcomputedfontsize=\"16\">Esta decisi\u00f3n emana de la revisi\u00f3n de una demanda de amparo interpuesta por la v\u00edctima en un proceso penal, quien plante\u00f3 en los conceptos de violaci\u00f3n la inconstitucionalidad de tales preceptos por resultar contrarios a su derecho a la reparaci\u00f3n integral del da\u00f1o. El Tribunal Colegiado que conoci\u00f3 del asunto decidi\u00f3 negar el amparo solicitado. Inconforme, la v\u00edctima interpuso un recurso de revisi\u00f3n.<\/span><\/p>\n<p><span data-originalfontsize=\"12pt\" data-originalcomputedfontsize=\"16\">Al resolver el asunto, la Primera Sala determin\u00f3 que el art\u00edculo 30, p\u00e1rrafo primero, del C\u00f3digo Penal del Estado de M\u00e9xico no contraviene lo establecido por el art\u00edculo 20, apartado C, fracci\u00f3n IV, de la Constituci\u00f3n Federal, ya que no impide que exista una reparaci\u00f3n integral del da\u00f1o. Lo anterior es as\u00ed, pues al establecer que, ante la falta de pruebas espec\u00edficas del da\u00f1o causado, el juez tomar\u00e1 como base la tabulaci\u00f3n de indemnizaciones que fija la Ley Federal del Trabajo y el salario m\u00ednimo general m\u00e1s alto del Estado, dicho art\u00edculo permite a la persona juzgadora cuantificar el da\u00f1o material causado a la v\u00edctima, lo cual forma parte de su derecho a la reparaci\u00f3n integral.<\/span><\/p>\n<p><span data-originalfontsize=\"12pt\" data-originalcomputedfontsize=\"16\">Al respecto, la Sala precis\u00f3 que es necesario leer el precepto impugnado en conjunto con lo dispuesto en el art\u00edculo 26, del mismo ordenamiento legal, el cual establece que la reparaci\u00f3n del da\u00f1o deber\u00e1 ser plena, efectiva y proporcional a la gravedad del da\u00f1o causado, as\u00ed como a la afectaci\u00f3n del desarrollo integral de la v\u00edctima u ofendido, seg\u00fan la naturaleza del delito de que se trate.<\/span><\/p>\n<p><span data-originalfontsize=\"12pt\" data-originalcomputedfontsize=\"16\">Por otra parte, la Primera Sala estim\u00f3 que el art\u00edculo 204 del C\u00f3digo Nacional de Procedimientos Penales, que prev\u00e9 la posibilidad de que la v\u00edctima u ofendido se oponga a la apertura del procedimiento abreviado cuando no se encuentre debidamente garantizada la reparaci\u00f3n del da\u00f1o, no transgrede los principios de certeza y seguridad jur\u00eddica. Por el contrario, al ser le\u00eddo en conjunto con los art\u00edculos 201, fracci\u00f3n II, 202, 205 y 206 del mismo C\u00f3digo, da certeza a la v\u00edctima u ofendido sobre la obligaci\u00f3n del juez de control de escuchar y dar respuesta en audiencia a su oposici\u00f3n basada en la desproporcionalidad del monto o la forma de garantizar el pago de la reparaci\u00f3n del da\u00f1o en t\u00e9rminos de lo propuesto por el Ministerio P\u00fablico en la solicitud de apertura del procedimiento abreviado.<\/span><\/p>\n<p><span data-originalfontsize=\"12pt\" data-originalcomputedfontsize=\"16\">Asimismo, la Sala concluy\u00f3 que el art\u00edculo 476 del C\u00f3digo Nacional referido, que prev\u00e9 los supuestos para llevar a cabo la audiencia de alegatos aclaratorios sobre los agravios, no viola los principios de oralidad, inmediaci\u00f3n, publicidad y contradicci\u00f3n del proceso penal acusatorio. Ello, puesto que lejos de contravenir dichos principios los salvaguarda, pues la audiencia de aclaraci\u00f3n citada debe celebrarse oralmente, en presencia de las partes y del Magistrado o Magistrados de Apelaci\u00f3n, debe ser p\u00fablica y las partes podr\u00e1n expresar lo que a su derecho convenga.<\/span><\/p>\n<p><span data-originalfontsize=\"12pt\" data-originalcomputedfontsize=\"16\">Con base en lo anterior, la Primera Sala revoc\u00f3 la sentencia impugnada e instruy\u00f3 al Tribunal Colegiado para que, con base en las consideraciones adoptadas por esta Sala, emita una nueva resoluci\u00f3n en la que verifique si el monto fijado por el juez de control por concepto de reparaci\u00f3n del da\u00f1o cubre, al menos, el pago por da\u00f1o moral y material generado a la v\u00edctima. Adem\u00e1s, para que analice los argumentos de \u00e9sta \u00faltima relacionados con su oposici\u00f3n en la audiencia respectiva.<\/span><\/p>\n<p><em><span data-originalfontsize=\"10pt\" data-originalcomputedfontsize=\"13.333333015441895\">Amparo directo en revisi\u00f3n 2666\/2020. Ponente: Ministro Juan Luis Gonz\u00e1lez Alc\u00e1ntara Carranc\u00e1. Resuelto en sesi\u00f3n de 9 de junio de 2021, por unanimidad de votos.<\/span><\/em><\/p>\n","protected":false},"excerpt":{"rendered":"<p>LA PRIMERA SALA REAFIRMA LA CONSTITUCIONALIDAD DEL C\u00d3DIGO NACIONAL DE PROCEDIMIENTOS PENALES Y DEL C\u00d3DIGO&#8230;<\/p>\n","protected":false},"author":2,"featured_media":81899,"comment_status":"open","ping_status":"open","sticky":false,"template":"","format":"standard","meta":{"_monsterinsights_skip_tracking":false,"_monsterinsights_sitenote_active":false,"_monsterinsights_sitenote_note":"","_monsterinsights_sitenote_category":0,"footnotes":""},"categories":[2],"tags":[],"class_list":["post-81897","post","type-post","status-publish","format-standard","has-post-thumbnail","hentry","category-noticias"],"yoast_head":"<!-- This site is optimized with the Yoast SEO plugin v27.3 - https:\/\/yoast.com\/product\/yoast-seo-wordpress\/ -->\n<title>LA PRIMERA SALA REAFIRMA LA CONSTITUCIONALIDAD DEL C\u00d3DIGO NACIONAL DE PROCEDIMIENTOS PENALES Y DEL C\u00d3DIGO PENAL DEL ESTADO DE M\u00c9XICO, EN MATERIA DE REPARACI\u00d3N DEL DA\u00d1O A LAS V\u00cdCTIMAS DE DELITOS -<\/title>\n<meta name=\"robots\" content=\"index, follow, max-snippet:-1, max-image-preview:large, max-video-preview:-1\" \/>\n<link rel=\"canonical\" href=\"https:\/\/quehacerpolitico.mx\/?p=81897\" \/>\n<meta property=\"og:locale\" content=\"es_MX\" \/>\n<meta property=\"og:type\" content=\"article\" \/>\n<meta property=\"og:title\" content=\"LA PRIMERA SALA REAFIRMA LA CONSTITUCIONALIDAD DEL C\u00d3DIGO NACIONAL DE PROCEDIMIENTOS PENALES Y DEL C\u00d3DIGO PENAL DEL ESTADO DE M\u00c9XICO, EN MATERIA DE REPARACI\u00d3N DEL DA\u00d1O A LAS V\u00cdCTIMAS DE DELITOS -\" \/>\n<meta property=\"og:description\" content=\"LA PRIMERA SALA REAFIRMA LA CONSTITUCIONALIDAD DEL C\u00d3DIGO NACIONAL DE PROCEDIMIENTOS PENALES Y DEL C\u00d3DIGO...\" \/>\n<meta property=\"og:url\" content=\"https:\/\/quehacerpolitico.mx\/?p=81897\" \/>\n<meta property=\"article:published_time\" content=\"2021-06-09T22:42:06+00:00\" \/>\n<meta property=\"og:image\" content=\"https:\/\/quehacerpolitico.mx\/wp-content\/uploads\/2021\/06\/605C17E0-8690-479C-8F06-3C48707791BB.jpeg\" \/>\n\t<meta property=\"og:image:width\" content=\"715\" \/>\n\t<meta property=\"og:image:height\" content=\"429\" \/>\n\t<meta property=\"og:image:type\" content=\"image\/jpeg\" \/>\n<meta name=\"author\" content=\"Redacci\u00f3n QP\" \/>\n<meta name=\"twitter:card\" content=\"summary_large_image\" \/>\n<meta name=\"twitter:label1\" content=\"Escrito por\" \/>\n\t<meta name=\"twitter:data1\" content=\"Redacci\u00f3n QP\" \/>\n\t<meta name=\"twitter:label2\" content=\"Tiempo de lectura\" \/>\n\t<meta name=\"twitter:data2\" content=\"4 minutos\" \/>\n<script type=\"application\/ld+json\" class=\"yoast-schema-graph\">{\"@context\":\"https:\\\/\\\/schema.org\",\"@graph\":[{\"@type\":\"Article\",\"@id\":\"https:\\\/\\\/quehacerpolitico.mx\\\/?p=81897#article\",\"isPartOf\":{\"@id\":\"https:\\\/\\\/quehacerpolitico.mx\\\/?p=81897\"},\"author\":{\"name\":\"Redacci\u00f3n QP\",\"@id\":\"https:\\\/\\\/quehacerpolitico.mx\\\/#\\\/schema\\\/person\\\/496d8ad2d1d3f8036101dca7ee39e585\"},\"headline\":\"LA PRIMERA SALA REAFIRMA LA CONSTITUCIONALIDAD DEL C\u00d3DIGO NACIONAL DE PROCEDIMIENTOS PENALES Y DEL C\u00d3DIGO PENAL DEL ESTADO DE M\u00c9XICO, EN MATERIA DE REPARACI\u00d3N DEL DA\u00d1O A LAS V\u00cdCTIMAS DE DELITOS\",\"datePublished\":\"2021-06-09T22:42:06+00:00\",\"mainEntityOfPage\":{\"@id\":\"https:\\\/\\\/quehacerpolitico.mx\\\/?p=81897\"},\"wordCount\":800,\"commentCount\":0,\"image\":{\"@id\":\"https:\\\/\\\/quehacerpolitico.mx\\\/?p=81897#primaryimage\"},\"thumbnailUrl\":\"https:\\\/\\\/quehacerpolitico.mx\\\/wp-content\\\/uploads\\\/2021\\\/06\\\/605C17E0-8690-479C-8F06-3C48707791BB.jpeg\",\"articleSection\":[\"Noticias\"],\"inLanguage\":\"es\",\"potentialAction\":[{\"@type\":\"CommentAction\",\"name\":\"Comment\",\"target\":[\"https:\\\/\\\/quehacerpolitico.mx\\\/?p=81897#respond\"]}]},{\"@type\":\"WebPage\",\"@id\":\"https:\\\/\\\/quehacerpolitico.mx\\\/?p=81897\",\"url\":\"https:\\\/\\\/quehacerpolitico.mx\\\/?p=81897\",\"name\":\"LA PRIMERA SALA REAFIRMA LA CONSTITUCIONALIDAD DEL C\u00d3DIGO NACIONAL DE PROCEDIMIENTOS PENALES Y DEL C\u00d3DIGO PENAL DEL ESTADO DE M\u00c9XICO, EN MATERIA DE REPARACI\u00d3N DEL DA\u00d1O A LAS V\u00cdCTIMAS DE DELITOS -\",\"isPartOf\":{\"@id\":\"https:\\\/\\\/quehacerpolitico.mx\\\/#website\"},\"primaryImageOfPage\":{\"@id\":\"https:\\\/\\\/quehacerpolitico.mx\\\/?p=81897#primaryimage\"},\"image\":{\"@id\":\"https:\\\/\\\/quehacerpolitico.mx\\\/?p=81897#primaryimage\"},\"thumbnailUrl\":\"https:\\\/\\\/quehacerpolitico.mx\\\/wp-content\\\/uploads\\\/2021\\\/06\\\/605C17E0-8690-479C-8F06-3C48707791BB.jpeg\",\"datePublished\":\"2021-06-09T22:42:06+00:00\",\"author\":{\"@id\":\"https:\\\/\\\/quehacerpolitico.mx\\\/#\\\/schema\\\/person\\\/496d8ad2d1d3f8036101dca7ee39e585\"},\"breadcrumb\":{\"@id\":\"https:\\\/\\\/quehacerpolitico.mx\\\/?p=81897#breadcrumb\"},\"inLanguage\":\"es\",\"potentialAction\":[{\"@type\":\"ReadAction\",\"target\":[\"https:\\\/\\\/quehacerpolitico.mx\\\/?p=81897\"]}]},{\"@type\":\"ImageObject\",\"inLanguage\":\"es\",\"@id\":\"https:\\\/\\\/quehacerpolitico.mx\\\/?p=81897#primaryimage\",\"url\":\"https:\\\/\\\/quehacerpolitico.mx\\\/wp-content\\\/uploads\\\/2021\\\/06\\\/605C17E0-8690-479C-8F06-3C48707791BB.jpeg\",\"contentUrl\":\"https:\\\/\\\/quehacerpolitico.mx\\\/wp-content\\\/uploads\\\/2021\\\/06\\\/605C17E0-8690-479C-8F06-3C48707791BB.jpeg\",\"width\":715,\"height\":429},{\"@type\":\"BreadcrumbList\",\"@id\":\"https:\\\/\\\/quehacerpolitico.mx\\\/?p=81897#breadcrumb\",\"itemListElement\":[{\"@type\":\"ListItem\",\"position\":1,\"name\":\"Inicio\",\"item\":\"https:\\\/\\\/quehacerpolitico.mx\\\/\"},{\"@type\":\"ListItem\",\"position\":2,\"name\":\"LA PRIMERA SALA REAFIRMA LA CONSTITUCIONALIDAD DEL C\u00d3DIGO NACIONAL DE PROCEDIMIENTOS PENALES Y DEL C\u00d3DIGO PENAL DEL ESTADO DE M\u00c9XICO, EN MATERIA DE REPARACI\u00d3N DEL DA\u00d1O A LAS V\u00cdCTIMAS DE DELITOS\"}]},{\"@type\":\"WebSite\",\"@id\":\"https:\\\/\\\/quehacerpolitico.mx\\\/#website\",\"url\":\"https:\\\/\\\/quehacerpolitico.mx\\\/\",\"name\":\"\",\"description\":\"\",\"potentialAction\":[{\"@type\":\"SearchAction\",\"target\":{\"@type\":\"EntryPoint\",\"urlTemplate\":\"https:\\\/\\\/quehacerpolitico.mx\\\/?s={search_term_string}\"},\"query-input\":{\"@type\":\"PropertyValueSpecification\",\"valueRequired\":true,\"valueName\":\"search_term_string\"}}],\"inLanguage\":\"es\"},{\"@type\":\"Person\",\"@id\":\"https:\\\/\\\/quehacerpolitico.mx\\\/#\\\/schema\\\/person\\\/496d8ad2d1d3f8036101dca7ee39e585\",\"name\":\"Redacci\u00f3n QP\",\"image\":{\"@type\":\"ImageObject\",\"inLanguage\":\"es\",\"@id\":\"https:\\\/\\\/secure.gravatar.com\\\/avatar\\\/c7164ed6fdec453195284ad24a5ae5b6e1eed2b848477fa2a4787ba9adf39a41?s=96&d=mm&r=g\",\"url\":\"https:\\\/\\\/secure.gravatar.com\\\/avatar\\\/c7164ed6fdec453195284ad24a5ae5b6e1eed2b848477fa2a4787ba9adf39a41?s=96&d=mm&r=g\",\"contentUrl\":\"https:\\\/\\\/secure.gravatar.com\\\/avatar\\\/c7164ed6fdec453195284ad24a5ae5b6e1eed2b848477fa2a4787ba9adf39a41?s=96&d=mm&r=g\",\"caption\":\"Redacci\u00f3n QP\"},\"url\":\"https:\\\/\\\/quehacerpolitico.mx\\\/?author=2\"}]}<\/script>\n<!-- \/ Yoast SEO plugin. -->","yoast_head_json":{"title":"LA PRIMERA SALA REAFIRMA LA CONSTITUCIONALIDAD DEL C\u00d3DIGO NACIONAL DE PROCEDIMIENTOS PENALES Y DEL C\u00d3DIGO PENAL DEL ESTADO DE M\u00c9XICO, EN MATERIA DE REPARACI\u00d3N DEL DA\u00d1O A LAS V\u00cdCTIMAS DE DELITOS -","robots":{"index":"index","follow":"follow","max-snippet":"max-snippet:-1","max-image-preview":"max-image-preview:large","max-video-preview":"max-video-preview:-1"},"canonical":"https:\/\/quehacerpolitico.mx\/?p=81897","og_locale":"es_MX","og_type":"article","og_title":"LA PRIMERA SALA REAFIRMA LA CONSTITUCIONALIDAD DEL C\u00d3DIGO NACIONAL DE PROCEDIMIENTOS PENALES Y DEL C\u00d3DIGO PENAL DEL ESTADO DE M\u00c9XICO, EN MATERIA DE REPARACI\u00d3N DEL DA\u00d1O A LAS V\u00cdCTIMAS DE DELITOS -","og_description":"LA PRIMERA SALA REAFIRMA LA CONSTITUCIONALIDAD DEL C\u00d3DIGO NACIONAL DE PROCEDIMIENTOS PENALES Y DEL C\u00d3DIGO...","og_url":"https:\/\/quehacerpolitico.mx\/?p=81897","article_published_time":"2021-06-09T22:42:06+00:00","og_image":[{"width":715,"height":429,"url":"https:\/\/quehacerpolitico.mx\/wp-content\/uploads\/2021\/06\/605C17E0-8690-479C-8F06-3C48707791BB.jpeg","type":"image\/jpeg"}],"author":"Redacci\u00f3n QP","twitter_card":"summary_large_image","twitter_misc":{"Escrito por":"Redacci\u00f3n QP","Tiempo de lectura":"4 minutos"},"schema":{"@context":"https:\/\/schema.org","@graph":[{"@type":"Article","@id":"https:\/\/quehacerpolitico.mx\/?p=81897#article","isPartOf":{"@id":"https:\/\/quehacerpolitico.mx\/?p=81897"},"author":{"name":"Redacci\u00f3n QP","@id":"https:\/\/quehacerpolitico.mx\/#\/schema\/person\/496d8ad2d1d3f8036101dca7ee39e585"},"headline":"LA PRIMERA SALA REAFIRMA LA CONSTITUCIONALIDAD DEL C\u00d3DIGO NACIONAL DE PROCEDIMIENTOS PENALES Y DEL C\u00d3DIGO PENAL DEL ESTADO DE M\u00c9XICO, EN MATERIA DE REPARACI\u00d3N DEL DA\u00d1O A LAS V\u00cdCTIMAS DE DELITOS","datePublished":"2021-06-09T22:42:06+00:00","mainEntityOfPage":{"@id":"https:\/\/quehacerpolitico.mx\/?p=81897"},"wordCount":800,"commentCount":0,"image":{"@id":"https:\/\/quehacerpolitico.mx\/?p=81897#primaryimage"},"thumbnailUrl":"https:\/\/quehacerpolitico.mx\/wp-content\/uploads\/2021\/06\/605C17E0-8690-479C-8F06-3C48707791BB.jpeg","articleSection":["Noticias"],"inLanguage":"es","potentialAction":[{"@type":"CommentAction","name":"Comment","target":["https:\/\/quehacerpolitico.mx\/?p=81897#respond"]}]},{"@type":"WebPage","@id":"https:\/\/quehacerpolitico.mx\/?p=81897","url":"https:\/\/quehacerpolitico.mx\/?p=81897","name":"LA PRIMERA SALA REAFIRMA LA CONSTITUCIONALIDAD DEL C\u00d3DIGO NACIONAL DE PROCEDIMIENTOS PENALES Y DEL C\u00d3DIGO PENAL DEL ESTADO DE M\u00c9XICO, EN MATERIA DE REPARACI\u00d3N DEL DA\u00d1O A LAS V\u00cdCTIMAS DE DELITOS -","isPartOf":{"@id":"https:\/\/quehacerpolitico.mx\/#website"},"primaryImageOfPage":{"@id":"https:\/\/quehacerpolitico.mx\/?p=81897#primaryimage"},"image":{"@id":"https:\/\/quehacerpolitico.mx\/?p=81897#primaryimage"},"thumbnailUrl":"https:\/\/quehacerpolitico.mx\/wp-content\/uploads\/2021\/06\/605C17E0-8690-479C-8F06-3C48707791BB.jpeg","datePublished":"2021-06-09T22:42:06+00:00","author":{"@id":"https:\/\/quehacerpolitico.mx\/#\/schema\/person\/496d8ad2d1d3f8036101dca7ee39e585"},"breadcrumb":{"@id":"https:\/\/quehacerpolitico.mx\/?p=81897#breadcrumb"},"inLanguage":"es","potentialAction":[{"@type":"ReadAction","target":["https:\/\/quehacerpolitico.mx\/?p=81897"]}]},{"@type":"ImageObject","inLanguage":"es","@id":"https:\/\/quehacerpolitico.mx\/?p=81897#primaryimage","url":"https:\/\/quehacerpolitico.mx\/wp-content\/uploads\/2021\/06\/605C17E0-8690-479C-8F06-3C48707791BB.jpeg","contentUrl":"https:\/\/quehacerpolitico.mx\/wp-content\/uploads\/2021\/06\/605C17E0-8690-479C-8F06-3C48707791BB.jpeg","width":715,"height":429},{"@type":"BreadcrumbList","@id":"https:\/\/quehacerpolitico.mx\/?p=81897#breadcrumb","itemListElement":[{"@type":"ListItem","position":1,"name":"Inicio","item":"https:\/\/quehacerpolitico.mx\/"},{"@type":"ListItem","position":2,"name":"LA PRIMERA SALA REAFIRMA LA CONSTITUCIONALIDAD DEL C\u00d3DIGO NACIONAL DE PROCEDIMIENTOS PENALES Y DEL C\u00d3DIGO PENAL DEL ESTADO DE M\u00c9XICO, EN MATERIA DE REPARACI\u00d3N DEL DA\u00d1O A LAS V\u00cdCTIMAS DE DELITOS"}]},{"@type":"WebSite","@id":"https:\/\/quehacerpolitico.mx\/#website","url":"https:\/\/quehacerpolitico.mx\/","name":"","description":"","potentialAction":[{"@type":"SearchAction","target":{"@type":"EntryPoint","urlTemplate":"https:\/\/quehacerpolitico.mx\/?s={search_term_string}"},"query-input":{"@type":"PropertyValueSpecification","valueRequired":true,"valueName":"search_term_string"}}],"inLanguage":"es"},{"@type":"Person","@id":"https:\/\/quehacerpolitico.mx\/#\/schema\/person\/496d8ad2d1d3f8036101dca7ee39e585","name":"Redacci\u00f3n QP","image":{"@type":"ImageObject","inLanguage":"es","@id":"https:\/\/secure.gravatar.com\/avatar\/c7164ed6fdec453195284ad24a5ae5b6e1eed2b848477fa2a4787ba9adf39a41?s=96&d=mm&r=g","url":"https:\/\/secure.gravatar.com\/avatar\/c7164ed6fdec453195284ad24a5ae5b6e1eed2b848477fa2a4787ba9adf39a41?s=96&d=mm&r=g","contentUrl":"https:\/\/secure.gravatar.com\/avatar\/c7164ed6fdec453195284ad24a5ae5b6e1eed2b848477fa2a4787ba9adf39a41?s=96&d=mm&r=g","caption":"Redacci\u00f3n QP"},"url":"https:\/\/quehacerpolitico.mx\/?author=2"}]}},"featured_image_urls":{"full":["https:\/\/quehacerpolitico.mx\/wp-content\/uploads\/2021\/06\/605C17E0-8690-479C-8F06-3C48707791BB.jpeg",715,429,false],"thumbnail":["https:\/\/quehacerpolitico.mx\/wp-content\/uploads\/2021\/06\/605C17E0-8690-479C-8F06-3C48707791BB-150x150.jpeg",150,150,true],"medium":["https:\/\/quehacerpolitico.mx\/wp-content\/uploads\/2021\/06\/605C17E0-8690-479C-8F06-3C48707791BB-300x180.jpeg",300,180,true],"medium_large":["https:\/\/quehacerpolitico.mx\/wp-content\/uploads\/2021\/06\/605C17E0-8690-479C-8F06-3C48707791BB.jpeg",640,384,false],"large":["https:\/\/quehacerpolitico.mx\/wp-content\/uploads\/2021\/06\/605C17E0-8690-479C-8F06-3C48707791BB.jpeg",640,384,false],"1536x1536":["https:\/\/quehacerpolitico.mx\/wp-content\/uploads\/2021\/06\/605C17E0-8690-479C-8F06-3C48707791BB.jpeg",715,429,false],"2048x2048":["https:\/\/quehacerpolitico.mx\/wp-content\/uploads\/2021\/06\/605C17E0-8690-479C-8F06-3C48707791BB.jpeg",715,429,false],"covernews-featured":["https:\/\/quehacerpolitico.mx\/wp-content\/uploads\/2021\/06\/605C17E0-8690-479C-8F06-3C48707791BB.jpeg",715,429,false],"covernews-medium":["https:\/\/quehacerpolitico.mx\/wp-content\/uploads\/2021\/06\/605C17E0-8690-479C-8F06-3C48707791BB.jpeg",540,324,false]},"author_info":{"display_name":"Redacci\u00f3n QP","author_link":"https:\/\/quehacerpolitico.mx\/?author=2"},"category_info":"<a href=\"https:\/\/quehacerpolitico.mx\/?cat=2\" rel=\"category\">Noticias<\/a>","tag_info":"Noticias","comment_count":"0","_links":{"self":[{"href":"https:\/\/quehacerpolitico.mx\/index.php?rest_route=\/wp\/v2\/posts\/81897","targetHints":{"allow":["GET"]}}],"collection":[{"href":"https:\/\/quehacerpolitico.mx\/index.php?rest_route=\/wp\/v2\/posts"}],"about":[{"href":"https:\/\/quehacerpolitico.mx\/index.php?rest_route=\/wp\/v2\/types\/post"}],"author":[{"embeddable":true,"href":"https:\/\/quehacerpolitico.mx\/index.php?rest_route=\/wp\/v2\/users\/2"}],"replies":[{"embeddable":true,"href":"https:\/\/quehacerpolitico.mx\/index.php?rest_route=%2Fwp%2Fv2%2Fcomments&post=81897"}],"version-history":[{"count":0,"href":"https:\/\/quehacerpolitico.mx\/index.php?rest_route=\/wp\/v2\/posts\/81897\/revisions"}],"wp:featuredmedia":[{"embeddable":true,"href":"https:\/\/quehacerpolitico.mx\/index.php?rest_route=\/wp\/v2\/media\/81899"}],"wp:attachment":[{"href":"https:\/\/quehacerpolitico.mx\/index.php?rest_route=%2Fwp%2Fv2%2Fmedia&parent=81897"}],"wp:term":[{"taxonomy":"category","embeddable":true,"href":"https:\/\/quehacerpolitico.mx\/index.php?rest_route=%2Fwp%2Fv2%2Fcategories&post=81897"},{"taxonomy":"post_tag","embeddable":true,"href":"https:\/\/quehacerpolitico.mx\/index.php?rest_route=%2Fwp%2Fv2%2Ftags&post=81897"}],"curies":[{"name":"wp","href":"https:\/\/api.w.org\/{rel}","templated":true}]}}