{"id":81893,"date":"2021-06-09T22:29:29","date_gmt":"2021-06-09T22:29:29","guid":{"rendered":"https:\/\/quehacerpolitico.mx\/?p=81893"},"modified":"2021-06-09T22:29:29","modified_gmt":"2021-06-09T22:29:29","slug":"la-primera-sala-determina-que-es-infundada-la-controversia-constitucional-203-2020-promovida-por-el-instituto-nacional-electoral","status":"publish","type":"post","link":"https:\/\/quehacerpolitico.mx\/?p=81893","title":{"rendered":"LA PRIMERA SALA DETERMINA QUE ES INFUNDADA LA CONTROVERSIA CONSTITUCIONAL 203\/2020 PROMOVIDA POR EL INSTITUTO NACIONAL ELECTORAL"},"content":{"rendered":"<p><strong><span data-originalfontsize=\"12pt\" data-originalcomputedfontsize=\"16\">LA PRIMERA SALA DETERMINA QUE ES INFUNDADA LA CONTROVERSIA CONSTITUCIONAL 203\/2020 PROMOVIDA POR EL INSTITUTO NACIONAL ELECTORAL<\/span><\/strong><\/p>\n<p><strong>\u00a0Por Redacci\u00f3n QP<\/strong><\/p>\n<p><span data-originalfontsize=\"12pt\" data-originalcomputedfontsize=\"16\">La Primera Sala de la Suprema Corte de Justicia de la Naci\u00f3n, en sesi\u00f3n remota, reconoci\u00f3 la validez del Decreto por el que se expide la convocatoria de Consulta Popular y se convoca a las y los ciudadanos de la Rep\u00fablica Mexicana para que emitan su opini\u00f3n sobre \u201clas acciones para emprender un proceso de esclarecimiento de las decisiones pol\u00edticas tomadas en los a\u00f1os pasados por los actores pol\u00edticos\u201d; as\u00ed como del Decreto que reform\u00f3 su entrada en vigor. La cual debe realizarse bajo la organizaci\u00f3n del Instituto Nacional Electoral (INE).<\/span><\/p>\n<p><span data-originalfontsize=\"12pt\" data-originalcomputedfontsize=\"16\">En su demanda el INE impugn\u00f3 los Decretos antes mencionados, tras estimar que con su aprobaci\u00f3n y expedici\u00f3n el Congreso de la Uni\u00f3n viol\u00f3 su autonom\u00eda constitucional y presupuestaria, toda vez que omiti\u00f3 proveer los recursos necesarios y suficientes para que ese Instituto llevara a cabo la consulta referida, dej\u00e1ndolo imposibilitado para cumplir con sus funciones constitucionales.<\/span><\/p>\n<p><span data-originalfontsize=\"12pt\" data-originalcomputedfontsize=\"16\">Al resolver el asunto, la Primera Sala determin\u00f3 que no existe ni constitucional ni legalmente una obligaci\u00f3n dirigida al Congreso de la Uni\u00f3n para que al emitir el Decreto que contiene la Convocatoria a la Consulta Popular, establezca o determine los recursos econ\u00f3micos con los que el INE deber\u00e1 llevar a cabo la organizaci\u00f3n, difusi\u00f3n, desarrollo, c\u00f3mputo y declaraci\u00f3n de resultados de la consulta popular. Menos a\u00fan que deba hacerlo al establecer o reformar la vigencia del Decreto respectivo. De esta manera, la Sala consider\u00f3 inexistente la omisi\u00f3n reclamada por el Instituto y por tanto infundados los conceptos de invalidez planteados.<\/span><\/p>\n<p><span data-originalfontsize=\"12pt\" data-originalcomputedfontsize=\"16\">En este sentido, la Sala precis\u00f3 que conforme al art\u00edculo Quinto Transitorio del Decreto por el que se declaran reformadas y adicionadas diversas disposiciones de la Constituci\u00f3n Pol\u00edtica de los Estados Unidos Mexicanos, en materia de consulta popular y revocaci\u00f3n de mandato, publicado en el Diario Oficial de la Federaci\u00f3n el 20 de diciembre de 2019, las atribuciones conferidas al INE en materia de consultas populares, se cubrir\u00e1n con base en la disponibilidad presupuestaria para el ejercicio de 2019 y los subsecuentes.<\/span><\/p>\n<p><em><span data-originalfontsize=\"10pt\" data-originalcomputedfontsize=\"13.333333015441895\">Controversia constitucional 203\/2020. Ponente: Ministro Jorge Mario Pardo Rebolledo. Resuelto en sesi\u00f3n de 9 de junio de 2021, por unanimidad de votos.<\/span><\/em><\/p>\n","protected":false},"excerpt":{"rendered":"<p>LA PRIMERA SALA DETERMINA QUE ES INFUNDADA LA CONTROVERSIA CONSTITUCIONAL 203\/2020 PROMOVIDA POR EL INSTITUTO&#8230;<\/p>\n","protected":false},"author":2,"featured_media":81895,"comment_status":"open","ping_status":"open","sticky":false,"template":"","format":"standard","meta":{"_monsterinsights_skip_tracking":false,"_monsterinsights_sitenote_active":false,"_monsterinsights_sitenote_note":"","_monsterinsights_sitenote_category":0,"footnotes":""},"categories":[2],"tags":[],"class_list":["post-81893","post","type-post","status-publish","format-standard","has-post-thumbnail","hentry","category-noticias"],"yoast_head":"<!-- This site is optimized with the Yoast SEO plugin v27.3 - https:\/\/yoast.com\/product\/yoast-seo-wordpress\/ -->\n<title>LA PRIMERA SALA DETERMINA QUE ES INFUNDADA LA CONTROVERSIA CONSTITUCIONAL 203\/2020 PROMOVIDA POR EL INSTITUTO NACIONAL ELECTORAL -<\/title>\n<meta name=\"robots\" content=\"index, follow, max-snippet:-1, max-image-preview:large, max-video-preview:-1\" \/>\n<link rel=\"canonical\" href=\"https:\/\/quehacerpolitico.mx\/?p=81893\" \/>\n<meta property=\"og:locale\" content=\"es_MX\" \/>\n<meta property=\"og:type\" content=\"article\" \/>\n<meta property=\"og:title\" content=\"LA PRIMERA SALA DETERMINA QUE ES INFUNDADA LA CONTROVERSIA CONSTITUCIONAL 203\/2020 PROMOVIDA POR EL INSTITUTO NACIONAL ELECTORAL -\" \/>\n<meta property=\"og:description\" content=\"LA PRIMERA SALA DETERMINA QUE ES INFUNDADA LA CONTROVERSIA CONSTITUCIONAL 203\/2020 PROMOVIDA POR EL INSTITUTO...\" \/>\n<meta property=\"og:url\" content=\"https:\/\/quehacerpolitico.mx\/?p=81893\" \/>\n<meta property=\"article:published_time\" content=\"2021-06-09T22:29:29+00:00\" \/>\n<meta property=\"og:image\" content=\"https:\/\/quehacerpolitico.mx\/wp-content\/uploads\/2021\/06\/11FA84C7-7443-4140-BD75-36DADC7E76A7.jpeg\" \/>\n\t<meta property=\"og:image:width\" content=\"600\" \/>\n\t<meta property=\"og:image:height\" content=\"424\" \/>\n\t<meta property=\"og:image:type\" content=\"image\/jpeg\" \/>\n<meta name=\"author\" content=\"Redacci\u00f3n QP\" \/>\n<meta name=\"twitter:card\" content=\"summary_large_image\" \/>\n<meta name=\"twitter:label1\" content=\"Escrito por\" \/>\n\t<meta name=\"twitter:data1\" content=\"Redacci\u00f3n QP\" \/>\n\t<meta name=\"twitter:label2\" content=\"Tiempo de lectura\" \/>\n\t<meta name=\"twitter:data2\" content=\"2 minutos\" \/>\n<script type=\"application\/ld+json\" class=\"yoast-schema-graph\">{\"@context\":\"https:\\\/\\\/schema.org\",\"@graph\":[{\"@type\":\"Article\",\"@id\":\"https:\\\/\\\/quehacerpolitico.mx\\\/?p=81893#article\",\"isPartOf\":{\"@id\":\"https:\\\/\\\/quehacerpolitico.mx\\\/?p=81893\"},\"author\":{\"name\":\"Redacci\u00f3n QP\",\"@id\":\"https:\\\/\\\/quehacerpolitico.mx\\\/#\\\/schema\\\/person\\\/496d8ad2d1d3f8036101dca7ee39e585\"},\"headline\":\"LA PRIMERA SALA DETERMINA QUE ES INFUNDADA LA CONTROVERSIA CONSTITUCIONAL 203\\\/2020 PROMOVIDA POR EL INSTITUTO NACIONAL ELECTORAL\",\"datePublished\":\"2021-06-09T22:29:29+00:00\",\"mainEntityOfPage\":{\"@id\":\"https:\\\/\\\/quehacerpolitico.mx\\\/?p=81893\"},\"wordCount\":412,\"commentCount\":0,\"image\":{\"@id\":\"https:\\\/\\\/quehacerpolitico.mx\\\/?p=81893#primaryimage\"},\"thumbnailUrl\":\"https:\\\/\\\/quehacerpolitico.mx\\\/wp-content\\\/uploads\\\/2021\\\/06\\\/11FA84C7-7443-4140-BD75-36DADC7E76A7.jpeg\",\"articleSection\":[\"Noticias\"],\"inLanguage\":\"es\",\"potentialAction\":[{\"@type\":\"CommentAction\",\"name\":\"Comment\",\"target\":[\"https:\\\/\\\/quehacerpolitico.mx\\\/?p=81893#respond\"]}]},{\"@type\":\"WebPage\",\"@id\":\"https:\\\/\\\/quehacerpolitico.mx\\\/?p=81893\",\"url\":\"https:\\\/\\\/quehacerpolitico.mx\\\/?p=81893\",\"name\":\"LA PRIMERA SALA DETERMINA QUE ES INFUNDADA LA CONTROVERSIA CONSTITUCIONAL 203\\\/2020 PROMOVIDA POR EL INSTITUTO NACIONAL ELECTORAL -\",\"isPartOf\":{\"@id\":\"https:\\\/\\\/quehacerpolitico.mx\\\/#website\"},\"primaryImageOfPage\":{\"@id\":\"https:\\\/\\\/quehacerpolitico.mx\\\/?p=81893#primaryimage\"},\"image\":{\"@id\":\"https:\\\/\\\/quehacerpolitico.mx\\\/?p=81893#primaryimage\"},\"thumbnailUrl\":\"https:\\\/\\\/quehacerpolitico.mx\\\/wp-content\\\/uploads\\\/2021\\\/06\\\/11FA84C7-7443-4140-BD75-36DADC7E76A7.jpeg\",\"datePublished\":\"2021-06-09T22:29:29+00:00\",\"author\":{\"@id\":\"https:\\\/\\\/quehacerpolitico.mx\\\/#\\\/schema\\\/person\\\/496d8ad2d1d3f8036101dca7ee39e585\"},\"breadcrumb\":{\"@id\":\"https:\\\/\\\/quehacerpolitico.mx\\\/?p=81893#breadcrumb\"},\"inLanguage\":\"es\",\"potentialAction\":[{\"@type\":\"ReadAction\",\"target\":[\"https:\\\/\\\/quehacerpolitico.mx\\\/?p=81893\"]}]},{\"@type\":\"ImageObject\",\"inLanguage\":\"es\",\"@id\":\"https:\\\/\\\/quehacerpolitico.mx\\\/?p=81893#primaryimage\",\"url\":\"https:\\\/\\\/quehacerpolitico.mx\\\/wp-content\\\/uploads\\\/2021\\\/06\\\/11FA84C7-7443-4140-BD75-36DADC7E76A7.jpeg\",\"contentUrl\":\"https:\\\/\\\/quehacerpolitico.mx\\\/wp-content\\\/uploads\\\/2021\\\/06\\\/11FA84C7-7443-4140-BD75-36DADC7E76A7.jpeg\",\"width\":600,\"height\":424},{\"@type\":\"BreadcrumbList\",\"@id\":\"https:\\\/\\\/quehacerpolitico.mx\\\/?p=81893#breadcrumb\",\"itemListElement\":[{\"@type\":\"ListItem\",\"position\":1,\"name\":\"Inicio\",\"item\":\"https:\\\/\\\/quehacerpolitico.mx\\\/\"},{\"@type\":\"ListItem\",\"position\":2,\"name\":\"LA PRIMERA SALA DETERMINA QUE ES INFUNDADA LA CONTROVERSIA CONSTITUCIONAL 203\\\/2020 PROMOVIDA POR EL INSTITUTO NACIONAL ELECTORAL\"}]},{\"@type\":\"WebSite\",\"@id\":\"https:\\\/\\\/quehacerpolitico.mx\\\/#website\",\"url\":\"https:\\\/\\\/quehacerpolitico.mx\\\/\",\"name\":\"\",\"description\":\"\",\"potentialAction\":[{\"@type\":\"SearchAction\",\"target\":{\"@type\":\"EntryPoint\",\"urlTemplate\":\"https:\\\/\\\/quehacerpolitico.mx\\\/?s={search_term_string}\"},\"query-input\":{\"@type\":\"PropertyValueSpecification\",\"valueRequired\":true,\"valueName\":\"search_term_string\"}}],\"inLanguage\":\"es\"},{\"@type\":\"Person\",\"@id\":\"https:\\\/\\\/quehacerpolitico.mx\\\/#\\\/schema\\\/person\\\/496d8ad2d1d3f8036101dca7ee39e585\",\"name\":\"Redacci\u00f3n QP\",\"image\":{\"@type\":\"ImageObject\",\"inLanguage\":\"es\",\"@id\":\"https:\\\/\\\/secure.gravatar.com\\\/avatar\\\/c7164ed6fdec453195284ad24a5ae5b6e1eed2b848477fa2a4787ba9adf39a41?s=96&d=mm&r=g\",\"url\":\"https:\\\/\\\/secure.gravatar.com\\\/avatar\\\/c7164ed6fdec453195284ad24a5ae5b6e1eed2b848477fa2a4787ba9adf39a41?s=96&d=mm&r=g\",\"contentUrl\":\"https:\\\/\\\/secure.gravatar.com\\\/avatar\\\/c7164ed6fdec453195284ad24a5ae5b6e1eed2b848477fa2a4787ba9adf39a41?s=96&d=mm&r=g\",\"caption\":\"Redacci\u00f3n QP\"},\"url\":\"https:\\\/\\\/quehacerpolitico.mx\\\/?author=2\"}]}<\/script>\n<!-- \/ Yoast SEO plugin. -->","yoast_head_json":{"title":"LA PRIMERA SALA DETERMINA QUE ES INFUNDADA LA CONTROVERSIA CONSTITUCIONAL 203\/2020 PROMOVIDA POR EL INSTITUTO NACIONAL ELECTORAL -","robots":{"index":"index","follow":"follow","max-snippet":"max-snippet:-1","max-image-preview":"max-image-preview:large","max-video-preview":"max-video-preview:-1"},"canonical":"https:\/\/quehacerpolitico.mx\/?p=81893","og_locale":"es_MX","og_type":"article","og_title":"LA PRIMERA SALA DETERMINA QUE ES INFUNDADA LA CONTROVERSIA CONSTITUCIONAL 203\/2020 PROMOVIDA POR EL INSTITUTO NACIONAL ELECTORAL -","og_description":"LA PRIMERA SALA DETERMINA QUE ES INFUNDADA LA CONTROVERSIA CONSTITUCIONAL 203\/2020 PROMOVIDA POR EL INSTITUTO...","og_url":"https:\/\/quehacerpolitico.mx\/?p=81893","article_published_time":"2021-06-09T22:29:29+00:00","og_image":[{"width":600,"height":424,"url":"https:\/\/quehacerpolitico.mx\/wp-content\/uploads\/2021\/06\/11FA84C7-7443-4140-BD75-36DADC7E76A7.jpeg","type":"image\/jpeg"}],"author":"Redacci\u00f3n QP","twitter_card":"summary_large_image","twitter_misc":{"Escrito por":"Redacci\u00f3n QP","Tiempo de lectura":"2 minutos"},"schema":{"@context":"https:\/\/schema.org","@graph":[{"@type":"Article","@id":"https:\/\/quehacerpolitico.mx\/?p=81893#article","isPartOf":{"@id":"https:\/\/quehacerpolitico.mx\/?p=81893"},"author":{"name":"Redacci\u00f3n QP","@id":"https:\/\/quehacerpolitico.mx\/#\/schema\/person\/496d8ad2d1d3f8036101dca7ee39e585"},"headline":"LA PRIMERA SALA DETERMINA QUE ES INFUNDADA LA CONTROVERSIA CONSTITUCIONAL 203\/2020 PROMOVIDA POR EL INSTITUTO NACIONAL ELECTORAL","datePublished":"2021-06-09T22:29:29+00:00","mainEntityOfPage":{"@id":"https:\/\/quehacerpolitico.mx\/?p=81893"},"wordCount":412,"commentCount":0,"image":{"@id":"https:\/\/quehacerpolitico.mx\/?p=81893#primaryimage"},"thumbnailUrl":"https:\/\/quehacerpolitico.mx\/wp-content\/uploads\/2021\/06\/11FA84C7-7443-4140-BD75-36DADC7E76A7.jpeg","articleSection":["Noticias"],"inLanguage":"es","potentialAction":[{"@type":"CommentAction","name":"Comment","target":["https:\/\/quehacerpolitico.mx\/?p=81893#respond"]}]},{"@type":"WebPage","@id":"https:\/\/quehacerpolitico.mx\/?p=81893","url":"https:\/\/quehacerpolitico.mx\/?p=81893","name":"LA PRIMERA SALA DETERMINA QUE ES INFUNDADA LA CONTROVERSIA CONSTITUCIONAL 203\/2020 PROMOVIDA POR EL INSTITUTO NACIONAL ELECTORAL -","isPartOf":{"@id":"https:\/\/quehacerpolitico.mx\/#website"},"primaryImageOfPage":{"@id":"https:\/\/quehacerpolitico.mx\/?p=81893#primaryimage"},"image":{"@id":"https:\/\/quehacerpolitico.mx\/?p=81893#primaryimage"},"thumbnailUrl":"https:\/\/quehacerpolitico.mx\/wp-content\/uploads\/2021\/06\/11FA84C7-7443-4140-BD75-36DADC7E76A7.jpeg","datePublished":"2021-06-09T22:29:29+00:00","author":{"@id":"https:\/\/quehacerpolitico.mx\/#\/schema\/person\/496d8ad2d1d3f8036101dca7ee39e585"},"breadcrumb":{"@id":"https:\/\/quehacerpolitico.mx\/?p=81893#breadcrumb"},"inLanguage":"es","potentialAction":[{"@type":"ReadAction","target":["https:\/\/quehacerpolitico.mx\/?p=81893"]}]},{"@type":"ImageObject","inLanguage":"es","@id":"https:\/\/quehacerpolitico.mx\/?p=81893#primaryimage","url":"https:\/\/quehacerpolitico.mx\/wp-content\/uploads\/2021\/06\/11FA84C7-7443-4140-BD75-36DADC7E76A7.jpeg","contentUrl":"https:\/\/quehacerpolitico.mx\/wp-content\/uploads\/2021\/06\/11FA84C7-7443-4140-BD75-36DADC7E76A7.jpeg","width":600,"height":424},{"@type":"BreadcrumbList","@id":"https:\/\/quehacerpolitico.mx\/?p=81893#breadcrumb","itemListElement":[{"@type":"ListItem","position":1,"name":"Inicio","item":"https:\/\/quehacerpolitico.mx\/"},{"@type":"ListItem","position":2,"name":"LA PRIMERA SALA DETERMINA QUE ES INFUNDADA LA CONTROVERSIA CONSTITUCIONAL 203\/2020 PROMOVIDA POR EL INSTITUTO NACIONAL ELECTORAL"}]},{"@type":"WebSite","@id":"https:\/\/quehacerpolitico.mx\/#website","url":"https:\/\/quehacerpolitico.mx\/","name":"","description":"","potentialAction":[{"@type":"SearchAction","target":{"@type":"EntryPoint","urlTemplate":"https:\/\/quehacerpolitico.mx\/?s={search_term_string}"},"query-input":{"@type":"PropertyValueSpecification","valueRequired":true,"valueName":"search_term_string"}}],"inLanguage":"es"},{"@type":"Person","@id":"https:\/\/quehacerpolitico.mx\/#\/schema\/person\/496d8ad2d1d3f8036101dca7ee39e585","name":"Redacci\u00f3n QP","image":{"@type":"ImageObject","inLanguage":"es","@id":"https:\/\/secure.gravatar.com\/avatar\/c7164ed6fdec453195284ad24a5ae5b6e1eed2b848477fa2a4787ba9adf39a41?s=96&d=mm&r=g","url":"https:\/\/secure.gravatar.com\/avatar\/c7164ed6fdec453195284ad24a5ae5b6e1eed2b848477fa2a4787ba9adf39a41?s=96&d=mm&r=g","contentUrl":"https:\/\/secure.gravatar.com\/avatar\/c7164ed6fdec453195284ad24a5ae5b6e1eed2b848477fa2a4787ba9adf39a41?s=96&d=mm&r=g","caption":"Redacci\u00f3n QP"},"url":"https:\/\/quehacerpolitico.mx\/?author=2"}]}},"featured_image_urls":{"full":["https:\/\/quehacerpolitico.mx\/wp-content\/uploads\/2021\/06\/11FA84C7-7443-4140-BD75-36DADC7E76A7.jpeg",600,424,false],"thumbnail":["https:\/\/quehacerpolitico.mx\/wp-content\/uploads\/2021\/06\/11FA84C7-7443-4140-BD75-36DADC7E76A7-150x150.jpeg",150,150,true],"medium":["https:\/\/quehacerpolitico.mx\/wp-content\/uploads\/2021\/06\/11FA84C7-7443-4140-BD75-36DADC7E76A7-300x212.jpeg",300,212,true],"medium_large":["https:\/\/quehacerpolitico.mx\/wp-content\/uploads\/2021\/06\/11FA84C7-7443-4140-BD75-36DADC7E76A7.jpeg",600,424,false],"large":["https:\/\/quehacerpolitico.mx\/wp-content\/uploads\/2021\/06\/11FA84C7-7443-4140-BD75-36DADC7E76A7.jpeg",600,424,false],"1536x1536":["https:\/\/quehacerpolitico.mx\/wp-content\/uploads\/2021\/06\/11FA84C7-7443-4140-BD75-36DADC7E76A7.jpeg",600,424,false],"2048x2048":["https:\/\/quehacerpolitico.mx\/wp-content\/uploads\/2021\/06\/11FA84C7-7443-4140-BD75-36DADC7E76A7.jpeg",600,424,false],"covernews-featured":["https:\/\/quehacerpolitico.mx\/wp-content\/uploads\/2021\/06\/11FA84C7-7443-4140-BD75-36DADC7E76A7.jpeg",600,424,false],"covernews-medium":["https:\/\/quehacerpolitico.mx\/wp-content\/uploads\/2021\/06\/11FA84C7-7443-4140-BD75-36DADC7E76A7.jpeg",481,340,false]},"author_info":{"display_name":"Redacci\u00f3n QP","author_link":"https:\/\/quehacerpolitico.mx\/?author=2"},"category_info":"<a href=\"https:\/\/quehacerpolitico.mx\/?cat=2\" rel=\"category\">Noticias<\/a>","tag_info":"Noticias","comment_count":"0","_links":{"self":[{"href":"https:\/\/quehacerpolitico.mx\/index.php?rest_route=\/wp\/v2\/posts\/81893","targetHints":{"allow":["GET"]}}],"collection":[{"href":"https:\/\/quehacerpolitico.mx\/index.php?rest_route=\/wp\/v2\/posts"}],"about":[{"href":"https:\/\/quehacerpolitico.mx\/index.php?rest_route=\/wp\/v2\/types\/post"}],"author":[{"embeddable":true,"href":"https:\/\/quehacerpolitico.mx\/index.php?rest_route=\/wp\/v2\/users\/2"}],"replies":[{"embeddable":true,"href":"https:\/\/quehacerpolitico.mx\/index.php?rest_route=%2Fwp%2Fv2%2Fcomments&post=81893"}],"version-history":[{"count":0,"href":"https:\/\/quehacerpolitico.mx\/index.php?rest_route=\/wp\/v2\/posts\/81893\/revisions"}],"wp:featuredmedia":[{"embeddable":true,"href":"https:\/\/quehacerpolitico.mx\/index.php?rest_route=\/wp\/v2\/media\/81895"}],"wp:attachment":[{"href":"https:\/\/quehacerpolitico.mx\/index.php?rest_route=%2Fwp%2Fv2%2Fmedia&parent=81893"}],"wp:term":[{"taxonomy":"category","embeddable":true,"href":"https:\/\/quehacerpolitico.mx\/index.php?rest_route=%2Fwp%2Fv2%2Fcategories&post=81893"},{"taxonomy":"post_tag","embeddable":true,"href":"https:\/\/quehacerpolitico.mx\/index.php?rest_route=%2Fwp%2Fv2%2Ftags&post=81893"}],"curies":[{"name":"wp","href":"https:\/\/api.w.org\/{rel}","templated":true}]}}