{"id":81873,"date":"2021-06-09T02:53:40","date_gmt":"2021-06-09T02:53:40","guid":{"rendered":"https:\/\/quehacerpolitico.mx\/?p=81873"},"modified":"2021-06-09T02:53:40","modified_gmt":"2021-06-09T02:53:40","slug":"internacionales-carolina-alonso-romei-kamala-harris-abandona-mexico-bordo-del-air-force-two","status":"publish","type":"post","link":"https:\/\/quehacerpolitico.mx\/?p=81873","title":{"rendered":"Internacionales\/\/\/Carolina Alonso Romei\/\/\/Kamala Harris abandona M\u00e9xico a bordo del Air Force Two"},"content":{"rendered":"<h1 class=\"article_title\">Kamala Harris abandona M\u00e9xico a bordo del Air Force Two<br \/>\nPor Carolina Alonso Romei<\/h1>\n<p>Internacionalista<\/p>\n<p>La vicepresidenta de Estados Unidos abandon\u00f3 esta noche la capital del pa\u00eds tras su reuni\u00f3n con el presidente L\u00f3pez Obrador y otros sectores de la poblaci\u00f3n<\/p>\n<p>Kamala Harris, vicepresidenta de Estados Unidos, abandon\u00f3, la noche del martes 8 de junio de 2021, suelo mexicano a bordo del <strong>Air Force Two<\/strong>, con destino a Washington.<\/p>\n<p>La partida de la mano derecha del presidente Joe Biden se produjo despu\u00e9s del encuentro que tuvo con el presidente Andr\u00e9s Manuel L\u00f3pez Obrador\u00a0y de los diversos eventos que sostuvo con algunos sectores de la poblaci\u00f3n.<\/p>\n<p>Harris y sus acompa\u00f1antes dejaron la capital mexicana por v\u00eda a\u00e9rea alrededor de las 20:00 horas\u00a0 y aterrizar\u00e1n cerca de la medianoche en la base a\u00e9rea de Andrews, a las afueras de Washington.<\/p>\n<p>Tras su paso por Guatemala, donde se entrevist\u00f3 con el presidente Alejandro Giammattei y la premio Nobel de la Paz en 1992, la l\u00edder ind\u00edgena Rigoberta Mench\u00fa, entre otras personalidades, la vicepresidenta estadounidense lleg\u00f3 el lunes a M\u00e9xico.<\/p>\n<p>En la capital mexicana, Harris se reuni\u00f3 este martes con el presidente Andr\u00e9s Manuel L\u00f3pez Obrador en Palacio Nacional.<\/p>\n<blockquote><p>\u201cEl encuentro con la vicepresidenta de Estados Unidos, Kamala Harris, fue trascendente, ben\u00e9fico para nuestros pueblos, y muy agradable\u201d, indic\u00f3 el mandatario en sus redes sociales.<\/p><\/blockquote>\n<p>Harris tambi\u00e9n se reuni\u00f3 con mujeres y l\u00edderes del sector laboral\u00a0y ofreci\u00f3 una conferencia de prensa en la califico como un \u201c\u00e9xito\u201d su viaje a Mexico y Guatemala porque consigui\u00f3 \u201cacuerdos espec\u00edficos\u201d para el desarrollo y la migraci\u00f3n.<\/p>\n<p>La primera visita oficial de Kamala Harris a M\u00e9xico estaba contemplada para abordar principalmente el fen\u00f3meno migratorio en ambas naciones.<\/p>\n<blockquote><p>\u201cLos Gobiernos de M\u00e9xico y Estados Unidos suscriben una visi\u00f3n humanista en com\u00fan, bajo la cual se buscan flujos migratorios ordenados, seguros y regulares en conjunto con mecanismos de cooperaci\u00f3n que hagan frente a las causas estructurales de la migraci\u00f3n\u201d, indic\u00f3 un comunicado del Gobierno mexicano.<\/p><\/blockquote>\n<p>La oficina de la Vicepresidencia estadounidense destac\u00f3 entre los principales acuerdos alcanzados este martes el inter\u00e9s de Estados Unidos en atraer inversiones en el rezagado sur de M\u00e9xico con una inversi\u00f3n de 250 millones de d\u00f3lares para impulsar cadenas de valor rurales en productos como el caf\u00e9 o el ecoturismo.<\/p>\n<p>Se crea tambi\u00e9n \u201cuna alianza estrat\u00e9gica para abordar la falta de oportunidades econ\u00f3micas en el norte de Centroam\u00e9rica\u201d y se reforzar\u00e1n los programas mexicanos -ya exportados a El Salvador, Honduras y Guatemala- en reforestaci\u00f3n y apoyo a j\u00f3venes\u201d.<\/p>\n<p>Tambi\u00e9n se acord\u00f3 \u201cestablecer un grupo operativo especializado en combatir el tr\u00e1fico y la trata de personas\u201d compartiendo inteligencia entre pa\u00edses para \u201cdesmantelar redes de contrabando\u201d, seg\u00fan el Gobierno<\/p>\n<p>En un anuncio inesperado, el Gobierno de Estados Unidos present\u00f3 una asociaci\u00f3n para resolver casos de desapariciones en M\u00e9xico, que suman m\u00e1s de 82.000 personas en el pa\u00eds latinoamericano.<\/p>\n<p>En la delegaci\u00f3n que acompa\u00f1\u00f3 a Harris a su gira estuvieron Juan Gonz\u00e1lez, asesor especial del presidente Joe Biden para Latinoam\u00e9rica, y Ricardo Z\u00fa\u00f1iga, enviado especial para el Tri\u00e1ngulo Norte de Centroam\u00e9rica.<\/p>\n<p>Con Informaci\u00f3n de EFE<\/p>\n","protected":false},"excerpt":{"rendered":"<p>Kamala Harris abandona M\u00e9xico a bordo del Air Force Two Por Carolina Alonso Romei Internacionalista&#8230;<\/p>\n","protected":false},"author":2,"featured_media":81878,"comment_status":"open","ping_status":"open","sticky":false,"template":"","format":"standard","meta":{"_monsterinsights_skip_tracking":false,"_monsterinsights_sitenote_active":false,"_monsterinsights_sitenote_note":"","_monsterinsights_sitenote_category":0,"footnotes":""},"categories":[1],"tags":[],"class_list":["post-81873","post","type-post","status-publish","format-standard","has-post-thumbnail","hentry","category-sin-categoria"],"yoast_head":"<!-- This site is optimized with the Yoast SEO plugin v27.3 - https:\/\/yoast.com\/product\/yoast-seo-wordpress\/ -->\n<title>Internacionales\/\/\/Carolina Alonso Romei\/\/\/Kamala Harris abandona M\u00e9xico a bordo del Air Force Two -<\/title>\n<meta name=\"robots\" content=\"index, follow, max-snippet:-1, max-image-preview:large, max-video-preview:-1\" \/>\n<link rel=\"canonical\" href=\"https:\/\/quehacerpolitico.mx\/?p=81873\" \/>\n<meta property=\"og:locale\" content=\"es_MX\" \/>\n<meta property=\"og:type\" content=\"article\" \/>\n<meta property=\"og:title\" content=\"Internacionales\/\/\/Carolina Alonso Romei\/\/\/Kamala Harris abandona M\u00e9xico a bordo del Air Force Two -\" \/>\n<meta property=\"og:description\" content=\"Kamala Harris abandona M\u00e9xico a bordo del Air Force Two Por Carolina Alonso Romei Internacionalista...\" \/>\n<meta property=\"og:url\" content=\"https:\/\/quehacerpolitico.mx\/?p=81873\" \/>\n<meta property=\"article:published_time\" content=\"2021-06-09T02:53:40+00:00\" \/>\n<meta property=\"og:image\" content=\"https:\/\/quehacerpolitico.mx\/wp-content\/uploads\/2021\/06\/BFB9AD45-EB53-4400-948F-397B441F3979.jpeg\" \/>\n\t<meta property=\"og:image:width\" content=\"414\" \/>\n\t<meta property=\"og:image:height\" content=\"274\" \/>\n\t<meta property=\"og:image:type\" content=\"image\/jpeg\" \/>\n<meta name=\"author\" content=\"Redacci\u00f3n QP\" \/>\n<meta name=\"twitter:card\" content=\"summary_large_image\" \/>\n<meta name=\"twitter:label1\" content=\"Escrito por\" \/>\n\t<meta name=\"twitter:data1\" content=\"Redacci\u00f3n QP\" \/>\n\t<meta name=\"twitter:label2\" content=\"Tiempo de lectura\" \/>\n\t<meta name=\"twitter:data2\" content=\"3 minutos\" \/>\n<script type=\"application\/ld+json\" class=\"yoast-schema-graph\">{\"@context\":\"https:\\\/\\\/schema.org\",\"@graph\":[{\"@type\":\"Article\",\"@id\":\"https:\\\/\\\/quehacerpolitico.mx\\\/?p=81873#article\",\"isPartOf\":{\"@id\":\"https:\\\/\\\/quehacerpolitico.mx\\\/?p=81873\"},\"author\":{\"name\":\"Redacci\u00f3n QP\",\"@id\":\"https:\\\/\\\/quehacerpolitico.mx\\\/#\\\/schema\\\/person\\\/496d8ad2d1d3f8036101dca7ee39e585\"},\"headline\":\"Internacionales\\\/\\\/\\\/Carolina Alonso Romei\\\/\\\/\\\/Kamala Harris abandona M\u00e9xico a bordo del Air Force Two\",\"datePublished\":\"2021-06-09T02:53:40+00:00\",\"mainEntityOfPage\":{\"@id\":\"https:\\\/\\\/quehacerpolitico.mx\\\/?p=81873\"},\"wordCount\":575,\"commentCount\":0,\"image\":{\"@id\":\"https:\\\/\\\/quehacerpolitico.mx\\\/?p=81873#primaryimage\"},\"thumbnailUrl\":\"https:\\\/\\\/quehacerpolitico.mx\\\/wp-content\\\/uploads\\\/2021\\\/06\\\/BFB9AD45-EB53-4400-948F-397B441F3979.jpeg\",\"articleSection\":[\"Internacionales\"],\"inLanguage\":\"es\",\"potentialAction\":[{\"@type\":\"CommentAction\",\"name\":\"Comment\",\"target\":[\"https:\\\/\\\/quehacerpolitico.mx\\\/?p=81873#respond\"]}]},{\"@type\":\"WebPage\",\"@id\":\"https:\\\/\\\/quehacerpolitico.mx\\\/?p=81873\",\"url\":\"https:\\\/\\\/quehacerpolitico.mx\\\/?p=81873\",\"name\":\"Internacionales\\\/\\\/\\\/Carolina Alonso Romei\\\/\\\/\\\/Kamala Harris abandona M\u00e9xico a bordo del Air Force Two -\",\"isPartOf\":{\"@id\":\"https:\\\/\\\/quehacerpolitico.mx\\\/#website\"},\"primaryImageOfPage\":{\"@id\":\"https:\\\/\\\/quehacerpolitico.mx\\\/?p=81873#primaryimage\"},\"image\":{\"@id\":\"https:\\\/\\\/quehacerpolitico.mx\\\/?p=81873#primaryimage\"},\"thumbnailUrl\":\"https:\\\/\\\/quehacerpolitico.mx\\\/wp-content\\\/uploads\\\/2021\\\/06\\\/BFB9AD45-EB53-4400-948F-397B441F3979.jpeg\",\"datePublished\":\"2021-06-09T02:53:40+00:00\",\"author\":{\"@id\":\"https:\\\/\\\/quehacerpolitico.mx\\\/#\\\/schema\\\/person\\\/496d8ad2d1d3f8036101dca7ee39e585\"},\"breadcrumb\":{\"@id\":\"https:\\\/\\\/quehacerpolitico.mx\\\/?p=81873#breadcrumb\"},\"inLanguage\":\"es\",\"potentialAction\":[{\"@type\":\"ReadAction\",\"target\":[\"https:\\\/\\\/quehacerpolitico.mx\\\/?p=81873\"]}]},{\"@type\":\"ImageObject\",\"inLanguage\":\"es\",\"@id\":\"https:\\\/\\\/quehacerpolitico.mx\\\/?p=81873#primaryimage\",\"url\":\"https:\\\/\\\/quehacerpolitico.mx\\\/wp-content\\\/uploads\\\/2021\\\/06\\\/BFB9AD45-EB53-4400-948F-397B441F3979.jpeg\",\"contentUrl\":\"https:\\\/\\\/quehacerpolitico.mx\\\/wp-content\\\/uploads\\\/2021\\\/06\\\/BFB9AD45-EB53-4400-948F-397B441F3979.jpeg\",\"width\":414,\"height\":274},{\"@type\":\"BreadcrumbList\",\"@id\":\"https:\\\/\\\/quehacerpolitico.mx\\\/?p=81873#breadcrumb\",\"itemListElement\":[{\"@type\":\"ListItem\",\"position\":1,\"name\":\"Inicio\",\"item\":\"https:\\\/\\\/quehacerpolitico.mx\\\/\"},{\"@type\":\"ListItem\",\"position\":2,\"name\":\"Internacionales\\\/\\\/\\\/Carolina Alonso Romei\\\/\\\/\\\/Kamala Harris abandona M\u00e9xico a bordo del Air Force Two\"}]},{\"@type\":\"WebSite\",\"@id\":\"https:\\\/\\\/quehacerpolitico.mx\\\/#website\",\"url\":\"https:\\\/\\\/quehacerpolitico.mx\\\/\",\"name\":\"\",\"description\":\"\",\"potentialAction\":[{\"@type\":\"SearchAction\",\"target\":{\"@type\":\"EntryPoint\",\"urlTemplate\":\"https:\\\/\\\/quehacerpolitico.mx\\\/?s={search_term_string}\"},\"query-input\":{\"@type\":\"PropertyValueSpecification\",\"valueRequired\":true,\"valueName\":\"search_term_string\"}}],\"inLanguage\":\"es\"},{\"@type\":\"Person\",\"@id\":\"https:\\\/\\\/quehacerpolitico.mx\\\/#\\\/schema\\\/person\\\/496d8ad2d1d3f8036101dca7ee39e585\",\"name\":\"Redacci\u00f3n QP\",\"image\":{\"@type\":\"ImageObject\",\"inLanguage\":\"es\",\"@id\":\"https:\\\/\\\/secure.gravatar.com\\\/avatar\\\/c7164ed6fdec453195284ad24a5ae5b6e1eed2b848477fa2a4787ba9adf39a41?s=96&d=mm&r=g\",\"url\":\"https:\\\/\\\/secure.gravatar.com\\\/avatar\\\/c7164ed6fdec453195284ad24a5ae5b6e1eed2b848477fa2a4787ba9adf39a41?s=96&d=mm&r=g\",\"contentUrl\":\"https:\\\/\\\/secure.gravatar.com\\\/avatar\\\/c7164ed6fdec453195284ad24a5ae5b6e1eed2b848477fa2a4787ba9adf39a41?s=96&d=mm&r=g\",\"caption\":\"Redacci\u00f3n QP\"},\"url\":\"https:\\\/\\\/quehacerpolitico.mx\\\/?author=2\"}]}<\/script>\n<!-- \/ Yoast SEO plugin. -->","yoast_head_json":{"title":"Internacionales\/\/\/Carolina Alonso Romei\/\/\/Kamala Harris abandona M\u00e9xico a bordo del Air Force Two -","robots":{"index":"index","follow":"follow","max-snippet":"max-snippet:-1","max-image-preview":"max-image-preview:large","max-video-preview":"max-video-preview:-1"},"canonical":"https:\/\/quehacerpolitico.mx\/?p=81873","og_locale":"es_MX","og_type":"article","og_title":"Internacionales\/\/\/Carolina Alonso Romei\/\/\/Kamala Harris abandona M\u00e9xico a bordo del Air Force Two -","og_description":"Kamala Harris abandona M\u00e9xico a bordo del Air Force Two Por Carolina Alonso Romei Internacionalista...","og_url":"https:\/\/quehacerpolitico.mx\/?p=81873","article_published_time":"2021-06-09T02:53:40+00:00","og_image":[{"width":414,"height":274,"url":"https:\/\/quehacerpolitico.mx\/wp-content\/uploads\/2021\/06\/BFB9AD45-EB53-4400-948F-397B441F3979.jpeg","type":"image\/jpeg"}],"author":"Redacci\u00f3n QP","twitter_card":"summary_large_image","twitter_misc":{"Escrito por":"Redacci\u00f3n QP","Tiempo de lectura":"3 minutos"},"schema":{"@context":"https:\/\/schema.org","@graph":[{"@type":"Article","@id":"https:\/\/quehacerpolitico.mx\/?p=81873#article","isPartOf":{"@id":"https:\/\/quehacerpolitico.mx\/?p=81873"},"author":{"name":"Redacci\u00f3n QP","@id":"https:\/\/quehacerpolitico.mx\/#\/schema\/person\/496d8ad2d1d3f8036101dca7ee39e585"},"headline":"Internacionales\/\/\/Carolina Alonso Romei\/\/\/Kamala Harris abandona M\u00e9xico a bordo del Air Force Two","datePublished":"2021-06-09T02:53:40+00:00","mainEntityOfPage":{"@id":"https:\/\/quehacerpolitico.mx\/?p=81873"},"wordCount":575,"commentCount":0,"image":{"@id":"https:\/\/quehacerpolitico.mx\/?p=81873#primaryimage"},"thumbnailUrl":"https:\/\/quehacerpolitico.mx\/wp-content\/uploads\/2021\/06\/BFB9AD45-EB53-4400-948F-397B441F3979.jpeg","articleSection":["Internacionales"],"inLanguage":"es","potentialAction":[{"@type":"CommentAction","name":"Comment","target":["https:\/\/quehacerpolitico.mx\/?p=81873#respond"]}]},{"@type":"WebPage","@id":"https:\/\/quehacerpolitico.mx\/?p=81873","url":"https:\/\/quehacerpolitico.mx\/?p=81873","name":"Internacionales\/\/\/Carolina Alonso Romei\/\/\/Kamala Harris abandona M\u00e9xico a bordo del Air Force Two -","isPartOf":{"@id":"https:\/\/quehacerpolitico.mx\/#website"},"primaryImageOfPage":{"@id":"https:\/\/quehacerpolitico.mx\/?p=81873#primaryimage"},"image":{"@id":"https:\/\/quehacerpolitico.mx\/?p=81873#primaryimage"},"thumbnailUrl":"https:\/\/quehacerpolitico.mx\/wp-content\/uploads\/2021\/06\/BFB9AD45-EB53-4400-948F-397B441F3979.jpeg","datePublished":"2021-06-09T02:53:40+00:00","author":{"@id":"https:\/\/quehacerpolitico.mx\/#\/schema\/person\/496d8ad2d1d3f8036101dca7ee39e585"},"breadcrumb":{"@id":"https:\/\/quehacerpolitico.mx\/?p=81873#breadcrumb"},"inLanguage":"es","potentialAction":[{"@type":"ReadAction","target":["https:\/\/quehacerpolitico.mx\/?p=81873"]}]},{"@type":"ImageObject","inLanguage":"es","@id":"https:\/\/quehacerpolitico.mx\/?p=81873#primaryimage","url":"https:\/\/quehacerpolitico.mx\/wp-content\/uploads\/2021\/06\/BFB9AD45-EB53-4400-948F-397B441F3979.jpeg","contentUrl":"https:\/\/quehacerpolitico.mx\/wp-content\/uploads\/2021\/06\/BFB9AD45-EB53-4400-948F-397B441F3979.jpeg","width":414,"height":274},{"@type":"BreadcrumbList","@id":"https:\/\/quehacerpolitico.mx\/?p=81873#breadcrumb","itemListElement":[{"@type":"ListItem","position":1,"name":"Inicio","item":"https:\/\/quehacerpolitico.mx\/"},{"@type":"ListItem","position":2,"name":"Internacionales\/\/\/Carolina Alonso Romei\/\/\/Kamala Harris abandona M\u00e9xico a bordo del Air Force Two"}]},{"@type":"WebSite","@id":"https:\/\/quehacerpolitico.mx\/#website","url":"https:\/\/quehacerpolitico.mx\/","name":"","description":"","potentialAction":[{"@type":"SearchAction","target":{"@type":"EntryPoint","urlTemplate":"https:\/\/quehacerpolitico.mx\/?s={search_term_string}"},"query-input":{"@type":"PropertyValueSpecification","valueRequired":true,"valueName":"search_term_string"}}],"inLanguage":"es"},{"@type":"Person","@id":"https:\/\/quehacerpolitico.mx\/#\/schema\/person\/496d8ad2d1d3f8036101dca7ee39e585","name":"Redacci\u00f3n QP","image":{"@type":"ImageObject","inLanguage":"es","@id":"https:\/\/secure.gravatar.com\/avatar\/c7164ed6fdec453195284ad24a5ae5b6e1eed2b848477fa2a4787ba9adf39a41?s=96&d=mm&r=g","url":"https:\/\/secure.gravatar.com\/avatar\/c7164ed6fdec453195284ad24a5ae5b6e1eed2b848477fa2a4787ba9adf39a41?s=96&d=mm&r=g","contentUrl":"https:\/\/secure.gravatar.com\/avatar\/c7164ed6fdec453195284ad24a5ae5b6e1eed2b848477fa2a4787ba9adf39a41?s=96&d=mm&r=g","caption":"Redacci\u00f3n QP"},"url":"https:\/\/quehacerpolitico.mx\/?author=2"}]}},"featured_image_urls":{"full":["https:\/\/quehacerpolitico.mx\/wp-content\/uploads\/2021\/06\/BFB9AD45-EB53-4400-948F-397B441F3979.jpeg",414,274,false],"thumbnail":["https:\/\/quehacerpolitico.mx\/wp-content\/uploads\/2021\/06\/BFB9AD45-EB53-4400-948F-397B441F3979-150x150.jpeg",150,150,true],"medium":["https:\/\/quehacerpolitico.mx\/wp-content\/uploads\/2021\/06\/BFB9AD45-EB53-4400-948F-397B441F3979-300x199.jpeg",300,199,true],"medium_large":["https:\/\/quehacerpolitico.mx\/wp-content\/uploads\/2021\/06\/BFB9AD45-EB53-4400-948F-397B441F3979.jpeg",414,274,false],"large":["https:\/\/quehacerpolitico.mx\/wp-content\/uploads\/2021\/06\/BFB9AD45-EB53-4400-948F-397B441F3979.jpeg",414,274,false],"1536x1536":["https:\/\/quehacerpolitico.mx\/wp-content\/uploads\/2021\/06\/BFB9AD45-EB53-4400-948F-397B441F3979.jpeg",414,274,false],"2048x2048":["https:\/\/quehacerpolitico.mx\/wp-content\/uploads\/2021\/06\/BFB9AD45-EB53-4400-948F-397B441F3979.jpeg",414,274,false],"covernews-featured":["https:\/\/quehacerpolitico.mx\/wp-content\/uploads\/2021\/06\/BFB9AD45-EB53-4400-948F-397B441F3979.jpeg",414,274,false],"covernews-medium":["https:\/\/quehacerpolitico.mx\/wp-content\/uploads\/2021\/06\/BFB9AD45-EB53-4400-948F-397B441F3979.jpeg",414,274,false]},"author_info":{"display_name":"Redacci\u00f3n QP","author_link":"https:\/\/quehacerpolitico.mx\/?author=2"},"category_info":"<a href=\"https:\/\/quehacerpolitico.mx\/?cat=1\" rel=\"category\">Internacionales<\/a>","tag_info":"Internacionales","comment_count":"0","_links":{"self":[{"href":"https:\/\/quehacerpolitico.mx\/index.php?rest_route=\/wp\/v2\/posts\/81873","targetHints":{"allow":["GET"]}}],"collection":[{"href":"https:\/\/quehacerpolitico.mx\/index.php?rest_route=\/wp\/v2\/posts"}],"about":[{"href":"https:\/\/quehacerpolitico.mx\/index.php?rest_route=\/wp\/v2\/types\/post"}],"author":[{"embeddable":true,"href":"https:\/\/quehacerpolitico.mx\/index.php?rest_route=\/wp\/v2\/users\/2"}],"replies":[{"embeddable":true,"href":"https:\/\/quehacerpolitico.mx\/index.php?rest_route=%2Fwp%2Fv2%2Fcomments&post=81873"}],"version-history":[{"count":0,"href":"https:\/\/quehacerpolitico.mx\/index.php?rest_route=\/wp\/v2\/posts\/81873\/revisions"}],"wp:featuredmedia":[{"embeddable":true,"href":"https:\/\/quehacerpolitico.mx\/index.php?rest_route=\/wp\/v2\/media\/81878"}],"wp:attachment":[{"href":"https:\/\/quehacerpolitico.mx\/index.php?rest_route=%2Fwp%2Fv2%2Fmedia&parent=81873"}],"wp:term":[{"taxonomy":"category","embeddable":true,"href":"https:\/\/quehacerpolitico.mx\/index.php?rest_route=%2Fwp%2Fv2%2Fcategories&post=81873"},{"taxonomy":"post_tag","embeddable":true,"href":"https:\/\/quehacerpolitico.mx\/index.php?rest_route=%2Fwp%2Fv2%2Ftags&post=81873"}],"curies":[{"name":"wp","href":"https:\/\/api.w.org\/{rel}","templated":true}]}}