{"id":81864,"date":"2021-06-09T01:29:01","date_gmt":"2021-06-09T01:29:01","guid":{"rendered":"https:\/\/quehacerpolitico.mx\/?p=81864"},"modified":"2021-06-09T01:29:01","modified_gmt":"2021-06-09T01:29:01","slug":"internacionales-carolina-alonso-romei-harris-reconoce-retos-compartidos-de-eeuu-y-mexico-en-reunion-con-empresarias","status":"publish","type":"post","link":"https:\/\/quehacerpolitico.mx\/?p=81864","title":{"rendered":"Internacionales\/\/\/Carolina Alonso Romei\/\/\/Harris reconoce retos compartidos de EEUU y M\u00e9xico en reuni\u00f3n con empresarias"},"content":{"rendered":"<h1 class=\"article_title\">Harris reconoce retos compartidos de EEUU y M\u00e9xico en reuni\u00f3n con empresarias<br \/>\nPor Carolina Alonso Romei<\/h1>\n<p>Internacionalista<\/p>\n<p>\u201cTenemos mucho trabajo que hacer, en t\u00e9rminos de paridad, cuando vemos a la desigualdad salarial, por ejemplo, tenemos mucho trabajo que hacer, especialmente si los analizamos por sueldo\u201d, manifest\u00f3 Kamala Harris<\/p>\n<p>La vicepresidenta de Estados Unidos, Kamala Harris, reconoci\u00f3 este martes que existen retos de g\u00e9nero compartidos, como disparidad salarial y desigualdad, en su <strong>reuni\u00f3n con mujeres empresarias<\/strong> en M\u00e9xico.<\/p>\n<p>\u201cTenemos mucho trabajo que hacer, en t\u00e9rminos de paridad, cuando vemos a la desigualdad salarial, por ejemplo, tenemos mucho trabajo que hacer, especialmente si los analizamos por sueldo\u201d, manifest\u00f3 al inicio del evento en un hotel de Ciudad de M\u00e9xico.<\/p>\n<p><strong>Kamala Harris<\/strong>, quien realiza una visita desde la noche del lunes hasta el martes en M\u00e9xico para abordar migraci\u00f3n y cooperaci\u00f3n econ\u00f3mica, se reuni\u00f3 con l\u00edderes empresariales para conocer sus experiencias y analizar posibilidades de colaboraci\u00f3n.<\/p>\n<blockquote class=\"twitter-tweet\" data-width=\"550\" data-dnt=\"true\">\n<p lang=\"en\" dir=\"ltr\">Mexico made important progress by passing labor reforms to advance the rights of workers\u2014and the U.S. is supporting the implementation. I met with labor leaders in Mexico to express our nation\u2019s solidarity with them. Because when workers are strong, our economies are strong. <a href=\"https:\/\/t.co\/zsi2XLyIuo\">pic.twitter.com\/zsi2XLyIuo<\/a><\/p>\n<p>&mdash; Vice President Kamala Harris (@VP) <a href=\"https:\/\/twitter.com\/VP\/status\/1402410336892948484?ref_src=twsrc%5Etfw\">June 8, 2021<\/a><\/p><\/blockquote>\n<p><script async src=\"https:\/\/platform.twitter.com\/widgets.js\" charset=\"utf-8\"><\/script><\/p>\n<p>Entre las asistentes estuvieron Paula Santilli, directora general de PepsiCo Latinoam\u00e9rica; Michelle Ferrari, presidenta del Foro de Mujeres Iberoamericano, y Frissia Monsiv\u00e1is, presidenta y fundadora de We.Men.<\/p>\n<p>\u201cCreo que todos estamos de acuerdo en que cuando elevamos las condiciones econ\u00f3micas de las mujeres, elevamos las condiciones econ\u00f3micas de las familias, vecindarios, comunidades y toda la sociedad se beneficia\u201d, sostuvo la vicepresidenta.<\/p>\n<p><iframe loading=\"lazy\" title=\"Kamala Harris da conferencia de prensa en M\u00e9xico\" width=\"640\" height=\"360\" src=\"https:\/\/www.youtube.com\/embed\/2Hc5R6_PUfo?feature=oembed\" frameborder=\"0\" allow=\"accelerometer; autoplay; clipboard-write; encrypted-media; gyroscope; picture-in-picture; web-share\" referrerpolicy=\"strict-origin-when-cross-origin\" allowfullscreen><\/iframe><\/p>\n<p>Antes, Harris anunci\u00f3 un paquete asistencia y pr\u00e9stamos de Estados Unidos para atraer inversi\u00f3n por 250 millones de d\u00f3lares en el sur-sureste de M\u00e9xico, una de las prioridades del presidente Andr\u00e9s Manuel L\u00f3pez Obrador.<\/p>\n<p>Tambi\u00e9n revel\u00f3 un apoyo de 130 millones de d\u00f3lares para que M\u00e9xico implemente la reforma laboral, esencial para el nuevo Tratado entre M\u00e9xico, Estados Unidos y Canad\u00e1 (T-MEC).<\/p>\n<p>Con L\u00f3pez Obrador en Palacio Nacional, Harris presenci\u00f3 la firma de un memorando de entendimiento entre ambos pa\u00edses para abordar la cooperaci\u00f3n y las causas de la migraci\u00f3n.<\/p>\n<p>Adem\u00e1s, se comprometi\u00f3 a apoyar la expansi\u00f3n de programas sociales de M\u00e9xico a Centroam\u00e9rica, como uno de j\u00f3venes aprendices profesionales y otro en reforestaci\u00f3n.<\/p>\n<p>Ante las empresarias, Harris hizo una conexi\u00f3n entre el desarrollo econ\u00f3mico de las mujeres y su seguridad en el encuentro, en el que tambi\u00e9n estuvieron Nancy McEldowney, asesora de seguridad nacional de la vicepresidenta, y John S. Creamer, encargado de negocios de la Embajada de Washington en M\u00e9xico.<\/p>\n<p>\u201cUna de las cosas, sea ese el caso o no, que sabemos que empodera a la mujer es que tengan seguridad econ\u00f3mica e independencia, para que no dependan de las situaciones o circunstancias\u201d, manifest\u00f3.<\/p>\n<p>Previo a la reuni\u00f3n, Frissia Monsiv\u00e1is explic\u00f3 a Efe que expondr\u00edan la relaci\u00f3n entre el emprendimiento, el empoderamiento econ\u00f3mico de las mujeres y la migraci\u00f3n.<\/p>\n<p>Monsiv\u00e1is reconoci\u00f3 el perfil de <strong>Harris<\/strong> y su compromiso con la diversidad, por lo que se mostr\u00f3 confiada en que escuchar\u00eda sus propuestas.<\/p>\n<p>Despu\u00e9s del <strong>encuentro con las mujeres<\/strong>, la vicepresidenta tendr\u00eda un encuentro con l\u00edderes sindicales para abordar los derechos laborales en M\u00e9xico, un aspecto clave para los sindicatos estadounidenses.<\/p>\n<p>Con informaci\u00f3n de EFE<\/p>\n","protected":false},"excerpt":{"rendered":"<p>Harris reconoce retos compartidos de EEUU y M\u00e9xico en reuni\u00f3n con empresarias Por Carolina Alonso&#8230;<\/p>\n","protected":false},"author":2,"featured_media":81866,"comment_status":"open","ping_status":"open","sticky":false,"template":"","format":"standard","meta":{"_monsterinsights_skip_tracking":false,"_monsterinsights_sitenote_active":false,"_monsterinsights_sitenote_note":"","_monsterinsights_sitenote_category":0,"footnotes":""},"categories":[1],"tags":[],"class_list":["post-81864","post","type-post","status-publish","format-standard","has-post-thumbnail","hentry","category-sin-categoria"],"yoast_head":"<!-- This site is optimized with the Yoast SEO plugin v27.3 - https:\/\/yoast.com\/product\/yoast-seo-wordpress\/ -->\n<title>Internacionales\/\/\/Carolina Alonso Romei\/\/\/Harris reconoce retos compartidos de EEUU y M\u00e9xico en reuni\u00f3n con empresarias -<\/title>\n<meta name=\"robots\" content=\"index, follow, max-snippet:-1, max-image-preview:large, max-video-preview:-1\" \/>\n<link rel=\"canonical\" href=\"https:\/\/quehacerpolitico.mx\/?p=81864\" \/>\n<meta property=\"og:locale\" content=\"es_MX\" \/>\n<meta property=\"og:type\" content=\"article\" \/>\n<meta property=\"og:title\" content=\"Internacionales\/\/\/Carolina Alonso Romei\/\/\/Harris reconoce retos compartidos de EEUU y M\u00e9xico en reuni\u00f3n con empresarias -\" \/>\n<meta property=\"og:description\" content=\"Harris reconoce retos compartidos de EEUU y M\u00e9xico en reuni\u00f3n con empresarias Por Carolina Alonso...\" \/>\n<meta property=\"og:url\" content=\"https:\/\/quehacerpolitico.mx\/?p=81864\" \/>\n<meta property=\"article:published_time\" content=\"2021-06-09T01:29:01+00:00\" \/>\n<meta property=\"og:image\" content=\"https:\/\/quehacerpolitico.mx\/wp-content\/uploads\/2021\/06\/FCE5F291-4EA5-495A-8AE3-9BF81EF7CE36.jpeg\" \/>\n\t<meta property=\"og:image:width\" content=\"1024\" \/>\n\t<meta property=\"og:image:height\" content=\"506\" \/>\n\t<meta property=\"og:image:type\" content=\"image\/jpeg\" \/>\n<meta name=\"author\" content=\"Redacci\u00f3n QP\" \/>\n<meta name=\"twitter:card\" content=\"summary_large_image\" \/>\n<meta name=\"twitter:label1\" content=\"Escrito por\" \/>\n\t<meta name=\"twitter:data1\" content=\"Redacci\u00f3n QP\" \/>\n\t<meta name=\"twitter:label2\" content=\"Tiempo de lectura\" \/>\n\t<meta name=\"twitter:data2\" content=\"3 minutos\" \/>\n<script type=\"application\/ld+json\" class=\"yoast-schema-graph\">{\"@context\":\"https:\\\/\\\/schema.org\",\"@graph\":[{\"@type\":\"Article\",\"@id\":\"https:\\\/\\\/quehacerpolitico.mx\\\/?p=81864#article\",\"isPartOf\":{\"@id\":\"https:\\\/\\\/quehacerpolitico.mx\\\/?p=81864\"},\"author\":{\"name\":\"Redacci\u00f3n QP\",\"@id\":\"https:\\\/\\\/quehacerpolitico.mx\\\/#\\\/schema\\\/person\\\/496d8ad2d1d3f8036101dca7ee39e585\"},\"headline\":\"Internacionales\\\/\\\/\\\/Carolina Alonso Romei\\\/\\\/\\\/Harris reconoce retos compartidos de EEUU y M\u00e9xico en reuni\u00f3n con empresarias\",\"datePublished\":\"2021-06-09T01:29:01+00:00\",\"mainEntityOfPage\":{\"@id\":\"https:\\\/\\\/quehacerpolitico.mx\\\/?p=81864\"},\"wordCount\":575,\"commentCount\":0,\"image\":{\"@id\":\"https:\\\/\\\/quehacerpolitico.mx\\\/?p=81864#primaryimage\"},\"thumbnailUrl\":\"https:\\\/\\\/quehacerpolitico.mx\\\/wp-content\\\/uploads\\\/2021\\\/06\\\/FCE5F291-4EA5-495A-8AE3-9BF81EF7CE36.jpeg\",\"articleSection\":[\"Internacionales\"],\"inLanguage\":\"es\",\"potentialAction\":[{\"@type\":\"CommentAction\",\"name\":\"Comment\",\"target\":[\"https:\\\/\\\/quehacerpolitico.mx\\\/?p=81864#respond\"]}]},{\"@type\":\"WebPage\",\"@id\":\"https:\\\/\\\/quehacerpolitico.mx\\\/?p=81864\",\"url\":\"https:\\\/\\\/quehacerpolitico.mx\\\/?p=81864\",\"name\":\"Internacionales\\\/\\\/\\\/Carolina Alonso Romei\\\/\\\/\\\/Harris reconoce retos compartidos de EEUU y M\u00e9xico en reuni\u00f3n con empresarias -\",\"isPartOf\":{\"@id\":\"https:\\\/\\\/quehacerpolitico.mx\\\/#website\"},\"primaryImageOfPage\":{\"@id\":\"https:\\\/\\\/quehacerpolitico.mx\\\/?p=81864#primaryimage\"},\"image\":{\"@id\":\"https:\\\/\\\/quehacerpolitico.mx\\\/?p=81864#primaryimage\"},\"thumbnailUrl\":\"https:\\\/\\\/quehacerpolitico.mx\\\/wp-content\\\/uploads\\\/2021\\\/06\\\/FCE5F291-4EA5-495A-8AE3-9BF81EF7CE36.jpeg\",\"datePublished\":\"2021-06-09T01:29:01+00:00\",\"author\":{\"@id\":\"https:\\\/\\\/quehacerpolitico.mx\\\/#\\\/schema\\\/person\\\/496d8ad2d1d3f8036101dca7ee39e585\"},\"breadcrumb\":{\"@id\":\"https:\\\/\\\/quehacerpolitico.mx\\\/?p=81864#breadcrumb\"},\"inLanguage\":\"es\",\"potentialAction\":[{\"@type\":\"ReadAction\",\"target\":[\"https:\\\/\\\/quehacerpolitico.mx\\\/?p=81864\"]}]},{\"@type\":\"ImageObject\",\"inLanguage\":\"es\",\"@id\":\"https:\\\/\\\/quehacerpolitico.mx\\\/?p=81864#primaryimage\",\"url\":\"https:\\\/\\\/quehacerpolitico.mx\\\/wp-content\\\/uploads\\\/2021\\\/06\\\/FCE5F291-4EA5-495A-8AE3-9BF81EF7CE36.jpeg\",\"contentUrl\":\"https:\\\/\\\/quehacerpolitico.mx\\\/wp-content\\\/uploads\\\/2021\\\/06\\\/FCE5F291-4EA5-495A-8AE3-9BF81EF7CE36.jpeg\",\"width\":1024,\"height\":506},{\"@type\":\"BreadcrumbList\",\"@id\":\"https:\\\/\\\/quehacerpolitico.mx\\\/?p=81864#breadcrumb\",\"itemListElement\":[{\"@type\":\"ListItem\",\"position\":1,\"name\":\"Inicio\",\"item\":\"https:\\\/\\\/quehacerpolitico.mx\\\/\"},{\"@type\":\"ListItem\",\"position\":2,\"name\":\"Internacionales\\\/\\\/\\\/Carolina Alonso Romei\\\/\\\/\\\/Harris reconoce retos compartidos de EEUU y M\u00e9xico en reuni\u00f3n con empresarias\"}]},{\"@type\":\"WebSite\",\"@id\":\"https:\\\/\\\/quehacerpolitico.mx\\\/#website\",\"url\":\"https:\\\/\\\/quehacerpolitico.mx\\\/\",\"name\":\"\",\"description\":\"\",\"potentialAction\":[{\"@type\":\"SearchAction\",\"target\":{\"@type\":\"EntryPoint\",\"urlTemplate\":\"https:\\\/\\\/quehacerpolitico.mx\\\/?s={search_term_string}\"},\"query-input\":{\"@type\":\"PropertyValueSpecification\",\"valueRequired\":true,\"valueName\":\"search_term_string\"}}],\"inLanguage\":\"es\"},{\"@type\":\"Person\",\"@id\":\"https:\\\/\\\/quehacerpolitico.mx\\\/#\\\/schema\\\/person\\\/496d8ad2d1d3f8036101dca7ee39e585\",\"name\":\"Redacci\u00f3n QP\",\"image\":{\"@type\":\"ImageObject\",\"inLanguage\":\"es\",\"@id\":\"https:\\\/\\\/secure.gravatar.com\\\/avatar\\\/c7164ed6fdec453195284ad24a5ae5b6e1eed2b848477fa2a4787ba9adf39a41?s=96&d=mm&r=g\",\"url\":\"https:\\\/\\\/secure.gravatar.com\\\/avatar\\\/c7164ed6fdec453195284ad24a5ae5b6e1eed2b848477fa2a4787ba9adf39a41?s=96&d=mm&r=g\",\"contentUrl\":\"https:\\\/\\\/secure.gravatar.com\\\/avatar\\\/c7164ed6fdec453195284ad24a5ae5b6e1eed2b848477fa2a4787ba9adf39a41?s=96&d=mm&r=g\",\"caption\":\"Redacci\u00f3n QP\"},\"url\":\"https:\\\/\\\/quehacerpolitico.mx\\\/?author=2\"}]}<\/script>\n<!-- \/ Yoast SEO plugin. -->","yoast_head_json":{"title":"Internacionales\/\/\/Carolina Alonso Romei\/\/\/Harris reconoce retos compartidos de EEUU y M\u00e9xico en reuni\u00f3n con empresarias -","robots":{"index":"index","follow":"follow","max-snippet":"max-snippet:-1","max-image-preview":"max-image-preview:large","max-video-preview":"max-video-preview:-1"},"canonical":"https:\/\/quehacerpolitico.mx\/?p=81864","og_locale":"es_MX","og_type":"article","og_title":"Internacionales\/\/\/Carolina Alonso Romei\/\/\/Harris reconoce retos compartidos de EEUU y M\u00e9xico en reuni\u00f3n con empresarias -","og_description":"Harris reconoce retos compartidos de EEUU y M\u00e9xico en reuni\u00f3n con empresarias Por Carolina Alonso...","og_url":"https:\/\/quehacerpolitico.mx\/?p=81864","article_published_time":"2021-06-09T01:29:01+00:00","og_image":[{"width":1024,"height":506,"url":"https:\/\/quehacerpolitico.mx\/wp-content\/uploads\/2021\/06\/FCE5F291-4EA5-495A-8AE3-9BF81EF7CE36.jpeg","type":"image\/jpeg"}],"author":"Redacci\u00f3n QP","twitter_card":"summary_large_image","twitter_misc":{"Escrito por":"Redacci\u00f3n QP","Tiempo de lectura":"3 minutos"},"schema":{"@context":"https:\/\/schema.org","@graph":[{"@type":"Article","@id":"https:\/\/quehacerpolitico.mx\/?p=81864#article","isPartOf":{"@id":"https:\/\/quehacerpolitico.mx\/?p=81864"},"author":{"name":"Redacci\u00f3n QP","@id":"https:\/\/quehacerpolitico.mx\/#\/schema\/person\/496d8ad2d1d3f8036101dca7ee39e585"},"headline":"Internacionales\/\/\/Carolina Alonso Romei\/\/\/Harris reconoce retos compartidos de EEUU y M\u00e9xico en reuni\u00f3n con empresarias","datePublished":"2021-06-09T01:29:01+00:00","mainEntityOfPage":{"@id":"https:\/\/quehacerpolitico.mx\/?p=81864"},"wordCount":575,"commentCount":0,"image":{"@id":"https:\/\/quehacerpolitico.mx\/?p=81864#primaryimage"},"thumbnailUrl":"https:\/\/quehacerpolitico.mx\/wp-content\/uploads\/2021\/06\/FCE5F291-4EA5-495A-8AE3-9BF81EF7CE36.jpeg","articleSection":["Internacionales"],"inLanguage":"es","potentialAction":[{"@type":"CommentAction","name":"Comment","target":["https:\/\/quehacerpolitico.mx\/?p=81864#respond"]}]},{"@type":"WebPage","@id":"https:\/\/quehacerpolitico.mx\/?p=81864","url":"https:\/\/quehacerpolitico.mx\/?p=81864","name":"Internacionales\/\/\/Carolina Alonso Romei\/\/\/Harris reconoce retos compartidos de EEUU y M\u00e9xico en reuni\u00f3n con empresarias -","isPartOf":{"@id":"https:\/\/quehacerpolitico.mx\/#website"},"primaryImageOfPage":{"@id":"https:\/\/quehacerpolitico.mx\/?p=81864#primaryimage"},"image":{"@id":"https:\/\/quehacerpolitico.mx\/?p=81864#primaryimage"},"thumbnailUrl":"https:\/\/quehacerpolitico.mx\/wp-content\/uploads\/2021\/06\/FCE5F291-4EA5-495A-8AE3-9BF81EF7CE36.jpeg","datePublished":"2021-06-09T01:29:01+00:00","author":{"@id":"https:\/\/quehacerpolitico.mx\/#\/schema\/person\/496d8ad2d1d3f8036101dca7ee39e585"},"breadcrumb":{"@id":"https:\/\/quehacerpolitico.mx\/?p=81864#breadcrumb"},"inLanguage":"es","potentialAction":[{"@type":"ReadAction","target":["https:\/\/quehacerpolitico.mx\/?p=81864"]}]},{"@type":"ImageObject","inLanguage":"es","@id":"https:\/\/quehacerpolitico.mx\/?p=81864#primaryimage","url":"https:\/\/quehacerpolitico.mx\/wp-content\/uploads\/2021\/06\/FCE5F291-4EA5-495A-8AE3-9BF81EF7CE36.jpeg","contentUrl":"https:\/\/quehacerpolitico.mx\/wp-content\/uploads\/2021\/06\/FCE5F291-4EA5-495A-8AE3-9BF81EF7CE36.jpeg","width":1024,"height":506},{"@type":"BreadcrumbList","@id":"https:\/\/quehacerpolitico.mx\/?p=81864#breadcrumb","itemListElement":[{"@type":"ListItem","position":1,"name":"Inicio","item":"https:\/\/quehacerpolitico.mx\/"},{"@type":"ListItem","position":2,"name":"Internacionales\/\/\/Carolina Alonso Romei\/\/\/Harris reconoce retos compartidos de EEUU y M\u00e9xico en reuni\u00f3n con empresarias"}]},{"@type":"WebSite","@id":"https:\/\/quehacerpolitico.mx\/#website","url":"https:\/\/quehacerpolitico.mx\/","name":"","description":"","potentialAction":[{"@type":"SearchAction","target":{"@type":"EntryPoint","urlTemplate":"https:\/\/quehacerpolitico.mx\/?s={search_term_string}"},"query-input":{"@type":"PropertyValueSpecification","valueRequired":true,"valueName":"search_term_string"}}],"inLanguage":"es"},{"@type":"Person","@id":"https:\/\/quehacerpolitico.mx\/#\/schema\/person\/496d8ad2d1d3f8036101dca7ee39e585","name":"Redacci\u00f3n QP","image":{"@type":"ImageObject","inLanguage":"es","@id":"https:\/\/secure.gravatar.com\/avatar\/c7164ed6fdec453195284ad24a5ae5b6e1eed2b848477fa2a4787ba9adf39a41?s=96&d=mm&r=g","url":"https:\/\/secure.gravatar.com\/avatar\/c7164ed6fdec453195284ad24a5ae5b6e1eed2b848477fa2a4787ba9adf39a41?s=96&d=mm&r=g","contentUrl":"https:\/\/secure.gravatar.com\/avatar\/c7164ed6fdec453195284ad24a5ae5b6e1eed2b848477fa2a4787ba9adf39a41?s=96&d=mm&r=g","caption":"Redacci\u00f3n QP"},"url":"https:\/\/quehacerpolitico.mx\/?author=2"}]}},"featured_image_urls":{"full":["https:\/\/quehacerpolitico.mx\/wp-content\/uploads\/2021\/06\/FCE5F291-4EA5-495A-8AE3-9BF81EF7CE36.jpeg",1024,506,false],"thumbnail":["https:\/\/quehacerpolitico.mx\/wp-content\/uploads\/2021\/06\/FCE5F291-4EA5-495A-8AE3-9BF81EF7CE36-150x150.jpeg",150,150,true],"medium":["https:\/\/quehacerpolitico.mx\/wp-content\/uploads\/2021\/06\/FCE5F291-4EA5-495A-8AE3-9BF81EF7CE36-300x148.jpeg",300,148,true],"medium_large":["https:\/\/quehacerpolitico.mx\/wp-content\/uploads\/2021\/06\/FCE5F291-4EA5-495A-8AE3-9BF81EF7CE36-768x380.jpeg",640,317,true],"large":["https:\/\/quehacerpolitico.mx\/wp-content\/uploads\/2021\/06\/FCE5F291-4EA5-495A-8AE3-9BF81EF7CE36.jpeg",640,316,false],"1536x1536":["https:\/\/quehacerpolitico.mx\/wp-content\/uploads\/2021\/06\/FCE5F291-4EA5-495A-8AE3-9BF81EF7CE36.jpeg",1024,506,false],"2048x2048":["https:\/\/quehacerpolitico.mx\/wp-content\/uploads\/2021\/06\/FCE5F291-4EA5-495A-8AE3-9BF81EF7CE36.jpeg",1024,506,false],"covernews-featured":["https:\/\/quehacerpolitico.mx\/wp-content\/uploads\/2021\/06\/FCE5F291-4EA5-495A-8AE3-9BF81EF7CE36.jpeg",1024,506,false],"covernews-medium":["https:\/\/quehacerpolitico.mx\/wp-content\/uploads\/2021\/06\/FCE5F291-4EA5-495A-8AE3-9BF81EF7CE36.jpeg",540,267,false]},"author_info":{"display_name":"Redacci\u00f3n QP","author_link":"https:\/\/quehacerpolitico.mx\/?author=2"},"category_info":"<a href=\"https:\/\/quehacerpolitico.mx\/?cat=1\" rel=\"category\">Internacionales<\/a>","tag_info":"Internacionales","comment_count":"0","_links":{"self":[{"href":"https:\/\/quehacerpolitico.mx\/index.php?rest_route=\/wp\/v2\/posts\/81864","targetHints":{"allow":["GET"]}}],"collection":[{"href":"https:\/\/quehacerpolitico.mx\/index.php?rest_route=\/wp\/v2\/posts"}],"about":[{"href":"https:\/\/quehacerpolitico.mx\/index.php?rest_route=\/wp\/v2\/types\/post"}],"author":[{"embeddable":true,"href":"https:\/\/quehacerpolitico.mx\/index.php?rest_route=\/wp\/v2\/users\/2"}],"replies":[{"embeddable":true,"href":"https:\/\/quehacerpolitico.mx\/index.php?rest_route=%2Fwp%2Fv2%2Fcomments&post=81864"}],"version-history":[{"count":0,"href":"https:\/\/quehacerpolitico.mx\/index.php?rest_route=\/wp\/v2\/posts\/81864\/revisions"}],"wp:featuredmedia":[{"embeddable":true,"href":"https:\/\/quehacerpolitico.mx\/index.php?rest_route=\/wp\/v2\/media\/81866"}],"wp:attachment":[{"href":"https:\/\/quehacerpolitico.mx\/index.php?rest_route=%2Fwp%2Fv2%2Fmedia&parent=81864"}],"wp:term":[{"taxonomy":"category","embeddable":true,"href":"https:\/\/quehacerpolitico.mx\/index.php?rest_route=%2Fwp%2Fv2%2Fcategories&post=81864"},{"taxonomy":"post_tag","embeddable":true,"href":"https:\/\/quehacerpolitico.mx\/index.php?rest_route=%2Fwp%2Fv2%2Ftags&post=81864"}],"curies":[{"name":"wp","href":"https:\/\/api.w.org\/{rel}","templated":true}]}}