{"id":81730,"date":"2021-06-05T19:25:21","date_gmt":"2021-06-05T19:25:21","guid":{"rendered":"https:\/\/quehacerpolitico.mx\/?p=81730"},"modified":"2021-06-05T19:25:21","modified_gmt":"2021-06-05T19:25:21","slug":"reportan-3-mineros-fallecidos-en-coahuila-siguen-labores-de-rescate","status":"publish","type":"post","link":"https:\/\/quehacerpolitico.mx\/?p=81730","title":{"rendered":"Reportan 3 mineros fallecidos en Coahuila; siguen labores de rescate"},"content":{"rendered":"<h1 class=\"article_title\">Reportan 3 mineros fallecidos en Coahuila; siguen labores de rescate<br \/>\nPor Redacci\u00f3n QP<\/h1>\n<div class=\"article_heading\">\n<p>Contin\u00faan las labores de rescate, que consisten en sacar el agua mediante bombas para poder acceder a la mina<\/p>\n<p>Familiares de los siete mineros atrapados informaron que las autoridades les comunicaron que hay al menos tres trabajadores muertos en la mina de arrastre de M\u00fazquiz, localiza en la comunidad de Las Rancher\u00edas, del municipio de M\u00fazquiz, en Coahuila<\/p>\n<p>Siete trabajadores quedaron atrapados en una mina de arrastre tras el derrame de una represa de agua.<\/p>\n<h2 class=\"p1\">Realizan trabajo de bombeo de agua acumulada<\/h2>\n<p>La Secretar\u00eda de Trabajo federal inform\u00f3 que se realizaban trabajos de bombeo del agua acumulada al interior de la mina y autoridades de los tres \u00f3rdenes de gobierno atienden a familiares de las v\u00edctimas, de acuerdo con una tarjeta informativa.<\/p>\n<blockquote class=\"twitter-tweet\" data-width=\"550\" data-dnt=\"true\">\n<p lang=\"es\" dir=\"ltr\">\u2b55 Trabajamos con autoridades estatales y municipales en el rescate de 7 trabajadores, tras el colapso en una mina de la comunidad de Rancher\u00edas, municipio de M\u00fazquiz en el estado de Coahuila. <a href=\"https:\/\/t.co\/5LVtKY62BT\">pic.twitter.com\/5LVtKY62BT<\/a><\/p>\n<p>&mdash; STPS M\u00e9xico (@STPS_mx) <a href=\"https:\/\/twitter.com\/STPS_mx\/status\/1401005300598124546?ref_src=twsrc%5Etfw\">June 5, 2021<\/a><\/p><\/blockquote>\n<p><script async src=\"https:\/\/platform.twitter.com\/widgets.js\" charset=\"utf-8\"><\/script><\/p>\n<h2 class=\"p1\">Al menos siete mineros permanecen atrapados<\/h2>\n<p class=\"p1\">Al menos <strong>siete mineros quedaron atrapados<\/strong> por el colapso de la mina hacia donde se desplazaron elementos de Protecci\u00f3n Civil y del Ej\u00e9rcito para las labores de rescate.<\/p>\n<p class=\"p1\">Seg\u00fan hab\u00eda informado previamente la <strong>Secretar\u00eda de Trabajo de Coahuila<\/strong> en un comunicado, la mina de <strong>arrastre de M\u00fazquiz<\/strong>sufri\u00f3 un accidente alrededor de las 12:50 horas por el que quedaron atrapados varios trabajadores.<\/p>\n<blockquote class=\"twitter-tweet\" data-width=\"550\" data-dnt=\"true\">\n<p lang=\"es\" dir=\"ltr\">\u25aa\ufe0fCOMUNICADO\u25aa\ufe0f<\/p>\n<p> La Secretar\u00eda del Trabajo de Coahuila Secretar\u00eda del Trabajo de Coahuila de Zaragoza recibi\u00f3 el reporte de un accidente en una mina de arrastre en el municipio de <a href=\"https:\/\/twitter.com\/hashtag\/M%C3%BAzquiz?src=hash&amp;ref_src=twsrc%5Etfw\">#M\u00fazquiz<\/a>, hoy alrededor de las 12:50 horas. <a href=\"https:\/\/t.co\/FSqCRFPVOr\">pic.twitter.com\/FSqCRFPVOr<\/a><\/p>\n<p>&mdash; Gobierno de Coahuila (@GobDeCoahuila) <a href=\"https:\/\/twitter.com\/GobDeCoahuila\/status\/1400963477523419141?ref_src=twsrc%5Etfw\">June 4, 2021<\/a><\/p><\/blockquote>\n<p><script async src=\"https:\/\/platform.twitter.com\/widgets.js\" charset=\"utf-8\"><\/script><\/p>\n<h2 class=\"p1\">Inundaci\u00f3n provoc\u00f3 ruptura del techo<\/h2>\n<p class=\"p1\">La hip\u00f3tesis manejada por las autoridades es que una <strong>inundaci\u00f3n provoc\u00f3 la ruptura del techo<\/strong> y paredes de la mina, provocando el colapso del lugar, donde quedaron atrapados los siete mineros.<\/p>\n<p><iframe loading=\"lazy\" title=\"Colapsa mina en Coahuila; reportan al menos 7 trabajadores atrapados\" width=\"640\" height=\"360\" src=\"https:\/\/www.youtube.com\/embed\/Leg0ITxUaB8?feature=oembed\" frameborder=\"0\" allow=\"accelerometer; autoplay; clipboard-write; encrypted-media; gyroscope; picture-in-picture; web-share\" referrerpolicy=\"strict-origin-when-cross-origin\" allowfullscreen><\/iframe><\/p>\n<p class=\"p1\">Adem\u00e1s, de los militares, al lugar llegaron autoridades de<strong> Protecci\u00f3n Civil e inspectores de la propia Secretar\u00eda de Trabajo<\/strong> para llevar a cabo las labores de rescate, que consisten en sacar el agua mediante bombas para poder acceder a la mina.<\/p>\n<h2 class=\"p2\">Estos son los nombres de los mineros atrapados<\/h2>\n<ul>\n<li class=\"p2\">Leopoldo M\u00e9ndez S\u00e1nchez<\/li>\n<li class=\"p2\">Dami\u00e1n Ernesto Robles<\/li>\n<li class=\"p2\">Mauricio Cort\u00e9s<\/li>\n<li class=\"p2\">Humberto Rodr\u00edguez<\/li>\n<li class=\"p2\">Gonzalo Cruz Mar\u00edn<\/li>\n<li class=\"p2\">Pedro Ram\u00edrez<\/li>\n<li class=\"p2\">Francisco \u201cN\u201d<\/li>\n<\/ul>\n<blockquote class=\"twitter-tweet\" data-width=\"550\" data-dnt=\"true\">\n<p lang=\"es\" dir=\"ltr\">El Secretario de Gobierno de Coahuila, Fernando de las Fuentes Hern\u00e1ndez, y el Fiscal General del Estado, Gerardo M\u00e1rquez Guevara,se encuentran en las instalaciones de la mina de arrastre en el municipio de <a href=\"https:\/\/twitter.com\/hashtag\/Muzquiz?src=hash&amp;ref_src=twsrc%5Etfw\">#Muzquiz<\/a>  donde 7 trabajadores que realizaban labores quedaron atrapados <a href=\"https:\/\/t.co\/41nDUbg5DF\">pic.twitter.com\/41nDUbg5DF<\/a><\/p>\n<p>&mdash; Gobierno de Coahuila (@GobDeCoahuila) <a href=\"https:\/\/twitter.com\/GobDeCoahuila\/status\/1400981137070215169?ref_src=twsrc%5Etfw\">June 5, 2021<\/a><\/p><\/blockquote>\n<p><script async src=\"https:\/\/platform.twitter.com\/widgets.js\" charset=\"utf-8\"><\/script><\/p>\n<h2 class=\"p1\">Familiares piden un pronto rescate<\/h2>\n<p class=\"p1\">Asimismo, <strong>se concentraron familiares de los mineros<\/strong>, que rezaron cerca de la zona para pedir un pronto rescate. En coordinaci\u00f3n con las autoridades federales, la Secretar\u00eda de Trabajo de Coahuila se comprometi\u00f3 a realizar todas \u201clas diligencias que sean necesarias\u201d.<\/p>\n<h2 class=\"p1\">Mineros estar\u00edan en tres c\u00e1maras<\/h2>\n<p class=\"p1\">Se estima que los mineros estar\u00edan en tres c\u00e1maras de acuerdo al movimiento que pudieron realizar cuando vieron que se ven\u00eda el agua. La edad de los mineros atrapados oscila entre los 26 y 45 a\u00f1os.<\/p>\n<h2 class=\"p1\">Trae a la memoria Pasta de Conchos<\/h2>\n<p class=\"p1\">El accidente trae a la memoria lo sucedido el 19 de febrero de 2006, en la mina de <strong>Pasta de Conchos<\/strong>, tambi\u00e9n en Coahuila, donde 65 trabajadores murieron en un accidente y solo dos cuerpos fueron recuperados.<\/p>\n<p class=\"p1\">El resto quedaron sepultados luego de que se considerara que <strong>su rescate era de alto riesgo<\/strong> y hasta el momento no se han recuperado los cuerpos.<\/p>\n<\/div>\n","protected":false},"excerpt":{"rendered":"<p>Reportan 3 mineros fallecidos en Coahuila; siguen labores de rescate Por Redacci\u00f3n QP Contin\u00faan las&#8230;<\/p>\n","protected":false},"author":2,"featured_media":81735,"comment_status":"open","ping_status":"open","sticky":false,"template":"","format":"standard","meta":{"_monsterinsights_skip_tracking":false,"_monsterinsights_sitenote_active":false,"_monsterinsights_sitenote_note":"","_monsterinsights_sitenote_category":0,"footnotes":""},"categories":[2],"tags":[],"class_list":["post-81730","post","type-post","status-publish","format-standard","has-post-thumbnail","hentry","category-noticias"],"yoast_head":"<!-- This site is optimized with the Yoast SEO plugin v27.3 - https:\/\/yoast.com\/product\/yoast-seo-wordpress\/ -->\n<title>Reportan 3 mineros fallecidos en Coahuila; siguen labores de rescate -<\/title>\n<meta name=\"robots\" content=\"index, follow, max-snippet:-1, max-image-preview:large, max-video-preview:-1\" \/>\n<link rel=\"canonical\" href=\"https:\/\/quehacerpolitico.mx\/?p=81730\" \/>\n<meta property=\"og:locale\" content=\"es_MX\" \/>\n<meta property=\"og:type\" content=\"article\" \/>\n<meta property=\"og:title\" content=\"Reportan 3 mineros fallecidos en Coahuila; siguen labores de rescate -\" \/>\n<meta property=\"og:description\" content=\"Reportan 3 mineros fallecidos en Coahuila; siguen labores de rescate Por Redacci\u00f3n QP Contin\u00faan las...\" \/>\n<meta property=\"og:url\" content=\"https:\/\/quehacerpolitico.mx\/?p=81730\" \/>\n<meta property=\"article:published_time\" content=\"2021-06-05T19:25:21+00:00\" \/>\n<meta property=\"og:image\" content=\"https:\/\/quehacerpolitico.mx\/wp-content\/uploads\/2021\/06\/6E464BC2-772A-4D8A-867C-F0D874F397AB.jpeg\" \/>\n\t<meta property=\"og:image:width\" content=\"1600\" \/>\n\t<meta property=\"og:image:height\" content=\"1066\" \/>\n\t<meta property=\"og:image:type\" content=\"image\/jpeg\" \/>\n<meta name=\"author\" content=\"Redacci\u00f3n QP\" \/>\n<meta name=\"twitter:card\" content=\"summary_large_image\" \/>\n<meta name=\"twitter:label1\" content=\"Escrito por\" \/>\n\t<meta name=\"twitter:data1\" content=\"Redacci\u00f3n QP\" \/>\n\t<meta name=\"twitter:label2\" content=\"Tiempo de lectura\" \/>\n\t<meta name=\"twitter:data2\" content=\"3 minutos\" \/>\n<script type=\"application\/ld+json\" class=\"yoast-schema-graph\">{\"@context\":\"https:\\\/\\\/schema.org\",\"@graph\":[{\"@type\":\"Article\",\"@id\":\"https:\\\/\\\/quehacerpolitico.mx\\\/?p=81730#article\",\"isPartOf\":{\"@id\":\"https:\\\/\\\/quehacerpolitico.mx\\\/?p=81730\"},\"author\":{\"name\":\"Redacci\u00f3n QP\",\"@id\":\"https:\\\/\\\/quehacerpolitico.mx\\\/#\\\/schema\\\/person\\\/496d8ad2d1d3f8036101dca7ee39e585\"},\"headline\":\"Reportan 3 mineros fallecidos en Coahuila; siguen labores de rescate\",\"datePublished\":\"2021-06-05T19:25:21+00:00\",\"mainEntityOfPage\":{\"@id\":\"https:\\\/\\\/quehacerpolitico.mx\\\/?p=81730\"},\"wordCount\":521,\"commentCount\":0,\"image\":{\"@id\":\"https:\\\/\\\/quehacerpolitico.mx\\\/?p=81730#primaryimage\"},\"thumbnailUrl\":\"https:\\\/\\\/quehacerpolitico.mx\\\/wp-content\\\/uploads\\\/2021\\\/06\\\/6E464BC2-772A-4D8A-867C-F0D874F397AB.jpeg\",\"articleSection\":[\"Noticias\"],\"inLanguage\":\"es\",\"potentialAction\":[{\"@type\":\"CommentAction\",\"name\":\"Comment\",\"target\":[\"https:\\\/\\\/quehacerpolitico.mx\\\/?p=81730#respond\"]}]},{\"@type\":\"WebPage\",\"@id\":\"https:\\\/\\\/quehacerpolitico.mx\\\/?p=81730\",\"url\":\"https:\\\/\\\/quehacerpolitico.mx\\\/?p=81730\",\"name\":\"Reportan 3 mineros fallecidos en Coahuila; siguen labores de rescate -\",\"isPartOf\":{\"@id\":\"https:\\\/\\\/quehacerpolitico.mx\\\/#website\"},\"primaryImageOfPage\":{\"@id\":\"https:\\\/\\\/quehacerpolitico.mx\\\/?p=81730#primaryimage\"},\"image\":{\"@id\":\"https:\\\/\\\/quehacerpolitico.mx\\\/?p=81730#primaryimage\"},\"thumbnailUrl\":\"https:\\\/\\\/quehacerpolitico.mx\\\/wp-content\\\/uploads\\\/2021\\\/06\\\/6E464BC2-772A-4D8A-867C-F0D874F397AB.jpeg\",\"datePublished\":\"2021-06-05T19:25:21+00:00\",\"author\":{\"@id\":\"https:\\\/\\\/quehacerpolitico.mx\\\/#\\\/schema\\\/person\\\/496d8ad2d1d3f8036101dca7ee39e585\"},\"breadcrumb\":{\"@id\":\"https:\\\/\\\/quehacerpolitico.mx\\\/?p=81730#breadcrumb\"},\"inLanguage\":\"es\",\"potentialAction\":[{\"@type\":\"ReadAction\",\"target\":[\"https:\\\/\\\/quehacerpolitico.mx\\\/?p=81730\"]}]},{\"@type\":\"ImageObject\",\"inLanguage\":\"es\",\"@id\":\"https:\\\/\\\/quehacerpolitico.mx\\\/?p=81730#primaryimage\",\"url\":\"https:\\\/\\\/quehacerpolitico.mx\\\/wp-content\\\/uploads\\\/2021\\\/06\\\/6E464BC2-772A-4D8A-867C-F0D874F397AB.jpeg\",\"contentUrl\":\"https:\\\/\\\/quehacerpolitico.mx\\\/wp-content\\\/uploads\\\/2021\\\/06\\\/6E464BC2-772A-4D8A-867C-F0D874F397AB.jpeg\",\"width\":1600,\"height\":1066},{\"@type\":\"BreadcrumbList\",\"@id\":\"https:\\\/\\\/quehacerpolitico.mx\\\/?p=81730#breadcrumb\",\"itemListElement\":[{\"@type\":\"ListItem\",\"position\":1,\"name\":\"Inicio\",\"item\":\"https:\\\/\\\/quehacerpolitico.mx\\\/\"},{\"@type\":\"ListItem\",\"position\":2,\"name\":\"Reportan 3 mineros fallecidos en Coahuila; siguen labores de rescate\"}]},{\"@type\":\"WebSite\",\"@id\":\"https:\\\/\\\/quehacerpolitico.mx\\\/#website\",\"url\":\"https:\\\/\\\/quehacerpolitico.mx\\\/\",\"name\":\"\",\"description\":\"\",\"potentialAction\":[{\"@type\":\"SearchAction\",\"target\":{\"@type\":\"EntryPoint\",\"urlTemplate\":\"https:\\\/\\\/quehacerpolitico.mx\\\/?s={search_term_string}\"},\"query-input\":{\"@type\":\"PropertyValueSpecification\",\"valueRequired\":true,\"valueName\":\"search_term_string\"}}],\"inLanguage\":\"es\"},{\"@type\":\"Person\",\"@id\":\"https:\\\/\\\/quehacerpolitico.mx\\\/#\\\/schema\\\/person\\\/496d8ad2d1d3f8036101dca7ee39e585\",\"name\":\"Redacci\u00f3n QP\",\"image\":{\"@type\":\"ImageObject\",\"inLanguage\":\"es\",\"@id\":\"https:\\\/\\\/secure.gravatar.com\\\/avatar\\\/c7164ed6fdec453195284ad24a5ae5b6e1eed2b848477fa2a4787ba9adf39a41?s=96&d=mm&r=g\",\"url\":\"https:\\\/\\\/secure.gravatar.com\\\/avatar\\\/c7164ed6fdec453195284ad24a5ae5b6e1eed2b848477fa2a4787ba9adf39a41?s=96&d=mm&r=g\",\"contentUrl\":\"https:\\\/\\\/secure.gravatar.com\\\/avatar\\\/c7164ed6fdec453195284ad24a5ae5b6e1eed2b848477fa2a4787ba9adf39a41?s=96&d=mm&r=g\",\"caption\":\"Redacci\u00f3n QP\"},\"url\":\"https:\\\/\\\/quehacerpolitico.mx\\\/?author=2\"}]}<\/script>\n<!-- \/ Yoast SEO plugin. -->","yoast_head_json":{"title":"Reportan 3 mineros fallecidos en Coahuila; siguen labores de rescate -","robots":{"index":"index","follow":"follow","max-snippet":"max-snippet:-1","max-image-preview":"max-image-preview:large","max-video-preview":"max-video-preview:-1"},"canonical":"https:\/\/quehacerpolitico.mx\/?p=81730","og_locale":"es_MX","og_type":"article","og_title":"Reportan 3 mineros fallecidos en Coahuila; siguen labores de rescate -","og_description":"Reportan 3 mineros fallecidos en Coahuila; siguen labores de rescate Por Redacci\u00f3n QP Contin\u00faan las...","og_url":"https:\/\/quehacerpolitico.mx\/?p=81730","article_published_time":"2021-06-05T19:25:21+00:00","og_image":[{"width":1600,"height":1066,"url":"https:\/\/quehacerpolitico.mx\/wp-content\/uploads\/2021\/06\/6E464BC2-772A-4D8A-867C-F0D874F397AB.jpeg","type":"image\/jpeg"}],"author":"Redacci\u00f3n QP","twitter_card":"summary_large_image","twitter_misc":{"Escrito por":"Redacci\u00f3n QP","Tiempo de lectura":"3 minutos"},"schema":{"@context":"https:\/\/schema.org","@graph":[{"@type":"Article","@id":"https:\/\/quehacerpolitico.mx\/?p=81730#article","isPartOf":{"@id":"https:\/\/quehacerpolitico.mx\/?p=81730"},"author":{"name":"Redacci\u00f3n QP","@id":"https:\/\/quehacerpolitico.mx\/#\/schema\/person\/496d8ad2d1d3f8036101dca7ee39e585"},"headline":"Reportan 3 mineros fallecidos en Coahuila; siguen labores de rescate","datePublished":"2021-06-05T19:25:21+00:00","mainEntityOfPage":{"@id":"https:\/\/quehacerpolitico.mx\/?p=81730"},"wordCount":521,"commentCount":0,"image":{"@id":"https:\/\/quehacerpolitico.mx\/?p=81730#primaryimage"},"thumbnailUrl":"https:\/\/quehacerpolitico.mx\/wp-content\/uploads\/2021\/06\/6E464BC2-772A-4D8A-867C-F0D874F397AB.jpeg","articleSection":["Noticias"],"inLanguage":"es","potentialAction":[{"@type":"CommentAction","name":"Comment","target":["https:\/\/quehacerpolitico.mx\/?p=81730#respond"]}]},{"@type":"WebPage","@id":"https:\/\/quehacerpolitico.mx\/?p=81730","url":"https:\/\/quehacerpolitico.mx\/?p=81730","name":"Reportan 3 mineros fallecidos en Coahuila; siguen labores de rescate -","isPartOf":{"@id":"https:\/\/quehacerpolitico.mx\/#website"},"primaryImageOfPage":{"@id":"https:\/\/quehacerpolitico.mx\/?p=81730#primaryimage"},"image":{"@id":"https:\/\/quehacerpolitico.mx\/?p=81730#primaryimage"},"thumbnailUrl":"https:\/\/quehacerpolitico.mx\/wp-content\/uploads\/2021\/06\/6E464BC2-772A-4D8A-867C-F0D874F397AB.jpeg","datePublished":"2021-06-05T19:25:21+00:00","author":{"@id":"https:\/\/quehacerpolitico.mx\/#\/schema\/person\/496d8ad2d1d3f8036101dca7ee39e585"},"breadcrumb":{"@id":"https:\/\/quehacerpolitico.mx\/?p=81730#breadcrumb"},"inLanguage":"es","potentialAction":[{"@type":"ReadAction","target":["https:\/\/quehacerpolitico.mx\/?p=81730"]}]},{"@type":"ImageObject","inLanguage":"es","@id":"https:\/\/quehacerpolitico.mx\/?p=81730#primaryimage","url":"https:\/\/quehacerpolitico.mx\/wp-content\/uploads\/2021\/06\/6E464BC2-772A-4D8A-867C-F0D874F397AB.jpeg","contentUrl":"https:\/\/quehacerpolitico.mx\/wp-content\/uploads\/2021\/06\/6E464BC2-772A-4D8A-867C-F0D874F397AB.jpeg","width":1600,"height":1066},{"@type":"BreadcrumbList","@id":"https:\/\/quehacerpolitico.mx\/?p=81730#breadcrumb","itemListElement":[{"@type":"ListItem","position":1,"name":"Inicio","item":"https:\/\/quehacerpolitico.mx\/"},{"@type":"ListItem","position":2,"name":"Reportan 3 mineros fallecidos en Coahuila; siguen labores de rescate"}]},{"@type":"WebSite","@id":"https:\/\/quehacerpolitico.mx\/#website","url":"https:\/\/quehacerpolitico.mx\/","name":"","description":"","potentialAction":[{"@type":"SearchAction","target":{"@type":"EntryPoint","urlTemplate":"https:\/\/quehacerpolitico.mx\/?s={search_term_string}"},"query-input":{"@type":"PropertyValueSpecification","valueRequired":true,"valueName":"search_term_string"}}],"inLanguage":"es"},{"@type":"Person","@id":"https:\/\/quehacerpolitico.mx\/#\/schema\/person\/496d8ad2d1d3f8036101dca7ee39e585","name":"Redacci\u00f3n QP","image":{"@type":"ImageObject","inLanguage":"es","@id":"https:\/\/secure.gravatar.com\/avatar\/c7164ed6fdec453195284ad24a5ae5b6e1eed2b848477fa2a4787ba9adf39a41?s=96&d=mm&r=g","url":"https:\/\/secure.gravatar.com\/avatar\/c7164ed6fdec453195284ad24a5ae5b6e1eed2b848477fa2a4787ba9adf39a41?s=96&d=mm&r=g","contentUrl":"https:\/\/secure.gravatar.com\/avatar\/c7164ed6fdec453195284ad24a5ae5b6e1eed2b848477fa2a4787ba9adf39a41?s=96&d=mm&r=g","caption":"Redacci\u00f3n QP"},"url":"https:\/\/quehacerpolitico.mx\/?author=2"}]}},"featured_image_urls":{"full":["https:\/\/quehacerpolitico.mx\/wp-content\/uploads\/2021\/06\/6E464BC2-772A-4D8A-867C-F0D874F397AB.jpeg",1600,1066,false],"thumbnail":["https:\/\/quehacerpolitico.mx\/wp-content\/uploads\/2021\/06\/6E464BC2-772A-4D8A-867C-F0D874F397AB-150x150.jpeg",150,150,true],"medium":["https:\/\/quehacerpolitico.mx\/wp-content\/uploads\/2021\/06\/6E464BC2-772A-4D8A-867C-F0D874F397AB-300x200.jpeg",300,200,true],"medium_large":["https:\/\/quehacerpolitico.mx\/wp-content\/uploads\/2021\/06\/6E464BC2-772A-4D8A-867C-F0D874F397AB-768x512.jpeg",640,427,true],"large":["https:\/\/quehacerpolitico.mx\/wp-content\/uploads\/2021\/06\/6E464BC2-772A-4D8A-867C-F0D874F397AB-1024x682.jpeg",640,426,true],"1536x1536":["https:\/\/quehacerpolitico.mx\/wp-content\/uploads\/2021\/06\/6E464BC2-772A-4D8A-867C-F0D874F397AB-1536x1023.jpeg",1536,1023,true],"2048x2048":["https:\/\/quehacerpolitico.mx\/wp-content\/uploads\/2021\/06\/6E464BC2-772A-4D8A-867C-F0D874F397AB.jpeg",1600,1066,false],"covernews-featured":["https:\/\/quehacerpolitico.mx\/wp-content\/uploads\/2021\/06\/6E464BC2-772A-4D8A-867C-F0D874F397AB.jpeg",1024,682,false],"covernews-medium":["https:\/\/quehacerpolitico.mx\/wp-content\/uploads\/2021\/06\/6E464BC2-772A-4D8A-867C-F0D874F397AB.jpeg",510,340,false]},"author_info":{"display_name":"Redacci\u00f3n QP","author_link":"https:\/\/quehacerpolitico.mx\/?author=2"},"category_info":"<a href=\"https:\/\/quehacerpolitico.mx\/?cat=2\" rel=\"category\">Noticias<\/a>","tag_info":"Noticias","comment_count":"0","_links":{"self":[{"href":"https:\/\/quehacerpolitico.mx\/index.php?rest_route=\/wp\/v2\/posts\/81730","targetHints":{"allow":["GET"]}}],"collection":[{"href":"https:\/\/quehacerpolitico.mx\/index.php?rest_route=\/wp\/v2\/posts"}],"about":[{"href":"https:\/\/quehacerpolitico.mx\/index.php?rest_route=\/wp\/v2\/types\/post"}],"author":[{"embeddable":true,"href":"https:\/\/quehacerpolitico.mx\/index.php?rest_route=\/wp\/v2\/users\/2"}],"replies":[{"embeddable":true,"href":"https:\/\/quehacerpolitico.mx\/index.php?rest_route=%2Fwp%2Fv2%2Fcomments&post=81730"}],"version-history":[{"count":0,"href":"https:\/\/quehacerpolitico.mx\/index.php?rest_route=\/wp\/v2\/posts\/81730\/revisions"}],"wp:featuredmedia":[{"embeddable":true,"href":"https:\/\/quehacerpolitico.mx\/index.php?rest_route=\/wp\/v2\/media\/81735"}],"wp:attachment":[{"href":"https:\/\/quehacerpolitico.mx\/index.php?rest_route=%2Fwp%2Fv2%2Fmedia&parent=81730"}],"wp:term":[{"taxonomy":"category","embeddable":true,"href":"https:\/\/quehacerpolitico.mx\/index.php?rest_route=%2Fwp%2Fv2%2Fcategories&post=81730"},{"taxonomy":"post_tag","embeddable":true,"href":"https:\/\/quehacerpolitico.mx\/index.php?rest_route=%2Fwp%2Fv2%2Ftags&post=81730"}],"curies":[{"name":"wp","href":"https:\/\/api.w.org\/{rel}","templated":true}]}}