{"id":81724,"date":"2021-06-05T19:07:53","date_gmt":"2021-06-05T19:07:53","guid":{"rendered":"https:\/\/quehacerpolitico.mx\/?p=81724"},"modified":"2021-06-05T19:07:53","modified_gmt":"2021-06-05T19:07:53","slug":"g7-acuerda-impuesto-historico-mundial-para-grandes-empresas","status":"publish","type":"post","link":"https:\/\/quehacerpolitico.mx\/?p=81724","title":{"rendered":"G7 acuerda impuesto \u2018hist\u00f3rico\u2019 mundial para grandes empresas"},"content":{"rendered":"<h1 class=\"article_title\">G7 acuerda impuesto \u2018hist\u00f3rico\u2019 mundial para grandes empresas<br \/>\nPor Redacci\u00f3n QP<\/h1>\n<p>Las medidas tendr\u00e1n que encontrar primero un respaldo m\u00e1s amplio en una reuni\u00f3n del G20<\/p>\n<p>Estados Unidos, Gran Breta\u00f1a y otros pa\u00edses industrializados alcanzaron el s\u00e1bado un acuerdo hist\u00f3rico para aplicar un marco de impuestos a e<strong>mpresas multinacionales<\/strong>como Google, Apple y Amazon.<\/p>\n<p>En una medida que podr\u00eda recaudar cientos de miles de millones de d\u00f3lares para ayudarles a hacer frente a las secuelas del <strong>COVID-19,<\/strong> el Grupo de las Siete grandes econom\u00edas avanzadas acord\u00f3 respaldar una tasa de <strong>impuestos<\/strong> m\u00ednima del 15% y que las empresas paguen m\u00e1s impuestos en los mercados donde venden bienes y servicios.<\/p>\n<blockquote><p>\u201cLos ministros de Econom\u00eda del G7 han alcanzado un acuerdo hist\u00f3rico para reformar el sistema fiscal mundial con el fin de adaptarlo a la era digital global\u201d, anunci\u00f3 el ministro brit\u00e1nico de Econom\u00eda, Rishi Sunak, tras presidir una reuni\u00f3n de dos d\u00edas en Londres.<\/p><\/blockquote>\n<p>La reuni\u00f3n, celebrada en una ornamentada mansi\u00f3n del siglo 19, cerca del Palacio de Buckingham en el centro de Londres, fue la primera vez que los ministros de Finanzas se reunieron cara a cara desde el inicio de la pandemia.<\/p>\n<p>La secretaria del Tesoro de Estados Unidos, Janet Yellen, dijo que el \u201ccompromiso significativo y sin precedentes\u201d pondr\u00eda fin a lo que llam\u00f3 una carrera a la baja en materia de <strong>impuestos<\/strong> en el mundo.<\/p>\n<p>Amazon y Google acogieron con satisfacci\u00f3n el acuerdo y <strong>Facebook<\/strong> dijo que probablemente pagar\u00eda m\u00e1s impuestos.<br \/>\nNick Clegg, vicepresidente de asuntos globales de Facebook y ex viceprimer ministro brit\u00e1nico, dijo: \u201cQueremos que el proceso de reforma fiscal internacional tenga \u00e9xito y reconocemos que esto podr\u00eda significar que Facebook pague m\u00e1s impuestos, y en diferentes lugares\u201d.<\/p>\n<p>Pero algunos grupos de activistas condenaron lo que consideraron falta de ambici\u00f3n.<\/p>\n<h2>APOYO AMPLIO<\/h2>\n<p>El acuerdo, que ha tardado a\u00f1os en gestarse, tambi\u00e9n promete poner fin a los impuestos nacionales a los servicios digitales aplicados por Gran Breta\u00f1a y otros pa\u00edses europeos que, seg\u00fan Estados Unidos, afectan injustamente a los gigantes tecnol\u00f3gicos estadounidenses.<\/p>\n<p>Sin embargo, las medidas tendr\u00e1n que encontrar primero un respaldo m\u00e1s amplio en una reuni\u00f3n del <strong>G20<\/strong> -que incluye varias econom\u00edas emergentes- que se celebrar\u00e1 el mes que viene en Venecia.<\/p>\n<blockquote><p>\u201cEs complicado y este es un primer paso\u201d, dijo Sunak.<\/p><\/blockquote>\n<p>Los ministros tambi\u00e9n acordaron avanzar para que las empresas declaren su impacto medioambiental de una forma m\u00e1s normalizada, de modo que los inversores puedan decidir m\u00e1s f\u00e1cilmente si las financian, un objetivo clave para Gran Breta\u00f1a.<\/p>\n<p>Los pa\u00edses ricos se han esforzado durante a\u00f1os para lograr una forma de recaudar m\u00e1s ingresos de las grandes multinacionales como Google, Amazon y Facebook, que a menudo registran sus ganancias en jurisdicciones donde pagan pocos o ning\u00fan impuesto.<\/p>\n<p>El Gobierno del presidente estadounidense, Joe Biden, dio un nuevo impulso a las estancadas conversaciones al proponer un tipo m\u00ednimo de impuesto de sociedades mundial del 15%, sobre el de pa\u00edses como Irlanda, pero por debajo del nivel m\u00e1s bajo del G7.<\/p>\n<p>Alemania y Francia tambi\u00e9n acogieron con satisfacci\u00f3n el acuerdo, aunque el ministro franc\u00e9s de Econom\u00eda, Bruno Le Maire, dijo que luchar\u00eda por un tipo m\u00ednimo global del impuesto de sociedades superior al 15%, que describi\u00f3 como un \u201cpunto de partida\u201d.<\/p>\n<p>El ministro de Finanzas alem\u00e1n, Olaf Scholz, dijo que el acuerdo era \u201cuna mala noticia para los para\u00edsos fiscales de todo el mundo\u201d.<\/p>\n<blockquote><p>\u201cLas empresas ya no podr\u00e1n eludir sus obligaciones fiscales registrando sus beneficios en los pa\u00edses con menos impuestos\u201d, a\u00f1adi\u00f3.<\/p><\/blockquote>\n<p>El ministro irland\u00e9s de Finanzas, Paschal Donohoe, cuyo pa\u00eds es posiblemente un gran perdedor con su tasa impositiva del 12,5%, dijo que cualquier acuerdo global tambi\u00e9n deb\u00eda tener en cuenta a los pa\u00edses m\u00e1s peque\u00f1os.<\/p>\n<p>Sunak dijo que el acuerdo era un \u201cgran premio\u201d para los <strong>contribuyentes,<\/strong> pero que era demasiado pronto para saber cu\u00e1nto dinero recaudar\u00eda Gran Breta\u00f1a.<\/p>\n<p>El acuerdo no aclara exactamente qu\u00e9 empresas estar\u00e1n cubiertas por las normas, refiri\u00e9ndose \u00fanicamente a \u201clas <strong>empresas multinacionales<\/strong> m\u00e1s grandes y rentables\u201d.<\/p>\n<p>Con informaci\u00f3n de Reuters<\/p>\n","protected":false},"excerpt":{"rendered":"<p>G7 acuerda impuesto \u2018hist\u00f3rico\u2019 mundial para grandes empresas Por Redacci\u00f3n QP Las medidas tendr\u00e1n que&#8230;<\/p>\n","protected":false},"author":2,"featured_media":81728,"comment_status":"open","ping_status":"open","sticky":false,"template":"","format":"standard","meta":{"_monsterinsights_skip_tracking":false,"_monsterinsights_sitenote_active":false,"_monsterinsights_sitenote_note":"","_monsterinsights_sitenote_category":0,"footnotes":""},"categories":[56],"tags":[],"class_list":["post-81724","post","type-post","status-publish","format-standard","has-post-thumbnail","hentry","category-economia"],"yoast_head":"<!-- This site is optimized with the Yoast SEO plugin v27.3 - https:\/\/yoast.com\/product\/yoast-seo-wordpress\/ -->\n<title>G7 acuerda impuesto \u2018hist\u00f3rico\u2019 mundial para grandes empresas -<\/title>\n<meta name=\"robots\" content=\"index, follow, max-snippet:-1, max-image-preview:large, max-video-preview:-1\" \/>\n<link rel=\"canonical\" href=\"https:\/\/quehacerpolitico.mx\/?p=81724\" \/>\n<meta property=\"og:locale\" content=\"es_MX\" \/>\n<meta property=\"og:type\" content=\"article\" \/>\n<meta property=\"og:title\" content=\"G7 acuerda impuesto \u2018hist\u00f3rico\u2019 mundial para grandes empresas -\" \/>\n<meta property=\"og:description\" content=\"G7 acuerda impuesto \u2018hist\u00f3rico\u2019 mundial para grandes empresas Por Redacci\u00f3n QP Las medidas tendr\u00e1n que...\" \/>\n<meta property=\"og:url\" content=\"https:\/\/quehacerpolitico.mx\/?p=81724\" \/>\n<meta property=\"article:published_time\" content=\"2021-06-05T19:07:53+00:00\" \/>\n<meta property=\"og:image\" content=\"https:\/\/quehacerpolitico.mx\/wp-content\/uploads\/2021\/06\/0F8B1E8E-CACF-43B0-8B27-03754CFC6846.jpeg\" \/>\n\t<meta property=\"og:image:width\" content=\"2048\" \/>\n\t<meta property=\"og:image:height\" content=\"1366\" \/>\n\t<meta property=\"og:image:type\" content=\"image\/jpeg\" \/>\n<meta name=\"author\" content=\"Redacci\u00f3n QP\" \/>\n<meta name=\"twitter:card\" content=\"summary_large_image\" \/>\n<meta name=\"twitter:label1\" content=\"Escrito por\" \/>\n\t<meta name=\"twitter:data1\" content=\"Redacci\u00f3n QP\" \/>\n\t<meta name=\"twitter:label2\" content=\"Tiempo de lectura\" \/>\n\t<meta name=\"twitter:data2\" content=\"4 minutos\" \/>\n<script type=\"application\/ld+json\" class=\"yoast-schema-graph\">{\"@context\":\"https:\\\/\\\/schema.org\",\"@graph\":[{\"@type\":\"Article\",\"@id\":\"https:\\\/\\\/quehacerpolitico.mx\\\/?p=81724#article\",\"isPartOf\":{\"@id\":\"https:\\\/\\\/quehacerpolitico.mx\\\/?p=81724\"},\"author\":{\"name\":\"Redacci\u00f3n QP\",\"@id\":\"https:\\\/\\\/quehacerpolitico.mx\\\/#\\\/schema\\\/person\\\/496d8ad2d1d3f8036101dca7ee39e585\"},\"headline\":\"G7 acuerda impuesto \u2018hist\u00f3rico\u2019 mundial para grandes empresas\",\"datePublished\":\"2021-06-05T19:07:53+00:00\",\"mainEntityOfPage\":{\"@id\":\"https:\\\/\\\/quehacerpolitico.mx\\\/?p=81724\"},\"wordCount\":741,\"commentCount\":0,\"image\":{\"@id\":\"https:\\\/\\\/quehacerpolitico.mx\\\/?p=81724#primaryimage\"},\"thumbnailUrl\":\"https:\\\/\\\/quehacerpolitico.mx\\\/wp-content\\\/uploads\\\/2021\\\/06\\\/0F8B1E8E-CACF-43B0-8B27-03754CFC6846.jpeg\",\"articleSection\":[\"Econom\u00eda\"],\"inLanguage\":\"es\",\"potentialAction\":[{\"@type\":\"CommentAction\",\"name\":\"Comment\",\"target\":[\"https:\\\/\\\/quehacerpolitico.mx\\\/?p=81724#respond\"]}]},{\"@type\":\"WebPage\",\"@id\":\"https:\\\/\\\/quehacerpolitico.mx\\\/?p=81724\",\"url\":\"https:\\\/\\\/quehacerpolitico.mx\\\/?p=81724\",\"name\":\"G7 acuerda impuesto \u2018hist\u00f3rico\u2019 mundial para grandes empresas -\",\"isPartOf\":{\"@id\":\"https:\\\/\\\/quehacerpolitico.mx\\\/#website\"},\"primaryImageOfPage\":{\"@id\":\"https:\\\/\\\/quehacerpolitico.mx\\\/?p=81724#primaryimage\"},\"image\":{\"@id\":\"https:\\\/\\\/quehacerpolitico.mx\\\/?p=81724#primaryimage\"},\"thumbnailUrl\":\"https:\\\/\\\/quehacerpolitico.mx\\\/wp-content\\\/uploads\\\/2021\\\/06\\\/0F8B1E8E-CACF-43B0-8B27-03754CFC6846.jpeg\",\"datePublished\":\"2021-06-05T19:07:53+00:00\",\"author\":{\"@id\":\"https:\\\/\\\/quehacerpolitico.mx\\\/#\\\/schema\\\/person\\\/496d8ad2d1d3f8036101dca7ee39e585\"},\"breadcrumb\":{\"@id\":\"https:\\\/\\\/quehacerpolitico.mx\\\/?p=81724#breadcrumb\"},\"inLanguage\":\"es\",\"potentialAction\":[{\"@type\":\"ReadAction\",\"target\":[\"https:\\\/\\\/quehacerpolitico.mx\\\/?p=81724\"]}]},{\"@type\":\"ImageObject\",\"inLanguage\":\"es\",\"@id\":\"https:\\\/\\\/quehacerpolitico.mx\\\/?p=81724#primaryimage\",\"url\":\"https:\\\/\\\/quehacerpolitico.mx\\\/wp-content\\\/uploads\\\/2021\\\/06\\\/0F8B1E8E-CACF-43B0-8B27-03754CFC6846.jpeg\",\"contentUrl\":\"https:\\\/\\\/quehacerpolitico.mx\\\/wp-content\\\/uploads\\\/2021\\\/06\\\/0F8B1E8E-CACF-43B0-8B27-03754CFC6846.jpeg\",\"width\":2048,\"height\":1366},{\"@type\":\"BreadcrumbList\",\"@id\":\"https:\\\/\\\/quehacerpolitico.mx\\\/?p=81724#breadcrumb\",\"itemListElement\":[{\"@type\":\"ListItem\",\"position\":1,\"name\":\"Inicio\",\"item\":\"https:\\\/\\\/quehacerpolitico.mx\\\/\"},{\"@type\":\"ListItem\",\"position\":2,\"name\":\"G7 acuerda impuesto \u2018hist\u00f3rico\u2019 mundial para grandes empresas\"}]},{\"@type\":\"WebSite\",\"@id\":\"https:\\\/\\\/quehacerpolitico.mx\\\/#website\",\"url\":\"https:\\\/\\\/quehacerpolitico.mx\\\/\",\"name\":\"\",\"description\":\"\",\"potentialAction\":[{\"@type\":\"SearchAction\",\"target\":{\"@type\":\"EntryPoint\",\"urlTemplate\":\"https:\\\/\\\/quehacerpolitico.mx\\\/?s={search_term_string}\"},\"query-input\":{\"@type\":\"PropertyValueSpecification\",\"valueRequired\":true,\"valueName\":\"search_term_string\"}}],\"inLanguage\":\"es\"},{\"@type\":\"Person\",\"@id\":\"https:\\\/\\\/quehacerpolitico.mx\\\/#\\\/schema\\\/person\\\/496d8ad2d1d3f8036101dca7ee39e585\",\"name\":\"Redacci\u00f3n QP\",\"image\":{\"@type\":\"ImageObject\",\"inLanguage\":\"es\",\"@id\":\"https:\\\/\\\/secure.gravatar.com\\\/avatar\\\/c7164ed6fdec453195284ad24a5ae5b6e1eed2b848477fa2a4787ba9adf39a41?s=96&d=mm&r=g\",\"url\":\"https:\\\/\\\/secure.gravatar.com\\\/avatar\\\/c7164ed6fdec453195284ad24a5ae5b6e1eed2b848477fa2a4787ba9adf39a41?s=96&d=mm&r=g\",\"contentUrl\":\"https:\\\/\\\/secure.gravatar.com\\\/avatar\\\/c7164ed6fdec453195284ad24a5ae5b6e1eed2b848477fa2a4787ba9adf39a41?s=96&d=mm&r=g\",\"caption\":\"Redacci\u00f3n QP\"},\"url\":\"https:\\\/\\\/quehacerpolitico.mx\\\/?author=2\"}]}<\/script>\n<!-- \/ Yoast SEO plugin. -->","yoast_head_json":{"title":"G7 acuerda impuesto \u2018hist\u00f3rico\u2019 mundial para grandes empresas -","robots":{"index":"index","follow":"follow","max-snippet":"max-snippet:-1","max-image-preview":"max-image-preview:large","max-video-preview":"max-video-preview:-1"},"canonical":"https:\/\/quehacerpolitico.mx\/?p=81724","og_locale":"es_MX","og_type":"article","og_title":"G7 acuerda impuesto \u2018hist\u00f3rico\u2019 mundial para grandes empresas -","og_description":"G7 acuerda impuesto \u2018hist\u00f3rico\u2019 mundial para grandes empresas Por Redacci\u00f3n QP Las medidas tendr\u00e1n que...","og_url":"https:\/\/quehacerpolitico.mx\/?p=81724","article_published_time":"2021-06-05T19:07:53+00:00","og_image":[{"width":2048,"height":1366,"url":"https:\/\/quehacerpolitico.mx\/wp-content\/uploads\/2021\/06\/0F8B1E8E-CACF-43B0-8B27-03754CFC6846.jpeg","type":"image\/jpeg"}],"author":"Redacci\u00f3n QP","twitter_card":"summary_large_image","twitter_misc":{"Escrito por":"Redacci\u00f3n QP","Tiempo de lectura":"4 minutos"},"schema":{"@context":"https:\/\/schema.org","@graph":[{"@type":"Article","@id":"https:\/\/quehacerpolitico.mx\/?p=81724#article","isPartOf":{"@id":"https:\/\/quehacerpolitico.mx\/?p=81724"},"author":{"name":"Redacci\u00f3n QP","@id":"https:\/\/quehacerpolitico.mx\/#\/schema\/person\/496d8ad2d1d3f8036101dca7ee39e585"},"headline":"G7 acuerda impuesto \u2018hist\u00f3rico\u2019 mundial para grandes empresas","datePublished":"2021-06-05T19:07:53+00:00","mainEntityOfPage":{"@id":"https:\/\/quehacerpolitico.mx\/?p=81724"},"wordCount":741,"commentCount":0,"image":{"@id":"https:\/\/quehacerpolitico.mx\/?p=81724#primaryimage"},"thumbnailUrl":"https:\/\/quehacerpolitico.mx\/wp-content\/uploads\/2021\/06\/0F8B1E8E-CACF-43B0-8B27-03754CFC6846.jpeg","articleSection":["Econom\u00eda"],"inLanguage":"es","potentialAction":[{"@type":"CommentAction","name":"Comment","target":["https:\/\/quehacerpolitico.mx\/?p=81724#respond"]}]},{"@type":"WebPage","@id":"https:\/\/quehacerpolitico.mx\/?p=81724","url":"https:\/\/quehacerpolitico.mx\/?p=81724","name":"G7 acuerda impuesto \u2018hist\u00f3rico\u2019 mundial para grandes empresas -","isPartOf":{"@id":"https:\/\/quehacerpolitico.mx\/#website"},"primaryImageOfPage":{"@id":"https:\/\/quehacerpolitico.mx\/?p=81724#primaryimage"},"image":{"@id":"https:\/\/quehacerpolitico.mx\/?p=81724#primaryimage"},"thumbnailUrl":"https:\/\/quehacerpolitico.mx\/wp-content\/uploads\/2021\/06\/0F8B1E8E-CACF-43B0-8B27-03754CFC6846.jpeg","datePublished":"2021-06-05T19:07:53+00:00","author":{"@id":"https:\/\/quehacerpolitico.mx\/#\/schema\/person\/496d8ad2d1d3f8036101dca7ee39e585"},"breadcrumb":{"@id":"https:\/\/quehacerpolitico.mx\/?p=81724#breadcrumb"},"inLanguage":"es","potentialAction":[{"@type":"ReadAction","target":["https:\/\/quehacerpolitico.mx\/?p=81724"]}]},{"@type":"ImageObject","inLanguage":"es","@id":"https:\/\/quehacerpolitico.mx\/?p=81724#primaryimage","url":"https:\/\/quehacerpolitico.mx\/wp-content\/uploads\/2021\/06\/0F8B1E8E-CACF-43B0-8B27-03754CFC6846.jpeg","contentUrl":"https:\/\/quehacerpolitico.mx\/wp-content\/uploads\/2021\/06\/0F8B1E8E-CACF-43B0-8B27-03754CFC6846.jpeg","width":2048,"height":1366},{"@type":"BreadcrumbList","@id":"https:\/\/quehacerpolitico.mx\/?p=81724#breadcrumb","itemListElement":[{"@type":"ListItem","position":1,"name":"Inicio","item":"https:\/\/quehacerpolitico.mx\/"},{"@type":"ListItem","position":2,"name":"G7 acuerda impuesto \u2018hist\u00f3rico\u2019 mundial para grandes empresas"}]},{"@type":"WebSite","@id":"https:\/\/quehacerpolitico.mx\/#website","url":"https:\/\/quehacerpolitico.mx\/","name":"","description":"","potentialAction":[{"@type":"SearchAction","target":{"@type":"EntryPoint","urlTemplate":"https:\/\/quehacerpolitico.mx\/?s={search_term_string}"},"query-input":{"@type":"PropertyValueSpecification","valueRequired":true,"valueName":"search_term_string"}}],"inLanguage":"es"},{"@type":"Person","@id":"https:\/\/quehacerpolitico.mx\/#\/schema\/person\/496d8ad2d1d3f8036101dca7ee39e585","name":"Redacci\u00f3n QP","image":{"@type":"ImageObject","inLanguage":"es","@id":"https:\/\/secure.gravatar.com\/avatar\/c7164ed6fdec453195284ad24a5ae5b6e1eed2b848477fa2a4787ba9adf39a41?s=96&d=mm&r=g","url":"https:\/\/secure.gravatar.com\/avatar\/c7164ed6fdec453195284ad24a5ae5b6e1eed2b848477fa2a4787ba9adf39a41?s=96&d=mm&r=g","contentUrl":"https:\/\/secure.gravatar.com\/avatar\/c7164ed6fdec453195284ad24a5ae5b6e1eed2b848477fa2a4787ba9adf39a41?s=96&d=mm&r=g","caption":"Redacci\u00f3n QP"},"url":"https:\/\/quehacerpolitico.mx\/?author=2"}]}},"featured_image_urls":{"full":["https:\/\/quehacerpolitico.mx\/wp-content\/uploads\/2021\/06\/0F8B1E8E-CACF-43B0-8B27-03754CFC6846.jpeg",2048,1366,false],"thumbnail":["https:\/\/quehacerpolitico.mx\/wp-content\/uploads\/2021\/06\/0F8B1E8E-CACF-43B0-8B27-03754CFC6846-150x150.jpeg",150,150,true],"medium":["https:\/\/quehacerpolitico.mx\/wp-content\/uploads\/2021\/06\/0F8B1E8E-CACF-43B0-8B27-03754CFC6846-300x200.jpeg",300,200,true],"medium_large":["https:\/\/quehacerpolitico.mx\/wp-content\/uploads\/2021\/06\/0F8B1E8E-CACF-43B0-8B27-03754CFC6846-768x512.jpeg",640,427,true],"large":["https:\/\/quehacerpolitico.mx\/wp-content\/uploads\/2021\/06\/0F8B1E8E-CACF-43B0-8B27-03754CFC6846-1024x683.jpeg",640,427,true],"1536x1536":["https:\/\/quehacerpolitico.mx\/wp-content\/uploads\/2021\/06\/0F8B1E8E-CACF-43B0-8B27-03754CFC6846-1536x1025.jpeg",1536,1025,true],"2048x2048":["https:\/\/quehacerpolitico.mx\/wp-content\/uploads\/2021\/06\/0F8B1E8E-CACF-43B0-8B27-03754CFC6846.jpeg",2048,1366,false],"covernews-featured":["https:\/\/quehacerpolitico.mx\/wp-content\/uploads\/2021\/06\/0F8B1E8E-CACF-43B0-8B27-03754CFC6846.jpeg",1024,683,false],"covernews-medium":["https:\/\/quehacerpolitico.mx\/wp-content\/uploads\/2021\/06\/0F8B1E8E-CACF-43B0-8B27-03754CFC6846.jpeg",510,340,false]},"author_info":{"display_name":"Redacci\u00f3n QP","author_link":"https:\/\/quehacerpolitico.mx\/?author=2"},"category_info":"<a href=\"https:\/\/quehacerpolitico.mx\/?cat=56\" rel=\"category\">Econom\u00eda<\/a>","tag_info":"Econom\u00eda","comment_count":"0","_links":{"self":[{"href":"https:\/\/quehacerpolitico.mx\/index.php?rest_route=\/wp\/v2\/posts\/81724","targetHints":{"allow":["GET"]}}],"collection":[{"href":"https:\/\/quehacerpolitico.mx\/index.php?rest_route=\/wp\/v2\/posts"}],"about":[{"href":"https:\/\/quehacerpolitico.mx\/index.php?rest_route=\/wp\/v2\/types\/post"}],"author":[{"embeddable":true,"href":"https:\/\/quehacerpolitico.mx\/index.php?rest_route=\/wp\/v2\/users\/2"}],"replies":[{"embeddable":true,"href":"https:\/\/quehacerpolitico.mx\/index.php?rest_route=%2Fwp%2Fv2%2Fcomments&post=81724"}],"version-history":[{"count":0,"href":"https:\/\/quehacerpolitico.mx\/index.php?rest_route=\/wp\/v2\/posts\/81724\/revisions"}],"wp:featuredmedia":[{"embeddable":true,"href":"https:\/\/quehacerpolitico.mx\/index.php?rest_route=\/wp\/v2\/media\/81728"}],"wp:attachment":[{"href":"https:\/\/quehacerpolitico.mx\/index.php?rest_route=%2Fwp%2Fv2%2Fmedia&parent=81724"}],"wp:term":[{"taxonomy":"category","embeddable":true,"href":"https:\/\/quehacerpolitico.mx\/index.php?rest_route=%2Fwp%2Fv2%2Fcategories&post=81724"},{"taxonomy":"post_tag","embeddable":true,"href":"https:\/\/quehacerpolitico.mx\/index.php?rest_route=%2Fwp%2Fv2%2Ftags&post=81724"}],"curies":[{"name":"wp","href":"https:\/\/api.w.org\/{rel}","templated":true}]}}