{"id":81717,"date":"2021-06-05T18:44:38","date_gmt":"2021-06-05T18:44:38","guid":{"rendered":"https:\/\/quehacerpolitico.mx\/?p=81717"},"modified":"2021-06-05T18:44:38","modified_gmt":"2021-06-05T18:44:38","slug":"internacionales-carolina-alonso-romei-crece-presion-internacional-por-liberacion-de-cristiana-chamorro-en-nicaragua","status":"publish","type":"post","link":"https:\/\/quehacerpolitico.mx\/?p=81717","title":{"rendered":"Internacionales\/\/\/Carolina Alonso Romei\/\/\/Crece presi\u00f3n internacional por liberaci\u00f3n de Cristiana Chamorro en Nicaragua"},"content":{"rendered":"<h1 class=\"amp-wp-title\">Crece presi\u00f3n internacional por liberaci\u00f3n de Cristiana Chamorro en Nicaragua<br \/>\nPor Carolina Alonso Romei<\/h1>\n<p>Internacionalista<\/p>\n<p class=\"p1\">La presi\u00f3n para que se libere a la opositora nicarag\u00fcense <strong>Cristiana Chamorro<\/strong> creci\u00f3 con pronunciamientos de <strong>Estados Unidos, Espa\u00f1a y Francia<\/strong>, mientras en Managua una jueza autoriz\u00f3 a la Polic\u00eda Nacional extraer toda la informaci\u00f3n de los dispositivos electr\u00f3nicos de la tambi\u00e9n aspirante presidencial, quien se encuentra recluida en su vivienda y bajo una fuerte vigilancia policial.<\/p>\n<p class=\"p1\">La jueza Karen Chavarr\u00eda Morales, titular del Noveno Distrito Penal de Audiencia de Managua, que gir\u00f3 el mi\u00e9rcoles la orden de registro y detenci\u00f3n contra Chamorro, autoriz\u00f3 a la Polic\u00eda Nacional extraer toda la informaci\u00f3n de los dispositivos electr\u00f3nicos de la l\u00edder opositora.<\/p>\n<p class=\"p1\">La jueza autoriz\u00f3 a la Polic\u00eda a que utilice a un especialista inform\u00e1tico para que extraiga toda la informaci\u00f3n de los tel\u00e9fonos m\u00f3viles, tabletas y ordenadores, incluido correos electr\u00f3nicos, im\u00e1genes, videos, mensajes de texto, audio v\u00eda WhatsApp, entre otros, seg\u00fan informaron a la prensa fuentes cercanas al caso.<\/p>\n<p class=\"p1\"><strong>Chamorro, hija de la exmandataria Violeta Barrios de Chamorro<\/strong> (1990-1997), <strong>que derrot\u00f3 al actual presidente Daniel Ortega en los comicios de 1990,<\/strong> permanece recluida en su residencia desde hace tres d\u00edas, en una exclusiva zona al sur de Managua, despu\u00e9s de que una jueza ordenara su detenci\u00f3n y el allanamiento de la vivienda.<\/p>\n<p class=\"p1\">La Fiscal\u00eda acus\u00f3 a la periodista, de 67 a\u00f1os, exdirectora de la clausurada ONG Fundaci\u00f3n Violeta Barrios de Chamorro para la Reconciliaci\u00f3n y la Democracia, y la figura de la oposici\u00f3n con mayor probabilidad de ganar las presidenciales de noviembre, por los delitos de gesti\u00f3n abusiva, falsedad ideol\u00f3gica, ambos en concurso real con lavado de dinero, bienes y activos.<\/p>\n<h2 class=\"p1\">EEUU: ORTEGA QUIERE FRUSTRAR ELECCIONES LIBRES<\/h2>\n<p class=\"p1\">Estados Unidos hizo un llamamiento al Gobierno de Nicaragua \u201cpara que libere de inmediato a la l\u00edder de la oposici\u00f3n\u201d Chamorro y a dos colaboradores de la ONG.<\/p>\n<p class=\"p1\"><em>\u201cSu detenci\u00f3n por cargos falsos es un abuso de sus derechos y representa un asalto a los valores democr\u00e1ticos, as\u00ed como un claro intento de frustrar elecciones libres y justas\u201d<\/em> el 7 de noviembre en Nicaragua, dijo el portavoz del Departamento de Estado de EE.UU., Ned Price, en una declaraci\u00f3n enviada por la embajada estadounidense en Managua.<\/p>\n<p class=\"p1\">Prince sostuvo que \u201cel r\u00e9gimen de Ortega se ha comprometido a prohibir la participaci\u00f3n de la se\u00f1ora Chamorro en las elecciones de noviembre, y, en mayo, cancel\u00f3 sin fundamento el estatus legal de dos partidos pol\u00edticos de la oposici\u00f3n\u201d.<\/p>\n<p class=\"p1\">El portavoz estadounidense dijo que Daniel Ortega \u201cinstituy\u00f3 m\u00e1s restricciones y redujo la transparencia electoral\u201d, en lugar de implementar reformas electorales antes de la fecha l\u00edmite de mayo establecida por la Organizaci\u00f3n de Estados Americanos (OEA), por lo que \u201clas actuales condiciones de represi\u00f3n y exclusi\u00f3n no son congruentes con unas elecciones cre\u00edbles\u201d.<\/p>\n<p class=\"p1\"><em>\u201cLa regi\u00f3n y la comunidad internacional deben unirse al pueblo nicarag\u00fcense en apoyo de su derecho a elegir su Gobierno libremente\u201d<\/em>, abog\u00f3.<\/p>\n<h2 class=\"p1\">ESPA\u00d1A Y FRANCIA SE SUMAN<\/h2>\n<p class=\"p1\">Por su lado, el Gobierno espa\u00f1ol expres\u00f3 su \u201cpreocupaci\u00f3n\u201d por la detenci\u00f3n e inhabilitaci\u00f3n de Chamorro para las presidenciales de noviembre, y tambi\u00e9n se mostr\u00f3 preocupado por el \u201ccontinuo hostigamiento a periodistas y medios de comunicaci\u00f3n independientes\u201d en el pa\u00eds centroamericano.<\/p>\n<p class=\"p1\">Por medio de un comunicado del Ministerio de Exteriores, el Ejecutivo espa\u00f1ol se\u00f1al\u00f3 que estos \u201cgraves hechos y la actual din\u00e1mica pol\u00edtica reducen los espacios de di\u00e1logo y convivencia en Nicaragua y ponen en riesgo la legitimidad democr\u00e1tica de las elecciones generales\u201d.<\/p>\n<p class=\"p1\">Por ello, consider\u00f3 que estas medidas \u201cdeben ser revertidas, poniendo fin de manera inmediata a la retenci\u00f3n de la se\u00f1ora Chamorro y desocupando su domicilio, as\u00ed como garantizarse el libre ejercicio de los derechos fundamentales de todos los ciudadanos y actores sociales y pol\u00edticos\u201d.<\/p>\n<p class=\"p1\">Francia tambi\u00e9n inst\u00f3 al Gobierno nicarag\u00fcense a liberar de forma \u201cinmediata\u201d a Chamorro y conden\u00f3 \u201ccon firmeza\u201d que la hayan inhabilitado a optar a cargos p\u00fablicos, medida que calific\u00f3 de incompatible con el proceso democr\u00e1tico.<\/p>\n<blockquote>\n<p class=\"p1\"><em>\u201cFrancia condena con firmeza estas medidas, que son incompatibles con un proceso electoral libre, honesto y transparente, y solicita la puesta en libertad inmediata de la se\u00f1ora Cristiana Chamorro\u201d<\/em>, indic\u00f3 Ministerio de Exteriores galo.<\/p>\n<\/blockquote>\n<p class=\"p1\">Espa\u00f1a y Francia se sumaron as\u00ed al rechazo expresado el jueves por la Comisi\u00f3n Europea, que pidi\u00f3 a Ortega que se libere a Chamorro<\/p>\n<h2 class=\"p1\">PIDEN APLICAR \u201cCL\u00c1USULA DEMOCR\u00c1TICA\u201d<\/h2>\n<p class=\"p1\">Una treintena de eurodiputados solicitaron al alto representante de la UE para la Pol\u00edtica Exterior, Josep Borrell, aplicar a Nicaragua la \u201ccl\u00e1usula democr\u00e1tica\u201d del acuerdo de asociaci\u00f3n con los pa\u00edses de Centroam\u00e9rica por violaciones de derechos humanos.<\/p>\n<p class=\"p1\">Los eurodiputados temen que Ortega pueda \u201cseguir los pasos de dictadores y tiranos populistas de la regi\u00f3n e intentar permanecer en el poder a costa de la libertad, la justicia, la prosperidad y la democracia de su pa\u00eds\u201d.<\/p>\n<p class=\"p1\">El Frente Hemisf\u00e9rico por la Libertad, compuesto por pol\u00edticos, organizaciones no gubernamentales, exdiplom\u00e1ticos y acad\u00e9micos de 15 pa\u00edses, se sum\u00f3 a la condena internacional por la condici\u00f3n de Chamorro e hizo un llamado \u201curgente\u201d a todas las fuerzas democr\u00e1ticas del continente para que repudien \u201cesta grosera y arbitraria manipulaci\u00f3n pol\u00edtica\u201d con la que Ortega \u201cbusca prolongar su ya larga permanencia en el poder\u201d.<\/p>\n<p class=\"p1\">Ortega, de 75 a\u00f1os, quien lleva 14 a\u00f1os y cinco meses en su segunda etapa como presidente de Nicaragua, tras coordinar una Junta de Gobierno de 1979 a 1985 y presidir por primera vez el pa\u00eds de 1985 a 1990, aspira por octava vez a la Presidencia en los comicios del 7 de noviembre.<\/p>\n<p>Con informaci\u00f3n de EFE.<\/p>\n","protected":false},"excerpt":{"rendered":"<p>Crece presi\u00f3n internacional por liberaci\u00f3n de Cristiana Chamorro en Nicaragua Por Carolina Alonso Romei Internacionalista&#8230;<\/p>\n","protected":false},"author":2,"featured_media":81720,"comment_status":"open","ping_status":"open","sticky":false,"template":"","format":"standard","meta":{"_monsterinsights_skip_tracking":false,"_monsterinsights_sitenote_active":false,"_monsterinsights_sitenote_note":"","_monsterinsights_sitenote_category":0,"footnotes":""},"categories":[1],"tags":[],"class_list":["post-81717","post","type-post","status-publish","format-standard","has-post-thumbnail","hentry","category-sin-categoria"],"yoast_head":"<!-- This site is optimized with the Yoast SEO plugin v27.3 - https:\/\/yoast.com\/product\/yoast-seo-wordpress\/ -->\n<title>Internacionales\/\/\/Carolina Alonso Romei\/\/\/Crece presi\u00f3n internacional por liberaci\u00f3n de Cristiana Chamorro en Nicaragua -<\/title>\n<meta name=\"robots\" content=\"index, follow, max-snippet:-1, max-image-preview:large, max-video-preview:-1\" \/>\n<link rel=\"canonical\" href=\"https:\/\/quehacerpolitico.mx\/?p=81717\" \/>\n<meta property=\"og:locale\" content=\"es_MX\" \/>\n<meta property=\"og:type\" content=\"article\" \/>\n<meta property=\"og:title\" content=\"Internacionales\/\/\/Carolina Alonso Romei\/\/\/Crece presi\u00f3n internacional por liberaci\u00f3n de Cristiana Chamorro en Nicaragua -\" \/>\n<meta property=\"og:description\" content=\"Crece presi\u00f3n internacional por liberaci\u00f3n de Cristiana Chamorro en Nicaragua Por Carolina Alonso Romei Internacionalista...\" \/>\n<meta property=\"og:url\" content=\"https:\/\/quehacerpolitico.mx\/?p=81717\" \/>\n<meta property=\"article:published_time\" content=\"2021-06-05T18:44:38+00:00\" \/>\n<meta property=\"og:image\" content=\"https:\/\/quehacerpolitico.mx\/wp-content\/uploads\/2021\/06\/9E50BBDF-C70D-4915-BCD1-47CC2C753604.jpeg\" \/>\n\t<meta property=\"og:image:width\" content=\"700\" \/>\n\t<meta property=\"og:image:height\" content=\"394\" \/>\n\t<meta property=\"og:image:type\" content=\"image\/jpeg\" \/>\n<meta name=\"author\" content=\"Redacci\u00f3n QP\" \/>\n<meta name=\"twitter:card\" content=\"summary_large_image\" \/>\n<meta name=\"twitter:label1\" content=\"Escrito por\" \/>\n\t<meta name=\"twitter:data1\" content=\"Redacci\u00f3n QP\" \/>\n\t<meta name=\"twitter:label2\" content=\"Tiempo de lectura\" \/>\n\t<meta name=\"twitter:data2\" content=\"5 minutos\" \/>\n<script type=\"application\/ld+json\" class=\"yoast-schema-graph\">{\"@context\":\"https:\\\/\\\/schema.org\",\"@graph\":[{\"@type\":\"Article\",\"@id\":\"https:\\\/\\\/quehacerpolitico.mx\\\/?p=81717#article\",\"isPartOf\":{\"@id\":\"https:\\\/\\\/quehacerpolitico.mx\\\/?p=81717\"},\"author\":{\"name\":\"Redacci\u00f3n QP\",\"@id\":\"https:\\\/\\\/quehacerpolitico.mx\\\/#\\\/schema\\\/person\\\/496d8ad2d1d3f8036101dca7ee39e585\"},\"headline\":\"Internacionales\\\/\\\/\\\/Carolina Alonso Romei\\\/\\\/\\\/Crece presi\u00f3n internacional por liberaci\u00f3n de Cristiana Chamorro en Nicaragua\",\"datePublished\":\"2021-06-05T18:44:38+00:00\",\"mainEntityOfPage\":{\"@id\":\"https:\\\/\\\/quehacerpolitico.mx\\\/?p=81717\"},\"wordCount\":1011,\"commentCount\":0,\"image\":{\"@id\":\"https:\\\/\\\/quehacerpolitico.mx\\\/?p=81717#primaryimage\"},\"thumbnailUrl\":\"https:\\\/\\\/quehacerpolitico.mx\\\/wp-content\\\/uploads\\\/2021\\\/06\\\/9E50BBDF-C70D-4915-BCD1-47CC2C753604.jpeg\",\"articleSection\":[\"Internacionales\"],\"inLanguage\":\"es\",\"potentialAction\":[{\"@type\":\"CommentAction\",\"name\":\"Comment\",\"target\":[\"https:\\\/\\\/quehacerpolitico.mx\\\/?p=81717#respond\"]}]},{\"@type\":\"WebPage\",\"@id\":\"https:\\\/\\\/quehacerpolitico.mx\\\/?p=81717\",\"url\":\"https:\\\/\\\/quehacerpolitico.mx\\\/?p=81717\",\"name\":\"Internacionales\\\/\\\/\\\/Carolina Alonso Romei\\\/\\\/\\\/Crece presi\u00f3n internacional por liberaci\u00f3n de Cristiana Chamorro en Nicaragua -\",\"isPartOf\":{\"@id\":\"https:\\\/\\\/quehacerpolitico.mx\\\/#website\"},\"primaryImageOfPage\":{\"@id\":\"https:\\\/\\\/quehacerpolitico.mx\\\/?p=81717#primaryimage\"},\"image\":{\"@id\":\"https:\\\/\\\/quehacerpolitico.mx\\\/?p=81717#primaryimage\"},\"thumbnailUrl\":\"https:\\\/\\\/quehacerpolitico.mx\\\/wp-content\\\/uploads\\\/2021\\\/06\\\/9E50BBDF-C70D-4915-BCD1-47CC2C753604.jpeg\",\"datePublished\":\"2021-06-05T18:44:38+00:00\",\"author\":{\"@id\":\"https:\\\/\\\/quehacerpolitico.mx\\\/#\\\/schema\\\/person\\\/496d8ad2d1d3f8036101dca7ee39e585\"},\"breadcrumb\":{\"@id\":\"https:\\\/\\\/quehacerpolitico.mx\\\/?p=81717#breadcrumb\"},\"inLanguage\":\"es\",\"potentialAction\":[{\"@type\":\"ReadAction\",\"target\":[\"https:\\\/\\\/quehacerpolitico.mx\\\/?p=81717\"]}]},{\"@type\":\"ImageObject\",\"inLanguage\":\"es\",\"@id\":\"https:\\\/\\\/quehacerpolitico.mx\\\/?p=81717#primaryimage\",\"url\":\"https:\\\/\\\/quehacerpolitico.mx\\\/wp-content\\\/uploads\\\/2021\\\/06\\\/9E50BBDF-C70D-4915-BCD1-47CC2C753604.jpeg\",\"contentUrl\":\"https:\\\/\\\/quehacerpolitico.mx\\\/wp-content\\\/uploads\\\/2021\\\/06\\\/9E50BBDF-C70D-4915-BCD1-47CC2C753604.jpeg\",\"width\":700,\"height\":394},{\"@type\":\"BreadcrumbList\",\"@id\":\"https:\\\/\\\/quehacerpolitico.mx\\\/?p=81717#breadcrumb\",\"itemListElement\":[{\"@type\":\"ListItem\",\"position\":1,\"name\":\"Inicio\",\"item\":\"https:\\\/\\\/quehacerpolitico.mx\\\/\"},{\"@type\":\"ListItem\",\"position\":2,\"name\":\"Internacionales\\\/\\\/\\\/Carolina Alonso Romei\\\/\\\/\\\/Crece presi\u00f3n internacional por liberaci\u00f3n de Cristiana Chamorro en Nicaragua\"}]},{\"@type\":\"WebSite\",\"@id\":\"https:\\\/\\\/quehacerpolitico.mx\\\/#website\",\"url\":\"https:\\\/\\\/quehacerpolitico.mx\\\/\",\"name\":\"\",\"description\":\"\",\"potentialAction\":[{\"@type\":\"SearchAction\",\"target\":{\"@type\":\"EntryPoint\",\"urlTemplate\":\"https:\\\/\\\/quehacerpolitico.mx\\\/?s={search_term_string}\"},\"query-input\":{\"@type\":\"PropertyValueSpecification\",\"valueRequired\":true,\"valueName\":\"search_term_string\"}}],\"inLanguage\":\"es\"},{\"@type\":\"Person\",\"@id\":\"https:\\\/\\\/quehacerpolitico.mx\\\/#\\\/schema\\\/person\\\/496d8ad2d1d3f8036101dca7ee39e585\",\"name\":\"Redacci\u00f3n QP\",\"image\":{\"@type\":\"ImageObject\",\"inLanguage\":\"es\",\"@id\":\"https:\\\/\\\/secure.gravatar.com\\\/avatar\\\/c7164ed6fdec453195284ad24a5ae5b6e1eed2b848477fa2a4787ba9adf39a41?s=96&d=mm&r=g\",\"url\":\"https:\\\/\\\/secure.gravatar.com\\\/avatar\\\/c7164ed6fdec453195284ad24a5ae5b6e1eed2b848477fa2a4787ba9adf39a41?s=96&d=mm&r=g\",\"contentUrl\":\"https:\\\/\\\/secure.gravatar.com\\\/avatar\\\/c7164ed6fdec453195284ad24a5ae5b6e1eed2b848477fa2a4787ba9adf39a41?s=96&d=mm&r=g\",\"caption\":\"Redacci\u00f3n QP\"},\"url\":\"https:\\\/\\\/quehacerpolitico.mx\\\/?author=2\"}]}<\/script>\n<!-- \/ Yoast SEO plugin. -->","yoast_head_json":{"title":"Internacionales\/\/\/Carolina Alonso Romei\/\/\/Crece presi\u00f3n internacional por liberaci\u00f3n de Cristiana Chamorro en Nicaragua -","robots":{"index":"index","follow":"follow","max-snippet":"max-snippet:-1","max-image-preview":"max-image-preview:large","max-video-preview":"max-video-preview:-1"},"canonical":"https:\/\/quehacerpolitico.mx\/?p=81717","og_locale":"es_MX","og_type":"article","og_title":"Internacionales\/\/\/Carolina Alonso Romei\/\/\/Crece presi\u00f3n internacional por liberaci\u00f3n de Cristiana Chamorro en Nicaragua -","og_description":"Crece presi\u00f3n internacional por liberaci\u00f3n de Cristiana Chamorro en Nicaragua Por Carolina Alonso Romei Internacionalista...","og_url":"https:\/\/quehacerpolitico.mx\/?p=81717","article_published_time":"2021-06-05T18:44:38+00:00","og_image":[{"width":700,"height":394,"url":"https:\/\/quehacerpolitico.mx\/wp-content\/uploads\/2021\/06\/9E50BBDF-C70D-4915-BCD1-47CC2C753604.jpeg","type":"image\/jpeg"}],"author":"Redacci\u00f3n QP","twitter_card":"summary_large_image","twitter_misc":{"Escrito por":"Redacci\u00f3n QP","Tiempo de lectura":"5 minutos"},"schema":{"@context":"https:\/\/schema.org","@graph":[{"@type":"Article","@id":"https:\/\/quehacerpolitico.mx\/?p=81717#article","isPartOf":{"@id":"https:\/\/quehacerpolitico.mx\/?p=81717"},"author":{"name":"Redacci\u00f3n QP","@id":"https:\/\/quehacerpolitico.mx\/#\/schema\/person\/496d8ad2d1d3f8036101dca7ee39e585"},"headline":"Internacionales\/\/\/Carolina Alonso Romei\/\/\/Crece presi\u00f3n internacional por liberaci\u00f3n de Cristiana Chamorro en Nicaragua","datePublished":"2021-06-05T18:44:38+00:00","mainEntityOfPage":{"@id":"https:\/\/quehacerpolitico.mx\/?p=81717"},"wordCount":1011,"commentCount":0,"image":{"@id":"https:\/\/quehacerpolitico.mx\/?p=81717#primaryimage"},"thumbnailUrl":"https:\/\/quehacerpolitico.mx\/wp-content\/uploads\/2021\/06\/9E50BBDF-C70D-4915-BCD1-47CC2C753604.jpeg","articleSection":["Internacionales"],"inLanguage":"es","potentialAction":[{"@type":"CommentAction","name":"Comment","target":["https:\/\/quehacerpolitico.mx\/?p=81717#respond"]}]},{"@type":"WebPage","@id":"https:\/\/quehacerpolitico.mx\/?p=81717","url":"https:\/\/quehacerpolitico.mx\/?p=81717","name":"Internacionales\/\/\/Carolina Alonso Romei\/\/\/Crece presi\u00f3n internacional por liberaci\u00f3n de Cristiana Chamorro en Nicaragua -","isPartOf":{"@id":"https:\/\/quehacerpolitico.mx\/#website"},"primaryImageOfPage":{"@id":"https:\/\/quehacerpolitico.mx\/?p=81717#primaryimage"},"image":{"@id":"https:\/\/quehacerpolitico.mx\/?p=81717#primaryimage"},"thumbnailUrl":"https:\/\/quehacerpolitico.mx\/wp-content\/uploads\/2021\/06\/9E50BBDF-C70D-4915-BCD1-47CC2C753604.jpeg","datePublished":"2021-06-05T18:44:38+00:00","author":{"@id":"https:\/\/quehacerpolitico.mx\/#\/schema\/person\/496d8ad2d1d3f8036101dca7ee39e585"},"breadcrumb":{"@id":"https:\/\/quehacerpolitico.mx\/?p=81717#breadcrumb"},"inLanguage":"es","potentialAction":[{"@type":"ReadAction","target":["https:\/\/quehacerpolitico.mx\/?p=81717"]}]},{"@type":"ImageObject","inLanguage":"es","@id":"https:\/\/quehacerpolitico.mx\/?p=81717#primaryimage","url":"https:\/\/quehacerpolitico.mx\/wp-content\/uploads\/2021\/06\/9E50BBDF-C70D-4915-BCD1-47CC2C753604.jpeg","contentUrl":"https:\/\/quehacerpolitico.mx\/wp-content\/uploads\/2021\/06\/9E50BBDF-C70D-4915-BCD1-47CC2C753604.jpeg","width":700,"height":394},{"@type":"BreadcrumbList","@id":"https:\/\/quehacerpolitico.mx\/?p=81717#breadcrumb","itemListElement":[{"@type":"ListItem","position":1,"name":"Inicio","item":"https:\/\/quehacerpolitico.mx\/"},{"@type":"ListItem","position":2,"name":"Internacionales\/\/\/Carolina Alonso Romei\/\/\/Crece presi\u00f3n internacional por liberaci\u00f3n de Cristiana Chamorro en Nicaragua"}]},{"@type":"WebSite","@id":"https:\/\/quehacerpolitico.mx\/#website","url":"https:\/\/quehacerpolitico.mx\/","name":"","description":"","potentialAction":[{"@type":"SearchAction","target":{"@type":"EntryPoint","urlTemplate":"https:\/\/quehacerpolitico.mx\/?s={search_term_string}"},"query-input":{"@type":"PropertyValueSpecification","valueRequired":true,"valueName":"search_term_string"}}],"inLanguage":"es"},{"@type":"Person","@id":"https:\/\/quehacerpolitico.mx\/#\/schema\/person\/496d8ad2d1d3f8036101dca7ee39e585","name":"Redacci\u00f3n QP","image":{"@type":"ImageObject","inLanguage":"es","@id":"https:\/\/secure.gravatar.com\/avatar\/c7164ed6fdec453195284ad24a5ae5b6e1eed2b848477fa2a4787ba9adf39a41?s=96&d=mm&r=g","url":"https:\/\/secure.gravatar.com\/avatar\/c7164ed6fdec453195284ad24a5ae5b6e1eed2b848477fa2a4787ba9adf39a41?s=96&d=mm&r=g","contentUrl":"https:\/\/secure.gravatar.com\/avatar\/c7164ed6fdec453195284ad24a5ae5b6e1eed2b848477fa2a4787ba9adf39a41?s=96&d=mm&r=g","caption":"Redacci\u00f3n QP"},"url":"https:\/\/quehacerpolitico.mx\/?author=2"}]}},"featured_image_urls":{"full":["https:\/\/quehacerpolitico.mx\/wp-content\/uploads\/2021\/06\/9E50BBDF-C70D-4915-BCD1-47CC2C753604.jpeg",700,394,false],"thumbnail":["https:\/\/quehacerpolitico.mx\/wp-content\/uploads\/2021\/06\/9E50BBDF-C70D-4915-BCD1-47CC2C753604-150x150.jpeg",150,150,true],"medium":["https:\/\/quehacerpolitico.mx\/wp-content\/uploads\/2021\/06\/9E50BBDF-C70D-4915-BCD1-47CC2C753604-300x169.jpeg",300,169,true],"medium_large":["https:\/\/quehacerpolitico.mx\/wp-content\/uploads\/2021\/06\/9E50BBDF-C70D-4915-BCD1-47CC2C753604.jpeg",640,360,false],"large":["https:\/\/quehacerpolitico.mx\/wp-content\/uploads\/2021\/06\/9E50BBDF-C70D-4915-BCD1-47CC2C753604.jpeg",640,360,false],"1536x1536":["https:\/\/quehacerpolitico.mx\/wp-content\/uploads\/2021\/06\/9E50BBDF-C70D-4915-BCD1-47CC2C753604.jpeg",700,394,false],"2048x2048":["https:\/\/quehacerpolitico.mx\/wp-content\/uploads\/2021\/06\/9E50BBDF-C70D-4915-BCD1-47CC2C753604.jpeg",700,394,false],"covernews-featured":["https:\/\/quehacerpolitico.mx\/wp-content\/uploads\/2021\/06\/9E50BBDF-C70D-4915-BCD1-47CC2C753604.jpeg",700,394,false],"covernews-medium":["https:\/\/quehacerpolitico.mx\/wp-content\/uploads\/2021\/06\/9E50BBDF-C70D-4915-BCD1-47CC2C753604.jpeg",540,304,false]},"author_info":{"display_name":"Redacci\u00f3n QP","author_link":"https:\/\/quehacerpolitico.mx\/?author=2"},"category_info":"<a href=\"https:\/\/quehacerpolitico.mx\/?cat=1\" rel=\"category\">Internacionales<\/a>","tag_info":"Internacionales","comment_count":"0","_links":{"self":[{"href":"https:\/\/quehacerpolitico.mx\/index.php?rest_route=\/wp\/v2\/posts\/81717","targetHints":{"allow":["GET"]}}],"collection":[{"href":"https:\/\/quehacerpolitico.mx\/index.php?rest_route=\/wp\/v2\/posts"}],"about":[{"href":"https:\/\/quehacerpolitico.mx\/index.php?rest_route=\/wp\/v2\/types\/post"}],"author":[{"embeddable":true,"href":"https:\/\/quehacerpolitico.mx\/index.php?rest_route=\/wp\/v2\/users\/2"}],"replies":[{"embeddable":true,"href":"https:\/\/quehacerpolitico.mx\/index.php?rest_route=%2Fwp%2Fv2%2Fcomments&post=81717"}],"version-history":[{"count":0,"href":"https:\/\/quehacerpolitico.mx\/index.php?rest_route=\/wp\/v2\/posts\/81717\/revisions"}],"wp:featuredmedia":[{"embeddable":true,"href":"https:\/\/quehacerpolitico.mx\/index.php?rest_route=\/wp\/v2\/media\/81720"}],"wp:attachment":[{"href":"https:\/\/quehacerpolitico.mx\/index.php?rest_route=%2Fwp%2Fv2%2Fmedia&parent=81717"}],"wp:term":[{"taxonomy":"category","embeddable":true,"href":"https:\/\/quehacerpolitico.mx\/index.php?rest_route=%2Fwp%2Fv2%2Fcategories&post=81717"},{"taxonomy":"post_tag","embeddable":true,"href":"https:\/\/quehacerpolitico.mx\/index.php?rest_route=%2Fwp%2Fv2%2Ftags&post=81717"}],"curies":[{"name":"wp","href":"https:\/\/api.w.org\/{rel}","templated":true}]}}