{"id":8167,"date":"2018-11-01T04:24:42","date_gmt":"2018-11-01T04:24:42","guid":{"rendered":"http:\/\/quehacerpolitico.mx\/cepal-el-impacto-por-el-naim-sera-pasajero-mexico-es-un-pais-demasiado-grande-y-atractivo\/"},"modified":"2018-11-01T04:24:42","modified_gmt":"2018-11-01T04:24:42","slug":"cepal-el-impacto-por-el-naim-sera-pasajero-mexico-es-un-pais-demasiado-grande-y-atractivo","status":"publish","type":"post","link":"https:\/\/quehacerpolitico.mx\/?p=8167","title":{"rendered":"Cepal: \u201cEl impacto por el NAIM ser\u00e1 pasajero. M\u00e9xico es un pa\u00eds demasiado grande y atractivo\u201d"},"content":{"rendered":"<h1>Cepal: \u201cEl impacto por el NAIM ser\u00e1 pasajero. M\u00e9xico es un pa\u00eds demasiado grande y atractivo\u201d<\/h1>\n<p>Por Redacci\u00f3n QP<\/p>\n<p>El <strong>impacto negativo en los mercados<\/strong> de la <strong>cancelaci\u00f3n de Nuevo Aeropuerto Internacional de M\u00e9xico<\/strong>(NAIM) ser\u00e1 \u201cpasajero\u201d porque el pa\u00eds despierta mucho inter\u00e9s inversionista, destac\u00f3 hoy la secretaria ejecutiva de la <strong>Cepal, Alicia B\u00e1rcena<\/strong>.<\/p>\n<blockquote>\n<p>\u201cPensamos que es una cuesti\u00f3n pasajera. M\u00e9xico es un pa\u00eds demasiado grande y atractivo para las inversiones para que esto (la suspensi\u00f3n del NAIM) sea un cambio de rumbo\u201d, apunt\u00f3 la titular de la Comisi\u00f3n Econ\u00f3mica para Am\u00e9rica Latina y el Caribe (Cepal).<\/p>\n<\/blockquote>\n<p>B\u00e1rcena hizo referencia a las declaraciones formuladas el martes por el Secretario de Econom\u00eda, Ildefonso Guajardo, quien descart\u00f3 una \u201ccrisis\u201d en la econom\u00eda mexicana por la cancelaci\u00f3n del NAIM, una magna obra de 13 mil 300 millones de d\u00f3lares impulsada por el Presidente Enrique Pe\u00f1a Nieto.<\/p>\n<div id=\"attachment_3491635\" class=\"wp-caption alignnone\"><img loading=\"lazy\" decoding=\"async\" class=\"wp-image-3491635 size-full\" src=\"https:\/\/www.sinembargo.mx\/wp-content\/uploads\/2018\/10\/dq2eo6ixqaajz6r.jpg\" sizes=\"auto, (max-width: 700px) 100vw, 700px\" srcset=\"https:\/\/www.sinembargo.mx\/wp-content\/uploads\/2018\/10\/dq2eo6ixqaajz6r.jpg 700w, https:\/\/www.sinembargo.mx\/wp-content\/uploads\/2018\/10\/dq2eo6ixqaajz6r-300x217.jpg 300w\" alt=\"\" width=\"700\" height=\"507\" \/><\/p>\n<p class=\"wp-caption-text\">Alicia B\u00e1rcena, titular de la Cepal, durante la presentaci\u00f3n del informe anual sobre el comercio de Am\u00e9rica Latina y el Caribe. Foto: Twitter @cepal_onu<\/p>\n<\/div>\n<p>A tenor de estas palabras, B\u00e1rcena se mostr\u00f3 hoy confiada en la resistencia de M\u00e9xico por su tratados de libre comercio firmados y el programa de inversiones privado y gubernamental existente.<\/p>\n<blockquote>\n<p>\u201cEs un pa\u00eds con mercado interno, fuerza de trabajo capacitada en sectores manufactureros y una proximidad geogr\u00e1fica con uno de los m\u00e1s grandes mercados, que es Estados Unidos, pero tambi\u00e9n con Am\u00e9rica Latina y el Caribe\u201d, agreg\u00f3.<\/p>\n<\/blockquote>\n<p>Finalmente, consider\u00f3 que la cancelaci\u00f3n tras un referendo ciudadano simboliza un cambio en la forma de conversar entre \u201cmercado, Estado y sociedad\u201d, dando mucha m\u00e1s voz a los dos \u00faltimos vectores.<\/p>\n<p>Tras la cancelaci\u00f3n del NAIM en Texcoco (Estado de M\u00e9xico), la administraci\u00f3n del impulsor de la consulta y futuro Presidente, Andr\u00e9s Manuel L\u00f3pez Obrador, tiene proyectada la construcci\u00f3n de dos pistas en la base militar de Santa Luc\u00eda y la reforma del actual Aeropuerto Internacional de la Ciudad de M\u00e9xico y el de Toluca.<\/p>\n<p>Despu\u00e9s de la consulta, que L\u00f3pez Obrador considera vinculante y que fue muy criticada por la patronal, el d\u00f3lar se cotiz\u00f3 el lunes por arriba de los 20 pesos y la Bolsa Mexicana de Valores registr\u00f3 una fuerte ca\u00edda de 4.2 por ciento.<\/p>\n<p>Con Informaci\u00f3n de EFE<\/p>\n","protected":false},"excerpt":{"rendered":"<p>Cepal: \u201cEl impacto por el NAIM ser\u00e1 pasajero. M\u00e9xico es un pa\u00eds demasiado grande y atractivo\u201d<br \/>\nPor Redacci\u00f3n QP<\/p>\n","protected":false},"author":2,"featured_media":8166,"comment_status":"open","ping_status":"open","sticky":false,"template":"","format":"standard","meta":{"_monsterinsights_skip_tracking":false,"_monsterinsights_sitenote_active":false,"_monsterinsights_sitenote_note":"","_monsterinsights_sitenote_category":0,"footnotes":""},"categories":[56],"tags":[],"class_list":["post-8167","post","type-post","status-publish","format-standard","has-post-thumbnail","hentry","category-economia"],"yoast_head":"<!-- This site is optimized with the Yoast SEO plugin v27.3 - https:\/\/yoast.com\/product\/yoast-seo-wordpress\/ -->\n<title>Cepal: \u201cEl impacto por el NAIM ser\u00e1 pasajero. M\u00e9xico es un pa\u00eds demasiado grande y atractivo\u201d -<\/title>\n<meta name=\"robots\" content=\"index, follow, max-snippet:-1, max-image-preview:large, max-video-preview:-1\" \/>\n<link rel=\"canonical\" href=\"https:\/\/quehacerpolitico.mx\/?p=8167\" \/>\n<meta property=\"og:locale\" content=\"es_MX\" \/>\n<meta property=\"og:type\" content=\"article\" \/>\n<meta property=\"og:title\" content=\"Cepal: \u201cEl impacto por el NAIM ser\u00e1 pasajero. M\u00e9xico es un pa\u00eds demasiado grande y atractivo\u201d -\" \/>\n<meta property=\"og:description\" content=\"Cepal: \u201cEl impacto por el NAIM ser\u00e1 pasajero. M\u00e9xico es un pa\u00eds demasiado grande y atractivo\u201d Por Redacci\u00f3n QP\" \/>\n<meta property=\"og:url\" content=\"https:\/\/quehacerpolitico.mx\/?p=8167\" \/>\n<meta property=\"article:published_time\" content=\"2018-11-01T04:24:42+00:00\" \/>\n<meta name=\"author\" content=\"Redacci\u00f3n QP\" \/>\n<meta name=\"twitter:card\" content=\"summary_large_image\" \/>\n<meta name=\"twitter:label1\" content=\"Escrito por\" \/>\n\t<meta name=\"twitter:data1\" content=\"Redacci\u00f3n QP\" \/>\n\t<meta name=\"twitter:label2\" content=\"Tiempo de lectura\" \/>\n\t<meta name=\"twitter:data2\" content=\"2 minutos\" \/>\n<script type=\"application\/ld+json\" class=\"yoast-schema-graph\">{\"@context\":\"https:\\\/\\\/schema.org\",\"@graph\":[{\"@type\":\"Article\",\"@id\":\"https:\\\/\\\/quehacerpolitico.mx\\\/?p=8167#article\",\"isPartOf\":{\"@id\":\"https:\\\/\\\/quehacerpolitico.mx\\\/?p=8167\"},\"author\":{\"name\":\"Redacci\u00f3n QP\",\"@id\":\"https:\\\/\\\/quehacerpolitico.mx\\\/#\\\/schema\\\/person\\\/496d8ad2d1d3f8036101dca7ee39e585\"},\"headline\":\"Cepal: \u201cEl impacto por el NAIM ser\u00e1 pasajero. M\u00e9xico es un pa\u00eds demasiado grande y atractivo\u201d\",\"datePublished\":\"2018-11-01T04:24:42+00:00\",\"mainEntityOfPage\":{\"@id\":\"https:\\\/\\\/quehacerpolitico.mx\\\/?p=8167\"},\"wordCount\":428,\"commentCount\":0,\"image\":{\"@id\":\"https:\\\/\\\/quehacerpolitico.mx\\\/?p=8167#primaryimage\"},\"thumbnailUrl\":\"\",\"articleSection\":[\"Econom\u00eda\"],\"inLanguage\":\"es\",\"potentialAction\":[{\"@type\":\"CommentAction\",\"name\":\"Comment\",\"target\":[\"https:\\\/\\\/quehacerpolitico.mx\\\/?p=8167#respond\"]}]},{\"@type\":\"WebPage\",\"@id\":\"https:\\\/\\\/quehacerpolitico.mx\\\/?p=8167\",\"url\":\"https:\\\/\\\/quehacerpolitico.mx\\\/?p=8167\",\"name\":\"Cepal: \u201cEl impacto por el NAIM ser\u00e1 pasajero. M\u00e9xico es un pa\u00eds demasiado grande y atractivo\u201d -\",\"isPartOf\":{\"@id\":\"https:\\\/\\\/quehacerpolitico.mx\\\/#website\"},\"primaryImageOfPage\":{\"@id\":\"https:\\\/\\\/quehacerpolitico.mx\\\/?p=8167#primaryimage\"},\"image\":{\"@id\":\"https:\\\/\\\/quehacerpolitico.mx\\\/?p=8167#primaryimage\"},\"thumbnailUrl\":\"\",\"datePublished\":\"2018-11-01T04:24:42+00:00\",\"author\":{\"@id\":\"https:\\\/\\\/quehacerpolitico.mx\\\/#\\\/schema\\\/person\\\/496d8ad2d1d3f8036101dca7ee39e585\"},\"breadcrumb\":{\"@id\":\"https:\\\/\\\/quehacerpolitico.mx\\\/?p=8167#breadcrumb\"},\"inLanguage\":\"es\",\"potentialAction\":[{\"@type\":\"ReadAction\",\"target\":[\"https:\\\/\\\/quehacerpolitico.mx\\\/?p=8167\"]}]},{\"@type\":\"ImageObject\",\"inLanguage\":\"es\",\"@id\":\"https:\\\/\\\/quehacerpolitico.mx\\\/?p=8167#primaryimage\",\"url\":\"\",\"contentUrl\":\"\"},{\"@type\":\"BreadcrumbList\",\"@id\":\"https:\\\/\\\/quehacerpolitico.mx\\\/?p=8167#breadcrumb\",\"itemListElement\":[{\"@type\":\"ListItem\",\"position\":1,\"name\":\"Inicio\",\"item\":\"https:\\\/\\\/quehacerpolitico.mx\\\/\"},{\"@type\":\"ListItem\",\"position\":2,\"name\":\"Cepal: \u201cEl impacto por el NAIM ser\u00e1 pasajero. M\u00e9xico es un pa\u00eds demasiado grande y atractivo\u201d\"}]},{\"@type\":\"WebSite\",\"@id\":\"https:\\\/\\\/quehacerpolitico.mx\\\/#website\",\"url\":\"https:\\\/\\\/quehacerpolitico.mx\\\/\",\"name\":\"\",\"description\":\"\",\"potentialAction\":[{\"@type\":\"SearchAction\",\"target\":{\"@type\":\"EntryPoint\",\"urlTemplate\":\"https:\\\/\\\/quehacerpolitico.mx\\\/?s={search_term_string}\"},\"query-input\":{\"@type\":\"PropertyValueSpecification\",\"valueRequired\":true,\"valueName\":\"search_term_string\"}}],\"inLanguage\":\"es\"},{\"@type\":\"Person\",\"@id\":\"https:\\\/\\\/quehacerpolitico.mx\\\/#\\\/schema\\\/person\\\/496d8ad2d1d3f8036101dca7ee39e585\",\"name\":\"Redacci\u00f3n QP\",\"image\":{\"@type\":\"ImageObject\",\"inLanguage\":\"es\",\"@id\":\"https:\\\/\\\/secure.gravatar.com\\\/avatar\\\/c7164ed6fdec453195284ad24a5ae5b6e1eed2b848477fa2a4787ba9adf39a41?s=96&d=mm&r=g\",\"url\":\"https:\\\/\\\/secure.gravatar.com\\\/avatar\\\/c7164ed6fdec453195284ad24a5ae5b6e1eed2b848477fa2a4787ba9adf39a41?s=96&d=mm&r=g\",\"contentUrl\":\"https:\\\/\\\/secure.gravatar.com\\\/avatar\\\/c7164ed6fdec453195284ad24a5ae5b6e1eed2b848477fa2a4787ba9adf39a41?s=96&d=mm&r=g\",\"caption\":\"Redacci\u00f3n QP\"},\"url\":\"https:\\\/\\\/quehacerpolitico.mx\\\/?author=2\"}]}<\/script>\n<!-- \/ Yoast SEO plugin. -->","yoast_head_json":{"title":"Cepal: \u201cEl impacto por el NAIM ser\u00e1 pasajero. M\u00e9xico es un pa\u00eds demasiado grande y atractivo\u201d -","robots":{"index":"index","follow":"follow","max-snippet":"max-snippet:-1","max-image-preview":"max-image-preview:large","max-video-preview":"max-video-preview:-1"},"canonical":"https:\/\/quehacerpolitico.mx\/?p=8167","og_locale":"es_MX","og_type":"article","og_title":"Cepal: \u201cEl impacto por el NAIM ser\u00e1 pasajero. M\u00e9xico es un pa\u00eds demasiado grande y atractivo\u201d -","og_description":"Cepal: \u201cEl impacto por el NAIM ser\u00e1 pasajero. M\u00e9xico es un pa\u00eds demasiado grande y atractivo\u201d Por Redacci\u00f3n QP","og_url":"https:\/\/quehacerpolitico.mx\/?p=8167","article_published_time":"2018-11-01T04:24:42+00:00","author":"Redacci\u00f3n QP","twitter_card":"summary_large_image","twitter_misc":{"Escrito por":"Redacci\u00f3n QP","Tiempo de lectura":"2 minutos"},"schema":{"@context":"https:\/\/schema.org","@graph":[{"@type":"Article","@id":"https:\/\/quehacerpolitico.mx\/?p=8167#article","isPartOf":{"@id":"https:\/\/quehacerpolitico.mx\/?p=8167"},"author":{"name":"Redacci\u00f3n QP","@id":"https:\/\/quehacerpolitico.mx\/#\/schema\/person\/496d8ad2d1d3f8036101dca7ee39e585"},"headline":"Cepal: \u201cEl impacto por el NAIM ser\u00e1 pasajero. M\u00e9xico es un pa\u00eds demasiado grande y atractivo\u201d","datePublished":"2018-11-01T04:24:42+00:00","mainEntityOfPage":{"@id":"https:\/\/quehacerpolitico.mx\/?p=8167"},"wordCount":428,"commentCount":0,"image":{"@id":"https:\/\/quehacerpolitico.mx\/?p=8167#primaryimage"},"thumbnailUrl":"","articleSection":["Econom\u00eda"],"inLanguage":"es","potentialAction":[{"@type":"CommentAction","name":"Comment","target":["https:\/\/quehacerpolitico.mx\/?p=8167#respond"]}]},{"@type":"WebPage","@id":"https:\/\/quehacerpolitico.mx\/?p=8167","url":"https:\/\/quehacerpolitico.mx\/?p=8167","name":"Cepal: \u201cEl impacto por el NAIM ser\u00e1 pasajero. M\u00e9xico es un pa\u00eds demasiado grande y atractivo\u201d -","isPartOf":{"@id":"https:\/\/quehacerpolitico.mx\/#website"},"primaryImageOfPage":{"@id":"https:\/\/quehacerpolitico.mx\/?p=8167#primaryimage"},"image":{"@id":"https:\/\/quehacerpolitico.mx\/?p=8167#primaryimage"},"thumbnailUrl":"","datePublished":"2018-11-01T04:24:42+00:00","author":{"@id":"https:\/\/quehacerpolitico.mx\/#\/schema\/person\/496d8ad2d1d3f8036101dca7ee39e585"},"breadcrumb":{"@id":"https:\/\/quehacerpolitico.mx\/?p=8167#breadcrumb"},"inLanguage":"es","potentialAction":[{"@type":"ReadAction","target":["https:\/\/quehacerpolitico.mx\/?p=8167"]}]},{"@type":"ImageObject","inLanguage":"es","@id":"https:\/\/quehacerpolitico.mx\/?p=8167#primaryimage","url":"","contentUrl":""},{"@type":"BreadcrumbList","@id":"https:\/\/quehacerpolitico.mx\/?p=8167#breadcrumb","itemListElement":[{"@type":"ListItem","position":1,"name":"Inicio","item":"https:\/\/quehacerpolitico.mx\/"},{"@type":"ListItem","position":2,"name":"Cepal: \u201cEl impacto por el NAIM ser\u00e1 pasajero. M\u00e9xico es un pa\u00eds demasiado grande y atractivo\u201d"}]},{"@type":"WebSite","@id":"https:\/\/quehacerpolitico.mx\/#website","url":"https:\/\/quehacerpolitico.mx\/","name":"","description":"","potentialAction":[{"@type":"SearchAction","target":{"@type":"EntryPoint","urlTemplate":"https:\/\/quehacerpolitico.mx\/?s={search_term_string}"},"query-input":{"@type":"PropertyValueSpecification","valueRequired":true,"valueName":"search_term_string"}}],"inLanguage":"es"},{"@type":"Person","@id":"https:\/\/quehacerpolitico.mx\/#\/schema\/person\/496d8ad2d1d3f8036101dca7ee39e585","name":"Redacci\u00f3n QP","image":{"@type":"ImageObject","inLanguage":"es","@id":"https:\/\/secure.gravatar.com\/avatar\/c7164ed6fdec453195284ad24a5ae5b6e1eed2b848477fa2a4787ba9adf39a41?s=96&d=mm&r=g","url":"https:\/\/secure.gravatar.com\/avatar\/c7164ed6fdec453195284ad24a5ae5b6e1eed2b848477fa2a4787ba9adf39a41?s=96&d=mm&r=g","contentUrl":"https:\/\/secure.gravatar.com\/avatar\/c7164ed6fdec453195284ad24a5ae5b6e1eed2b848477fa2a4787ba9adf39a41?s=96&d=mm&r=g","caption":"Redacci\u00f3n QP"},"url":"https:\/\/quehacerpolitico.mx\/?author=2"}]}},"featured_image_urls":{"full":"","thumbnail":"","medium":"","medium_large":"","large":"","1536x1536":"","2048x2048":"","covernews-featured":"","covernews-medium":""},"author_info":{"display_name":"Redacci\u00f3n QP","author_link":"https:\/\/quehacerpolitico.mx\/?author=2"},"category_info":"<a href=\"https:\/\/quehacerpolitico.mx\/?cat=56\" rel=\"category\">Econom\u00eda<\/a>","tag_info":"Econom\u00eda","comment_count":"0","_links":{"self":[{"href":"https:\/\/quehacerpolitico.mx\/index.php?rest_route=\/wp\/v2\/posts\/8167","targetHints":{"allow":["GET"]}}],"collection":[{"href":"https:\/\/quehacerpolitico.mx\/index.php?rest_route=\/wp\/v2\/posts"}],"about":[{"href":"https:\/\/quehacerpolitico.mx\/index.php?rest_route=\/wp\/v2\/types\/post"}],"author":[{"embeddable":true,"href":"https:\/\/quehacerpolitico.mx\/index.php?rest_route=\/wp\/v2\/users\/2"}],"replies":[{"embeddable":true,"href":"https:\/\/quehacerpolitico.mx\/index.php?rest_route=%2Fwp%2Fv2%2Fcomments&post=8167"}],"version-history":[{"count":0,"href":"https:\/\/quehacerpolitico.mx\/index.php?rest_route=\/wp\/v2\/posts\/8167\/revisions"}],"wp:featuredmedia":[{"embeddable":true,"href":"https:\/\/quehacerpolitico.mx\/index.php?rest_route=\/"}],"wp:attachment":[{"href":"https:\/\/quehacerpolitico.mx\/index.php?rest_route=%2Fwp%2Fv2%2Fmedia&parent=8167"}],"wp:term":[{"taxonomy":"category","embeddable":true,"href":"https:\/\/quehacerpolitico.mx\/index.php?rest_route=%2Fwp%2Fv2%2Fcategories&post=8167"},{"taxonomy":"post_tag","embeddable":true,"href":"https:\/\/quehacerpolitico.mx\/index.php?rest_route=%2Fwp%2Fv2%2Ftags&post=8167"}],"curies":[{"name":"wp","href":"https:\/\/api.w.org\/{rel}","templated":true}]}}