{"id":81644,"date":"2021-06-02T17:46:41","date_gmt":"2021-06-02T17:46:41","guid":{"rendered":"https:\/\/quehacerpolitico.mx\/?p=81644"},"modified":"2021-06-02T17:46:41","modified_gmt":"2021-06-02T17:46:41","slug":"atletas-mexicanos-que-iran-tokyo-2020-recibiran-mas-apoyos-la-mayoria-ya-han-sido-vacunados-amlo","status":"publish","type":"post","link":"https:\/\/quehacerpolitico.mx\/?p=81644","title":{"rendered":"Atletas mexicanos que ir\u00e1n a Tokyo 2020 recibir\u00e1n m\u00e1s apoyos; la mayor\u00eda ya han sido vacunados: AMLO"},"content":{"rendered":"<h1 class=\"article_title\">Atletas mexicanos que ir\u00e1n a Tokyo 2020 recibir\u00e1n m\u00e1s apoyos; la mayor\u00eda ya han sido vacunados: AMLO<br \/>\nPor Redacci\u00f3n QP<\/h1>\n<div class=\"article_heading\">\n<p>El presidente Andr\u00e9s Manuel L\u00f3pez Obrador asegur\u00f3 que no han dejado de entregarse las becas a los atletas de todas las disciplinas<\/p>\n<p>El presidente de M\u00e9xico, Andres Manuel Lopez Obrador (AMLO) anunci\u00f3 que los<strong>atletas mexicanos<\/strong> que ir\u00e1n a competir a los Juegos Ol\u00edmpicos\u00a0<strong>Tokyo 2020<\/strong> recibir\u00e1n apoyos adicionales e inform\u00f3 que la mayor\u00eda ya han sido vacunados.<\/p>\n<blockquote><p>\u201cCuando se vaya acercando el d\u00eda en que van a salir a la competencia, van a tener todo nuestro apoyo. Ya est\u00e1n recibiendo apoyo, pero van a obtener apoyos adicionales, tambi\u00e9n ya han sido vacunados la mayor\u00eda porque van a competir\u201d, declar\u00f3 el Jefe del Ejecutivo Federal en su conferencia de prensa matutina desde Palacio Nacional.<\/p><\/blockquote>\n<p>L\u00f3pez Obrador asegur\u00f3 que no han dejado de entregarse las becas a los <strong>atletas<\/strong> de todas las <strong>disciplinas,<\/strong> adem\u00e1s se han mejorado las instalaciones donde entrenan y se est\u00e1 dando un seguimiento especial a sus necesidades a trav\u00e9s del secretario de <strong>Hacienda,<\/strong> Arturo Herrera.<\/p>\n<blockquote><p>\u201cDe la atenci\u00f3n a todos los deportistas de alto rendimiento que van a participar en las olimpiadas est\u00e1 a cargo el secretario de Hacienda, Arturo Herrera, \u00e9l tiene esa encomienda\u201d, dijo AMLO.<\/p><\/blockquote>\n<p>Inform\u00f3 que previ\u00f3 al viaje de los atletas a <strong>Tokyo,<\/strong> se reunir\u00e1 con ellos para desearles que les vaya muy bien y para darles a conocer los apoyos adicionales que tendr\u00e1n y un incremento del premio econ\u00f3mico que reciben por cada medalla ganada.<\/p>\n<blockquote><p>\u201cAntes de partir vamos a hablar con ellos, vamos a hablar con ellos, yo me voy a reunir con ellos para estimularlos, para desearles que les vaya muy bien y tambi\u00e9n para darles a conocer apoyos adicionales.<\/p><\/blockquote>\n<blockquote><p>Hay muchas cosas que no se ha informado, pero se les est\u00e1 dando atenci\u00f3n especial, estamos hablando de algunos <strong>deportes<\/strong> de dar facilidades a participantes\u201d, mencion\u00f3 el mandatario mexicano.<\/p><\/blockquote>\n<h1>AMLO respeta que atletas ol\u00edmpicos rechacen el avi\u00f3n presidencial<\/h1>\n<p>Sobre el rechazo del Comit\u00e9 Ol\u00edmpico Mexicano (COM) a usar el avi\u00f3n presidencial para trasladar a los atletas mexicanos que participar\u00e1n en los <strong>Juegos Ol\u00edmpicos<\/strong>, L\u00f3pez Obrador dijo que de todas maneras se apoyar\u00e1 a los deportistas para que lleguen a tiempo.<\/p>\n<blockquote class=\"twitter-tweet\" data-width=\"550\" data-dnt=\"true\">\n<p lang=\"es\" dir=\"ltr\">\u00bfFalta de apoyos a los atletas mexicanos?<\/p>\n<p>Nahhh<\/p>\n<p>Antes de que se vayan a Tokio los recibir\u00e1 el presidente para anunciarles m\u00e1s apoyos. <a href=\"https:\/\/t.co\/bW389njmQC\">pic.twitter.com\/bW389njmQC<\/a><\/p>\n<p>&mdash; Ruido en la Red (@RuidoEnLaRed) <a href=\"https:\/\/twitter.com\/RuidoEnLaRed\/status\/1400071037623046154?ref_src=twsrc%5Etfw\">June 2, 2021<\/a><\/p><\/blockquote>\n<p><script async src=\"https:\/\/platform.twitter.com\/widgets.js\" charset=\"utf-8\"><\/script><\/p>\n<blockquote><p>\u201cAcerca del avi\u00f3n presidencial era una opci\u00f3n el avi\u00f3n no se usa ni se va a usar. Como est\u00e1 parado se pens\u00f3 que vayan los deportistas en el avi\u00f3n, por es un grupo de alrededor de 300 deportistas, pero si no acepta el Comit\u00e9 Ol\u00edmpico Nacional no hay ning\u00fan problema, ah\u00ed se queda el avi\u00f3n, y de todas maneras nosotros vamos a apoyar para que lleguen los deportistas a tiempo y nos representen\u201d, puntualiz\u00f3 el Presidente.<\/p><\/blockquote>\n<p>La controversia estall\u00f3 el lunes cuando el secretario de Hacienda, Arturo Herrera, revel\u00f3 que M\u00e9xico enviar\u00eda a sus atletas a Tokyo en el avi\u00f3n presidencial del exmandatario Enrique Pe\u00f1a Nieto (2012-2018), que el Gobierno no usa por considerarlo demasiado lujoso.<\/p>\n<p>Pero el mismo d\u00eda el presidente del COM, Carlos Padilla, rechaz\u00f3 el ofrecimiento al argumentar que \u201cla log\u00edstica\u201d es \u201cpor dem\u00e1s complicada\u201d.<\/p>\n<p>La titular de la Comisi\u00f3n Nacional de Cultura F\u00edsica y Deporte (Conade) del Gobierno, la exatleta ol\u00edmpica Ana Gabriela Guevara, cuestion\u00f3 el anuncio \u201csorpresivo\u201d del COM al asegurar que la oferta del presidente era para evitar contagios de COVID-19.<\/p>\n<p>L\u00f3pez Obrador afirm\u00f3 este mi\u00e9rcoles que \u201cno sab\u00eda del rechazo\u201d del Comit\u00e9.<\/p>\n<p>Con informaci\u00f3n de EFE.<\/p>\n<\/div>\n","protected":false},"excerpt":{"rendered":"<p>Atletas mexicanos que ir\u00e1n a Tokyo 2020 recibir\u00e1n m\u00e1s apoyos; la mayor\u00eda ya han sido&#8230;<\/p>\n","protected":false},"author":2,"featured_media":81647,"comment_status":"open","ping_status":"open","sticky":false,"template":"","format":"standard","meta":{"_monsterinsights_skip_tracking":false,"_monsterinsights_sitenote_active":false,"_monsterinsights_sitenote_note":"","_monsterinsights_sitenote_category":0,"footnotes":""},"categories":[2],"tags":[],"class_list":["post-81644","post","type-post","status-publish","format-standard","has-post-thumbnail","hentry","category-noticias"],"yoast_head":"<!-- This site is optimized with the Yoast SEO plugin v27.3 - https:\/\/yoast.com\/product\/yoast-seo-wordpress\/ -->\n<title>Atletas mexicanos que ir\u00e1n a Tokyo 2020 recibir\u00e1n m\u00e1s apoyos; la mayor\u00eda ya han sido vacunados: AMLO -<\/title>\n<meta name=\"robots\" content=\"index, follow, max-snippet:-1, max-image-preview:large, max-video-preview:-1\" \/>\n<link rel=\"canonical\" href=\"https:\/\/quehacerpolitico.mx\/?p=81644\" \/>\n<meta property=\"og:locale\" content=\"es_MX\" \/>\n<meta property=\"og:type\" content=\"article\" \/>\n<meta property=\"og:title\" content=\"Atletas mexicanos que ir\u00e1n a Tokyo 2020 recibir\u00e1n m\u00e1s apoyos; la mayor\u00eda ya han sido vacunados: AMLO -\" \/>\n<meta property=\"og:description\" content=\"Atletas mexicanos que ir\u00e1n a Tokyo 2020 recibir\u00e1n m\u00e1s apoyos; la mayor\u00eda ya han sido...\" \/>\n<meta property=\"og:url\" content=\"https:\/\/quehacerpolitico.mx\/?p=81644\" \/>\n<meta property=\"article:published_time\" content=\"2021-06-02T17:46:41+00:00\" \/>\n<meta property=\"og:image\" content=\"https:\/\/quehacerpolitico.mx\/wp-content\/uploads\/2021\/06\/22A54F77-5E32-437A-B8E4-2DB6AB1CD8E8.jpeg\" \/>\n\t<meta property=\"og:image:width\" content=\"1242\" \/>\n\t<meta property=\"og:image:height\" content=\"676\" \/>\n\t<meta property=\"og:image:type\" content=\"image\/jpeg\" \/>\n<meta name=\"author\" content=\"Redacci\u00f3n QP\" \/>\n<meta name=\"twitter:card\" content=\"summary_large_image\" \/>\n<meta name=\"twitter:label1\" content=\"Escrito por\" \/>\n\t<meta name=\"twitter:data1\" content=\"Redacci\u00f3n QP\" \/>\n\t<meta name=\"twitter:label2\" content=\"Tiempo de lectura\" \/>\n\t<meta name=\"twitter:data2\" content=\"3 minutos\" \/>\n<script type=\"application\/ld+json\" class=\"yoast-schema-graph\">{\"@context\":\"https:\\\/\\\/schema.org\",\"@graph\":[{\"@type\":\"Article\",\"@id\":\"https:\\\/\\\/quehacerpolitico.mx\\\/?p=81644#article\",\"isPartOf\":{\"@id\":\"https:\\\/\\\/quehacerpolitico.mx\\\/?p=81644\"},\"author\":{\"name\":\"Redacci\u00f3n QP\",\"@id\":\"https:\\\/\\\/quehacerpolitico.mx\\\/#\\\/schema\\\/person\\\/496d8ad2d1d3f8036101dca7ee39e585\"},\"headline\":\"Atletas mexicanos que ir\u00e1n a Tokyo 2020 recibir\u00e1n m\u00e1s apoyos; la mayor\u00eda ya han sido vacunados: AMLO\",\"datePublished\":\"2021-06-02T17:46:41+00:00\",\"mainEntityOfPage\":{\"@id\":\"https:\\\/\\\/quehacerpolitico.mx\\\/?p=81644\"},\"wordCount\":637,\"commentCount\":0,\"image\":{\"@id\":\"https:\\\/\\\/quehacerpolitico.mx\\\/?p=81644#primaryimage\"},\"thumbnailUrl\":\"https:\\\/\\\/quehacerpolitico.mx\\\/wp-content\\\/uploads\\\/2021\\\/06\\\/22A54F77-5E32-437A-B8E4-2DB6AB1CD8E8.jpeg\",\"articleSection\":[\"Noticias\"],\"inLanguage\":\"es\",\"potentialAction\":[{\"@type\":\"CommentAction\",\"name\":\"Comment\",\"target\":[\"https:\\\/\\\/quehacerpolitico.mx\\\/?p=81644#respond\"]}]},{\"@type\":\"WebPage\",\"@id\":\"https:\\\/\\\/quehacerpolitico.mx\\\/?p=81644\",\"url\":\"https:\\\/\\\/quehacerpolitico.mx\\\/?p=81644\",\"name\":\"Atletas mexicanos que ir\u00e1n a Tokyo 2020 recibir\u00e1n m\u00e1s apoyos; la mayor\u00eda ya han sido vacunados: AMLO -\",\"isPartOf\":{\"@id\":\"https:\\\/\\\/quehacerpolitico.mx\\\/#website\"},\"primaryImageOfPage\":{\"@id\":\"https:\\\/\\\/quehacerpolitico.mx\\\/?p=81644#primaryimage\"},\"image\":{\"@id\":\"https:\\\/\\\/quehacerpolitico.mx\\\/?p=81644#primaryimage\"},\"thumbnailUrl\":\"https:\\\/\\\/quehacerpolitico.mx\\\/wp-content\\\/uploads\\\/2021\\\/06\\\/22A54F77-5E32-437A-B8E4-2DB6AB1CD8E8.jpeg\",\"datePublished\":\"2021-06-02T17:46:41+00:00\",\"author\":{\"@id\":\"https:\\\/\\\/quehacerpolitico.mx\\\/#\\\/schema\\\/person\\\/496d8ad2d1d3f8036101dca7ee39e585\"},\"breadcrumb\":{\"@id\":\"https:\\\/\\\/quehacerpolitico.mx\\\/?p=81644#breadcrumb\"},\"inLanguage\":\"es\",\"potentialAction\":[{\"@type\":\"ReadAction\",\"target\":[\"https:\\\/\\\/quehacerpolitico.mx\\\/?p=81644\"]}]},{\"@type\":\"ImageObject\",\"inLanguage\":\"es\",\"@id\":\"https:\\\/\\\/quehacerpolitico.mx\\\/?p=81644#primaryimage\",\"url\":\"https:\\\/\\\/quehacerpolitico.mx\\\/wp-content\\\/uploads\\\/2021\\\/06\\\/22A54F77-5E32-437A-B8E4-2DB6AB1CD8E8.jpeg\",\"contentUrl\":\"https:\\\/\\\/quehacerpolitico.mx\\\/wp-content\\\/uploads\\\/2021\\\/06\\\/22A54F77-5E32-437A-B8E4-2DB6AB1CD8E8.jpeg\",\"width\":1242,\"height\":676},{\"@type\":\"BreadcrumbList\",\"@id\":\"https:\\\/\\\/quehacerpolitico.mx\\\/?p=81644#breadcrumb\",\"itemListElement\":[{\"@type\":\"ListItem\",\"position\":1,\"name\":\"Inicio\",\"item\":\"https:\\\/\\\/quehacerpolitico.mx\\\/\"},{\"@type\":\"ListItem\",\"position\":2,\"name\":\"Atletas mexicanos que ir\u00e1n a Tokyo 2020 recibir\u00e1n m\u00e1s apoyos; la mayor\u00eda ya han sido vacunados: AMLO\"}]},{\"@type\":\"WebSite\",\"@id\":\"https:\\\/\\\/quehacerpolitico.mx\\\/#website\",\"url\":\"https:\\\/\\\/quehacerpolitico.mx\\\/\",\"name\":\"\",\"description\":\"\",\"potentialAction\":[{\"@type\":\"SearchAction\",\"target\":{\"@type\":\"EntryPoint\",\"urlTemplate\":\"https:\\\/\\\/quehacerpolitico.mx\\\/?s={search_term_string}\"},\"query-input\":{\"@type\":\"PropertyValueSpecification\",\"valueRequired\":true,\"valueName\":\"search_term_string\"}}],\"inLanguage\":\"es\"},{\"@type\":\"Person\",\"@id\":\"https:\\\/\\\/quehacerpolitico.mx\\\/#\\\/schema\\\/person\\\/496d8ad2d1d3f8036101dca7ee39e585\",\"name\":\"Redacci\u00f3n QP\",\"image\":{\"@type\":\"ImageObject\",\"inLanguage\":\"es\",\"@id\":\"https:\\\/\\\/secure.gravatar.com\\\/avatar\\\/c7164ed6fdec453195284ad24a5ae5b6e1eed2b848477fa2a4787ba9adf39a41?s=96&d=mm&r=g\",\"url\":\"https:\\\/\\\/secure.gravatar.com\\\/avatar\\\/c7164ed6fdec453195284ad24a5ae5b6e1eed2b848477fa2a4787ba9adf39a41?s=96&d=mm&r=g\",\"contentUrl\":\"https:\\\/\\\/secure.gravatar.com\\\/avatar\\\/c7164ed6fdec453195284ad24a5ae5b6e1eed2b848477fa2a4787ba9adf39a41?s=96&d=mm&r=g\",\"caption\":\"Redacci\u00f3n QP\"},\"url\":\"https:\\\/\\\/quehacerpolitico.mx\\\/?author=2\"}]}<\/script>\n<!-- \/ Yoast SEO plugin. -->","yoast_head_json":{"title":"Atletas mexicanos que ir\u00e1n a Tokyo 2020 recibir\u00e1n m\u00e1s apoyos; la mayor\u00eda ya han sido vacunados: AMLO -","robots":{"index":"index","follow":"follow","max-snippet":"max-snippet:-1","max-image-preview":"max-image-preview:large","max-video-preview":"max-video-preview:-1"},"canonical":"https:\/\/quehacerpolitico.mx\/?p=81644","og_locale":"es_MX","og_type":"article","og_title":"Atletas mexicanos que ir\u00e1n a Tokyo 2020 recibir\u00e1n m\u00e1s apoyos; la mayor\u00eda ya han sido vacunados: AMLO -","og_description":"Atletas mexicanos que ir\u00e1n a Tokyo 2020 recibir\u00e1n m\u00e1s apoyos; la mayor\u00eda ya han sido...","og_url":"https:\/\/quehacerpolitico.mx\/?p=81644","article_published_time":"2021-06-02T17:46:41+00:00","og_image":[{"width":1242,"height":676,"url":"https:\/\/quehacerpolitico.mx\/wp-content\/uploads\/2021\/06\/22A54F77-5E32-437A-B8E4-2DB6AB1CD8E8.jpeg","type":"image\/jpeg"}],"author":"Redacci\u00f3n QP","twitter_card":"summary_large_image","twitter_misc":{"Escrito por":"Redacci\u00f3n QP","Tiempo de lectura":"3 minutos"},"schema":{"@context":"https:\/\/schema.org","@graph":[{"@type":"Article","@id":"https:\/\/quehacerpolitico.mx\/?p=81644#article","isPartOf":{"@id":"https:\/\/quehacerpolitico.mx\/?p=81644"},"author":{"name":"Redacci\u00f3n QP","@id":"https:\/\/quehacerpolitico.mx\/#\/schema\/person\/496d8ad2d1d3f8036101dca7ee39e585"},"headline":"Atletas mexicanos que ir\u00e1n a Tokyo 2020 recibir\u00e1n m\u00e1s apoyos; la mayor\u00eda ya han sido vacunados: AMLO","datePublished":"2021-06-02T17:46:41+00:00","mainEntityOfPage":{"@id":"https:\/\/quehacerpolitico.mx\/?p=81644"},"wordCount":637,"commentCount":0,"image":{"@id":"https:\/\/quehacerpolitico.mx\/?p=81644#primaryimage"},"thumbnailUrl":"https:\/\/quehacerpolitico.mx\/wp-content\/uploads\/2021\/06\/22A54F77-5E32-437A-B8E4-2DB6AB1CD8E8.jpeg","articleSection":["Noticias"],"inLanguage":"es","potentialAction":[{"@type":"CommentAction","name":"Comment","target":["https:\/\/quehacerpolitico.mx\/?p=81644#respond"]}]},{"@type":"WebPage","@id":"https:\/\/quehacerpolitico.mx\/?p=81644","url":"https:\/\/quehacerpolitico.mx\/?p=81644","name":"Atletas mexicanos que ir\u00e1n a Tokyo 2020 recibir\u00e1n m\u00e1s apoyos; la mayor\u00eda ya han sido vacunados: AMLO -","isPartOf":{"@id":"https:\/\/quehacerpolitico.mx\/#website"},"primaryImageOfPage":{"@id":"https:\/\/quehacerpolitico.mx\/?p=81644#primaryimage"},"image":{"@id":"https:\/\/quehacerpolitico.mx\/?p=81644#primaryimage"},"thumbnailUrl":"https:\/\/quehacerpolitico.mx\/wp-content\/uploads\/2021\/06\/22A54F77-5E32-437A-B8E4-2DB6AB1CD8E8.jpeg","datePublished":"2021-06-02T17:46:41+00:00","author":{"@id":"https:\/\/quehacerpolitico.mx\/#\/schema\/person\/496d8ad2d1d3f8036101dca7ee39e585"},"breadcrumb":{"@id":"https:\/\/quehacerpolitico.mx\/?p=81644#breadcrumb"},"inLanguage":"es","potentialAction":[{"@type":"ReadAction","target":["https:\/\/quehacerpolitico.mx\/?p=81644"]}]},{"@type":"ImageObject","inLanguage":"es","@id":"https:\/\/quehacerpolitico.mx\/?p=81644#primaryimage","url":"https:\/\/quehacerpolitico.mx\/wp-content\/uploads\/2021\/06\/22A54F77-5E32-437A-B8E4-2DB6AB1CD8E8.jpeg","contentUrl":"https:\/\/quehacerpolitico.mx\/wp-content\/uploads\/2021\/06\/22A54F77-5E32-437A-B8E4-2DB6AB1CD8E8.jpeg","width":1242,"height":676},{"@type":"BreadcrumbList","@id":"https:\/\/quehacerpolitico.mx\/?p=81644#breadcrumb","itemListElement":[{"@type":"ListItem","position":1,"name":"Inicio","item":"https:\/\/quehacerpolitico.mx\/"},{"@type":"ListItem","position":2,"name":"Atletas mexicanos que ir\u00e1n a Tokyo 2020 recibir\u00e1n m\u00e1s apoyos; la mayor\u00eda ya han sido vacunados: AMLO"}]},{"@type":"WebSite","@id":"https:\/\/quehacerpolitico.mx\/#website","url":"https:\/\/quehacerpolitico.mx\/","name":"","description":"","potentialAction":[{"@type":"SearchAction","target":{"@type":"EntryPoint","urlTemplate":"https:\/\/quehacerpolitico.mx\/?s={search_term_string}"},"query-input":{"@type":"PropertyValueSpecification","valueRequired":true,"valueName":"search_term_string"}}],"inLanguage":"es"},{"@type":"Person","@id":"https:\/\/quehacerpolitico.mx\/#\/schema\/person\/496d8ad2d1d3f8036101dca7ee39e585","name":"Redacci\u00f3n QP","image":{"@type":"ImageObject","inLanguage":"es","@id":"https:\/\/secure.gravatar.com\/avatar\/c7164ed6fdec453195284ad24a5ae5b6e1eed2b848477fa2a4787ba9adf39a41?s=96&d=mm&r=g","url":"https:\/\/secure.gravatar.com\/avatar\/c7164ed6fdec453195284ad24a5ae5b6e1eed2b848477fa2a4787ba9adf39a41?s=96&d=mm&r=g","contentUrl":"https:\/\/secure.gravatar.com\/avatar\/c7164ed6fdec453195284ad24a5ae5b6e1eed2b848477fa2a4787ba9adf39a41?s=96&d=mm&r=g","caption":"Redacci\u00f3n QP"},"url":"https:\/\/quehacerpolitico.mx\/?author=2"}]}},"featured_image_urls":{"full":["https:\/\/quehacerpolitico.mx\/wp-content\/uploads\/2021\/06\/22A54F77-5E32-437A-B8E4-2DB6AB1CD8E8.jpeg",1242,676,false],"thumbnail":["https:\/\/quehacerpolitico.mx\/wp-content\/uploads\/2021\/06\/22A54F77-5E32-437A-B8E4-2DB6AB1CD8E8-150x150.jpeg",150,150,true],"medium":["https:\/\/quehacerpolitico.mx\/wp-content\/uploads\/2021\/06\/22A54F77-5E32-437A-B8E4-2DB6AB1CD8E8-300x163.jpeg",300,163,true],"medium_large":["https:\/\/quehacerpolitico.mx\/wp-content\/uploads\/2021\/06\/22A54F77-5E32-437A-B8E4-2DB6AB1CD8E8-768x418.jpeg",640,348,true],"large":["https:\/\/quehacerpolitico.mx\/wp-content\/uploads\/2021\/06\/22A54F77-5E32-437A-B8E4-2DB6AB1CD8E8-1024x557.jpeg",640,348,true],"1536x1536":["https:\/\/quehacerpolitico.mx\/wp-content\/uploads\/2021\/06\/22A54F77-5E32-437A-B8E4-2DB6AB1CD8E8.jpeg",1242,676,false],"2048x2048":["https:\/\/quehacerpolitico.mx\/wp-content\/uploads\/2021\/06\/22A54F77-5E32-437A-B8E4-2DB6AB1CD8E8.jpeg",1242,676,false],"covernews-featured":["https:\/\/quehacerpolitico.mx\/wp-content\/uploads\/2021\/06\/22A54F77-5E32-437A-B8E4-2DB6AB1CD8E8.jpeg",1024,557,false],"covernews-medium":["https:\/\/quehacerpolitico.mx\/wp-content\/uploads\/2021\/06\/22A54F77-5E32-437A-B8E4-2DB6AB1CD8E8.jpeg",540,294,false]},"author_info":{"display_name":"Redacci\u00f3n QP","author_link":"https:\/\/quehacerpolitico.mx\/?author=2"},"category_info":"<a href=\"https:\/\/quehacerpolitico.mx\/?cat=2\" rel=\"category\">Noticias<\/a>","tag_info":"Noticias","comment_count":"0","_links":{"self":[{"href":"https:\/\/quehacerpolitico.mx\/index.php?rest_route=\/wp\/v2\/posts\/81644","targetHints":{"allow":["GET"]}}],"collection":[{"href":"https:\/\/quehacerpolitico.mx\/index.php?rest_route=\/wp\/v2\/posts"}],"about":[{"href":"https:\/\/quehacerpolitico.mx\/index.php?rest_route=\/wp\/v2\/types\/post"}],"author":[{"embeddable":true,"href":"https:\/\/quehacerpolitico.mx\/index.php?rest_route=\/wp\/v2\/users\/2"}],"replies":[{"embeddable":true,"href":"https:\/\/quehacerpolitico.mx\/index.php?rest_route=%2Fwp%2Fv2%2Fcomments&post=81644"}],"version-history":[{"count":0,"href":"https:\/\/quehacerpolitico.mx\/index.php?rest_route=\/wp\/v2\/posts\/81644\/revisions"}],"wp:featuredmedia":[{"embeddable":true,"href":"https:\/\/quehacerpolitico.mx\/index.php?rest_route=\/wp\/v2\/media\/81647"}],"wp:attachment":[{"href":"https:\/\/quehacerpolitico.mx\/index.php?rest_route=%2Fwp%2Fv2%2Fmedia&parent=81644"}],"wp:term":[{"taxonomy":"category","embeddable":true,"href":"https:\/\/quehacerpolitico.mx\/index.php?rest_route=%2Fwp%2Fv2%2Fcategories&post=81644"},{"taxonomy":"post_tag","embeddable":true,"href":"https:\/\/quehacerpolitico.mx\/index.php?rest_route=%2Fwp%2Fv2%2Ftags&post=81644"}],"curies":[{"name":"wp","href":"https:\/\/api.w.org\/{rel}","templated":true}]}}