{"id":81638,"date":"2021-06-02T17:22:29","date_gmt":"2021-06-02T17:22:29","guid":{"rendered":"https:\/\/quehacerpolitico.mx\/?p=81638"},"modified":"2021-06-02T17:22:29","modified_gmt":"2021-06-02T17:22:29","slug":"internacionales-carolina-alonso-romei-biden-suspende-las-perforaciones-de-petroleo-y-gas-en-zonas-del-artico","status":"publish","type":"post","link":"https:\/\/quehacerpolitico.mx\/?p=81638","title":{"rendered":"Internacionales\/\/\/Carolina Alonso Romei\/\/\/Biden suspende las perforaciones de petr\u00f3leo y gas en zonas del \u00c1rtico"},"content":{"rendered":"<h1 class=\"amp-wp-title\">Biden suspende las perforaciones de petr\u00f3leo y gas en zonas del \u00c1rtico<br \/>\nPor Carolina Alonso Romei<\/h1>\n<p>Internacionalista<\/p>\n<p class=\"p1\">El presidente de Estados Unidos, J<strong>oe Biden, ha decidido suspender los arrendamientos de petr\u00f3leo y gas en el denominado Refugio Nacional de Vida Silvestre del \u00c1rtico<\/strong>, con lo que corrige una de las decisiones m\u00e1s pol\u00e9micas tomadas por la anterior administraci\u00f3n de Donald Trump en materia medioambiental.<\/p>\n<blockquote>\n<p class=\"p1\"><em>\u201cA la luz de supuestas deficiencias legales (\u2026), incluida la insuficiencia de la revisi\u00f3n requerida por la Ley Nacional de Pol\u00edtica Ambiental, la Secretaria de Interior deber\u00e1, seg\u00fan corresponda y de conformidad con la ley, establecer una moratoria temporal de todas las actividades del Gobierno relacionadas con la implementaci\u00f3n del Programa de Arrendamiento de Petr\u00f3leo y Gas de la Llanura Costera, (\u2026) en el Refugio Nacional de Vida Silvestre del \u00c1rtico\u201d<\/em>.<\/p>\n<\/blockquote>\n<p class=\"p1\">As\u00ed lo decreta la orden publicada el martes por el Departamento de Interior sobre un asunto que enfrenta a dem\u00f3cratas y republicanos desde hace cuatro d\u00e9cadas y que podr\u00eda acabar en los tribunales.<\/p>\n<p class=\"p1\"><strong>La administraci\u00f3n Trump subast\u00f3 el derecho a perforar en la llanura costera del refugio<\/strong>, hogar de cientos de miles de carib\u00faes y aves acu\u00e1ticas migratorias, as\u00ed como de los osos polares del sur del mar de Beaufort, solo dos semanas antes de la investidura del presidente Biden.<\/p>\n<p class=\"p1\">El nuevo Gobierno dem\u00f3crata ha decidido publicar esta orden para bloquear los arrendamientos, citando problemas con el proceso de revisi\u00f3n ambiental.<\/p>\n<p class=\"p1\">Seg\u00fan la orden, ahora se realizar\u00e1 \u201cun nuevo y exhaustivo an\u00e1lisis de los posibles impactos ambientales del programa de petr\u00f3leo y gas\u201d.<\/p>\n<p class=\"p1\">La \u201crevisi\u00f3n del Programa de Arrendamiento de Petr\u00f3leo y Gas de Coastal Plain (\u2026) ha identificado m\u00faltiples deficiencias legales\u201d insiste la normativa, que incluyen la falta de an\u00e1lisis adecuado de una gama razonable de requisitos establecidos por la legislaci\u00f3n de medio ambiente.<\/p>\n<p class=\"p1\">En la normativa dictada por la responsable de Interior, Deb Haaland, se pide una moratoria temporal de todas las actividades relacionadas con esos arrendamientos para realizar \u201cun nuevo an\u00e1lisis completo de los posibles impactos ambientales del programa de petr\u00f3leo y gas\u201d.<\/p>\n<p class=\"p1\">Con informaci\u00f3n de EFE.<\/p>\n","protected":false},"excerpt":{"rendered":"<p>Biden suspende las perforaciones de petr\u00f3leo y gas en zonas del \u00c1rtico Por Carolina Alonso&#8230;<\/p>\n","protected":false},"author":2,"featured_media":81640,"comment_status":"open","ping_status":"open","sticky":false,"template":"","format":"standard","meta":{"_monsterinsights_skip_tracking":false,"_monsterinsights_sitenote_active":false,"_monsterinsights_sitenote_note":"","_monsterinsights_sitenote_category":0,"footnotes":""},"categories":[1],"tags":[],"class_list":["post-81638","post","type-post","status-publish","format-standard","has-post-thumbnail","hentry","category-sin-categoria"],"yoast_head":"<!-- This site is optimized with the Yoast SEO plugin v27.3 - https:\/\/yoast.com\/product\/yoast-seo-wordpress\/ -->\n<title>Internacionales\/\/\/Carolina Alonso Romei\/\/\/Biden suspende las perforaciones de petr\u00f3leo y gas en zonas del \u00c1rtico -<\/title>\n<meta name=\"robots\" content=\"index, follow, max-snippet:-1, max-image-preview:large, max-video-preview:-1\" \/>\n<link rel=\"canonical\" href=\"https:\/\/quehacerpolitico.mx\/?p=81638\" \/>\n<meta property=\"og:locale\" content=\"es_MX\" \/>\n<meta property=\"og:type\" content=\"article\" \/>\n<meta property=\"og:title\" content=\"Internacionales\/\/\/Carolina Alonso Romei\/\/\/Biden suspende las perforaciones de petr\u00f3leo y gas en zonas del \u00c1rtico -\" \/>\n<meta property=\"og:description\" content=\"Biden suspende las perforaciones de petr\u00f3leo y gas en zonas del \u00c1rtico Por Carolina Alonso...\" \/>\n<meta property=\"og:url\" content=\"https:\/\/quehacerpolitico.mx\/?p=81638\" \/>\n<meta property=\"article:published_time\" content=\"2021-06-02T17:22:29+00:00\" \/>\n<meta property=\"og:image\" content=\"https:\/\/quehacerpolitico.mx\/wp-content\/uploads\/2021\/06\/7A1CF9FD-A69E-4518-8F52-30E40593569F.jpeg\" \/>\n\t<meta property=\"og:image:width\" content=\"839\" \/>\n\t<meta property=\"og:image:height\" content=\"471\" \/>\n\t<meta property=\"og:image:type\" content=\"image\/jpeg\" \/>\n<meta name=\"author\" content=\"Redacci\u00f3n QP\" \/>\n<meta name=\"twitter:card\" content=\"summary_large_image\" \/>\n<meta name=\"twitter:label1\" content=\"Escrito por\" \/>\n\t<meta name=\"twitter:data1\" content=\"Redacci\u00f3n QP\" \/>\n\t<meta name=\"twitter:label2\" content=\"Tiempo de lectura\" \/>\n\t<meta name=\"twitter:data2\" content=\"2 minutos\" \/>\n<script type=\"application\/ld+json\" class=\"yoast-schema-graph\">{\"@context\":\"https:\\\/\\\/schema.org\",\"@graph\":[{\"@type\":\"Article\",\"@id\":\"https:\\\/\\\/quehacerpolitico.mx\\\/?p=81638#article\",\"isPartOf\":{\"@id\":\"https:\\\/\\\/quehacerpolitico.mx\\\/?p=81638\"},\"author\":{\"name\":\"Redacci\u00f3n QP\",\"@id\":\"https:\\\/\\\/quehacerpolitico.mx\\\/#\\\/schema\\\/person\\\/496d8ad2d1d3f8036101dca7ee39e585\"},\"headline\":\"Internacionales\\\/\\\/\\\/Carolina Alonso Romei\\\/\\\/\\\/Biden suspende las perforaciones de petr\u00f3leo y gas en zonas del \u00c1rtico\",\"datePublished\":\"2021-06-02T17:22:29+00:00\",\"mainEntityOfPage\":{\"@id\":\"https:\\\/\\\/quehacerpolitico.mx\\\/?p=81638\"},\"wordCount\":388,\"commentCount\":0,\"image\":{\"@id\":\"https:\\\/\\\/quehacerpolitico.mx\\\/?p=81638#primaryimage\"},\"thumbnailUrl\":\"https:\\\/\\\/quehacerpolitico.mx\\\/wp-content\\\/uploads\\\/2021\\\/06\\\/7A1CF9FD-A69E-4518-8F52-30E40593569F.jpeg\",\"articleSection\":[\"Internacionales\"],\"inLanguage\":\"es\",\"potentialAction\":[{\"@type\":\"CommentAction\",\"name\":\"Comment\",\"target\":[\"https:\\\/\\\/quehacerpolitico.mx\\\/?p=81638#respond\"]}]},{\"@type\":\"WebPage\",\"@id\":\"https:\\\/\\\/quehacerpolitico.mx\\\/?p=81638\",\"url\":\"https:\\\/\\\/quehacerpolitico.mx\\\/?p=81638\",\"name\":\"Internacionales\\\/\\\/\\\/Carolina Alonso Romei\\\/\\\/\\\/Biden suspende las perforaciones de petr\u00f3leo y gas en zonas del \u00c1rtico -\",\"isPartOf\":{\"@id\":\"https:\\\/\\\/quehacerpolitico.mx\\\/#website\"},\"primaryImageOfPage\":{\"@id\":\"https:\\\/\\\/quehacerpolitico.mx\\\/?p=81638#primaryimage\"},\"image\":{\"@id\":\"https:\\\/\\\/quehacerpolitico.mx\\\/?p=81638#primaryimage\"},\"thumbnailUrl\":\"https:\\\/\\\/quehacerpolitico.mx\\\/wp-content\\\/uploads\\\/2021\\\/06\\\/7A1CF9FD-A69E-4518-8F52-30E40593569F.jpeg\",\"datePublished\":\"2021-06-02T17:22:29+00:00\",\"author\":{\"@id\":\"https:\\\/\\\/quehacerpolitico.mx\\\/#\\\/schema\\\/person\\\/496d8ad2d1d3f8036101dca7ee39e585\"},\"breadcrumb\":{\"@id\":\"https:\\\/\\\/quehacerpolitico.mx\\\/?p=81638#breadcrumb\"},\"inLanguage\":\"es\",\"potentialAction\":[{\"@type\":\"ReadAction\",\"target\":[\"https:\\\/\\\/quehacerpolitico.mx\\\/?p=81638\"]}]},{\"@type\":\"ImageObject\",\"inLanguage\":\"es\",\"@id\":\"https:\\\/\\\/quehacerpolitico.mx\\\/?p=81638#primaryimage\",\"url\":\"https:\\\/\\\/quehacerpolitico.mx\\\/wp-content\\\/uploads\\\/2021\\\/06\\\/7A1CF9FD-A69E-4518-8F52-30E40593569F.jpeg\",\"contentUrl\":\"https:\\\/\\\/quehacerpolitico.mx\\\/wp-content\\\/uploads\\\/2021\\\/06\\\/7A1CF9FD-A69E-4518-8F52-30E40593569F.jpeg\",\"width\":839,\"height\":471},{\"@type\":\"BreadcrumbList\",\"@id\":\"https:\\\/\\\/quehacerpolitico.mx\\\/?p=81638#breadcrumb\",\"itemListElement\":[{\"@type\":\"ListItem\",\"position\":1,\"name\":\"Inicio\",\"item\":\"https:\\\/\\\/quehacerpolitico.mx\\\/\"},{\"@type\":\"ListItem\",\"position\":2,\"name\":\"Internacionales\\\/\\\/\\\/Carolina Alonso Romei\\\/\\\/\\\/Biden suspende las perforaciones de petr\u00f3leo y gas en zonas del \u00c1rtico\"}]},{\"@type\":\"WebSite\",\"@id\":\"https:\\\/\\\/quehacerpolitico.mx\\\/#website\",\"url\":\"https:\\\/\\\/quehacerpolitico.mx\\\/\",\"name\":\"\",\"description\":\"\",\"potentialAction\":[{\"@type\":\"SearchAction\",\"target\":{\"@type\":\"EntryPoint\",\"urlTemplate\":\"https:\\\/\\\/quehacerpolitico.mx\\\/?s={search_term_string}\"},\"query-input\":{\"@type\":\"PropertyValueSpecification\",\"valueRequired\":true,\"valueName\":\"search_term_string\"}}],\"inLanguage\":\"es\"},{\"@type\":\"Person\",\"@id\":\"https:\\\/\\\/quehacerpolitico.mx\\\/#\\\/schema\\\/person\\\/496d8ad2d1d3f8036101dca7ee39e585\",\"name\":\"Redacci\u00f3n QP\",\"image\":{\"@type\":\"ImageObject\",\"inLanguage\":\"es\",\"@id\":\"https:\\\/\\\/secure.gravatar.com\\\/avatar\\\/c7164ed6fdec453195284ad24a5ae5b6e1eed2b848477fa2a4787ba9adf39a41?s=96&d=mm&r=g\",\"url\":\"https:\\\/\\\/secure.gravatar.com\\\/avatar\\\/c7164ed6fdec453195284ad24a5ae5b6e1eed2b848477fa2a4787ba9adf39a41?s=96&d=mm&r=g\",\"contentUrl\":\"https:\\\/\\\/secure.gravatar.com\\\/avatar\\\/c7164ed6fdec453195284ad24a5ae5b6e1eed2b848477fa2a4787ba9adf39a41?s=96&d=mm&r=g\",\"caption\":\"Redacci\u00f3n QP\"},\"url\":\"https:\\\/\\\/quehacerpolitico.mx\\\/?author=2\"}]}<\/script>\n<!-- \/ Yoast SEO plugin. -->","yoast_head_json":{"title":"Internacionales\/\/\/Carolina Alonso Romei\/\/\/Biden suspende las perforaciones de petr\u00f3leo y gas en zonas del \u00c1rtico -","robots":{"index":"index","follow":"follow","max-snippet":"max-snippet:-1","max-image-preview":"max-image-preview:large","max-video-preview":"max-video-preview:-1"},"canonical":"https:\/\/quehacerpolitico.mx\/?p=81638","og_locale":"es_MX","og_type":"article","og_title":"Internacionales\/\/\/Carolina Alonso Romei\/\/\/Biden suspende las perforaciones de petr\u00f3leo y gas en zonas del \u00c1rtico -","og_description":"Biden suspende las perforaciones de petr\u00f3leo y gas en zonas del \u00c1rtico Por Carolina Alonso...","og_url":"https:\/\/quehacerpolitico.mx\/?p=81638","article_published_time":"2021-06-02T17:22:29+00:00","og_image":[{"width":839,"height":471,"url":"https:\/\/quehacerpolitico.mx\/wp-content\/uploads\/2021\/06\/7A1CF9FD-A69E-4518-8F52-30E40593569F.jpeg","type":"image\/jpeg"}],"author":"Redacci\u00f3n QP","twitter_card":"summary_large_image","twitter_misc":{"Escrito por":"Redacci\u00f3n QP","Tiempo de lectura":"2 minutos"},"schema":{"@context":"https:\/\/schema.org","@graph":[{"@type":"Article","@id":"https:\/\/quehacerpolitico.mx\/?p=81638#article","isPartOf":{"@id":"https:\/\/quehacerpolitico.mx\/?p=81638"},"author":{"name":"Redacci\u00f3n QP","@id":"https:\/\/quehacerpolitico.mx\/#\/schema\/person\/496d8ad2d1d3f8036101dca7ee39e585"},"headline":"Internacionales\/\/\/Carolina Alonso Romei\/\/\/Biden suspende las perforaciones de petr\u00f3leo y gas en zonas del \u00c1rtico","datePublished":"2021-06-02T17:22:29+00:00","mainEntityOfPage":{"@id":"https:\/\/quehacerpolitico.mx\/?p=81638"},"wordCount":388,"commentCount":0,"image":{"@id":"https:\/\/quehacerpolitico.mx\/?p=81638#primaryimage"},"thumbnailUrl":"https:\/\/quehacerpolitico.mx\/wp-content\/uploads\/2021\/06\/7A1CF9FD-A69E-4518-8F52-30E40593569F.jpeg","articleSection":["Internacionales"],"inLanguage":"es","potentialAction":[{"@type":"CommentAction","name":"Comment","target":["https:\/\/quehacerpolitico.mx\/?p=81638#respond"]}]},{"@type":"WebPage","@id":"https:\/\/quehacerpolitico.mx\/?p=81638","url":"https:\/\/quehacerpolitico.mx\/?p=81638","name":"Internacionales\/\/\/Carolina Alonso Romei\/\/\/Biden suspende las perforaciones de petr\u00f3leo y gas en zonas del \u00c1rtico -","isPartOf":{"@id":"https:\/\/quehacerpolitico.mx\/#website"},"primaryImageOfPage":{"@id":"https:\/\/quehacerpolitico.mx\/?p=81638#primaryimage"},"image":{"@id":"https:\/\/quehacerpolitico.mx\/?p=81638#primaryimage"},"thumbnailUrl":"https:\/\/quehacerpolitico.mx\/wp-content\/uploads\/2021\/06\/7A1CF9FD-A69E-4518-8F52-30E40593569F.jpeg","datePublished":"2021-06-02T17:22:29+00:00","author":{"@id":"https:\/\/quehacerpolitico.mx\/#\/schema\/person\/496d8ad2d1d3f8036101dca7ee39e585"},"breadcrumb":{"@id":"https:\/\/quehacerpolitico.mx\/?p=81638#breadcrumb"},"inLanguage":"es","potentialAction":[{"@type":"ReadAction","target":["https:\/\/quehacerpolitico.mx\/?p=81638"]}]},{"@type":"ImageObject","inLanguage":"es","@id":"https:\/\/quehacerpolitico.mx\/?p=81638#primaryimage","url":"https:\/\/quehacerpolitico.mx\/wp-content\/uploads\/2021\/06\/7A1CF9FD-A69E-4518-8F52-30E40593569F.jpeg","contentUrl":"https:\/\/quehacerpolitico.mx\/wp-content\/uploads\/2021\/06\/7A1CF9FD-A69E-4518-8F52-30E40593569F.jpeg","width":839,"height":471},{"@type":"BreadcrumbList","@id":"https:\/\/quehacerpolitico.mx\/?p=81638#breadcrumb","itemListElement":[{"@type":"ListItem","position":1,"name":"Inicio","item":"https:\/\/quehacerpolitico.mx\/"},{"@type":"ListItem","position":2,"name":"Internacionales\/\/\/Carolina Alonso Romei\/\/\/Biden suspende las perforaciones de petr\u00f3leo y gas en zonas del \u00c1rtico"}]},{"@type":"WebSite","@id":"https:\/\/quehacerpolitico.mx\/#website","url":"https:\/\/quehacerpolitico.mx\/","name":"","description":"","potentialAction":[{"@type":"SearchAction","target":{"@type":"EntryPoint","urlTemplate":"https:\/\/quehacerpolitico.mx\/?s={search_term_string}"},"query-input":{"@type":"PropertyValueSpecification","valueRequired":true,"valueName":"search_term_string"}}],"inLanguage":"es"},{"@type":"Person","@id":"https:\/\/quehacerpolitico.mx\/#\/schema\/person\/496d8ad2d1d3f8036101dca7ee39e585","name":"Redacci\u00f3n QP","image":{"@type":"ImageObject","inLanguage":"es","@id":"https:\/\/secure.gravatar.com\/avatar\/c7164ed6fdec453195284ad24a5ae5b6e1eed2b848477fa2a4787ba9adf39a41?s=96&d=mm&r=g","url":"https:\/\/secure.gravatar.com\/avatar\/c7164ed6fdec453195284ad24a5ae5b6e1eed2b848477fa2a4787ba9adf39a41?s=96&d=mm&r=g","contentUrl":"https:\/\/secure.gravatar.com\/avatar\/c7164ed6fdec453195284ad24a5ae5b6e1eed2b848477fa2a4787ba9adf39a41?s=96&d=mm&r=g","caption":"Redacci\u00f3n QP"},"url":"https:\/\/quehacerpolitico.mx\/?author=2"}]}},"featured_image_urls":{"full":["https:\/\/quehacerpolitico.mx\/wp-content\/uploads\/2021\/06\/7A1CF9FD-A69E-4518-8F52-30E40593569F.jpeg",839,471,false],"thumbnail":["https:\/\/quehacerpolitico.mx\/wp-content\/uploads\/2021\/06\/7A1CF9FD-A69E-4518-8F52-30E40593569F-150x150.jpeg",150,150,true],"medium":["https:\/\/quehacerpolitico.mx\/wp-content\/uploads\/2021\/06\/7A1CF9FD-A69E-4518-8F52-30E40593569F-300x168.jpeg",300,168,true],"medium_large":["https:\/\/quehacerpolitico.mx\/wp-content\/uploads\/2021\/06\/7A1CF9FD-A69E-4518-8F52-30E40593569F-768x431.jpeg",640,359,true],"large":["https:\/\/quehacerpolitico.mx\/wp-content\/uploads\/2021\/06\/7A1CF9FD-A69E-4518-8F52-30E40593569F.jpeg",640,359,false],"1536x1536":["https:\/\/quehacerpolitico.mx\/wp-content\/uploads\/2021\/06\/7A1CF9FD-A69E-4518-8F52-30E40593569F.jpeg",839,471,false],"2048x2048":["https:\/\/quehacerpolitico.mx\/wp-content\/uploads\/2021\/06\/7A1CF9FD-A69E-4518-8F52-30E40593569F.jpeg",839,471,false],"covernews-featured":["https:\/\/quehacerpolitico.mx\/wp-content\/uploads\/2021\/06\/7A1CF9FD-A69E-4518-8F52-30E40593569F.jpeg",839,471,false],"covernews-medium":["https:\/\/quehacerpolitico.mx\/wp-content\/uploads\/2021\/06\/7A1CF9FD-A69E-4518-8F52-30E40593569F.jpeg",540,303,false]},"author_info":{"display_name":"Redacci\u00f3n QP","author_link":"https:\/\/quehacerpolitico.mx\/?author=2"},"category_info":"<a href=\"https:\/\/quehacerpolitico.mx\/?cat=1\" rel=\"category\">Internacionales<\/a>","tag_info":"Internacionales","comment_count":"0","_links":{"self":[{"href":"https:\/\/quehacerpolitico.mx\/index.php?rest_route=\/wp\/v2\/posts\/81638","targetHints":{"allow":["GET"]}}],"collection":[{"href":"https:\/\/quehacerpolitico.mx\/index.php?rest_route=\/wp\/v2\/posts"}],"about":[{"href":"https:\/\/quehacerpolitico.mx\/index.php?rest_route=\/wp\/v2\/types\/post"}],"author":[{"embeddable":true,"href":"https:\/\/quehacerpolitico.mx\/index.php?rest_route=\/wp\/v2\/users\/2"}],"replies":[{"embeddable":true,"href":"https:\/\/quehacerpolitico.mx\/index.php?rest_route=%2Fwp%2Fv2%2Fcomments&post=81638"}],"version-history":[{"count":0,"href":"https:\/\/quehacerpolitico.mx\/index.php?rest_route=\/wp\/v2\/posts\/81638\/revisions"}],"wp:featuredmedia":[{"embeddable":true,"href":"https:\/\/quehacerpolitico.mx\/index.php?rest_route=\/wp\/v2\/media\/81640"}],"wp:attachment":[{"href":"https:\/\/quehacerpolitico.mx\/index.php?rest_route=%2Fwp%2Fv2%2Fmedia&parent=81638"}],"wp:term":[{"taxonomy":"category","embeddable":true,"href":"https:\/\/quehacerpolitico.mx\/index.php?rest_route=%2Fwp%2Fv2%2Fcategories&post=81638"},{"taxonomy":"post_tag","embeddable":true,"href":"https:\/\/quehacerpolitico.mx\/index.php?rest_route=%2Fwp%2Fv2%2Ftags&post=81638"}],"curies":[{"name":"wp","href":"https:\/\/api.w.org\/{rel}","templated":true}]}}