{"id":81567,"date":"2021-05-31T03:49:05","date_gmt":"2021-05-31T03:49:05","guid":{"rendered":"https:\/\/quehacerpolitico.mx\/?p=81567"},"modified":"2021-05-31T03:49:05","modified_gmt":"2021-05-31T03:49:05","slug":"mas-de-23-anos-y-cruz-azul-rompe-la-sequia-por-fin-es-campeon","status":"publish","type":"post","link":"https:\/\/quehacerpolitico.mx\/?p=81567","title":{"rendered":"M\u00e1s de 23 a\u00f1os y Cruz Azul rompe la sequ\u00eda por fin es campe\u00f3n"},"content":{"rendered":"<h1 class=\"news-title\">M\u00e1s de 23 a\u00f1os y Cruz Azul rompe la sequ\u00eda por fin es campe\u00f3n<br \/>\nPor Redacci\u00f3n QP<\/h1>\n<div class=\"news-subtitle\">\n<p>La M\u00e1quina se quit\u00f3 los fantasmas de encima y despu\u00e9s de casi 24 a\u00f1os vuelve a ser campe\u00f3n de la Liga MX<\/p>\n<\/div>\n<div class=\"news-authors-list\">\n<p>Tuvieron que pasar\u00a08,575\u00a0d\u00edas (23 a\u00f1os y 5 meses) y 6 subcampeonatos, para que\u00a0por fin el Cruz Azul consiguiera\u00a0su tan ansiado noveno t\u00edtulo a costa del Santos Laguna.<\/p>\n<div id=\"div-pos-2\"><strong>Los dirigidos por Juan\u00a0Reynoso, fieles a su estilo, sufrieron hasta el \u00faltimo segundo, pero lograron romper la sequ\u00eda y alzar el t\u00edtulo tras empatar a 1 en la cancha del Estadio Azteca e inclinar el global 2-1 a su favor.<\/strong><\/div>\n<p>El partido comenz\u00f3 movido, con un Santos yendo a buscar la porter\u00eda cementera ante la urgencia en el marcador. La M\u00e1quina metida en su campo, no lograba frenar el \u00edmpetu de los laguneros que al minuto 37, con un zurdazo al \u00e1ngulo de Diego Vald\u00e9s, lograron ponerse al frente\u00a0e igualar el marcador global.<\/p>\n<blockquote class=\"twitter-tweet\" data-width=\"550\" data-dnt=\"true\">\n<p lang=\"es\" dir=\"ltr\">\u00a1\u00a1LA NOVENAAAAA!!  \u2b50\ud83c\udfc6<\/p>\n<p>El tan anhelado T\u00edtulo lleg\u00f3 hoy para <a href=\"https:\/\/twitter.com\/CruzAzul?ref_src=twsrc%5Etfw\">@CruzAzul<\/a><\/p>\n<p>\u00a1Felicidades, Campeones! \ud83d\udc4f\ud83e\udd29 <a href=\"https:\/\/t.co\/QePaaaJeIy\">pic.twitter.com\/QePaaaJeIy<\/a><\/p>\n<p>&mdash; Liga BBVA MX (@LigaBBVAMX) <a href=\"https:\/\/twitter.com\/LigaBBVAMX\/status\/1399204547550056453?ref_src=twsrc%5Etfw\">May 31, 2021<\/a><\/p><\/blockquote>\n<p><script async src=\"https:\/\/platform.twitter.com\/widgets.js\" charset=\"utf-8\"><\/script><\/p>\n<p>Con el medio tiempo, a Reynoso no le tembl\u00f3 la mano y agit\u00f3 el banquillo. Orbel\u00edn Pineda y Roberto Alvarado le dejaron su lugar a Yot\u00fan y Santi Gim\u00e9nez, quienes de inmediato marcaron la diferencia en el campo.<\/p>\n<p>Al minuto 51&#8242;, los cementeros aprovecharon el error de Gorriar\u00e1n y en un contragolpe, apareci\u00f3 el de siempre. <strong>Jonathan &#8220;Cabecita&#8221; Rodr\u00edguez, en una jugada pol\u00e9mica emparej\u00f3 los cartones para la M\u00e1quina y le mat\u00f3 el ritmo a un Santos que ya no logr\u00f3 ponerse en pie.<\/strong><\/p>\n<blockquote class=\"twitter-tweet\" data-width=\"550\" data-dnt=\"true\">\n<p lang=\"es\" dir=\"ltr\">\ud83d\udcf9<a href=\"https:\/\/twitter.com\/hashtag\/NoTeLoPierdas?src=hash&amp;ref_src=twsrc%5Etfw\">#NoTeLoPierdas<\/a><br \/>\u00a1\u00a1\u00a1G\u26bd\u26bd\u26bdL!!! Jonathan Rodr\u00edguez empat\u00f3 el partido y le devolvi\u00f3 la ventaja a la M\u00e1quina en el marcador global.<\/p>\n<p>Cruz Azul 1-1 Santos<br \/>Global: 2-1<a href=\"https:\/\/twitter.com\/hashtag\/LigaBBVAMX?src=hash&amp;ref_src=twsrc%5Etfw\">#LigaBBVAMX<\/a> \u26bd <a href=\"https:\/\/twitter.com\/hashtag\/Guard1anes2021?src=hash&amp;ref_src=twsrc%5Etfw\">#Guard1anes2021<\/a> <a href=\"https:\/\/t.co\/04MlCl1kAu\">pic.twitter.com\/04MlCl1kAu<\/a><\/p>\n<p>&mdash; Liga BBVA MX (@LigaBBVAMX) <a href=\"https:\/\/twitter.com\/LigaBBVAMX\/status\/1399193668645437445?ref_src=twsrc%5Etfw\">May 31, 2021<\/a><\/p><\/blockquote>\n<p><script async src=\"https:\/\/platform.twitter.com\/widgets.js\" charset=\"utf-8\"><\/script><\/p>\n<p>En los \u00faltimos minutos, el Cruz Azul le agreg\u00f3 sufrimiento meti\u00e9ndose atr\u00e1s, y aunque la &#8220;cruzazuleada&#8221; siempre estuvo\u00a0latente, en esta ocasi\u00f3n la M\u00e1quina sali\u00f3 avante.<\/p>\n<blockquote class=\"twitter-tweet\" data-width=\"550\" data-dnt=\"true\">\n<p lang=\"es\" dir=\"ltr\">C A M P E O N E S \ud83d\udc99<\/p>\n<p>LLEG\u00d3 LA NOVENA. <a href=\"https:\/\/t.co\/9iccQrgrGR\">pic.twitter.com\/9iccQrgrGR<\/a><\/p>\n<p>&mdash; CRUZ AZUL (@CruzAzul) <a href=\"https:\/\/twitter.com\/CruzAzul\/status\/1399204672561364993?ref_src=twsrc%5Etfw\">May 31, 2021<\/a><\/p><\/blockquote>\n<p><script async src=\"https:\/\/platform.twitter.com\/widgets.js\" charset=\"utf-8\"><\/script><\/p>\n<p>Despu\u00e9s de 23 a\u00f1os y 5 meses, el Cruz Azul vuelve a lo m\u00e1s alto del futbol mexicano y se corona campe\u00f3n del Torneo Guard1anes 2021.<\/p>\n<\/div>\n","protected":false},"excerpt":{"rendered":"<p>M\u00e1s de 23 a\u00f1os y Cruz Azul rompe la sequ\u00eda por fin es campe\u00f3n Por&#8230;<\/p>\n","protected":false},"author":2,"featured_media":81570,"comment_status":"open","ping_status":"open","sticky":false,"template":"","format":"standard","meta":{"_monsterinsights_skip_tracking":false,"_monsterinsights_sitenote_active":false,"_monsterinsights_sitenote_note":"","_monsterinsights_sitenote_category":0,"footnotes":""},"categories":[54],"tags":[],"class_list":["post-81567","post","type-post","status-publish","format-standard","has-post-thumbnail","hentry","category-deportes"],"yoast_head":"<!-- This site is optimized with the Yoast SEO plugin v27.3 - https:\/\/yoast.com\/product\/yoast-seo-wordpress\/ -->\n<title>M\u00e1s de 23 a\u00f1os y Cruz Azul rompe la sequ\u00eda por fin es campe\u00f3n -<\/title>\n<meta name=\"robots\" content=\"index, follow, max-snippet:-1, max-image-preview:large, max-video-preview:-1\" \/>\n<link rel=\"canonical\" href=\"https:\/\/quehacerpolitico.mx\/?p=81567\" \/>\n<meta property=\"og:locale\" content=\"es_MX\" \/>\n<meta property=\"og:type\" content=\"article\" \/>\n<meta property=\"og:title\" content=\"M\u00e1s de 23 a\u00f1os y Cruz Azul rompe la sequ\u00eda por fin es campe\u00f3n -\" \/>\n<meta property=\"og:description\" content=\"M\u00e1s de 23 a\u00f1os y Cruz Azul rompe la sequ\u00eda por fin es campe\u00f3n Por...\" \/>\n<meta property=\"og:url\" content=\"https:\/\/quehacerpolitico.mx\/?p=81567\" \/>\n<meta property=\"article:published_time\" content=\"2021-05-31T03:49:05+00:00\" \/>\n<meta property=\"og:image\" content=\"https:\/\/quehacerpolitico.mx\/wp-content\/uploads\/2021\/05\/32A6FD1C-A83F-4649-855C-AAF986EAAC8D.jpeg\" \/>\n\t<meta property=\"og:image:width\" content=\"2048\" \/>\n\t<meta property=\"og:image:height\" content=\"1366\" \/>\n\t<meta property=\"og:image:type\" content=\"image\/jpeg\" \/>\n<meta name=\"author\" content=\"Redacci\u00f3n QP\" \/>\n<meta name=\"twitter:card\" content=\"summary_large_image\" \/>\n<meta name=\"twitter:label1\" content=\"Escrito por\" \/>\n\t<meta name=\"twitter:data1\" content=\"Redacci\u00f3n QP\" \/>\n\t<meta name=\"twitter:label2\" content=\"Tiempo de lectura\" \/>\n\t<meta name=\"twitter:data2\" content=\"2 minutos\" \/>\n<script type=\"application\/ld+json\" class=\"yoast-schema-graph\">{\"@context\":\"https:\\\/\\\/schema.org\",\"@graph\":[{\"@type\":\"Article\",\"@id\":\"https:\\\/\\\/quehacerpolitico.mx\\\/?p=81567#article\",\"isPartOf\":{\"@id\":\"https:\\\/\\\/quehacerpolitico.mx\\\/?p=81567\"},\"author\":{\"name\":\"Redacci\u00f3n QP\",\"@id\":\"https:\\\/\\\/quehacerpolitico.mx\\\/#\\\/schema\\\/person\\\/496d8ad2d1d3f8036101dca7ee39e585\"},\"headline\":\"M\u00e1s de 23 a\u00f1os y Cruz Azul rompe la sequ\u00eda por fin es campe\u00f3n\",\"datePublished\":\"2021-05-31T03:49:05+00:00\",\"mainEntityOfPage\":{\"@id\":\"https:\\\/\\\/quehacerpolitico.mx\\\/?p=81567\"},\"wordCount\":357,\"commentCount\":0,\"image\":{\"@id\":\"https:\\\/\\\/quehacerpolitico.mx\\\/?p=81567#primaryimage\"},\"thumbnailUrl\":\"https:\\\/\\\/quehacerpolitico.mx\\\/wp-content\\\/uploads\\\/2021\\\/05\\\/32A6FD1C-A83F-4649-855C-AAF986EAAC8D.jpeg\",\"articleSection\":[\"Deportes\"],\"inLanguage\":\"es\",\"potentialAction\":[{\"@type\":\"CommentAction\",\"name\":\"Comment\",\"target\":[\"https:\\\/\\\/quehacerpolitico.mx\\\/?p=81567#respond\"]}]},{\"@type\":\"WebPage\",\"@id\":\"https:\\\/\\\/quehacerpolitico.mx\\\/?p=81567\",\"url\":\"https:\\\/\\\/quehacerpolitico.mx\\\/?p=81567\",\"name\":\"M\u00e1s de 23 a\u00f1os y Cruz Azul rompe la sequ\u00eda por fin es campe\u00f3n -\",\"isPartOf\":{\"@id\":\"https:\\\/\\\/quehacerpolitico.mx\\\/#website\"},\"primaryImageOfPage\":{\"@id\":\"https:\\\/\\\/quehacerpolitico.mx\\\/?p=81567#primaryimage\"},\"image\":{\"@id\":\"https:\\\/\\\/quehacerpolitico.mx\\\/?p=81567#primaryimage\"},\"thumbnailUrl\":\"https:\\\/\\\/quehacerpolitico.mx\\\/wp-content\\\/uploads\\\/2021\\\/05\\\/32A6FD1C-A83F-4649-855C-AAF986EAAC8D.jpeg\",\"datePublished\":\"2021-05-31T03:49:05+00:00\",\"author\":{\"@id\":\"https:\\\/\\\/quehacerpolitico.mx\\\/#\\\/schema\\\/person\\\/496d8ad2d1d3f8036101dca7ee39e585\"},\"breadcrumb\":{\"@id\":\"https:\\\/\\\/quehacerpolitico.mx\\\/?p=81567#breadcrumb\"},\"inLanguage\":\"es\",\"potentialAction\":[{\"@type\":\"ReadAction\",\"target\":[\"https:\\\/\\\/quehacerpolitico.mx\\\/?p=81567\"]}]},{\"@type\":\"ImageObject\",\"inLanguage\":\"es\",\"@id\":\"https:\\\/\\\/quehacerpolitico.mx\\\/?p=81567#primaryimage\",\"url\":\"https:\\\/\\\/quehacerpolitico.mx\\\/wp-content\\\/uploads\\\/2021\\\/05\\\/32A6FD1C-A83F-4649-855C-AAF986EAAC8D.jpeg\",\"contentUrl\":\"https:\\\/\\\/quehacerpolitico.mx\\\/wp-content\\\/uploads\\\/2021\\\/05\\\/32A6FD1C-A83F-4649-855C-AAF986EAAC8D.jpeg\",\"width\":2048,\"height\":1366},{\"@type\":\"BreadcrumbList\",\"@id\":\"https:\\\/\\\/quehacerpolitico.mx\\\/?p=81567#breadcrumb\",\"itemListElement\":[{\"@type\":\"ListItem\",\"position\":1,\"name\":\"Inicio\",\"item\":\"https:\\\/\\\/quehacerpolitico.mx\\\/\"},{\"@type\":\"ListItem\",\"position\":2,\"name\":\"M\u00e1s de 23 a\u00f1os y Cruz Azul rompe la sequ\u00eda por fin es campe\u00f3n\"}]},{\"@type\":\"WebSite\",\"@id\":\"https:\\\/\\\/quehacerpolitico.mx\\\/#website\",\"url\":\"https:\\\/\\\/quehacerpolitico.mx\\\/\",\"name\":\"\",\"description\":\"\",\"potentialAction\":[{\"@type\":\"SearchAction\",\"target\":{\"@type\":\"EntryPoint\",\"urlTemplate\":\"https:\\\/\\\/quehacerpolitico.mx\\\/?s={search_term_string}\"},\"query-input\":{\"@type\":\"PropertyValueSpecification\",\"valueRequired\":true,\"valueName\":\"search_term_string\"}}],\"inLanguage\":\"es\"},{\"@type\":\"Person\",\"@id\":\"https:\\\/\\\/quehacerpolitico.mx\\\/#\\\/schema\\\/person\\\/496d8ad2d1d3f8036101dca7ee39e585\",\"name\":\"Redacci\u00f3n QP\",\"image\":{\"@type\":\"ImageObject\",\"inLanguage\":\"es\",\"@id\":\"https:\\\/\\\/secure.gravatar.com\\\/avatar\\\/c7164ed6fdec453195284ad24a5ae5b6e1eed2b848477fa2a4787ba9adf39a41?s=96&d=mm&r=g\",\"url\":\"https:\\\/\\\/secure.gravatar.com\\\/avatar\\\/c7164ed6fdec453195284ad24a5ae5b6e1eed2b848477fa2a4787ba9adf39a41?s=96&d=mm&r=g\",\"contentUrl\":\"https:\\\/\\\/secure.gravatar.com\\\/avatar\\\/c7164ed6fdec453195284ad24a5ae5b6e1eed2b848477fa2a4787ba9adf39a41?s=96&d=mm&r=g\",\"caption\":\"Redacci\u00f3n QP\"},\"url\":\"https:\\\/\\\/quehacerpolitico.mx\\\/?author=2\"}]}<\/script>\n<!-- \/ Yoast SEO plugin. -->","yoast_head_json":{"title":"M\u00e1s de 23 a\u00f1os y Cruz Azul rompe la sequ\u00eda por fin es campe\u00f3n -","robots":{"index":"index","follow":"follow","max-snippet":"max-snippet:-1","max-image-preview":"max-image-preview:large","max-video-preview":"max-video-preview:-1"},"canonical":"https:\/\/quehacerpolitico.mx\/?p=81567","og_locale":"es_MX","og_type":"article","og_title":"M\u00e1s de 23 a\u00f1os y Cruz Azul rompe la sequ\u00eda por fin es campe\u00f3n -","og_description":"M\u00e1s de 23 a\u00f1os y Cruz Azul rompe la sequ\u00eda por fin es campe\u00f3n Por...","og_url":"https:\/\/quehacerpolitico.mx\/?p=81567","article_published_time":"2021-05-31T03:49:05+00:00","og_image":[{"width":2048,"height":1366,"url":"https:\/\/quehacerpolitico.mx\/wp-content\/uploads\/2021\/05\/32A6FD1C-A83F-4649-855C-AAF986EAAC8D.jpeg","type":"image\/jpeg"}],"author":"Redacci\u00f3n QP","twitter_card":"summary_large_image","twitter_misc":{"Escrito por":"Redacci\u00f3n QP","Tiempo de lectura":"2 minutos"},"schema":{"@context":"https:\/\/schema.org","@graph":[{"@type":"Article","@id":"https:\/\/quehacerpolitico.mx\/?p=81567#article","isPartOf":{"@id":"https:\/\/quehacerpolitico.mx\/?p=81567"},"author":{"name":"Redacci\u00f3n QP","@id":"https:\/\/quehacerpolitico.mx\/#\/schema\/person\/496d8ad2d1d3f8036101dca7ee39e585"},"headline":"M\u00e1s de 23 a\u00f1os y Cruz Azul rompe la sequ\u00eda por fin es campe\u00f3n","datePublished":"2021-05-31T03:49:05+00:00","mainEntityOfPage":{"@id":"https:\/\/quehacerpolitico.mx\/?p=81567"},"wordCount":357,"commentCount":0,"image":{"@id":"https:\/\/quehacerpolitico.mx\/?p=81567#primaryimage"},"thumbnailUrl":"https:\/\/quehacerpolitico.mx\/wp-content\/uploads\/2021\/05\/32A6FD1C-A83F-4649-855C-AAF986EAAC8D.jpeg","articleSection":["Deportes"],"inLanguage":"es","potentialAction":[{"@type":"CommentAction","name":"Comment","target":["https:\/\/quehacerpolitico.mx\/?p=81567#respond"]}]},{"@type":"WebPage","@id":"https:\/\/quehacerpolitico.mx\/?p=81567","url":"https:\/\/quehacerpolitico.mx\/?p=81567","name":"M\u00e1s de 23 a\u00f1os y Cruz Azul rompe la sequ\u00eda por fin es campe\u00f3n -","isPartOf":{"@id":"https:\/\/quehacerpolitico.mx\/#website"},"primaryImageOfPage":{"@id":"https:\/\/quehacerpolitico.mx\/?p=81567#primaryimage"},"image":{"@id":"https:\/\/quehacerpolitico.mx\/?p=81567#primaryimage"},"thumbnailUrl":"https:\/\/quehacerpolitico.mx\/wp-content\/uploads\/2021\/05\/32A6FD1C-A83F-4649-855C-AAF986EAAC8D.jpeg","datePublished":"2021-05-31T03:49:05+00:00","author":{"@id":"https:\/\/quehacerpolitico.mx\/#\/schema\/person\/496d8ad2d1d3f8036101dca7ee39e585"},"breadcrumb":{"@id":"https:\/\/quehacerpolitico.mx\/?p=81567#breadcrumb"},"inLanguage":"es","potentialAction":[{"@type":"ReadAction","target":["https:\/\/quehacerpolitico.mx\/?p=81567"]}]},{"@type":"ImageObject","inLanguage":"es","@id":"https:\/\/quehacerpolitico.mx\/?p=81567#primaryimage","url":"https:\/\/quehacerpolitico.mx\/wp-content\/uploads\/2021\/05\/32A6FD1C-A83F-4649-855C-AAF986EAAC8D.jpeg","contentUrl":"https:\/\/quehacerpolitico.mx\/wp-content\/uploads\/2021\/05\/32A6FD1C-A83F-4649-855C-AAF986EAAC8D.jpeg","width":2048,"height":1366},{"@type":"BreadcrumbList","@id":"https:\/\/quehacerpolitico.mx\/?p=81567#breadcrumb","itemListElement":[{"@type":"ListItem","position":1,"name":"Inicio","item":"https:\/\/quehacerpolitico.mx\/"},{"@type":"ListItem","position":2,"name":"M\u00e1s de 23 a\u00f1os y Cruz Azul rompe la sequ\u00eda por fin es campe\u00f3n"}]},{"@type":"WebSite","@id":"https:\/\/quehacerpolitico.mx\/#website","url":"https:\/\/quehacerpolitico.mx\/","name":"","description":"","potentialAction":[{"@type":"SearchAction","target":{"@type":"EntryPoint","urlTemplate":"https:\/\/quehacerpolitico.mx\/?s={search_term_string}"},"query-input":{"@type":"PropertyValueSpecification","valueRequired":true,"valueName":"search_term_string"}}],"inLanguage":"es"},{"@type":"Person","@id":"https:\/\/quehacerpolitico.mx\/#\/schema\/person\/496d8ad2d1d3f8036101dca7ee39e585","name":"Redacci\u00f3n QP","image":{"@type":"ImageObject","inLanguage":"es","@id":"https:\/\/secure.gravatar.com\/avatar\/c7164ed6fdec453195284ad24a5ae5b6e1eed2b848477fa2a4787ba9adf39a41?s=96&d=mm&r=g","url":"https:\/\/secure.gravatar.com\/avatar\/c7164ed6fdec453195284ad24a5ae5b6e1eed2b848477fa2a4787ba9adf39a41?s=96&d=mm&r=g","contentUrl":"https:\/\/secure.gravatar.com\/avatar\/c7164ed6fdec453195284ad24a5ae5b6e1eed2b848477fa2a4787ba9adf39a41?s=96&d=mm&r=g","caption":"Redacci\u00f3n QP"},"url":"https:\/\/quehacerpolitico.mx\/?author=2"}]}},"featured_image_urls":{"full":["https:\/\/quehacerpolitico.mx\/wp-content\/uploads\/2021\/05\/32A6FD1C-A83F-4649-855C-AAF986EAAC8D.jpeg",2048,1366,false],"thumbnail":["https:\/\/quehacerpolitico.mx\/wp-content\/uploads\/2021\/05\/32A6FD1C-A83F-4649-855C-AAF986EAAC8D-150x150.jpeg",150,150,true],"medium":["https:\/\/quehacerpolitico.mx\/wp-content\/uploads\/2021\/05\/32A6FD1C-A83F-4649-855C-AAF986EAAC8D-300x200.jpeg",300,200,true],"medium_large":["https:\/\/quehacerpolitico.mx\/wp-content\/uploads\/2021\/05\/32A6FD1C-A83F-4649-855C-AAF986EAAC8D-768x512.jpeg",640,427,true],"large":["https:\/\/quehacerpolitico.mx\/wp-content\/uploads\/2021\/05\/32A6FD1C-A83F-4649-855C-AAF986EAAC8D-1024x683.jpeg",640,427,true],"1536x1536":["https:\/\/quehacerpolitico.mx\/wp-content\/uploads\/2021\/05\/32A6FD1C-A83F-4649-855C-AAF986EAAC8D-1536x1025.jpeg",1536,1025,true],"2048x2048":["https:\/\/quehacerpolitico.mx\/wp-content\/uploads\/2021\/05\/32A6FD1C-A83F-4649-855C-AAF986EAAC8D.jpeg",2048,1366,false],"covernews-featured":["https:\/\/quehacerpolitico.mx\/wp-content\/uploads\/2021\/05\/32A6FD1C-A83F-4649-855C-AAF986EAAC8D.jpeg",1024,683,false],"covernews-medium":["https:\/\/quehacerpolitico.mx\/wp-content\/uploads\/2021\/05\/32A6FD1C-A83F-4649-855C-AAF986EAAC8D.jpeg",510,340,false]},"author_info":{"display_name":"Redacci\u00f3n QP","author_link":"https:\/\/quehacerpolitico.mx\/?author=2"},"category_info":"<a href=\"https:\/\/quehacerpolitico.mx\/?cat=54\" rel=\"category\">Deportes<\/a>","tag_info":"Deportes","comment_count":"0","_links":{"self":[{"href":"https:\/\/quehacerpolitico.mx\/index.php?rest_route=\/wp\/v2\/posts\/81567","targetHints":{"allow":["GET"]}}],"collection":[{"href":"https:\/\/quehacerpolitico.mx\/index.php?rest_route=\/wp\/v2\/posts"}],"about":[{"href":"https:\/\/quehacerpolitico.mx\/index.php?rest_route=\/wp\/v2\/types\/post"}],"author":[{"embeddable":true,"href":"https:\/\/quehacerpolitico.mx\/index.php?rest_route=\/wp\/v2\/users\/2"}],"replies":[{"embeddable":true,"href":"https:\/\/quehacerpolitico.mx\/index.php?rest_route=%2Fwp%2Fv2%2Fcomments&post=81567"}],"version-history":[{"count":0,"href":"https:\/\/quehacerpolitico.mx\/index.php?rest_route=\/wp\/v2\/posts\/81567\/revisions"}],"wp:featuredmedia":[{"embeddable":true,"href":"https:\/\/quehacerpolitico.mx\/index.php?rest_route=\/wp\/v2\/media\/81570"}],"wp:attachment":[{"href":"https:\/\/quehacerpolitico.mx\/index.php?rest_route=%2Fwp%2Fv2%2Fmedia&parent=81567"}],"wp:term":[{"taxonomy":"category","embeddable":true,"href":"https:\/\/quehacerpolitico.mx\/index.php?rest_route=%2Fwp%2Fv2%2Fcategories&post=81567"},{"taxonomy":"post_tag","embeddable":true,"href":"https:\/\/quehacerpolitico.mx\/index.php?rest_route=%2Fwp%2Fv2%2Ftags&post=81567"}],"curies":[{"name":"wp","href":"https:\/\/api.w.org\/{rel}","templated":true}]}}