{"id":81545,"date":"2021-05-30T19:13:57","date_gmt":"2021-05-30T19:13:57","guid":{"rendered":"https:\/\/quehacerpolitico.mx\/?p=81545"},"modified":"2021-05-30T19:13:57","modified_gmt":"2021-05-30T19:13:57","slug":"internacionales-carolina-alonso-romei-biden-avisa-putin-que-eeuu-no-permitira-abusos-los-derechos-humanos","status":"publish","type":"post","link":"https:\/\/quehacerpolitico.mx\/?p=81545","title":{"rendered":"Internacionales\/\/\/Carolina Alonso Romei\/\/\/Biden avisa a Putin que EEUU no permitir\u00e1 abusos a los derechos humanos"},"content":{"rendered":"<h1 class=\"article_title\">Biden avisa a Putin que EEUU no permitir\u00e1 abusos a los derechos humanos<br \/>\nPor Carolina Alonso Romei<\/h1>\n<p>Internacionalista<\/p>\n<div class=\"article_heading\">\n<p>La cumbre entre Putin y Biden se producir\u00e1 al final del primer viaje al extranjero del mandatario estadounidense<\/p>\n<p>El <strong>presidente de Estados Unidos, Joe Biden<\/strong>, le avis\u00f3 este domingo 30 de mayo a su hom\u00f3logo ruso, <strong>Vlad\u00edmir Putin<\/strong>, con quien se reunir\u00e1 el pr\u00f3ximo 16 de junio en Ginebra, que su pa\u00eds no permitir\u00e1 <strong>abusos a los derechos humanos<\/strong>, en un discurso con motivo del <strong>D\u00eda de los Ca\u00eddos<\/strong> (Memorial Day) en el pa\u00eds.<\/p>\n<p>\u201cTuve una larga conversaci\u00f3n de dos horas recientemente con el presidente (chino) Xi (Jinping) en la que le dej\u00e9 claro que no pod\u00edamos hacer otra cosa que <strong>defender los derechos humanos en todo el mundo<\/strong>, porque eso es lo que somos\u201d, afirm\u00f3 Biden en un discurso en Delaware.<\/p>\n<p>\u201cMe reunir\u00e9 con el presidente Putin en un par de semanas en Ginebra para dejar claro que no nos quedaremos de brazos cruzados y dejaremos que abusen de esos derechos\u201d, continu\u00f3 el mandatario.<\/p>\n<p>Biden particip\u00f3 en un acto para rendir <strong>tributo a los soldados muertos en combate<\/strong>, a quienes se recordar\u00e1 este lunes 31 de mayo en el D\u00eda de los Ca\u00eddos, y se\u00f1al\u00f3 que es su primera celebraci\u00f3n de esta fecha como comandante en jefe.<\/p>\n<p>\u201cEstados Unidos es \u00fanico\u201d, defendi\u00f3 el gobernante dem\u00f3crata, al indicar que este pa\u00eds, a diferencia de otros, se forma sobre la base de \u201cuna idea\u201d y no partir de un credo, una religi\u00f3n, la geograf\u00eda o una etnia.<\/p>\n<p>Destac\u00f3 igualmente que \u201ccada generaci\u00f3n de estadounidenses recibe un precioso regalo de libertad\u201d e indic\u00f3 que trabajan para \u201ccompartirlo con m\u00e1s gente\u201d y hacer que este pa\u00eds \u201csea m\u00e1s abierto, m\u00e1s libre, m\u00e1s justo\u201d<\/p>\n<p>La cumbre entre Putin y Biden se producir\u00e1 al final del <strong>primer viaje al extranjero del mandatario estadounidense<\/strong>, quien tiene previsto viajar en junio a Reino Unido para asistir a la <strong>reuni\u00f3n del G-7<\/strong> y luego se trasladar\u00e1 a Bruselas, donde participar\u00e1 en una <strong>cumbre de la OTAN<\/strong> y en un encuentro con la<strong> Uni\u00f3n Europea.<\/strong><\/p>\n<p>El Kremlin descart\u00f3 el pasado mi\u00e9rcoles 26 de mayo un reinicio de las <strong>relaciones con Estados Unidos<\/strong> tras la cumbre entre ambos presidentes.<\/p>\n<p>Durante su rueda prensa telef\u00f3nica del pasado mi\u00e9rcoles, Dmitri Peskov, portavoz del Kremlin, consider\u00f3 improbable que en un primer encuentro ambos mandatarios logren un consenso en asuntos donde las diferencias son \u201cprofundas\u201d, por lo que llam\u00f3 a no hacerse unas \u201cexpectativas exageradas\u201d.<\/p>\n<p><em>Con informaci\u00f3n de EFE<\/em><\/p>\n<\/div>\n","protected":false},"excerpt":{"rendered":"<p>Biden avisa a Putin que EEUU no permitir\u00e1 abusos a los derechos humanos Por Carolina&#8230;<\/p>\n","protected":false},"author":2,"featured_media":81548,"comment_status":"open","ping_status":"open","sticky":false,"template":"","format":"standard","meta":{"_monsterinsights_skip_tracking":false,"_monsterinsights_sitenote_active":false,"_monsterinsights_sitenote_note":"","_monsterinsights_sitenote_category":0,"footnotes":""},"categories":[1],"tags":[],"class_list":["post-81545","post","type-post","status-publish","format-standard","has-post-thumbnail","hentry","category-sin-categoria"],"yoast_head":"<!-- This site is optimized with the Yoast SEO plugin v27.3 - https:\/\/yoast.com\/product\/yoast-seo-wordpress\/ -->\n<title>Internacionales\/\/\/Carolina Alonso Romei\/\/\/Biden avisa a Putin que EEUU no permitir\u00e1 abusos a los derechos humanos -<\/title>\n<meta name=\"robots\" content=\"index, follow, max-snippet:-1, max-image-preview:large, max-video-preview:-1\" \/>\n<link rel=\"canonical\" href=\"https:\/\/quehacerpolitico.mx\/?p=81545\" \/>\n<meta property=\"og:locale\" content=\"es_MX\" \/>\n<meta property=\"og:type\" content=\"article\" \/>\n<meta property=\"og:title\" content=\"Internacionales\/\/\/Carolina Alonso Romei\/\/\/Biden avisa a Putin que EEUU no permitir\u00e1 abusos a los derechos humanos -\" \/>\n<meta property=\"og:description\" content=\"Biden avisa a Putin que EEUU no permitir\u00e1 abusos a los derechos humanos Por Carolina...\" \/>\n<meta property=\"og:url\" content=\"https:\/\/quehacerpolitico.mx\/?p=81545\" \/>\n<meta property=\"article:published_time\" content=\"2021-05-30T19:13:57+00:00\" \/>\n<meta property=\"og:image\" content=\"https:\/\/quehacerpolitico.mx\/wp-content\/uploads\/2021\/05\/C4D61386-E41A-4284-9CA1-9CC9AA520185.jpeg\" \/>\n\t<meta property=\"og:image:width\" content=\"1242\" \/>\n\t<meta property=\"og:image:height\" content=\"1049\" \/>\n\t<meta property=\"og:image:type\" content=\"image\/jpeg\" \/>\n<meta name=\"author\" content=\"Redacci\u00f3n QP\" \/>\n<meta name=\"twitter:card\" content=\"summary_large_image\" \/>\n<meta name=\"twitter:label1\" content=\"Escrito por\" \/>\n\t<meta name=\"twitter:data1\" content=\"Redacci\u00f3n QP\" \/>\n\t<meta name=\"twitter:label2\" content=\"Tiempo de lectura\" \/>\n\t<meta name=\"twitter:data2\" content=\"2 minutos\" \/>\n<script type=\"application\/ld+json\" class=\"yoast-schema-graph\">{\"@context\":\"https:\\\/\\\/schema.org\",\"@graph\":[{\"@type\":\"Article\",\"@id\":\"https:\\\/\\\/quehacerpolitico.mx\\\/?p=81545#article\",\"isPartOf\":{\"@id\":\"https:\\\/\\\/quehacerpolitico.mx\\\/?p=81545\"},\"author\":{\"name\":\"Redacci\u00f3n QP\",\"@id\":\"https:\\\/\\\/quehacerpolitico.mx\\\/#\\\/schema\\\/person\\\/496d8ad2d1d3f8036101dca7ee39e585\"},\"headline\":\"Internacionales\\\/\\\/\\\/Carolina Alonso Romei\\\/\\\/\\\/Biden avisa a Putin que EEUU no permitir\u00e1 abusos a los derechos humanos\",\"datePublished\":\"2021-05-30T19:13:57+00:00\",\"mainEntityOfPage\":{\"@id\":\"https:\\\/\\\/quehacerpolitico.mx\\\/?p=81545\"},\"wordCount\":455,\"commentCount\":0,\"image\":{\"@id\":\"https:\\\/\\\/quehacerpolitico.mx\\\/?p=81545#primaryimage\"},\"thumbnailUrl\":\"https:\\\/\\\/quehacerpolitico.mx\\\/wp-content\\\/uploads\\\/2021\\\/05\\\/C4D61386-E41A-4284-9CA1-9CC9AA520185.jpeg\",\"articleSection\":[\"Internacionales\"],\"inLanguage\":\"es\",\"potentialAction\":[{\"@type\":\"CommentAction\",\"name\":\"Comment\",\"target\":[\"https:\\\/\\\/quehacerpolitico.mx\\\/?p=81545#respond\"]}]},{\"@type\":\"WebPage\",\"@id\":\"https:\\\/\\\/quehacerpolitico.mx\\\/?p=81545\",\"url\":\"https:\\\/\\\/quehacerpolitico.mx\\\/?p=81545\",\"name\":\"Internacionales\\\/\\\/\\\/Carolina Alonso Romei\\\/\\\/\\\/Biden avisa a Putin que EEUU no permitir\u00e1 abusos a los derechos humanos -\",\"isPartOf\":{\"@id\":\"https:\\\/\\\/quehacerpolitico.mx\\\/#website\"},\"primaryImageOfPage\":{\"@id\":\"https:\\\/\\\/quehacerpolitico.mx\\\/?p=81545#primaryimage\"},\"image\":{\"@id\":\"https:\\\/\\\/quehacerpolitico.mx\\\/?p=81545#primaryimage\"},\"thumbnailUrl\":\"https:\\\/\\\/quehacerpolitico.mx\\\/wp-content\\\/uploads\\\/2021\\\/05\\\/C4D61386-E41A-4284-9CA1-9CC9AA520185.jpeg\",\"datePublished\":\"2021-05-30T19:13:57+00:00\",\"author\":{\"@id\":\"https:\\\/\\\/quehacerpolitico.mx\\\/#\\\/schema\\\/person\\\/496d8ad2d1d3f8036101dca7ee39e585\"},\"breadcrumb\":{\"@id\":\"https:\\\/\\\/quehacerpolitico.mx\\\/?p=81545#breadcrumb\"},\"inLanguage\":\"es\",\"potentialAction\":[{\"@type\":\"ReadAction\",\"target\":[\"https:\\\/\\\/quehacerpolitico.mx\\\/?p=81545\"]}]},{\"@type\":\"ImageObject\",\"inLanguage\":\"es\",\"@id\":\"https:\\\/\\\/quehacerpolitico.mx\\\/?p=81545#primaryimage\",\"url\":\"https:\\\/\\\/quehacerpolitico.mx\\\/wp-content\\\/uploads\\\/2021\\\/05\\\/C4D61386-E41A-4284-9CA1-9CC9AA520185.jpeg\",\"contentUrl\":\"https:\\\/\\\/quehacerpolitico.mx\\\/wp-content\\\/uploads\\\/2021\\\/05\\\/C4D61386-E41A-4284-9CA1-9CC9AA520185.jpeg\",\"width\":1242,\"height\":1049},{\"@type\":\"BreadcrumbList\",\"@id\":\"https:\\\/\\\/quehacerpolitico.mx\\\/?p=81545#breadcrumb\",\"itemListElement\":[{\"@type\":\"ListItem\",\"position\":1,\"name\":\"Inicio\",\"item\":\"https:\\\/\\\/quehacerpolitico.mx\\\/\"},{\"@type\":\"ListItem\",\"position\":2,\"name\":\"Internacionales\\\/\\\/\\\/Carolina Alonso Romei\\\/\\\/\\\/Biden avisa a Putin que EEUU no permitir\u00e1 abusos a los derechos humanos\"}]},{\"@type\":\"WebSite\",\"@id\":\"https:\\\/\\\/quehacerpolitico.mx\\\/#website\",\"url\":\"https:\\\/\\\/quehacerpolitico.mx\\\/\",\"name\":\"\",\"description\":\"\",\"potentialAction\":[{\"@type\":\"SearchAction\",\"target\":{\"@type\":\"EntryPoint\",\"urlTemplate\":\"https:\\\/\\\/quehacerpolitico.mx\\\/?s={search_term_string}\"},\"query-input\":{\"@type\":\"PropertyValueSpecification\",\"valueRequired\":true,\"valueName\":\"search_term_string\"}}],\"inLanguage\":\"es\"},{\"@type\":\"Person\",\"@id\":\"https:\\\/\\\/quehacerpolitico.mx\\\/#\\\/schema\\\/person\\\/496d8ad2d1d3f8036101dca7ee39e585\",\"name\":\"Redacci\u00f3n QP\",\"image\":{\"@type\":\"ImageObject\",\"inLanguage\":\"es\",\"@id\":\"https:\\\/\\\/secure.gravatar.com\\\/avatar\\\/c7164ed6fdec453195284ad24a5ae5b6e1eed2b848477fa2a4787ba9adf39a41?s=96&d=mm&r=g\",\"url\":\"https:\\\/\\\/secure.gravatar.com\\\/avatar\\\/c7164ed6fdec453195284ad24a5ae5b6e1eed2b848477fa2a4787ba9adf39a41?s=96&d=mm&r=g\",\"contentUrl\":\"https:\\\/\\\/secure.gravatar.com\\\/avatar\\\/c7164ed6fdec453195284ad24a5ae5b6e1eed2b848477fa2a4787ba9adf39a41?s=96&d=mm&r=g\",\"caption\":\"Redacci\u00f3n QP\"},\"url\":\"https:\\\/\\\/quehacerpolitico.mx\\\/?author=2\"}]}<\/script>\n<!-- \/ Yoast SEO plugin. -->","yoast_head_json":{"title":"Internacionales\/\/\/Carolina Alonso Romei\/\/\/Biden avisa a Putin que EEUU no permitir\u00e1 abusos a los derechos humanos -","robots":{"index":"index","follow":"follow","max-snippet":"max-snippet:-1","max-image-preview":"max-image-preview:large","max-video-preview":"max-video-preview:-1"},"canonical":"https:\/\/quehacerpolitico.mx\/?p=81545","og_locale":"es_MX","og_type":"article","og_title":"Internacionales\/\/\/Carolina Alonso Romei\/\/\/Biden avisa a Putin que EEUU no permitir\u00e1 abusos a los derechos humanos -","og_description":"Biden avisa a Putin que EEUU no permitir\u00e1 abusos a los derechos humanos Por Carolina...","og_url":"https:\/\/quehacerpolitico.mx\/?p=81545","article_published_time":"2021-05-30T19:13:57+00:00","og_image":[{"width":1242,"height":1049,"url":"https:\/\/quehacerpolitico.mx\/wp-content\/uploads\/2021\/05\/C4D61386-E41A-4284-9CA1-9CC9AA520185.jpeg","type":"image\/jpeg"}],"author":"Redacci\u00f3n QP","twitter_card":"summary_large_image","twitter_misc":{"Escrito por":"Redacci\u00f3n QP","Tiempo de lectura":"2 minutos"},"schema":{"@context":"https:\/\/schema.org","@graph":[{"@type":"Article","@id":"https:\/\/quehacerpolitico.mx\/?p=81545#article","isPartOf":{"@id":"https:\/\/quehacerpolitico.mx\/?p=81545"},"author":{"name":"Redacci\u00f3n QP","@id":"https:\/\/quehacerpolitico.mx\/#\/schema\/person\/496d8ad2d1d3f8036101dca7ee39e585"},"headline":"Internacionales\/\/\/Carolina Alonso Romei\/\/\/Biden avisa a Putin que EEUU no permitir\u00e1 abusos a los derechos humanos","datePublished":"2021-05-30T19:13:57+00:00","mainEntityOfPage":{"@id":"https:\/\/quehacerpolitico.mx\/?p=81545"},"wordCount":455,"commentCount":0,"image":{"@id":"https:\/\/quehacerpolitico.mx\/?p=81545#primaryimage"},"thumbnailUrl":"https:\/\/quehacerpolitico.mx\/wp-content\/uploads\/2021\/05\/C4D61386-E41A-4284-9CA1-9CC9AA520185.jpeg","articleSection":["Internacionales"],"inLanguage":"es","potentialAction":[{"@type":"CommentAction","name":"Comment","target":["https:\/\/quehacerpolitico.mx\/?p=81545#respond"]}]},{"@type":"WebPage","@id":"https:\/\/quehacerpolitico.mx\/?p=81545","url":"https:\/\/quehacerpolitico.mx\/?p=81545","name":"Internacionales\/\/\/Carolina Alonso Romei\/\/\/Biden avisa a Putin que EEUU no permitir\u00e1 abusos a los derechos humanos -","isPartOf":{"@id":"https:\/\/quehacerpolitico.mx\/#website"},"primaryImageOfPage":{"@id":"https:\/\/quehacerpolitico.mx\/?p=81545#primaryimage"},"image":{"@id":"https:\/\/quehacerpolitico.mx\/?p=81545#primaryimage"},"thumbnailUrl":"https:\/\/quehacerpolitico.mx\/wp-content\/uploads\/2021\/05\/C4D61386-E41A-4284-9CA1-9CC9AA520185.jpeg","datePublished":"2021-05-30T19:13:57+00:00","author":{"@id":"https:\/\/quehacerpolitico.mx\/#\/schema\/person\/496d8ad2d1d3f8036101dca7ee39e585"},"breadcrumb":{"@id":"https:\/\/quehacerpolitico.mx\/?p=81545#breadcrumb"},"inLanguage":"es","potentialAction":[{"@type":"ReadAction","target":["https:\/\/quehacerpolitico.mx\/?p=81545"]}]},{"@type":"ImageObject","inLanguage":"es","@id":"https:\/\/quehacerpolitico.mx\/?p=81545#primaryimage","url":"https:\/\/quehacerpolitico.mx\/wp-content\/uploads\/2021\/05\/C4D61386-E41A-4284-9CA1-9CC9AA520185.jpeg","contentUrl":"https:\/\/quehacerpolitico.mx\/wp-content\/uploads\/2021\/05\/C4D61386-E41A-4284-9CA1-9CC9AA520185.jpeg","width":1242,"height":1049},{"@type":"BreadcrumbList","@id":"https:\/\/quehacerpolitico.mx\/?p=81545#breadcrumb","itemListElement":[{"@type":"ListItem","position":1,"name":"Inicio","item":"https:\/\/quehacerpolitico.mx\/"},{"@type":"ListItem","position":2,"name":"Internacionales\/\/\/Carolina Alonso Romei\/\/\/Biden avisa a Putin que EEUU no permitir\u00e1 abusos a los derechos humanos"}]},{"@type":"WebSite","@id":"https:\/\/quehacerpolitico.mx\/#website","url":"https:\/\/quehacerpolitico.mx\/","name":"","description":"","potentialAction":[{"@type":"SearchAction","target":{"@type":"EntryPoint","urlTemplate":"https:\/\/quehacerpolitico.mx\/?s={search_term_string}"},"query-input":{"@type":"PropertyValueSpecification","valueRequired":true,"valueName":"search_term_string"}}],"inLanguage":"es"},{"@type":"Person","@id":"https:\/\/quehacerpolitico.mx\/#\/schema\/person\/496d8ad2d1d3f8036101dca7ee39e585","name":"Redacci\u00f3n QP","image":{"@type":"ImageObject","inLanguage":"es","@id":"https:\/\/secure.gravatar.com\/avatar\/c7164ed6fdec453195284ad24a5ae5b6e1eed2b848477fa2a4787ba9adf39a41?s=96&d=mm&r=g","url":"https:\/\/secure.gravatar.com\/avatar\/c7164ed6fdec453195284ad24a5ae5b6e1eed2b848477fa2a4787ba9adf39a41?s=96&d=mm&r=g","contentUrl":"https:\/\/secure.gravatar.com\/avatar\/c7164ed6fdec453195284ad24a5ae5b6e1eed2b848477fa2a4787ba9adf39a41?s=96&d=mm&r=g","caption":"Redacci\u00f3n QP"},"url":"https:\/\/quehacerpolitico.mx\/?author=2"}]}},"featured_image_urls":{"full":["https:\/\/quehacerpolitico.mx\/wp-content\/uploads\/2021\/05\/C4D61386-E41A-4284-9CA1-9CC9AA520185.jpeg",1242,1049,false],"thumbnail":["https:\/\/quehacerpolitico.mx\/wp-content\/uploads\/2021\/05\/C4D61386-E41A-4284-9CA1-9CC9AA520185-150x150.jpeg",150,150,true],"medium":["https:\/\/quehacerpolitico.mx\/wp-content\/uploads\/2021\/05\/C4D61386-E41A-4284-9CA1-9CC9AA520185-300x253.jpeg",300,253,true],"medium_large":["https:\/\/quehacerpolitico.mx\/wp-content\/uploads\/2021\/05\/C4D61386-E41A-4284-9CA1-9CC9AA520185-768x649.jpeg",640,541,true],"large":["https:\/\/quehacerpolitico.mx\/wp-content\/uploads\/2021\/05\/C4D61386-E41A-4284-9CA1-9CC9AA520185-1024x865.jpeg",640,541,true],"1536x1536":["https:\/\/quehacerpolitico.mx\/wp-content\/uploads\/2021\/05\/C4D61386-E41A-4284-9CA1-9CC9AA520185.jpeg",1242,1049,false],"2048x2048":["https:\/\/quehacerpolitico.mx\/wp-content\/uploads\/2021\/05\/C4D61386-E41A-4284-9CA1-9CC9AA520185.jpeg",1242,1049,false],"covernews-featured":["https:\/\/quehacerpolitico.mx\/wp-content\/uploads\/2021\/05\/C4D61386-E41A-4284-9CA1-9CC9AA520185.jpeg",1024,865,false],"covernews-medium":["https:\/\/quehacerpolitico.mx\/wp-content\/uploads\/2021\/05\/C4D61386-E41A-4284-9CA1-9CC9AA520185.jpeg",403,340,false]},"author_info":{"display_name":"Redacci\u00f3n QP","author_link":"https:\/\/quehacerpolitico.mx\/?author=2"},"category_info":"<a href=\"https:\/\/quehacerpolitico.mx\/?cat=1\" rel=\"category\">Internacionales<\/a>","tag_info":"Internacionales","comment_count":"0","_links":{"self":[{"href":"https:\/\/quehacerpolitico.mx\/index.php?rest_route=\/wp\/v2\/posts\/81545","targetHints":{"allow":["GET"]}}],"collection":[{"href":"https:\/\/quehacerpolitico.mx\/index.php?rest_route=\/wp\/v2\/posts"}],"about":[{"href":"https:\/\/quehacerpolitico.mx\/index.php?rest_route=\/wp\/v2\/types\/post"}],"author":[{"embeddable":true,"href":"https:\/\/quehacerpolitico.mx\/index.php?rest_route=\/wp\/v2\/users\/2"}],"replies":[{"embeddable":true,"href":"https:\/\/quehacerpolitico.mx\/index.php?rest_route=%2Fwp%2Fv2%2Fcomments&post=81545"}],"version-history":[{"count":0,"href":"https:\/\/quehacerpolitico.mx\/index.php?rest_route=\/wp\/v2\/posts\/81545\/revisions"}],"wp:featuredmedia":[{"embeddable":true,"href":"https:\/\/quehacerpolitico.mx\/index.php?rest_route=\/wp\/v2\/media\/81548"}],"wp:attachment":[{"href":"https:\/\/quehacerpolitico.mx\/index.php?rest_route=%2Fwp%2Fv2%2Fmedia&parent=81545"}],"wp:term":[{"taxonomy":"category","embeddable":true,"href":"https:\/\/quehacerpolitico.mx\/index.php?rest_route=%2Fwp%2Fv2%2Fcategories&post=81545"},{"taxonomy":"post_tag","embeddable":true,"href":"https:\/\/quehacerpolitico.mx\/index.php?rest_route=%2Fwp%2Fv2%2Ftags&post=81545"}],"curies":[{"name":"wp","href":"https:\/\/api.w.org\/{rel}","templated":true}]}}