{"id":81530,"date":"2021-05-28T15:27:12","date_gmt":"2021-05-28T15:27:12","guid":{"rendered":"https:\/\/quehacerpolitico.mx\/?p=81530"},"modified":"2021-05-28T15:27:12","modified_gmt":"2021-05-28T15:27:12","slug":"las-marchas-bloqueos-y-manifestaciones-hoy-en-cdmx-26","status":"publish","type":"post","link":"https:\/\/quehacerpolitico.mx\/?p=81530","title":{"rendered":"Las marchas, bloqueos y manifestaciones hoy en CDMX"},"content":{"rendered":"<h1 class=\"article_title\">Las marchas, bloqueos y manifestaciones hoy en CDMX<br \/>\nPor Redacci\u00f3n QP<\/h1>\n<p>\u00a1Toma tus precauciones! Hoy habr\u00e1 varias marchas en la CDMX<\/p>\n<p>Autoridades de la <strong>Ciudad de M\u00e9xico (CDMX)<\/strong>informaron que hoy, 28 de mayo de 2021, habr\u00e1 13 concentraciones y <strong>marchas<\/strong> en la capital del pa\u00eds; aqu\u00ed te damos todos los detalles donde se realizar\u00e1n las manifestaciones.<\/p>\n<blockquote class=\"twitter-tweet\" data-width=\"550\" data-dnt=\"true\">\n<p lang=\"es\" dir=\"ltr\">\u26a0\ufe0f \ud83d\udce2Te compartimos las movilizaciones sociales previstas para este d\u00eda en la CDMX. <a href=\"https:\/\/t.co\/hsnVHB6lHp\">pic.twitter.com\/hsnVHB6lHp<\/a><\/p>\n<p>&mdash; C5 CDMX (@C5_CDMX) <a href=\"https:\/\/twitter.com\/C5_CDMX\/status\/1398242995594539010?ref_src=twsrc%5Etfw\">May 28, 2021<\/a><\/p><\/blockquote>\n<p><script async src=\"https:\/\/platform.twitter.com\/widgets.js\" charset=\"utf-8\"><\/script><\/p>\n<h2>Manifestantes se enfrentan con polic\u00edas en Circuito Interior<\/h2>\n<p>Expolic\u00edas se enfrentan con autoridades capitalinas en Circuito Interior a la altura del Aeropuerto Internacional de la Ciudad de M\u00e9xico.<\/p>\n<p>Hay problemas viales en la zona.<\/p>\n<h2>Manifestantes marchan con direcci\u00f3n a Segob<\/h2>\n<p>Manifestantes realizan una marcha sobre avenida Bucareli rumbo a la Secretar\u00eda de Gobernaci\u00f3n (Segob) en la Ciudad de M\u00e9xico.<\/p>\n<p>Se encuentra cerrada la circulaci\u00f3n en avenida Hidalgo<\/p>\n<h2>Alcald\u00eda \u00c1lvaro Obreg\u00f3n<\/h2>\n<p>A las <strong>7:00 horas<\/strong> habr\u00e1 una concentraci\u00f3n en:<\/p>\n<ul>\n<li>Avenida Alta Tensi\u00f3n sin n\u00famero, colonia Centro Minas Cristo Rey.<\/li>\n<\/ul>\n<p>A las <strong>16:00 horas<\/strong> habr\u00e1 una concentraci\u00f3n en:<\/p>\n<ul>\n<li>Avenida Insurgentes Sur 1735, colonia Guadalupe Inn.<\/li>\n<\/ul>\n<h2>Alcald\u00eda Venustiano Carranza<\/h2>\n<p>A las <strong>9:00 horas<\/strong> habr\u00e1 una concentraci\u00f3n en:<\/p>\n<ul>\n<li>Circuito Interior (Blvd. Puerto A\u00e9reo) sin n\u00famero, colonia Pe\u00f1\u00f3n de los Ba\u00f1os.<\/li>\n<\/ul>\n<h2>Alcald\u00eda Cuauht\u00e9moc<\/h2>\n<p>A las <strong>12:00 horas<\/strong> habr\u00e1 una concentraci\u00f3n en:<\/p>\n<ul>\n<li>Avenida Paseo de la Reforma 135, colonia Tabacalera.<\/li>\n<\/ul>\n<p>A las <strong>14:00 horas<\/strong> habr\u00e1 una concentraci\u00f3n en:<\/p>\n<ul>\n<li>Avenida Insurgentes Sur sin n\u00famero, colonia Roma.<\/li>\n<\/ul>\n<p>A las <strong>16:00 horas<\/strong> habr\u00e1 una concentraci\u00f3n en:<\/p>\n<ul>\n<li>Plaza de la Constituci\u00f3n sin n\u00famero, colonia Centro Hist\u00f3rico.<\/li>\n<\/ul>\n<p>A las <strong>5:00 horas<\/strong> habr\u00e1 una concentraci\u00f3n en Plaza de la Constituci\u00f3n sin n\u00famero, colonia Centro Hist\u00f3rico, para realizar una marcha rumbo a Abraham Gonz\u00e1lez 48, colonia Ju\u00e1rez, con posible ruta:<\/p>\n<ul>\n<li>Plaza de la Constituci\u00f3n.<\/li>\n<li>5 de Mayo.<\/li>\n<li>Avenida Ju\u00e1rez.<\/li>\n<li>Avenida Paseo de la Reforma.<\/li>\n<li>Bucareli.<\/li>\n<li>Atenas.<\/li>\n<\/ul>\n<p>A las <strong>10:00 horas<\/strong> habr\u00e1 una concentraci\u00f3n en:<\/p>\n<ul>\n<li>Plaza de la Constituci\u00f3n sin n\u00famero, colonia Centro Hist\u00f3rico.<\/li>\n<\/ul>\n<p>A las <strong>12:00 horas<\/strong> habr\u00e1 una concentraci\u00f3n en:<\/p>\n<ul>\n<li>Calzada San Antonio Abad 18, colonia Tr\u00e1nsito.<\/li>\n<\/ul>\n<p>A las <strong>17:00 horas<\/strong> habr\u00e1 una concentraci\u00f3n en Plaza de la Rep\u00fablica sin n\u00famero, colonia Tabacalera, para realizar una rodada con rumbo por definir.<\/p>\n<p>A las <strong>18:00 horas<\/strong> habr\u00e1 una concentraci\u00f3n en avenida \u00c1lvaro Obreg\u00f3n 269 y avenida Insurgentes Sur, colonia Roma Norte, para realizar una rodada con rumbo por definir.<\/p>\n<h2>Alcald\u00eda Xochimilco<\/h2>\n<p>A las <strong>10:00 horas<\/strong> habr\u00e1 una concentraci\u00f3n en avenida Guadalupe I. Ram\u00edrez y Prolongaci\u00f3n divisi\u00f3n del Norte, colonia Ampliaci\u00f3n San Marcos Norte, para realizar una marcha rumbo a avenida Jos\u00e9 Mar\u00eda Pino Su\u00e1rez 2, colonia Centro Hist\u00f3rico, con posible ruta:<\/p>\n<ul>\n<li>Avenida Divisi\u00f3n del Norte.<\/li>\n<li>Canal Miramontes.<\/li>\n<li>Avenida H. Escuela Naval Militar.<\/li>\n<li>Calzada de La Viga.<\/li>\n<li>H. Congreso de la Uni\u00f3n.<\/li>\n<li>Fray Servando Teresa de Mier.<\/li>\n<li>Jos\u00e9 Mar\u00eda Izazaga.<\/li>\n<li>Avenida 20 de Noviembre.<\/li>\n<li>Plaza de la Constituci\u00f3n.<\/li>\n<\/ul>\n<h2>Alcald\u00eda Azcapotzalco<\/h2>\n<p>A las <strong>10:oo horas<\/strong> habr\u00e1 una concentraci\u00f3n en Cultura Norte sin n\u00famero, colonia El Rosario, para realizar una marcha rumbo a avenida de los Barrios 1, colonia Los Reyes Ixtacala, municipio de Tlalnepantla, Estado de M\u00e9xico, con posible ruta:<\/p>\n<ul>\n<li>Cultura Norte.<\/li>\n<li>Avenida de las Culturas (Eje 5 Norte).<\/li>\n<li>Avenida de las Civilizaciones.<\/li>\n<li>Avenida de los Ejidos.<\/li>\n<li>Dalia.<\/li>\n<li>Avenida de los Barrios.<\/li>\n<\/ul>\n<p><em>Con informaci\u00f3n del Centro de Comando, Control, C\u00f3mputo, Comunicaciones y Contacto Ciudadano<\/em><\/p>\n","protected":false},"excerpt":{"rendered":"<p>Las marchas, bloqueos y manifestaciones hoy en CDMX Por Redacci\u00f3n QP \u00a1Toma tus precauciones! Hoy&#8230;<\/p>\n","protected":false},"author":2,"featured_media":81407,"comment_status":"open","ping_status":"open","sticky":false,"template":"","format":"standard","meta":{"_monsterinsights_skip_tracking":false,"_monsterinsights_sitenote_active":false,"_monsterinsights_sitenote_note":"","_monsterinsights_sitenote_category":0,"footnotes":""},"categories":[55],"tags":[],"class_list":["post-81530","post","type-post","status-publish","format-standard","has-post-thumbnail","hentry","category-cdmx"],"yoast_head":"<!-- This site is optimized with the Yoast SEO plugin v27.3 - https:\/\/yoast.com\/product\/yoast-seo-wordpress\/ -->\n<title>Las marchas, bloqueos y manifestaciones hoy en CDMX -<\/title>\n<meta name=\"robots\" content=\"index, follow, max-snippet:-1, max-image-preview:large, max-video-preview:-1\" \/>\n<link rel=\"canonical\" href=\"https:\/\/quehacerpolitico.mx\/?p=81530\" \/>\n<meta property=\"og:locale\" content=\"es_MX\" \/>\n<meta property=\"og:type\" content=\"article\" \/>\n<meta property=\"og:title\" content=\"Las marchas, bloqueos y manifestaciones hoy en CDMX -\" \/>\n<meta property=\"og:description\" content=\"Las marchas, bloqueos y manifestaciones hoy en CDMX Por Redacci\u00f3n QP \u00a1Toma tus precauciones! Hoy...\" \/>\n<meta property=\"og:url\" content=\"https:\/\/quehacerpolitico.mx\/?p=81530\" \/>\n<meta property=\"article:published_time\" content=\"2021-05-28T15:27:12+00:00\" \/>\n<meta property=\"og:image\" content=\"https:\/\/quehacerpolitico.mx\/wp-content\/uploads\/2021\/05\/CA3E83AC-A05A-4B4D-B045-35ABC7FC28D2.jpeg\" \/>\n\t<meta property=\"og:image:width\" content=\"739\" \/>\n\t<meta property=\"og:image:height\" content=\"415\" \/>\n\t<meta property=\"og:image:type\" content=\"image\/jpeg\" \/>\n<meta name=\"author\" content=\"Redacci\u00f3n QP\" \/>\n<meta name=\"twitter:card\" content=\"summary_large_image\" \/>\n<meta name=\"twitter:label1\" content=\"Escrito por\" \/>\n\t<meta name=\"twitter:data1\" content=\"Redacci\u00f3n QP\" \/>\n\t<meta name=\"twitter:label2\" content=\"Tiempo de lectura\" \/>\n\t<meta name=\"twitter:data2\" content=\"3 minutos\" \/>\n<script type=\"application\/ld+json\" class=\"yoast-schema-graph\">{\"@context\":\"https:\\\/\\\/schema.org\",\"@graph\":[{\"@type\":\"Article\",\"@id\":\"https:\\\/\\\/quehacerpolitico.mx\\\/?p=81530#article\",\"isPartOf\":{\"@id\":\"https:\\\/\\\/quehacerpolitico.mx\\\/?p=81530\"},\"author\":{\"name\":\"Redacci\u00f3n QP\",\"@id\":\"https:\\\/\\\/quehacerpolitico.mx\\\/#\\\/schema\\\/person\\\/496d8ad2d1d3f8036101dca7ee39e585\"},\"headline\":\"Las marchas, bloqueos y manifestaciones hoy en CDMX\",\"datePublished\":\"2021-05-28T15:27:12+00:00\",\"mainEntityOfPage\":{\"@id\":\"https:\\\/\\\/quehacerpolitico.mx\\\/?p=81530\"},\"wordCount\":577,\"commentCount\":0,\"image\":{\"@id\":\"https:\\\/\\\/quehacerpolitico.mx\\\/?p=81530#primaryimage\"},\"thumbnailUrl\":\"https:\\\/\\\/quehacerpolitico.mx\\\/wp-content\\\/uploads\\\/2021\\\/05\\\/CA3E83AC-A05A-4B4D-B045-35ABC7FC28D2.jpeg\",\"articleSection\":[\"CDMX\"],\"inLanguage\":\"es\",\"potentialAction\":[{\"@type\":\"CommentAction\",\"name\":\"Comment\",\"target\":[\"https:\\\/\\\/quehacerpolitico.mx\\\/?p=81530#respond\"]}]},{\"@type\":\"WebPage\",\"@id\":\"https:\\\/\\\/quehacerpolitico.mx\\\/?p=81530\",\"url\":\"https:\\\/\\\/quehacerpolitico.mx\\\/?p=81530\",\"name\":\"Las marchas, bloqueos y manifestaciones hoy en CDMX -\",\"isPartOf\":{\"@id\":\"https:\\\/\\\/quehacerpolitico.mx\\\/#website\"},\"primaryImageOfPage\":{\"@id\":\"https:\\\/\\\/quehacerpolitico.mx\\\/?p=81530#primaryimage\"},\"image\":{\"@id\":\"https:\\\/\\\/quehacerpolitico.mx\\\/?p=81530#primaryimage\"},\"thumbnailUrl\":\"https:\\\/\\\/quehacerpolitico.mx\\\/wp-content\\\/uploads\\\/2021\\\/05\\\/CA3E83AC-A05A-4B4D-B045-35ABC7FC28D2.jpeg\",\"datePublished\":\"2021-05-28T15:27:12+00:00\",\"author\":{\"@id\":\"https:\\\/\\\/quehacerpolitico.mx\\\/#\\\/schema\\\/person\\\/496d8ad2d1d3f8036101dca7ee39e585\"},\"breadcrumb\":{\"@id\":\"https:\\\/\\\/quehacerpolitico.mx\\\/?p=81530#breadcrumb\"},\"inLanguage\":\"es\",\"potentialAction\":[{\"@type\":\"ReadAction\",\"target\":[\"https:\\\/\\\/quehacerpolitico.mx\\\/?p=81530\"]}]},{\"@type\":\"ImageObject\",\"inLanguage\":\"es\",\"@id\":\"https:\\\/\\\/quehacerpolitico.mx\\\/?p=81530#primaryimage\",\"url\":\"https:\\\/\\\/quehacerpolitico.mx\\\/wp-content\\\/uploads\\\/2021\\\/05\\\/CA3E83AC-A05A-4B4D-B045-35ABC7FC28D2.jpeg\",\"contentUrl\":\"https:\\\/\\\/quehacerpolitico.mx\\\/wp-content\\\/uploads\\\/2021\\\/05\\\/CA3E83AC-A05A-4B4D-B045-35ABC7FC28D2.jpeg\",\"width\":739,\"height\":415},{\"@type\":\"BreadcrumbList\",\"@id\":\"https:\\\/\\\/quehacerpolitico.mx\\\/?p=81530#breadcrumb\",\"itemListElement\":[{\"@type\":\"ListItem\",\"position\":1,\"name\":\"Inicio\",\"item\":\"https:\\\/\\\/quehacerpolitico.mx\\\/\"},{\"@type\":\"ListItem\",\"position\":2,\"name\":\"Las marchas, bloqueos y manifestaciones hoy en CDMX\"}]},{\"@type\":\"WebSite\",\"@id\":\"https:\\\/\\\/quehacerpolitico.mx\\\/#website\",\"url\":\"https:\\\/\\\/quehacerpolitico.mx\\\/\",\"name\":\"\",\"description\":\"\",\"potentialAction\":[{\"@type\":\"SearchAction\",\"target\":{\"@type\":\"EntryPoint\",\"urlTemplate\":\"https:\\\/\\\/quehacerpolitico.mx\\\/?s={search_term_string}\"},\"query-input\":{\"@type\":\"PropertyValueSpecification\",\"valueRequired\":true,\"valueName\":\"search_term_string\"}}],\"inLanguage\":\"es\"},{\"@type\":\"Person\",\"@id\":\"https:\\\/\\\/quehacerpolitico.mx\\\/#\\\/schema\\\/person\\\/496d8ad2d1d3f8036101dca7ee39e585\",\"name\":\"Redacci\u00f3n QP\",\"image\":{\"@type\":\"ImageObject\",\"inLanguage\":\"es\",\"@id\":\"https:\\\/\\\/secure.gravatar.com\\\/avatar\\\/c7164ed6fdec453195284ad24a5ae5b6e1eed2b848477fa2a4787ba9adf39a41?s=96&d=mm&r=g\",\"url\":\"https:\\\/\\\/secure.gravatar.com\\\/avatar\\\/c7164ed6fdec453195284ad24a5ae5b6e1eed2b848477fa2a4787ba9adf39a41?s=96&d=mm&r=g\",\"contentUrl\":\"https:\\\/\\\/secure.gravatar.com\\\/avatar\\\/c7164ed6fdec453195284ad24a5ae5b6e1eed2b848477fa2a4787ba9adf39a41?s=96&d=mm&r=g\",\"caption\":\"Redacci\u00f3n QP\"},\"url\":\"https:\\\/\\\/quehacerpolitico.mx\\\/?author=2\"}]}<\/script>\n<!-- \/ Yoast SEO plugin. -->","yoast_head_json":{"title":"Las marchas, bloqueos y manifestaciones hoy en CDMX -","robots":{"index":"index","follow":"follow","max-snippet":"max-snippet:-1","max-image-preview":"max-image-preview:large","max-video-preview":"max-video-preview:-1"},"canonical":"https:\/\/quehacerpolitico.mx\/?p=81530","og_locale":"es_MX","og_type":"article","og_title":"Las marchas, bloqueos y manifestaciones hoy en CDMX -","og_description":"Las marchas, bloqueos y manifestaciones hoy en CDMX Por Redacci\u00f3n QP \u00a1Toma tus precauciones! Hoy...","og_url":"https:\/\/quehacerpolitico.mx\/?p=81530","article_published_time":"2021-05-28T15:27:12+00:00","og_image":[{"width":739,"height":415,"url":"https:\/\/quehacerpolitico.mx\/wp-content\/uploads\/2021\/05\/CA3E83AC-A05A-4B4D-B045-35ABC7FC28D2.jpeg","type":"image\/jpeg"}],"author":"Redacci\u00f3n QP","twitter_card":"summary_large_image","twitter_misc":{"Escrito por":"Redacci\u00f3n QP","Tiempo de lectura":"3 minutos"},"schema":{"@context":"https:\/\/schema.org","@graph":[{"@type":"Article","@id":"https:\/\/quehacerpolitico.mx\/?p=81530#article","isPartOf":{"@id":"https:\/\/quehacerpolitico.mx\/?p=81530"},"author":{"name":"Redacci\u00f3n QP","@id":"https:\/\/quehacerpolitico.mx\/#\/schema\/person\/496d8ad2d1d3f8036101dca7ee39e585"},"headline":"Las marchas, bloqueos y manifestaciones hoy en CDMX","datePublished":"2021-05-28T15:27:12+00:00","mainEntityOfPage":{"@id":"https:\/\/quehacerpolitico.mx\/?p=81530"},"wordCount":577,"commentCount":0,"image":{"@id":"https:\/\/quehacerpolitico.mx\/?p=81530#primaryimage"},"thumbnailUrl":"https:\/\/quehacerpolitico.mx\/wp-content\/uploads\/2021\/05\/CA3E83AC-A05A-4B4D-B045-35ABC7FC28D2.jpeg","articleSection":["CDMX"],"inLanguage":"es","potentialAction":[{"@type":"CommentAction","name":"Comment","target":["https:\/\/quehacerpolitico.mx\/?p=81530#respond"]}]},{"@type":"WebPage","@id":"https:\/\/quehacerpolitico.mx\/?p=81530","url":"https:\/\/quehacerpolitico.mx\/?p=81530","name":"Las marchas, bloqueos y manifestaciones hoy en CDMX -","isPartOf":{"@id":"https:\/\/quehacerpolitico.mx\/#website"},"primaryImageOfPage":{"@id":"https:\/\/quehacerpolitico.mx\/?p=81530#primaryimage"},"image":{"@id":"https:\/\/quehacerpolitico.mx\/?p=81530#primaryimage"},"thumbnailUrl":"https:\/\/quehacerpolitico.mx\/wp-content\/uploads\/2021\/05\/CA3E83AC-A05A-4B4D-B045-35ABC7FC28D2.jpeg","datePublished":"2021-05-28T15:27:12+00:00","author":{"@id":"https:\/\/quehacerpolitico.mx\/#\/schema\/person\/496d8ad2d1d3f8036101dca7ee39e585"},"breadcrumb":{"@id":"https:\/\/quehacerpolitico.mx\/?p=81530#breadcrumb"},"inLanguage":"es","potentialAction":[{"@type":"ReadAction","target":["https:\/\/quehacerpolitico.mx\/?p=81530"]}]},{"@type":"ImageObject","inLanguage":"es","@id":"https:\/\/quehacerpolitico.mx\/?p=81530#primaryimage","url":"https:\/\/quehacerpolitico.mx\/wp-content\/uploads\/2021\/05\/CA3E83AC-A05A-4B4D-B045-35ABC7FC28D2.jpeg","contentUrl":"https:\/\/quehacerpolitico.mx\/wp-content\/uploads\/2021\/05\/CA3E83AC-A05A-4B4D-B045-35ABC7FC28D2.jpeg","width":739,"height":415},{"@type":"BreadcrumbList","@id":"https:\/\/quehacerpolitico.mx\/?p=81530#breadcrumb","itemListElement":[{"@type":"ListItem","position":1,"name":"Inicio","item":"https:\/\/quehacerpolitico.mx\/"},{"@type":"ListItem","position":2,"name":"Las marchas, bloqueos y manifestaciones hoy en CDMX"}]},{"@type":"WebSite","@id":"https:\/\/quehacerpolitico.mx\/#website","url":"https:\/\/quehacerpolitico.mx\/","name":"","description":"","potentialAction":[{"@type":"SearchAction","target":{"@type":"EntryPoint","urlTemplate":"https:\/\/quehacerpolitico.mx\/?s={search_term_string}"},"query-input":{"@type":"PropertyValueSpecification","valueRequired":true,"valueName":"search_term_string"}}],"inLanguage":"es"},{"@type":"Person","@id":"https:\/\/quehacerpolitico.mx\/#\/schema\/person\/496d8ad2d1d3f8036101dca7ee39e585","name":"Redacci\u00f3n QP","image":{"@type":"ImageObject","inLanguage":"es","@id":"https:\/\/secure.gravatar.com\/avatar\/c7164ed6fdec453195284ad24a5ae5b6e1eed2b848477fa2a4787ba9adf39a41?s=96&d=mm&r=g","url":"https:\/\/secure.gravatar.com\/avatar\/c7164ed6fdec453195284ad24a5ae5b6e1eed2b848477fa2a4787ba9adf39a41?s=96&d=mm&r=g","contentUrl":"https:\/\/secure.gravatar.com\/avatar\/c7164ed6fdec453195284ad24a5ae5b6e1eed2b848477fa2a4787ba9adf39a41?s=96&d=mm&r=g","caption":"Redacci\u00f3n QP"},"url":"https:\/\/quehacerpolitico.mx\/?author=2"}]}},"featured_image_urls":{"full":["https:\/\/quehacerpolitico.mx\/wp-content\/uploads\/2021\/05\/CA3E83AC-A05A-4B4D-B045-35ABC7FC28D2.jpeg",739,415,false],"thumbnail":["https:\/\/quehacerpolitico.mx\/wp-content\/uploads\/2021\/05\/CA3E83AC-A05A-4B4D-B045-35ABC7FC28D2-150x150.jpeg",150,150,true],"medium":["https:\/\/quehacerpolitico.mx\/wp-content\/uploads\/2021\/05\/CA3E83AC-A05A-4B4D-B045-35ABC7FC28D2-300x168.jpeg",300,168,true],"medium_large":["https:\/\/quehacerpolitico.mx\/wp-content\/uploads\/2021\/05\/CA3E83AC-A05A-4B4D-B045-35ABC7FC28D2.jpeg",640,359,false],"large":["https:\/\/quehacerpolitico.mx\/wp-content\/uploads\/2021\/05\/CA3E83AC-A05A-4B4D-B045-35ABC7FC28D2.jpeg",640,359,false],"1536x1536":["https:\/\/quehacerpolitico.mx\/wp-content\/uploads\/2021\/05\/CA3E83AC-A05A-4B4D-B045-35ABC7FC28D2.jpeg",739,415,false],"2048x2048":["https:\/\/quehacerpolitico.mx\/wp-content\/uploads\/2021\/05\/CA3E83AC-A05A-4B4D-B045-35ABC7FC28D2.jpeg",739,415,false],"covernews-featured":["https:\/\/quehacerpolitico.mx\/wp-content\/uploads\/2021\/05\/CA3E83AC-A05A-4B4D-B045-35ABC7FC28D2.jpeg",739,415,false],"covernews-medium":["https:\/\/quehacerpolitico.mx\/wp-content\/uploads\/2021\/05\/CA3E83AC-A05A-4B4D-B045-35ABC7FC28D2.jpeg",540,303,false]},"author_info":{"display_name":"Redacci\u00f3n QP","author_link":"https:\/\/quehacerpolitico.mx\/?author=2"},"category_info":"<a href=\"https:\/\/quehacerpolitico.mx\/?cat=55\" rel=\"category\">CDMX<\/a>","tag_info":"CDMX","comment_count":"0","_links":{"self":[{"href":"https:\/\/quehacerpolitico.mx\/index.php?rest_route=\/wp\/v2\/posts\/81530","targetHints":{"allow":["GET"]}}],"collection":[{"href":"https:\/\/quehacerpolitico.mx\/index.php?rest_route=\/wp\/v2\/posts"}],"about":[{"href":"https:\/\/quehacerpolitico.mx\/index.php?rest_route=\/wp\/v2\/types\/post"}],"author":[{"embeddable":true,"href":"https:\/\/quehacerpolitico.mx\/index.php?rest_route=\/wp\/v2\/users\/2"}],"replies":[{"embeddable":true,"href":"https:\/\/quehacerpolitico.mx\/index.php?rest_route=%2Fwp%2Fv2%2Fcomments&post=81530"}],"version-history":[{"count":0,"href":"https:\/\/quehacerpolitico.mx\/index.php?rest_route=\/wp\/v2\/posts\/81530\/revisions"}],"wp:featuredmedia":[{"embeddable":true,"href":"https:\/\/quehacerpolitico.mx\/index.php?rest_route=\/wp\/v2\/media\/81407"}],"wp:attachment":[{"href":"https:\/\/quehacerpolitico.mx\/index.php?rest_route=%2Fwp%2Fv2%2Fmedia&parent=81530"}],"wp:term":[{"taxonomy":"category","embeddable":true,"href":"https:\/\/quehacerpolitico.mx\/index.php?rest_route=%2Fwp%2Fv2%2Fcategories&post=81530"},{"taxonomy":"post_tag","embeddable":true,"href":"https:\/\/quehacerpolitico.mx\/index.php?rest_route=%2Fwp%2Fv2%2Ftags&post=81530"}],"curies":[{"name":"wp","href":"https:\/\/api.w.org\/{rel}","templated":true}]}}