{"id":81398,"date":"2021-05-26T04:00:35","date_gmt":"2021-05-26T04:00:35","guid":{"rendered":"https:\/\/quehacerpolitico.mx\/?p=81398"},"modified":"2021-05-26T04:00:35","modified_gmt":"2021-05-26T04:00:35","slug":"fiscalia-cdmx-da-conocer-retrato-de-violador-serial-estas-son-sus-caracteristicas","status":"publish","type":"post","link":"https:\/\/quehacerpolitico.mx\/?p=81398","title":{"rendered":"Fiscal\u00eda CDMX da a conocer retrato de violador serial. Estas son sus caracter\u00edsticas"},"content":{"rendered":"<p>Fiscal\u00eda CDMX da a conocer retrato de violador serial. Estas son sus caracter\u00edsticas<br \/>\nPor Redacci\u00f3n QP<\/p>\n<p>La fiscal\u00eda de la Ciudad cuenta con un retrato hablado del presunto violador serial, elaborado por especialistas.<\/p>\n<p>Desafortunadamente los casos de abusos a mujeres y feminicidios se encuentran en aumento en la Ciudad de M\u00e9xico y Estado de M\u00e9xico, pese a los programas y estrategias, dichos delitos no bajan, lo cual ha generado una inconformidad por parte de la sociedad, esta vez la Fiscal\u00eda de la Ciudad de M\u00e9xico dio a conocer la b\u00fasqueda de un<strong> violador serial<\/strong>.<\/p>\n<blockquote class=\"twitter-tweet\" data-width=\"550\" data-dnt=\"true\">\n<p lang=\"es\" dir=\"ltr\">Busca <a href=\"https:\/\/twitter.com\/hashtag\/FGJCDMX?src=hash&amp;ref_src=twsrc%5Etfw\">#FGJCDMX<\/a> a posible violador serial <a href=\"https:\/\/t.co\/CTvahEAafC\">pic.twitter.com\/CTvahEAafC<\/a><\/p>\n<p>&mdash; Fiscal\u00eda CDMX (@FiscaliaCDMX) <a href=\"https:\/\/twitter.com\/FiscaliaCDMX\/status\/1397287949117575172?ref_src=twsrc%5Etfw\">May 25, 2021<\/a><\/p><\/blockquote>\n<p><script async src=\"https:\/\/platform.twitter.com\/widgets.js\" charset=\"utf-8\"><\/script><\/p>\n<blockquote class=\"twitter-tweet\" data-width=\"550\" data-dnt=\"true\">\n<p lang=\"es\" dir=\"ltr\">La <a href=\"https:\/\/twitter.com\/hashtag\/FGJCDMX?src=hash&amp;ref_src=twsrc%5Etfw\">#FGJCDMX<\/a>  reitera que una de sus prioridades es atender a las v\u00edctimas con perspectiva de g\u00e9nero, enfoque diferencial y especializado, as\u00ed como garantizar una nueva manera para investigar los delitos, con especial \u00e9nfasis en la justicia hacia las mujeres.<\/p>\n<p>&mdash; Fiscal\u00eda CDMX (@FiscaliaCDMX) <a href=\"https:\/\/twitter.com\/FiscaliaCDMX\/status\/1397289483461185536?ref_src=twsrc%5Etfw\">May 25, 2021<\/a><\/p><\/blockquote>\n<p><script async src=\"https:\/\/platform.twitter.com\/widgets.js\" charset=\"utf-8\"><\/script><\/p>\n<p>Un hombre de entre 45 y 50 a\u00f1os, alrededor 1.65 metros de estatura y complexi\u00f3n delgada son algunas de las caracter\u00edsticas con las que cuenta la Fiscal\u00eda General de Justicia de la Ciudad de M\u00e9xico sobre un presunto violador serial, el cual estar\u00eda relacionado con hasta 26 carpetas de investigaci\u00f3n por la probable comisi\u00f3n del delito de <strong>violaci\u00f3n<\/strong>.<\/p>\n<p>De acuerdo con informaci\u00f3n de la dependencia capitalina, este hombre podr\u00eda estar vinculado con un total de 26 casos cometidos en un corredor paralelo al Anillo Perif\u00e9rico, del norte hacia el sur; desde la alcald\u00eda<strong>Miguel Hidalgo<\/strong> hasta <strong>Magdalena Contreras<\/strong>.<\/p>\n<h2><strong>As\u00ed es c\u00f3mo opera el presunto violador serial<\/strong><\/h2>\n<p>Investigaciones realizadas por personal ministerial y de la <strong>Polic\u00eda de Investigaci\u00f3n <\/strong>(PDI) de la Fiscal\u00eda de Investigaci\u00f3n de Delitos Sexuales, adscrita a la Coordinaci\u00f3n General de Investigaci\u00f3n de Delitos de G\u00e9nero y Atenci\u00f3n a V\u00edctimas, se\u00f1alan que su modus operandi consisten acercarse a sus v\u00edctimas con el pretexto de preguntar alg\u00fan lugar.<\/p>\n<p>Posteriormente probablemente utiliza un arma punzocortante con la cual amedrenta a las v\u00edctimas; despu\u00e9s las abraza y las conduce normalmente a <strong>espacios p\u00fablicos<\/strong>, como un jard\u00edn o un prado y as\u00ed cometer los delitos.<\/p>\n<p>La fiscal\u00eda de la Ciudad cuenta con un retrato hablado del presunto <strong>violador serial<\/strong>, elaborado por especialistas de la Coordinaci\u00f3n General de Investigaci\u00f3n Forense y Servicios Periciales.<\/p>\n<p>La descripci\u00f3n hecha por sus v\u00edctimas, el <strong>hombre<\/strong> tiene entre 45 y 50 a\u00f1os de edad, mide cerca de 1.65 metros, es de complexi\u00f3n delgada, tez morena clara, cabello ondulado entrecano, cara oval, cejas semi pobladas, ojos medianos, nariz chata, boca grande, labios gruesos y ment\u00f3n oval.<\/p>\n","protected":false},"excerpt":{"rendered":"<p>Fiscal\u00eda CDMX da a conocer retrato de violador serial. Estas son sus caracter\u00edsticas Por Redacci\u00f3n&#8230;<\/p>\n","protected":false},"author":2,"featured_media":81401,"comment_status":"open","ping_status":"open","sticky":false,"template":"","format":"standard","meta":{"_monsterinsights_skip_tracking":false,"_monsterinsights_sitenote_active":false,"_monsterinsights_sitenote_note":"","_monsterinsights_sitenote_category":0,"footnotes":""},"categories":[55],"tags":[],"class_list":["post-81398","post","type-post","status-publish","format-standard","has-post-thumbnail","hentry","category-cdmx"],"yoast_head":"<!-- This site is optimized with the Yoast SEO plugin v27.3 - https:\/\/yoast.com\/product\/yoast-seo-wordpress\/ -->\n<title>Fiscal\u00eda CDMX da a conocer retrato de violador serial. Estas son sus caracter\u00edsticas -<\/title>\n<meta name=\"robots\" content=\"index, follow, max-snippet:-1, max-image-preview:large, max-video-preview:-1\" \/>\n<link rel=\"canonical\" href=\"https:\/\/quehacerpolitico.mx\/?p=81398\" \/>\n<meta property=\"og:locale\" content=\"es_MX\" \/>\n<meta property=\"og:type\" content=\"article\" \/>\n<meta property=\"og:title\" content=\"Fiscal\u00eda CDMX da a conocer retrato de violador serial. Estas son sus caracter\u00edsticas -\" \/>\n<meta property=\"og:description\" content=\"Fiscal\u00eda CDMX da a conocer retrato de violador serial. Estas son sus caracter\u00edsticas Por Redacci\u00f3n...\" \/>\n<meta property=\"og:url\" content=\"https:\/\/quehacerpolitico.mx\/?p=81398\" \/>\n<meta property=\"article:published_time\" content=\"2021-05-26T04:00:35+00:00\" \/>\n<meta property=\"og:image\" content=\"https:\/\/quehacerpolitico.mx\/wp-content\/uploads\/2021\/05\/68DD0057-D6A5-46E4-A3F6-271942913492.jpeg\" \/>\n\t<meta property=\"og:image:width\" content=\"696\" \/>\n\t<meta property=\"og:image:height\" content=\"433\" \/>\n\t<meta property=\"og:image:type\" content=\"image\/jpeg\" \/>\n<meta name=\"author\" content=\"Redacci\u00f3n QP\" \/>\n<meta name=\"twitter:card\" content=\"summary_large_image\" \/>\n<meta name=\"twitter:label1\" content=\"Escrito por\" \/>\n\t<meta name=\"twitter:data1\" content=\"Redacci\u00f3n QP\" \/>\n\t<meta name=\"twitter:label2\" content=\"Tiempo de lectura\" \/>\n\t<meta name=\"twitter:data2\" content=\"2 minutos\" \/>\n<script type=\"application\/ld+json\" class=\"yoast-schema-graph\">{\"@context\":\"https:\\\/\\\/schema.org\",\"@graph\":[{\"@type\":\"Article\",\"@id\":\"https:\\\/\\\/quehacerpolitico.mx\\\/?p=81398#article\",\"isPartOf\":{\"@id\":\"https:\\\/\\\/quehacerpolitico.mx\\\/?p=81398\"},\"author\":{\"name\":\"Redacci\u00f3n QP\",\"@id\":\"https:\\\/\\\/quehacerpolitico.mx\\\/#\\\/schema\\\/person\\\/496d8ad2d1d3f8036101dca7ee39e585\"},\"headline\":\"Fiscal\u00eda CDMX da a conocer retrato de violador serial. Estas son sus caracter\u00edsticas\",\"datePublished\":\"2021-05-26T04:00:35+00:00\",\"mainEntityOfPage\":{\"@id\":\"https:\\\/\\\/quehacerpolitico.mx\\\/?p=81398\"},\"wordCount\":425,\"commentCount\":0,\"image\":{\"@id\":\"https:\\\/\\\/quehacerpolitico.mx\\\/?p=81398#primaryimage\"},\"thumbnailUrl\":\"https:\\\/\\\/quehacerpolitico.mx\\\/wp-content\\\/uploads\\\/2021\\\/05\\\/68DD0057-D6A5-46E4-A3F6-271942913492.jpeg\",\"articleSection\":[\"CDMX\"],\"inLanguage\":\"es\",\"potentialAction\":[{\"@type\":\"CommentAction\",\"name\":\"Comment\",\"target\":[\"https:\\\/\\\/quehacerpolitico.mx\\\/?p=81398#respond\"]}]},{\"@type\":\"WebPage\",\"@id\":\"https:\\\/\\\/quehacerpolitico.mx\\\/?p=81398\",\"url\":\"https:\\\/\\\/quehacerpolitico.mx\\\/?p=81398\",\"name\":\"Fiscal\u00eda CDMX da a conocer retrato de violador serial. Estas son sus caracter\u00edsticas -\",\"isPartOf\":{\"@id\":\"https:\\\/\\\/quehacerpolitico.mx\\\/#website\"},\"primaryImageOfPage\":{\"@id\":\"https:\\\/\\\/quehacerpolitico.mx\\\/?p=81398#primaryimage\"},\"image\":{\"@id\":\"https:\\\/\\\/quehacerpolitico.mx\\\/?p=81398#primaryimage\"},\"thumbnailUrl\":\"https:\\\/\\\/quehacerpolitico.mx\\\/wp-content\\\/uploads\\\/2021\\\/05\\\/68DD0057-D6A5-46E4-A3F6-271942913492.jpeg\",\"datePublished\":\"2021-05-26T04:00:35+00:00\",\"author\":{\"@id\":\"https:\\\/\\\/quehacerpolitico.mx\\\/#\\\/schema\\\/person\\\/496d8ad2d1d3f8036101dca7ee39e585\"},\"breadcrumb\":{\"@id\":\"https:\\\/\\\/quehacerpolitico.mx\\\/?p=81398#breadcrumb\"},\"inLanguage\":\"es\",\"potentialAction\":[{\"@type\":\"ReadAction\",\"target\":[\"https:\\\/\\\/quehacerpolitico.mx\\\/?p=81398\"]}]},{\"@type\":\"ImageObject\",\"inLanguage\":\"es\",\"@id\":\"https:\\\/\\\/quehacerpolitico.mx\\\/?p=81398#primaryimage\",\"url\":\"https:\\\/\\\/quehacerpolitico.mx\\\/wp-content\\\/uploads\\\/2021\\\/05\\\/68DD0057-D6A5-46E4-A3F6-271942913492.jpeg\",\"contentUrl\":\"https:\\\/\\\/quehacerpolitico.mx\\\/wp-content\\\/uploads\\\/2021\\\/05\\\/68DD0057-D6A5-46E4-A3F6-271942913492.jpeg\",\"width\":696,\"height\":433},{\"@type\":\"BreadcrumbList\",\"@id\":\"https:\\\/\\\/quehacerpolitico.mx\\\/?p=81398#breadcrumb\",\"itemListElement\":[{\"@type\":\"ListItem\",\"position\":1,\"name\":\"Inicio\",\"item\":\"https:\\\/\\\/quehacerpolitico.mx\\\/\"},{\"@type\":\"ListItem\",\"position\":2,\"name\":\"Fiscal\u00eda CDMX da a conocer retrato de violador serial. Estas son sus caracter\u00edsticas\"}]},{\"@type\":\"WebSite\",\"@id\":\"https:\\\/\\\/quehacerpolitico.mx\\\/#website\",\"url\":\"https:\\\/\\\/quehacerpolitico.mx\\\/\",\"name\":\"\",\"description\":\"\",\"potentialAction\":[{\"@type\":\"SearchAction\",\"target\":{\"@type\":\"EntryPoint\",\"urlTemplate\":\"https:\\\/\\\/quehacerpolitico.mx\\\/?s={search_term_string}\"},\"query-input\":{\"@type\":\"PropertyValueSpecification\",\"valueRequired\":true,\"valueName\":\"search_term_string\"}}],\"inLanguage\":\"es\"},{\"@type\":\"Person\",\"@id\":\"https:\\\/\\\/quehacerpolitico.mx\\\/#\\\/schema\\\/person\\\/496d8ad2d1d3f8036101dca7ee39e585\",\"name\":\"Redacci\u00f3n QP\",\"image\":{\"@type\":\"ImageObject\",\"inLanguage\":\"es\",\"@id\":\"https:\\\/\\\/secure.gravatar.com\\\/avatar\\\/c7164ed6fdec453195284ad24a5ae5b6e1eed2b848477fa2a4787ba9adf39a41?s=96&d=mm&r=g\",\"url\":\"https:\\\/\\\/secure.gravatar.com\\\/avatar\\\/c7164ed6fdec453195284ad24a5ae5b6e1eed2b848477fa2a4787ba9adf39a41?s=96&d=mm&r=g\",\"contentUrl\":\"https:\\\/\\\/secure.gravatar.com\\\/avatar\\\/c7164ed6fdec453195284ad24a5ae5b6e1eed2b848477fa2a4787ba9adf39a41?s=96&d=mm&r=g\",\"caption\":\"Redacci\u00f3n QP\"},\"url\":\"https:\\\/\\\/quehacerpolitico.mx\\\/?author=2\"}]}<\/script>\n<!-- \/ Yoast SEO plugin. -->","yoast_head_json":{"title":"Fiscal\u00eda CDMX da a conocer retrato de violador serial. Estas son sus caracter\u00edsticas -","robots":{"index":"index","follow":"follow","max-snippet":"max-snippet:-1","max-image-preview":"max-image-preview:large","max-video-preview":"max-video-preview:-1"},"canonical":"https:\/\/quehacerpolitico.mx\/?p=81398","og_locale":"es_MX","og_type":"article","og_title":"Fiscal\u00eda CDMX da a conocer retrato de violador serial. Estas son sus caracter\u00edsticas -","og_description":"Fiscal\u00eda CDMX da a conocer retrato de violador serial. Estas son sus caracter\u00edsticas Por Redacci\u00f3n...","og_url":"https:\/\/quehacerpolitico.mx\/?p=81398","article_published_time":"2021-05-26T04:00:35+00:00","og_image":[{"width":696,"height":433,"url":"https:\/\/quehacerpolitico.mx\/wp-content\/uploads\/2021\/05\/68DD0057-D6A5-46E4-A3F6-271942913492.jpeg","type":"image\/jpeg"}],"author":"Redacci\u00f3n QP","twitter_card":"summary_large_image","twitter_misc":{"Escrito por":"Redacci\u00f3n QP","Tiempo de lectura":"2 minutos"},"schema":{"@context":"https:\/\/schema.org","@graph":[{"@type":"Article","@id":"https:\/\/quehacerpolitico.mx\/?p=81398#article","isPartOf":{"@id":"https:\/\/quehacerpolitico.mx\/?p=81398"},"author":{"name":"Redacci\u00f3n QP","@id":"https:\/\/quehacerpolitico.mx\/#\/schema\/person\/496d8ad2d1d3f8036101dca7ee39e585"},"headline":"Fiscal\u00eda CDMX da a conocer retrato de violador serial. Estas son sus caracter\u00edsticas","datePublished":"2021-05-26T04:00:35+00:00","mainEntityOfPage":{"@id":"https:\/\/quehacerpolitico.mx\/?p=81398"},"wordCount":425,"commentCount":0,"image":{"@id":"https:\/\/quehacerpolitico.mx\/?p=81398#primaryimage"},"thumbnailUrl":"https:\/\/quehacerpolitico.mx\/wp-content\/uploads\/2021\/05\/68DD0057-D6A5-46E4-A3F6-271942913492.jpeg","articleSection":["CDMX"],"inLanguage":"es","potentialAction":[{"@type":"CommentAction","name":"Comment","target":["https:\/\/quehacerpolitico.mx\/?p=81398#respond"]}]},{"@type":"WebPage","@id":"https:\/\/quehacerpolitico.mx\/?p=81398","url":"https:\/\/quehacerpolitico.mx\/?p=81398","name":"Fiscal\u00eda CDMX da a conocer retrato de violador serial. Estas son sus caracter\u00edsticas -","isPartOf":{"@id":"https:\/\/quehacerpolitico.mx\/#website"},"primaryImageOfPage":{"@id":"https:\/\/quehacerpolitico.mx\/?p=81398#primaryimage"},"image":{"@id":"https:\/\/quehacerpolitico.mx\/?p=81398#primaryimage"},"thumbnailUrl":"https:\/\/quehacerpolitico.mx\/wp-content\/uploads\/2021\/05\/68DD0057-D6A5-46E4-A3F6-271942913492.jpeg","datePublished":"2021-05-26T04:00:35+00:00","author":{"@id":"https:\/\/quehacerpolitico.mx\/#\/schema\/person\/496d8ad2d1d3f8036101dca7ee39e585"},"breadcrumb":{"@id":"https:\/\/quehacerpolitico.mx\/?p=81398#breadcrumb"},"inLanguage":"es","potentialAction":[{"@type":"ReadAction","target":["https:\/\/quehacerpolitico.mx\/?p=81398"]}]},{"@type":"ImageObject","inLanguage":"es","@id":"https:\/\/quehacerpolitico.mx\/?p=81398#primaryimage","url":"https:\/\/quehacerpolitico.mx\/wp-content\/uploads\/2021\/05\/68DD0057-D6A5-46E4-A3F6-271942913492.jpeg","contentUrl":"https:\/\/quehacerpolitico.mx\/wp-content\/uploads\/2021\/05\/68DD0057-D6A5-46E4-A3F6-271942913492.jpeg","width":696,"height":433},{"@type":"BreadcrumbList","@id":"https:\/\/quehacerpolitico.mx\/?p=81398#breadcrumb","itemListElement":[{"@type":"ListItem","position":1,"name":"Inicio","item":"https:\/\/quehacerpolitico.mx\/"},{"@type":"ListItem","position":2,"name":"Fiscal\u00eda CDMX da a conocer retrato de violador serial. Estas son sus caracter\u00edsticas"}]},{"@type":"WebSite","@id":"https:\/\/quehacerpolitico.mx\/#website","url":"https:\/\/quehacerpolitico.mx\/","name":"","description":"","potentialAction":[{"@type":"SearchAction","target":{"@type":"EntryPoint","urlTemplate":"https:\/\/quehacerpolitico.mx\/?s={search_term_string}"},"query-input":{"@type":"PropertyValueSpecification","valueRequired":true,"valueName":"search_term_string"}}],"inLanguage":"es"},{"@type":"Person","@id":"https:\/\/quehacerpolitico.mx\/#\/schema\/person\/496d8ad2d1d3f8036101dca7ee39e585","name":"Redacci\u00f3n QP","image":{"@type":"ImageObject","inLanguage":"es","@id":"https:\/\/secure.gravatar.com\/avatar\/c7164ed6fdec453195284ad24a5ae5b6e1eed2b848477fa2a4787ba9adf39a41?s=96&d=mm&r=g","url":"https:\/\/secure.gravatar.com\/avatar\/c7164ed6fdec453195284ad24a5ae5b6e1eed2b848477fa2a4787ba9adf39a41?s=96&d=mm&r=g","contentUrl":"https:\/\/secure.gravatar.com\/avatar\/c7164ed6fdec453195284ad24a5ae5b6e1eed2b848477fa2a4787ba9adf39a41?s=96&d=mm&r=g","caption":"Redacci\u00f3n QP"},"url":"https:\/\/quehacerpolitico.mx\/?author=2"}]}},"featured_image_urls":{"full":["https:\/\/quehacerpolitico.mx\/wp-content\/uploads\/2021\/05\/68DD0057-D6A5-46E4-A3F6-271942913492.jpeg",696,433,false],"thumbnail":["https:\/\/quehacerpolitico.mx\/wp-content\/uploads\/2021\/05\/68DD0057-D6A5-46E4-A3F6-271942913492-150x150.jpeg",150,150,true],"medium":["https:\/\/quehacerpolitico.mx\/wp-content\/uploads\/2021\/05\/68DD0057-D6A5-46E4-A3F6-271942913492-300x187.jpeg",300,187,true],"medium_large":["https:\/\/quehacerpolitico.mx\/wp-content\/uploads\/2021\/05\/68DD0057-D6A5-46E4-A3F6-271942913492.jpeg",640,398,false],"large":["https:\/\/quehacerpolitico.mx\/wp-content\/uploads\/2021\/05\/68DD0057-D6A5-46E4-A3F6-271942913492.jpeg",640,398,false],"1536x1536":["https:\/\/quehacerpolitico.mx\/wp-content\/uploads\/2021\/05\/68DD0057-D6A5-46E4-A3F6-271942913492.jpeg",696,433,false],"2048x2048":["https:\/\/quehacerpolitico.mx\/wp-content\/uploads\/2021\/05\/68DD0057-D6A5-46E4-A3F6-271942913492.jpeg",696,433,false],"covernews-featured":["https:\/\/quehacerpolitico.mx\/wp-content\/uploads\/2021\/05\/68DD0057-D6A5-46E4-A3F6-271942913492.jpeg",696,433,false],"covernews-medium":["https:\/\/quehacerpolitico.mx\/wp-content\/uploads\/2021\/05\/68DD0057-D6A5-46E4-A3F6-271942913492.jpeg",540,336,false]},"author_info":{"display_name":"Redacci\u00f3n QP","author_link":"https:\/\/quehacerpolitico.mx\/?author=2"},"category_info":"<a href=\"https:\/\/quehacerpolitico.mx\/?cat=55\" rel=\"category\">CDMX<\/a>","tag_info":"CDMX","comment_count":"0","_links":{"self":[{"href":"https:\/\/quehacerpolitico.mx\/index.php?rest_route=\/wp\/v2\/posts\/81398","targetHints":{"allow":["GET"]}}],"collection":[{"href":"https:\/\/quehacerpolitico.mx\/index.php?rest_route=\/wp\/v2\/posts"}],"about":[{"href":"https:\/\/quehacerpolitico.mx\/index.php?rest_route=\/wp\/v2\/types\/post"}],"author":[{"embeddable":true,"href":"https:\/\/quehacerpolitico.mx\/index.php?rest_route=\/wp\/v2\/users\/2"}],"replies":[{"embeddable":true,"href":"https:\/\/quehacerpolitico.mx\/index.php?rest_route=%2Fwp%2Fv2%2Fcomments&post=81398"}],"version-history":[{"count":0,"href":"https:\/\/quehacerpolitico.mx\/index.php?rest_route=\/wp\/v2\/posts\/81398\/revisions"}],"wp:featuredmedia":[{"embeddable":true,"href":"https:\/\/quehacerpolitico.mx\/index.php?rest_route=\/wp\/v2\/media\/81401"}],"wp:attachment":[{"href":"https:\/\/quehacerpolitico.mx\/index.php?rest_route=%2Fwp%2Fv2%2Fmedia&parent=81398"}],"wp:term":[{"taxonomy":"category","embeddable":true,"href":"https:\/\/quehacerpolitico.mx\/index.php?rest_route=%2Fwp%2Fv2%2Fcategories&post=81398"},{"taxonomy":"post_tag","embeddable":true,"href":"https:\/\/quehacerpolitico.mx\/index.php?rest_route=%2Fwp%2Fv2%2Ftags&post=81398"}],"curies":[{"name":"wp","href":"https:\/\/api.w.org\/{rel}","templated":true}]}}