{"id":81377,"date":"2021-05-26T02:31:50","date_gmt":"2021-05-26T02:31:50","guid":{"rendered":"https:\/\/quehacerpolitico.mx\/?p=81377"},"modified":"2021-05-26T02:31:50","modified_gmt":"2021-05-26T02:31:50","slug":"raul-jimenez-es-baja-de-la-seleccion-mexicana-para-nations-league","status":"publish","type":"post","link":"https:\/\/quehacerpolitico.mx\/?p=81377","title":{"rendered":"Ra\u00fal Jim\u00e9nez es baja de la Selecci\u00f3n Mexicana para Nations League"},"content":{"rendered":"<h1 class=\"news-title\">Ra\u00fal Jim\u00e9nez es baja de la Selecci\u00f3n Mexicana para Nations League<br \/>\nPor Redacci\u00f3n QP<\/h1>\n<div class=\"news-subtitle\">\n<p>El delantero del Wolverhampton no pasar\u00e1 el corte final en la lista del &#8220;Tata&#8221; Martino<\/p>\n<\/div>\n<div class=\"news-authors-list\">\n<p>Ra\u00fal Jim\u00e9nez ha quedado fuera de la lista definitiva que Gerardo Martino ha dado a conocer para enfrentar el final four de la Nations League, con lo que los delanteros tricolores ser\u00e1n Henry Mart\u00edn y Alan Pulido.<\/p>\n<div id=\"div-pos-2\">Desde hace una semana, el estratega del conjunto tricolor hab\u00eda adelantado que de no estar listo para jugar, no mantendr\u00eda al atacante en el listado, ya que ni siquiera tendr\u00eda caso que hiciera el viaje.<\/div>\n<p>Jim\u00e9nez fue dado de alta hace unos d\u00edas por el cuerpo m\u00e9dico del Wolverhanpton; <strong>sin embargo, adelantaron que no estar\u00eda al 100% sino hasta la pr\u00f3xima temporada<\/strong>, lo que disminuy\u00f3 las posibilidades de que jugara con la Selecci\u00f3n este verano.<\/p>\n<div class=\"banner b2\">\n<div id=\"div-gpt-ad-1505954097040-2\" data-google-query-id=\"CPjX-e6l5vACFcTewAodglwN5g\">\n<p>Y aunque todav\u00eda queda tiempo para que se d\u00e9 la lista de la Copa Oro, resulta complicado que pueda estar. M\u00e9xico jugar\u00e1 el 3 de junio en Denver en contra de Costa Rica, en caso y en caso de triunfo se enfrentar\u00e1 contra el ganador del juego entre Estados Unidos y Honduras, en caso de perder disputar\u00e1 el tercer lugar.<\/p>\n<p>Otros jugadores que fueron cortados de la primera lista fueron Hugo Gonz\u00e1lez, portero de Monterrey; Kevin \u00c1lvarez de Pachuca, C\u00e9sar Montes de Rayados, Gilberto Sep\u00falveda de Guadalajara, Osvaldo Rodr\u00edguez de Le\u00f3n y Johan V\u00e1squez de Pumas en la defensa. Alan Cervantes de Santos, Roberto Alvarado de Cruz Azul, Sebasti\u00e1n C\u00f3rdova de Am\u00e9rica y Erick Aguirre de Pachuca en el medio campo. En la delantera no estar\u00e1n el mencionado Jim\u00e9nez, Diego Lainez del Betis y Rodolfo Pizarro de Inter Miami.<\/p>\n<p>Antes hab\u00eda sido descartado Jonathan Orozco de Tijuana, que se report\u00f3 lesionado. As\u00ed, el equipo mexicano estar\u00e1 encabezado por veteranos como Guillermo Ochoa, H\u00e9ctor Morro, Andr\u00e9s Guardado y H\u00e9ctor Herrera, mientras que <strong>el ataque estar\u00e1 bajo la responsabilidad de Jes\u00fas Corona, Hirving Lozano, Henry Mart\u00edn y Alan Pulido<\/strong>, estos dos \u00faltimos con la responsabilidad de tapar el hueco que deja Jim\u00e9nez.<\/p>\n<p>Con Informaci\u00f3n de SUN<\/p><\/div>\n<\/div>\n<\/div>\n","protected":false},"excerpt":{"rendered":"<p>Ra\u00fal Jim\u00e9nez es baja de la Selecci\u00f3n Mexicana para Nations League Por Redacci\u00f3n QP El&#8230;<\/p>\n","protected":false},"author":2,"featured_media":81380,"comment_status":"open","ping_status":"open","sticky":false,"template":"","format":"standard","meta":{"_monsterinsights_skip_tracking":false,"_monsterinsights_sitenote_active":false,"_monsterinsights_sitenote_note":"","_monsterinsights_sitenote_category":0,"footnotes":""},"categories":[54],"tags":[],"class_list":["post-81377","post","type-post","status-publish","format-standard","has-post-thumbnail","hentry","category-deportes"],"yoast_head":"<!-- This site is optimized with the Yoast SEO plugin v27.3 - https:\/\/yoast.com\/product\/yoast-seo-wordpress\/ -->\n<title>Ra\u00fal Jim\u00e9nez es baja de la Selecci\u00f3n Mexicana para Nations League -<\/title>\n<meta name=\"robots\" content=\"index, follow, max-snippet:-1, max-image-preview:large, max-video-preview:-1\" \/>\n<link rel=\"canonical\" href=\"https:\/\/quehacerpolitico.mx\/?p=81377\" \/>\n<meta property=\"og:locale\" content=\"es_MX\" \/>\n<meta property=\"og:type\" content=\"article\" \/>\n<meta property=\"og:title\" content=\"Ra\u00fal Jim\u00e9nez es baja de la Selecci\u00f3n Mexicana para Nations League -\" \/>\n<meta property=\"og:description\" content=\"Ra\u00fal Jim\u00e9nez es baja de la Selecci\u00f3n Mexicana para Nations League Por Redacci\u00f3n QP El...\" \/>\n<meta property=\"og:url\" content=\"https:\/\/quehacerpolitico.mx\/?p=81377\" \/>\n<meta property=\"article:published_time\" content=\"2021-05-26T02:31:50+00:00\" \/>\n<meta property=\"og:image\" content=\"https:\/\/quehacerpolitico.mx\/wp-content\/uploads\/2021\/05\/69E1F2E1-0E34-48D3-AB55-3435923FABA9.jpeg\" \/>\n\t<meta property=\"og:image:width\" content=\"660\" \/>\n\t<meta property=\"og:image:height\" content=\"371\" \/>\n\t<meta property=\"og:image:type\" content=\"image\/jpeg\" \/>\n<meta name=\"author\" content=\"Redacci\u00f3n QP\" \/>\n<meta name=\"twitter:card\" content=\"summary_large_image\" \/>\n<meta name=\"twitter:label1\" content=\"Escrito por\" \/>\n\t<meta name=\"twitter:data1\" content=\"Redacci\u00f3n QP\" \/>\n\t<meta name=\"twitter:label2\" content=\"Tiempo de lectura\" \/>\n\t<meta name=\"twitter:data2\" content=\"2 minutos\" \/>\n<script type=\"application\/ld+json\" class=\"yoast-schema-graph\">{\"@context\":\"https:\\\/\\\/schema.org\",\"@graph\":[{\"@type\":\"Article\",\"@id\":\"https:\\\/\\\/quehacerpolitico.mx\\\/?p=81377#article\",\"isPartOf\":{\"@id\":\"https:\\\/\\\/quehacerpolitico.mx\\\/?p=81377\"},\"author\":{\"name\":\"Redacci\u00f3n QP\",\"@id\":\"https:\\\/\\\/quehacerpolitico.mx\\\/#\\\/schema\\\/person\\\/496d8ad2d1d3f8036101dca7ee39e585\"},\"headline\":\"Ra\u00fal Jim\u00e9nez es baja de la Selecci\u00f3n Mexicana para Nations League\",\"datePublished\":\"2021-05-26T02:31:50+00:00\",\"mainEntityOfPage\":{\"@id\":\"https:\\\/\\\/quehacerpolitico.mx\\\/?p=81377\"},\"wordCount\":395,\"commentCount\":0,\"image\":{\"@id\":\"https:\\\/\\\/quehacerpolitico.mx\\\/?p=81377#primaryimage\"},\"thumbnailUrl\":\"https:\\\/\\\/quehacerpolitico.mx\\\/wp-content\\\/uploads\\\/2021\\\/05\\\/69E1F2E1-0E34-48D3-AB55-3435923FABA9.jpeg\",\"articleSection\":[\"Deportes\"],\"inLanguage\":\"es\",\"potentialAction\":[{\"@type\":\"CommentAction\",\"name\":\"Comment\",\"target\":[\"https:\\\/\\\/quehacerpolitico.mx\\\/?p=81377#respond\"]}]},{\"@type\":\"WebPage\",\"@id\":\"https:\\\/\\\/quehacerpolitico.mx\\\/?p=81377\",\"url\":\"https:\\\/\\\/quehacerpolitico.mx\\\/?p=81377\",\"name\":\"Ra\u00fal Jim\u00e9nez es baja de la Selecci\u00f3n Mexicana para Nations League -\",\"isPartOf\":{\"@id\":\"https:\\\/\\\/quehacerpolitico.mx\\\/#website\"},\"primaryImageOfPage\":{\"@id\":\"https:\\\/\\\/quehacerpolitico.mx\\\/?p=81377#primaryimage\"},\"image\":{\"@id\":\"https:\\\/\\\/quehacerpolitico.mx\\\/?p=81377#primaryimage\"},\"thumbnailUrl\":\"https:\\\/\\\/quehacerpolitico.mx\\\/wp-content\\\/uploads\\\/2021\\\/05\\\/69E1F2E1-0E34-48D3-AB55-3435923FABA9.jpeg\",\"datePublished\":\"2021-05-26T02:31:50+00:00\",\"author\":{\"@id\":\"https:\\\/\\\/quehacerpolitico.mx\\\/#\\\/schema\\\/person\\\/496d8ad2d1d3f8036101dca7ee39e585\"},\"breadcrumb\":{\"@id\":\"https:\\\/\\\/quehacerpolitico.mx\\\/?p=81377#breadcrumb\"},\"inLanguage\":\"es\",\"potentialAction\":[{\"@type\":\"ReadAction\",\"target\":[\"https:\\\/\\\/quehacerpolitico.mx\\\/?p=81377\"]}]},{\"@type\":\"ImageObject\",\"inLanguage\":\"es\",\"@id\":\"https:\\\/\\\/quehacerpolitico.mx\\\/?p=81377#primaryimage\",\"url\":\"https:\\\/\\\/quehacerpolitico.mx\\\/wp-content\\\/uploads\\\/2021\\\/05\\\/69E1F2E1-0E34-48D3-AB55-3435923FABA9.jpeg\",\"contentUrl\":\"https:\\\/\\\/quehacerpolitico.mx\\\/wp-content\\\/uploads\\\/2021\\\/05\\\/69E1F2E1-0E34-48D3-AB55-3435923FABA9.jpeg\",\"width\":660,\"height\":371},{\"@type\":\"BreadcrumbList\",\"@id\":\"https:\\\/\\\/quehacerpolitico.mx\\\/?p=81377#breadcrumb\",\"itemListElement\":[{\"@type\":\"ListItem\",\"position\":1,\"name\":\"Inicio\",\"item\":\"https:\\\/\\\/quehacerpolitico.mx\\\/\"},{\"@type\":\"ListItem\",\"position\":2,\"name\":\"Ra\u00fal Jim\u00e9nez es baja de la Selecci\u00f3n Mexicana para Nations League\"}]},{\"@type\":\"WebSite\",\"@id\":\"https:\\\/\\\/quehacerpolitico.mx\\\/#website\",\"url\":\"https:\\\/\\\/quehacerpolitico.mx\\\/\",\"name\":\"\",\"description\":\"\",\"potentialAction\":[{\"@type\":\"SearchAction\",\"target\":{\"@type\":\"EntryPoint\",\"urlTemplate\":\"https:\\\/\\\/quehacerpolitico.mx\\\/?s={search_term_string}\"},\"query-input\":{\"@type\":\"PropertyValueSpecification\",\"valueRequired\":true,\"valueName\":\"search_term_string\"}}],\"inLanguage\":\"es\"},{\"@type\":\"Person\",\"@id\":\"https:\\\/\\\/quehacerpolitico.mx\\\/#\\\/schema\\\/person\\\/496d8ad2d1d3f8036101dca7ee39e585\",\"name\":\"Redacci\u00f3n QP\",\"image\":{\"@type\":\"ImageObject\",\"inLanguage\":\"es\",\"@id\":\"https:\\\/\\\/secure.gravatar.com\\\/avatar\\\/c7164ed6fdec453195284ad24a5ae5b6e1eed2b848477fa2a4787ba9adf39a41?s=96&d=mm&r=g\",\"url\":\"https:\\\/\\\/secure.gravatar.com\\\/avatar\\\/c7164ed6fdec453195284ad24a5ae5b6e1eed2b848477fa2a4787ba9adf39a41?s=96&d=mm&r=g\",\"contentUrl\":\"https:\\\/\\\/secure.gravatar.com\\\/avatar\\\/c7164ed6fdec453195284ad24a5ae5b6e1eed2b848477fa2a4787ba9adf39a41?s=96&d=mm&r=g\",\"caption\":\"Redacci\u00f3n QP\"},\"url\":\"https:\\\/\\\/quehacerpolitico.mx\\\/?author=2\"}]}<\/script>\n<!-- \/ Yoast SEO plugin. -->","yoast_head_json":{"title":"Ra\u00fal Jim\u00e9nez es baja de la Selecci\u00f3n Mexicana para Nations League -","robots":{"index":"index","follow":"follow","max-snippet":"max-snippet:-1","max-image-preview":"max-image-preview:large","max-video-preview":"max-video-preview:-1"},"canonical":"https:\/\/quehacerpolitico.mx\/?p=81377","og_locale":"es_MX","og_type":"article","og_title":"Ra\u00fal Jim\u00e9nez es baja de la Selecci\u00f3n Mexicana para Nations League -","og_description":"Ra\u00fal Jim\u00e9nez es baja de la Selecci\u00f3n Mexicana para Nations League Por Redacci\u00f3n QP El...","og_url":"https:\/\/quehacerpolitico.mx\/?p=81377","article_published_time":"2021-05-26T02:31:50+00:00","og_image":[{"width":660,"height":371,"url":"https:\/\/quehacerpolitico.mx\/wp-content\/uploads\/2021\/05\/69E1F2E1-0E34-48D3-AB55-3435923FABA9.jpeg","type":"image\/jpeg"}],"author":"Redacci\u00f3n QP","twitter_card":"summary_large_image","twitter_misc":{"Escrito por":"Redacci\u00f3n QP","Tiempo de lectura":"2 minutos"},"schema":{"@context":"https:\/\/schema.org","@graph":[{"@type":"Article","@id":"https:\/\/quehacerpolitico.mx\/?p=81377#article","isPartOf":{"@id":"https:\/\/quehacerpolitico.mx\/?p=81377"},"author":{"name":"Redacci\u00f3n QP","@id":"https:\/\/quehacerpolitico.mx\/#\/schema\/person\/496d8ad2d1d3f8036101dca7ee39e585"},"headline":"Ra\u00fal Jim\u00e9nez es baja de la Selecci\u00f3n Mexicana para Nations League","datePublished":"2021-05-26T02:31:50+00:00","mainEntityOfPage":{"@id":"https:\/\/quehacerpolitico.mx\/?p=81377"},"wordCount":395,"commentCount":0,"image":{"@id":"https:\/\/quehacerpolitico.mx\/?p=81377#primaryimage"},"thumbnailUrl":"https:\/\/quehacerpolitico.mx\/wp-content\/uploads\/2021\/05\/69E1F2E1-0E34-48D3-AB55-3435923FABA9.jpeg","articleSection":["Deportes"],"inLanguage":"es","potentialAction":[{"@type":"CommentAction","name":"Comment","target":["https:\/\/quehacerpolitico.mx\/?p=81377#respond"]}]},{"@type":"WebPage","@id":"https:\/\/quehacerpolitico.mx\/?p=81377","url":"https:\/\/quehacerpolitico.mx\/?p=81377","name":"Ra\u00fal Jim\u00e9nez es baja de la Selecci\u00f3n Mexicana para Nations League -","isPartOf":{"@id":"https:\/\/quehacerpolitico.mx\/#website"},"primaryImageOfPage":{"@id":"https:\/\/quehacerpolitico.mx\/?p=81377#primaryimage"},"image":{"@id":"https:\/\/quehacerpolitico.mx\/?p=81377#primaryimage"},"thumbnailUrl":"https:\/\/quehacerpolitico.mx\/wp-content\/uploads\/2021\/05\/69E1F2E1-0E34-48D3-AB55-3435923FABA9.jpeg","datePublished":"2021-05-26T02:31:50+00:00","author":{"@id":"https:\/\/quehacerpolitico.mx\/#\/schema\/person\/496d8ad2d1d3f8036101dca7ee39e585"},"breadcrumb":{"@id":"https:\/\/quehacerpolitico.mx\/?p=81377#breadcrumb"},"inLanguage":"es","potentialAction":[{"@type":"ReadAction","target":["https:\/\/quehacerpolitico.mx\/?p=81377"]}]},{"@type":"ImageObject","inLanguage":"es","@id":"https:\/\/quehacerpolitico.mx\/?p=81377#primaryimage","url":"https:\/\/quehacerpolitico.mx\/wp-content\/uploads\/2021\/05\/69E1F2E1-0E34-48D3-AB55-3435923FABA9.jpeg","contentUrl":"https:\/\/quehacerpolitico.mx\/wp-content\/uploads\/2021\/05\/69E1F2E1-0E34-48D3-AB55-3435923FABA9.jpeg","width":660,"height":371},{"@type":"BreadcrumbList","@id":"https:\/\/quehacerpolitico.mx\/?p=81377#breadcrumb","itemListElement":[{"@type":"ListItem","position":1,"name":"Inicio","item":"https:\/\/quehacerpolitico.mx\/"},{"@type":"ListItem","position":2,"name":"Ra\u00fal Jim\u00e9nez es baja de la Selecci\u00f3n Mexicana para Nations League"}]},{"@type":"WebSite","@id":"https:\/\/quehacerpolitico.mx\/#website","url":"https:\/\/quehacerpolitico.mx\/","name":"","description":"","potentialAction":[{"@type":"SearchAction","target":{"@type":"EntryPoint","urlTemplate":"https:\/\/quehacerpolitico.mx\/?s={search_term_string}"},"query-input":{"@type":"PropertyValueSpecification","valueRequired":true,"valueName":"search_term_string"}}],"inLanguage":"es"},{"@type":"Person","@id":"https:\/\/quehacerpolitico.mx\/#\/schema\/person\/496d8ad2d1d3f8036101dca7ee39e585","name":"Redacci\u00f3n QP","image":{"@type":"ImageObject","inLanguage":"es","@id":"https:\/\/secure.gravatar.com\/avatar\/c7164ed6fdec453195284ad24a5ae5b6e1eed2b848477fa2a4787ba9adf39a41?s=96&d=mm&r=g","url":"https:\/\/secure.gravatar.com\/avatar\/c7164ed6fdec453195284ad24a5ae5b6e1eed2b848477fa2a4787ba9adf39a41?s=96&d=mm&r=g","contentUrl":"https:\/\/secure.gravatar.com\/avatar\/c7164ed6fdec453195284ad24a5ae5b6e1eed2b848477fa2a4787ba9adf39a41?s=96&d=mm&r=g","caption":"Redacci\u00f3n QP"},"url":"https:\/\/quehacerpolitico.mx\/?author=2"}]}},"featured_image_urls":{"full":["https:\/\/quehacerpolitico.mx\/wp-content\/uploads\/2021\/05\/69E1F2E1-0E34-48D3-AB55-3435923FABA9.jpeg",660,371,false],"thumbnail":["https:\/\/quehacerpolitico.mx\/wp-content\/uploads\/2021\/05\/69E1F2E1-0E34-48D3-AB55-3435923FABA9-150x150.jpeg",150,150,true],"medium":["https:\/\/quehacerpolitico.mx\/wp-content\/uploads\/2021\/05\/69E1F2E1-0E34-48D3-AB55-3435923FABA9-300x169.jpeg",300,169,true],"medium_large":["https:\/\/quehacerpolitico.mx\/wp-content\/uploads\/2021\/05\/69E1F2E1-0E34-48D3-AB55-3435923FABA9.jpeg",640,360,false],"large":["https:\/\/quehacerpolitico.mx\/wp-content\/uploads\/2021\/05\/69E1F2E1-0E34-48D3-AB55-3435923FABA9.jpeg",640,360,false],"1536x1536":["https:\/\/quehacerpolitico.mx\/wp-content\/uploads\/2021\/05\/69E1F2E1-0E34-48D3-AB55-3435923FABA9.jpeg",660,371,false],"2048x2048":["https:\/\/quehacerpolitico.mx\/wp-content\/uploads\/2021\/05\/69E1F2E1-0E34-48D3-AB55-3435923FABA9.jpeg",660,371,false],"covernews-featured":["https:\/\/quehacerpolitico.mx\/wp-content\/uploads\/2021\/05\/69E1F2E1-0E34-48D3-AB55-3435923FABA9.jpeg",660,371,false],"covernews-medium":["https:\/\/quehacerpolitico.mx\/wp-content\/uploads\/2021\/05\/69E1F2E1-0E34-48D3-AB55-3435923FABA9.jpeg",540,304,false]},"author_info":{"display_name":"Redacci\u00f3n QP","author_link":"https:\/\/quehacerpolitico.mx\/?author=2"},"category_info":"<a href=\"https:\/\/quehacerpolitico.mx\/?cat=54\" rel=\"category\">Deportes<\/a>","tag_info":"Deportes","comment_count":"0","_links":{"self":[{"href":"https:\/\/quehacerpolitico.mx\/index.php?rest_route=\/wp\/v2\/posts\/81377","targetHints":{"allow":["GET"]}}],"collection":[{"href":"https:\/\/quehacerpolitico.mx\/index.php?rest_route=\/wp\/v2\/posts"}],"about":[{"href":"https:\/\/quehacerpolitico.mx\/index.php?rest_route=\/wp\/v2\/types\/post"}],"author":[{"embeddable":true,"href":"https:\/\/quehacerpolitico.mx\/index.php?rest_route=\/wp\/v2\/users\/2"}],"replies":[{"embeddable":true,"href":"https:\/\/quehacerpolitico.mx\/index.php?rest_route=%2Fwp%2Fv2%2Fcomments&post=81377"}],"version-history":[{"count":0,"href":"https:\/\/quehacerpolitico.mx\/index.php?rest_route=\/wp\/v2\/posts\/81377\/revisions"}],"wp:featuredmedia":[{"embeddable":true,"href":"https:\/\/quehacerpolitico.mx\/index.php?rest_route=\/wp\/v2\/media\/81380"}],"wp:attachment":[{"href":"https:\/\/quehacerpolitico.mx\/index.php?rest_route=%2Fwp%2Fv2%2Fmedia&parent=81377"}],"wp:term":[{"taxonomy":"category","embeddable":true,"href":"https:\/\/quehacerpolitico.mx\/index.php?rest_route=%2Fwp%2Fv2%2Fcategories&post=81377"},{"taxonomy":"post_tag","embeddable":true,"href":"https:\/\/quehacerpolitico.mx\/index.php?rest_route=%2Fwp%2Fv2%2Ftags&post=81377"}],"curies":[{"name":"wp","href":"https:\/\/api.w.org\/{rel}","templated":true}]}}